{"id":19373,"date":"2024-05-07T11:40:00","date_gmt":"2024-05-07T09:40:00","guid":{"rendered":"https:\/\/www.d-velop.de\/blog\/?p=19373"},"modified":"2026-01-30T08:19:06","modified_gmt":"2026-01-30T07:19:06","slug":"fristenkalender","status":"publish","type":"post","link":"https:\/\/www.d-velop.de\/blog\/prozesse-gestalten\/fristenkalender\/","title":{"rendered":"Der einfachste Weg, um nie wieder Vertragsfristen zu verpassen: der digitale Fristenkalender"},"content":{"rendered":"\n<p>Im privaten Umfeld ist Dir das vielleicht schon mal passiert: Eine Werbeanzeige suggeriert ein attraktives Abonnement, das laut Vertragskonditionen innerhalb einer festgelegten Probezeit fristgerecht gek\u00fcndigt werden kann. Die Freude \u00fcber die Leistungen w\u00e4hrt so lange, bis man genervt feststellt, dass die Vertragsfristen nicht eingehalten wurden. Ehe man sich versieht, steckt man in einem kostspieligen Jahres-Abo. Im privaten Umfeld ist das vielleicht \u00e4rgerlich. Im beruflichen Kontext allerdings ist ein Fristenkalender sinnvoll, der bei der Fristen\u00fcberwachung unterst\u00fctzt, die Vertragslaufzeiten kennt und etwa dann aufmerksam macht, wenn eine Vertragsk\u00fcndigung, Vertragsverl\u00e4ngerung oder Ver\u00e4nderung der Vertragskonditionen ansteht.<\/p>\n\n\n\n<h2 class=\"wp-block-heading\" id=\"h-fristenkontrolle-verhindert-ungewollte-mehrkosten\"><span class=\"ez-toc-section\" id=\"fristenkontrolle-verhindert-ungewollte-mehrkosten\"><\/span>Fristenkontrolle verhindert ungewollte Mehrkosten<span class=\"ez-toc-section-end\"><\/span><\/h2>\n\n\n\n<p>Denn, ob gro\u00df oder klein: In Unternehmen geht es meistens nicht um eine einzelne vertragliche Vereinbarung, die in Vergessenheit geraten kann. Unternehmen haben Liefervertr\u00e4ge, Arbeitsvertr\u00e4ge, Leasingvertr\u00e4ge, Mietvertr\u00e4ge \u2013 da ist man schnell im drei- bis vierstelligen Bereich, was die Zahl der Vertr\u00e4ge angeht. Sie alle unterliegen Vertragskonditionen, f\u00fcr deren Einhaltung es rechtliche Vorgaben gibt. Jede nicht erfolgte Fristenkontrolle kostet da bares Geld. Es fallen unn\u00f6tige und ungewollte Kosten an. Wie sinnvoll w\u00e4re hier nicht eine gut funktionierende Erinnerung?&nbsp;<\/p>\n\n\n\n<p>Doch bevor wir uns der Frage widmen, wie man Fristenmanagement m\u00f6glichst unkompliziert und einfach in ein <a href=\"https:\/\/www.d-velop.de\/software\/vertragsmanagement\" target=\"_blank\" rel=\"noreferrer noopener\">Vertragsmanagement<\/a> einbinden kann, sollten wir zun\u00e4chst beleuchten, was Vertragsfristen \u00fcberhaupt sind.&nbsp;<\/p>\n\n\n\n<h2 class=\"wp-block-heading\" id=\"h-was-sind-vertragsfristen\"><span class=\"ez-toc-section\" id=\"was-sind-vertragsfristen\"><\/span>Was sind Vertragsfristen?<span class=\"ez-toc-section-end\"><\/span><\/h2>\n\n\n\n<p>Vertragsfristen sind festgelegte Zeitrahmen innerhalb eines Vertrags, die die Einhaltung bestimmter Bedingungen oder die Erf\u00fcllung von Verpflichtungen regeln. Fristen geh\u00f6ren zu den wichtigsten Bestandteilen im Rechtsverkehr und k\u00f6nnen im Vertragsrecht bei Nichtbeachtung oder Vers\u00e4umnissen zur Unwirksamkeit von Rechtsgesch\u00e4ften f\u00fchren. Im Kontext von Vertragsfristen bedeutet dies, dass nur in einem definierten Zeitraum beispielsweise Vertragsbeendigungen vollzogen werden d\u00fcrfen.<\/p>\n\n\n\n<h3 class=\"wp-block-heading\" id=\"h-verfristung-zieht-meist-verlangerung-der-vertragsdauer-nach-sich\">Verfristung zieht meist Verl\u00e4ngerung der Vertragsdauer nach sich<\/h3>\n\n\n\n<p>Wird eine Frist missachtet oder \u00fcberschritten, spricht man von einer Verfristung. Besonders im Vertragswesen erfolgt in der Regel eine automatische Verl\u00e4ngerung der Vertragsdauer \u2013 sofern keine anderen Vertragskonditionen vereinbart sind. Die Berechnungsvorschriften zum Fristbeginn und zum Fristende werden in Deutschland im BGB \u00a7\u00a7186ff geregelt. Dazu kommen noch weitere Rechtsgebiete wie z. B. das Zivilprozessrecht oder das Verwaltungsverfahrensrecht.<\/p>\n\n\n\n<h2 class=\"wp-block-heading\" id=\"h-fristenmanagement-sollte-keine-one-man-show-sein\"><span class=\"ez-toc-section\" id=\"fristenmanagement-sollte-keine-one-man-show-sein\"><\/span>Fristenmanagement sollte keine One-Man-Show sein<span class=\"ez-toc-section-end\"><\/span><\/h2>\n\n\n\n<p>Das Thema Fristen ist ziemlich komplex. Wenn man zus\u00e4tzlich bedenkt, dass ein Unternehmen mit einer Vielzahl von Vertragsarten mit individuellen Laufzeiten, Fristen, Verl\u00e4ngerungsoptionen und <a href=\"https:\/\/www.d-velop.de\/blog\/prozesse-gestalten\/vertraege-kuendigungsfristen\/\" target=\"_blank\" rel=\"noreferrer noopener\">K\u00fcndigungsfristen<\/a> agiert, kann man schnell den \u00dcberblick verlieren. Wer Gl\u00fcck hat, findet im Unternehmen eine Person, die als \u201ewandelnder\u201c Fristenkalender ansprechbar ist und wei\u00df, wann welche Ereignisse anstehen. &nbsp;<\/p>\n\n\n\n<h3 class=\"wp-block-heading\" id=\"h-mangelhafte-fristenuberwachung-kann-teuer-werden\">Mangelhafte Fristen\u00fcberwachung kann teuer werden<\/h3>\n\n\n\n<p>Bist Du der wandelnde Terminplan mit Kalenderfunktion? Bist allein Du f\u00fcr die Fristeinhaltung verantwortlich? Kommen Deine Kollegen immer wieder auf Dich zu, um Vertragsdaten zu erfragen? Musst Du Deine Kollegen regelm\u00e4\u00dfig daran erinnern, bez\u00fcglich Fristeinhaltung aktiv zu werden, oder sie gar ermahnen, das zu tun? Und bist am Ende gar Du der oder die Leidtragende, wenn die Fristen\u00fcberwachung nicht funktioniert hat, Vertragsbedingungen \u00fcbersehen oder betriebswirtschaftliche Entscheidung falsch abgeleitet wurden?<\/p>\n\n\n\n<h2 class=\"wp-block-heading\" id=\"h-wozu-benotigt-man-ein-digitales-fristenmanagement\"><span class=\"ez-toc-section\" id=\"wozu-benoetigt-man-ein-digitales-fristenmanagement\"><\/span>Wozu ben\u00f6tigt man ein digitales Fristenmanagement?<span class=\"ez-toc-section-end\"><\/span><\/h2>\n\n\n\n<p>Eine zentrale Fristenverwaltung in digitaler Form kann f\u00fcr die oben beschriebene Person wie auch f\u00fcr alle anderen Beteiligten \u00e4u\u00dferst vorteilhaft sein, weil kein Vertrag, von der Erstellung bis zur Vertragsbeendigung, mehr in Vergessenheit ger\u00e4t. Aber: Mit einem solchen digitalen Zeitplanungstool mit Terminerinnerung ist sicherlich keine Outlook-Erinnerung oder Excelliste auf dem zentralen Firmenlaufwerk gemeint. Es geht vielmehr darum, eine zentrale Plattform zu schaffen, die Vertragsinhalte und Vertragsverpflichtungen speichert und das Ableiten von Fristen sowie das Erinnern an Fristen automatisch und zuverl\u00e4ssig \u00fcbernimmt.<\/p>\n\n\n\n<h3 class=\"wp-block-heading\" id=\"h-ein-digitales-fristenmanagement-sorgt-dafur-dass\">Ein digitales Fristenmanagement sorgt daf\u00fcr, dass \u2026<\/h3>\n\n\n\n<ul class=\"wp-block-list\">\n<li>\u2026Zahlungsfristen eingehalten werden<\/li>\n\n\n\n<li>\u2026Vertr\u00e4ge rechtzeitig gek\u00fcndigt werden<\/li>\n\n\n\n<li>\u2026Verantwortliche Mitarbeiter direkt informiert werden, um reagieren zu k\u00f6nnen<\/li>\n\n\n\n<li>\u2026Zeit f\u00fcr die Suche nach Dokumenten verringert wird<\/li>\n\n\n\n<li>\u2026keine weiteren Informationssilos, wie Excellisten, erstellt werden<\/li>\n<\/ul>\n\n\n\n<div class=\"wp-block-group is-style-info-explanation\"><div class=\"wp-block-group__inner-container is-layout-constrained wp-block-group-is-layout-constrained\">\n<h3 class=\"wp-block-heading\">Was ist ein Fristenkalender?<\/h3>\n\n\n\n<p>Der Fristenkalender ist eine \u00dcbersicht wichtiger Vertragsfristen, die aus Gr\u00fcnden der Rechtskonformit\u00e4t im Unternehmen eingehalten werden m\u00fcssen. Das k\u00f6nnen beispielsweise Fristen f\u00fcr die Erf\u00fcllung von Lieferauftr\u00e4gen, Zahlungen oder f\u00fcr die K\u00fcndigung von Vertr\u00e4gen sein. Der Fristenkalender soll dabei unterst\u00fctzen, diese wichtigen Aufgaben rechtzeitig zu erledigen und die Vertragsfristen einzuhalten.<\/p>\n<\/div><\/div>\n\n\n\n<h3 class=\"wp-block-heading\" id=\"h-der-fristenkalender-im-uberblick\">Der Fristenkalender im \u00dcberblick<\/h3>\n\n\n\n<figure data-wp-context=\"{&quot;imageId&quot;:&quot;69effaaa19dcf&quot;}\" data-wp-interactive=\"core\/image\" class=\"wp-block-image size-large wp-lightbox-container\"><img loading=\"lazy\" decoding=\"async\" width=\"1090\" height=\"680\" data-wp-class--hide=\"state.isContentHidden\" data-wp-class--show=\"state.isContentVisible\" data-wp-init=\"callbacks.setButtonStyles\" data-wp-on-async--click=\"actions.showLightbox\" data-wp-on-async--load=\"callbacks.setButtonStyles\" data-wp-on-async-window--resize=\"callbacks.setButtonStyles\" src=\"https:\/\/www.d-velop.de\/blog\/wp-content\/uploads\/2023\/01\/vertragsfristen-fristenkalender-1090x680.png\" alt=\"Screenshot aus d.velop contracts zeigt den Fristenkalender zur Einhaltung von Vertragsfristen\" class=\"wp-image-37515\" srcset=\"https:\/\/www.d-velop.de\/blog\/wp-content\/uploads\/2023\/01\/vertragsfristen-fristenkalender-1090x680.png 1090w, https:\/\/www.d-velop.de\/blog\/wp-content\/uploads\/2023\/01\/vertragsfristen-fristenkalender-600x374.png 600w, https:\/\/www.d-velop.de\/blog\/wp-content\/uploads\/2023\/01\/vertragsfristen-fristenkalender-768x479.png 768w, https:\/\/www.d-velop.de\/blog\/wp-content\/uploads\/2023\/01\/vertragsfristen-fristenkalender-1536x958.png 1536w, https:\/\/www.d-velop.de\/blog\/wp-content\/uploads\/2023\/01\/vertragsfristen-fristenkalender-2048x1277.png 2048w, https:\/\/www.d-velop.de\/blog\/wp-content\/uploads\/2023\/01\/vertragsfristen-fristenkalender-1920x1197.png 1920w\" sizes=\"auto, (max-width: 1090px) 100vw, 1090px\" \/><button\n\t\t\tclass=\"lightbox-trigger\"\n\t\t\ttype=\"button\"\n\t\t\taria-haspopup=\"dialog\"\n\t\t\taria-label=\"Bild vergr\u00f6\u00dfern: Screenshot aus d.velop contracts zeigt den Fristenkalender zur Einhaltung von Vertragsfristen\"\n\t\t\tdata-wp-init=\"callbacks.initTriggerButton\"\n\t\t\tdata-wp-on-async--click=\"actions.showLightbox\"\n\t\t\tdata-wp-style--right=\"state.imageButtonRight\"\n\t\t\tdata-wp-style--top=\"state.imageButtonTop\"\n\t\t>\n\t\t\t<svg xmlns=\"http:\/\/www.w3.org\/2000\/svg\" width=\"12\" height=\"12\" fill=\"none\" viewBox=\"0 0 12 12\">\n\t\t\t\t<path fill=\"#fff\" d=\"M2 0a2 2 0 0 0-2 2v2h1.5V2a.5.5 0 0 1 .5-.5h2V0H2Zm2 10.5H2a.5.5 0 0 1-.5-.5V8H0v2a2 2 0 0 0 2 2h2v-1.5ZM8 12v-1.5h2a.5.5 0 0 0 .5-.5V8H12v2a2 2 0 0 1-2 2H8Zm2-12a2 2 0 0 1 2 2v2h-1.5V2a.5.5 0 0 0-.5-.5H8V0h2Z\" \/>\n\t\t\t<\/svg>\n\t\t<\/button><figcaption class=\"wp-element-caption\">.<\/figcaption><\/figure>\n\n\n\n<p>Falls Du derzeit f\u00fcr die Verwaltung der Vertragsfristen in Deinem Unternehmen zust\u00e4ndig bist, sollte Dir eine gesamtheitliche Plattform zus\u00e4tzliche M\u00f6glichkeiten zum kollaborativen Arbeiten bieten. Mithilfe von Aufgaben und Erinnerungen, die Du teilen und delegieren kannst, beziehst Du alle relevanten Personen zum Vertragsvorgang in digitaler Form ein. Gleichzeitig werden alle aktuellen und erledigten Aktivit\u00e4ten zum entsprechenden Vertragsvorgang geb\u00fcndelt und diese Informationen f\u00fcr alle relevanten Personen und Personengruppen in Echtzeit verf\u00fcgbar gemacht.<\/p>\n\n\n\n<h3 class=\"wp-block-heading\" id=\"h-vertragsverlangerung-vertragskundigung-und-laufzeiten-in-blick\">Vertragsverl\u00e4ngerung, Vertragsk\u00fcndigung und Laufzeiten in Blick<\/h3>\n\n\n\n<p>Besonders bei komplexen Vertragsbedingungen soll die digitale Unterst\u00fctzung einfach und intuitiv sein, damit keine Vertragsverl\u00e4ngerung, Vertragsk\u00fcndigung und Vertragslaufzeiten mehr vergessen werden. Denn nur wenn sich die Administration von s\u00e4mtlichen Vertragsinhalten und deren Bearbeitung f\u00fcr jeden Anwender einfach anf\u00fchlt, findet man die Akzeptanz im gesamten Unternehmen, die es zur Mitarbeit braucht. Visuelle Aufbereitungen von Vertragsfristen, Aktivit\u00e4ten und Erinnerungen machen die Anwendung simpel und leicht verst\u00e4ndlich.<\/p>\n\n\n\n<h3 class=\"wp-block-heading\" id=\"h-digitales-vertragsmanagement-jetzt-kostenlos-testen\">Digitales Vertragsmanagement jetzt kostenlos testen<\/h3>\n\n\n\n<p>Neugierig geworden? Falls Du live erleben m\u00f6chtest, wie ein digitaler Fristenkalender im Einsatz aussehen kann und wie Du alle Vertragsfristen im Blick hast, laden wir Dich herzlich f\u00fcr eine <a href=\"https:\/\/content.d-velop.de\/digitales-vertragsmanagement-testen\" target=\"_blank\" rel=\"noreferrer noopener\">kostenlose Testphase<\/a> unseres Vertragsmanagements ein.<\/p>\n\n\n\n<div class=\"wp-block-group is-style-cta-webinar\"><div class=\"wp-block-group__inner-container is-layout-flow wp-block-group-is-layout-flow\">\n<p>Digitales Vertragsmanagement mit Microsoft 365 und SharePoint<\/p>\n\n\n\n\t<div class=\"wp-block-buttons\">\n\t\t<div class=\"wp-block-button is-style-outline\">\n\t\t\t<a class=\"wp-block-button__link\" href=\"https:\/\/content.d-velop.de\/webinar-digitales-vertragsmanagement-m365-sharepoint?utm_campaign=Sonstiges+-+d.velop+BLOG+-+01%2F2018&#038;utm_source=intern-blog-ger&#038;utm_medium=blogpost-fristenkalender&#038;utm_content=button\" target=\"\">Jetzt anschauen<\/a>\t\t<\/div>\n\t<\/div>\n\n\t<\/div><\/div>\n","protected":false},"excerpt":{"rendered":"<p>Im privaten Umfeld ist Dir das vielleicht schon mal passiert: Eine Werbeanzeige suggeriert ein attraktives Abonnement, das laut Vertragskonditionen innerhalb [&hellip;]<\/p>\n","protected":false},"author":22,"featured_media":19374,"comment_status":"open","ping_status":"closed","sticky":false,"template":"","format":"standard","meta":{"footnotes":"","beyondwords_generate_audio":"","beyondwords_project_id":"","beyondwords_content_id":"","beyondwords_preview_token":"","beyondwords_player_content":"","beyondwords_player_style":"","beyondwords_language_id":"","beyondwords_title_voice_id":"","beyondwords_body_voice_id":"","beyondwords_summary_voice_id":"","beyondwords_error_message":"","beyondwords_disabled":"","beyondwords_delete_content":"","beyondwords_podcast_id":"","beyondwords_hash":"","publish_post_to_speechkit":"","speechkit_hash":"","speechkit_generate_audio":"","speechkit_project_id":"","speechkit_podcast_id":"","speechkit_error_message":"","speechkit_disabled":"","speechkit_access_key":"","speechkit_error":"","speechkit_info":"","speechkit_response":"","speechkit_retries":"","speechkit_status":"","speechkit_updated_at":"","_speechkit_link":"","_speechkit_text":""},"categories":[3],"tags":[6500],"class_list":["post-19373","post","type-post","status-publish","format-standard","has-post-thumbnail","hentry","category-prozesse-gestalten","tag-vertragsmanagement"],"acf":[],"yoast_head":"<!-- This site is optimized with the Yoast SEO Premium plugin v25.6 (Yoast SEO v25.6) - https:\/\/yoast.com\/wordpress\/plugins\/seo\/ -->\n<title>Vertragsfristen im Blick mit dem Fristenkalender<\/title>\n<meta name=\"description\" content=\"Halte deine Vertragsfristen im Griff und verpasse nie wieder wichtige Termine: Mit dem Fristenkalender effektiv Fristen verwalten. Jetzt lesen \u25b6\ufe0f\" \/>\n<meta name=\"robots\" content=\"index, follow, max-snippet:-1, max-image-preview:large, max-video-preview:-1\" \/>\n<link rel=\"canonical\" href=\"https:\/\/www.d-velop.de\/blog\/prozesse-gestalten\/fristenkalender\/\" \/>\n<meta property=\"og:locale\" content=\"de_DE\" \/>\n<meta property=\"og:type\" content=\"article\" \/>\n<meta property=\"og:title\" content=\"Der einfachste Weg, um nie wieder Vertragsfristen zu verpassen: der digitale Fristenkalender\" \/>\n<meta property=\"og:description\" content=\"Halte deine Vertragsfristen im Griff und verpasse nie wieder wichtige Termine: Mit dem Fristenkalender effektiv Fristen verwalten. Jetzt lesen \u25b6\ufe0f\" \/>\n<meta property=\"og:url\" content=\"https:\/\/www.d-velop.de\/blog\/prozesse-gestalten\/fristenkalender\/\" \/>\n<meta property=\"og:site_name\" content=\"d.velop blog\" \/>\n<meta property=\"article:publisher\" content=\"https:\/\/www.facebook.com\/d.velop.ag\/\" \/>\n<meta property=\"article:published_time\" content=\"2024-05-07T09:40:00+00:00\" \/>\n<meta property=\"article:modified_time\" content=\"2026-01-30T07:19:06+00:00\" \/>\n<meta property=\"og:image\" content=\"https:\/\/www.d-velop.de\/blog\/wp-content\/uploads\/2019\/03\/velop-vertragsmanagement-software.jpg\" \/>\n\t<meta property=\"og:image:width\" content=\"1920\" \/>\n\t<meta property=\"og:image:height\" content=\"1080\" \/>\n\t<meta property=\"og:image:type\" content=\"image\/jpeg\" \/>\n<meta name=\"author\" content=\"Alexander Heesch\" \/>\n<meta name=\"twitter:card\" content=\"summary_large_image\" \/>\n<meta name=\"twitter:creator\" content=\"@d_velop\" \/>\n<meta name=\"twitter:site\" content=\"@d_velop\" \/>\n<meta name=\"twitter:label1\" content=\"Verfasst von\" \/>\n\t<meta name=\"twitter:data1\" content=\"Alexander Heesch\" \/>\n\t<meta name=\"twitter:label2\" content=\"Gesch\u00e4tzte Lesezeit\" \/>\n\t<meta name=\"twitter:data2\" content=\"5\u00a0Minuten\" \/>\n<script type=\"application\/ld+json\" class=\"yoast-schema-graph\">{\"@context\":\"https:\/\/schema.org\",\"@graph\":[{\"@type\":\"Article\",\"@id\":\"https:\/\/www.d-velop.de\/blog\/prozesse-gestalten\/fristenkalender\/#article\",\"isPartOf\":{\"@id\":\"https:\/\/www.d-velop.de\/blog\/prozesse-gestalten\/fristenkalender\/\"},\"author\":{\"name\":\"Alexander Heesch\",\"@id\":\"https:\/\/www.d-velop.de\/blog\/#\/schema\/person\/a67283bb8831b615167c84669299f4e5\"},\"headline\":\"Der einfachste Weg, um nie wieder Vertragsfristen zu verpassen: der digitale Fristenkalender\",\"datePublished\":\"2024-05-07T09:40:00+00:00\",\"dateModified\":\"2026-01-30T07:19:06+00:00\",\"mainEntityOfPage\":{\"@id\":\"https:\/\/www.d-velop.de\/blog\/prozesse-gestalten\/fristenkalender\/\"},\"wordCount\":912,\"commentCount\":0,\"publisher\":{\"@id\":\"https:\/\/www.d-velop.de\/blog\/#organization\"},\"image\":{\"@id\":\"https:\/\/www.d-velop.de\/blog\/prozesse-gestalten\/fristenkalender\/#primaryimage\"},\"thumbnailUrl\":\"https:\/\/www.d-velop.de\/blog\/wp-content\/uploads\/2019\/03\/fristen-vertragsmanagement.jpg\",\"keywords\":[\"Vertragsmanagement\"],\"articleSection\":[\"Automatisierung von Prozessen\"],\"inLanguage\":\"de\",\"potentialAction\":[{\"@type\":\"CommentAction\",\"name\":\"Comment\",\"target\":[\"https:\/\/www.d-velop.de\/blog\/prozesse-gestalten\/fristenkalender\/#respond\"]}]},{\"@type\":\"WebPage\",\"@id\":\"https:\/\/www.d-velop.de\/blog\/prozesse-gestalten\/fristenkalender\/\",\"url\":\"https:\/\/www.d-velop.de\/blog\/prozesse-gestalten\/fristenkalender\/\",\"name\":\"Vertragsfristen im Blick mit dem Fristenkalender\",\"isPartOf\":{\"@id\":\"https:\/\/www.d-velop.de\/blog\/#website\"},\"primaryImageOfPage\":{\"@id\":\"https:\/\/www.d-velop.de\/blog\/prozesse-gestalten\/fristenkalender\/#primaryimage\"},\"image\":{\"@id\":\"https:\/\/www.d-velop.de\/blog\/prozesse-gestalten\/fristenkalender\/#primaryimage\"},\"thumbnailUrl\":\"https:\/\/www.d-velop.de\/blog\/wp-content\/uploads\/2019\/03\/fristen-vertragsmanagement.jpg\",\"datePublished\":\"2024-05-07T09:40:00+00:00\",\"dateModified\":\"2026-01-30T07:19:06+00:00\",\"description\":\"Halte deine Vertragsfristen im Griff und verpasse nie wieder wichtige Termine: Mit dem Fristenkalender effektiv Fristen verwalten. Jetzt lesen \u25b6\ufe0f\",\"breadcrumb\":{\"@id\":\"https:\/\/www.d-velop.de\/blog\/prozesse-gestalten\/fristenkalender\/#breadcrumb\"},\"inLanguage\":\"de\",\"potentialAction\":[{\"@type\":\"ReadAction\",\"target\":[\"https:\/\/www.d-velop.de\/blog\/prozesse-gestalten\/fristenkalender\/\"]}]},{\"@type\":\"ImageObject\",\"inLanguage\":\"de\",\"@id\":\"https:\/\/www.d-velop.de\/blog\/prozesse-gestalten\/fristenkalender\/#primaryimage\",\"url\":\"https:\/\/www.d-velop.de\/blog\/wp-content\/uploads\/2019\/03\/fristen-vertragsmanagement.jpg\",\"contentUrl\":\"https:\/\/www.d-velop.de\/blog\/wp-content\/uploads\/2019\/03\/fristen-vertragsmanagement.jpg\",\"width\":1200,\"height\":400},{\"@type\":\"BreadcrumbList\",\"@id\":\"https:\/\/www.d-velop.de\/blog\/prozesse-gestalten\/fristenkalender\/#breadcrumb\",\"itemListElement\":[{\"@type\":\"ListItem\",\"position\":1,\"name\":\"Startseite\",\"item\":\"https:\/\/www.d-velop.de\/blog\/\"},{\"@type\":\"ListItem\",\"position\":2,\"name\":\"Der einfachste Weg, um nie wieder Vertragsfristen zu verpassen: der digitale Fristenkalender\"}]},{\"@type\":\"WebSite\",\"@id\":\"https:\/\/www.d-velop.de\/blog\/#website\",\"url\":\"https:\/\/www.d-velop.de\/blog\/\",\"name\":\"d.velop blog\",\"description\":\"Digitalisierung, Dokumentenmanagement und rund um d.velop\",\"publisher\":{\"@id\":\"https:\/\/www.d-velop.de\/blog\/#organization\"},\"potentialAction\":[{\"@type\":\"SearchAction\",\"target\":{\"@type\":\"EntryPoint\",\"urlTemplate\":\"https:\/\/www.d-velop.de\/blog\/?s={search_term_string}\"},\"query-input\":{\"@type\":\"PropertyValueSpecification\",\"valueRequired\":true,\"valueName\":\"search_term_string\"}}],\"inLanguage\":\"de\"},{\"@type\":\"Organization\",\"@id\":\"https:\/\/www.d-velop.de\/blog\/#organization\",\"name\":\"d.velop Gruppe\",\"url\":\"https:\/\/www.d-velop.de\/blog\/\",\"logo\":{\"@type\":\"ImageObject\",\"inLanguage\":\"de\",\"@id\":\"https:\/\/www.d-velop.de\/blog\/#\/schema\/logo\/image\/\",\"url\":\"https:\/\/www.d-velop.de\/blog\/wp-content\/uploads\/2018\/12\/dvelop-blog-logo-invers.jpg\",\"contentUrl\":\"https:\/\/www.d-velop.de\/blog\/wp-content\/uploads\/2018\/12\/dvelop-blog-logo-invers.jpg\",\"width\":350,\"height\":350,\"caption\":\"d.velop Gruppe\"},\"image\":{\"@id\":\"https:\/\/www.d-velop.de\/blog\/#\/schema\/logo\/image\/\"},\"sameAs\":[\"https:\/\/www.facebook.com\/d.velop.ag\/\",\"https:\/\/x.com\/d_velop\",\"https:\/\/de.linkedin.com\/company\/d-velop\",\"https:\/\/www.xing.com\/pages\/d-velopag\",\"https:\/\/www.instagram.com\/d.velop_group\/\"]},{\"@type\":\"Person\",\"@id\":\"https:\/\/www.d-velop.de\/blog\/#\/schema\/person\/a67283bb8831b615167c84669299f4e5\",\"name\":\"Alexander Heesch\",\"image\":{\"@type\":\"ImageObject\",\"inLanguage\":\"de\",\"@id\":\"https:\/\/www.d-velop.de\/blog\/#\/schema\/person\/image\/\",\"url\":\"https:\/\/www.d-velop.de\/blog\/wp-content\/uploads\/2019\/03\/alexander-heesch-dvelop-ag-150x150.png\",\"contentUrl\":\"https:\/\/www.d-velop.de\/blog\/wp-content\/uploads\/2019\/03\/alexander-heesch-dvelop-ag-150x150.png\",\"caption\":\"Alexander Heesch\"},\"description\":\"Brand Manager\",\"sameAs\":[\"https:\/\/www.d-velop.de\",\"https:\/\/www.linkedin.com\/in\/alexander-heesch\/\"],\"url\":\"https:\/\/www.d-velop.de\/blog\/author\/alexander-heesch\/\"}]}<\/script>\n<!-- \/ Yoast SEO Premium plugin. -->","yoast_head_json":{"title":"Vertragsfristen im Blick mit dem Fristenkalender","description":"Halte deine Vertragsfristen im Griff und verpasse nie wieder wichtige Termine: Mit dem Fristenkalender effektiv Fristen verwalten. Jetzt lesen \u25b6\ufe0f","robots":{"index":"index","follow":"follow","max-snippet":"max-snippet:-1","max-image-preview":"max-image-preview:large","max-video-preview":"max-video-preview:-1"},"canonical":"https:\/\/www.d-velop.de\/blog\/prozesse-gestalten\/fristenkalender\/","og_locale":"de_DE","og_type":"article","og_title":"Der einfachste Weg, um nie wieder Vertragsfristen zu verpassen: der digitale Fristenkalender","og_description":"Halte deine Vertragsfristen im Griff und verpasse nie wieder wichtige Termine: Mit dem Fristenkalender effektiv Fristen verwalten. Jetzt lesen \u25b6\ufe0f","og_url":"https:\/\/www.d-velop.de\/blog\/prozesse-gestalten\/fristenkalender\/","og_site_name":"d.velop blog","article_publisher":"https:\/\/www.facebook.com\/d.velop.ag\/","article_published_time":"2024-05-07T09:40:00+00:00","article_modified_time":"2026-01-30T07:19:06+00:00","og_image":[{"width":1920,"height":1080,"url":"https:\/\/www.d-velop.de\/blog\/wp-content\/uploads\/2019\/03\/velop-vertragsmanagement-software.jpg","type":"image\/jpeg"}],"author":"Alexander Heesch","twitter_card":"summary_large_image","twitter_creator":"@d_velop","twitter_site":"@d_velop","twitter_misc":{"Verfasst von":"Alexander Heesch","Gesch\u00e4tzte Lesezeit":"5\u00a0Minuten"},"schema":{"@context":"https:\/\/schema.org","@graph":[{"@type":"Article","@id":"https:\/\/www.d-velop.de\/blog\/prozesse-gestalten\/fristenkalender\/#article","isPartOf":{"@id":"https:\/\/www.d-velop.de\/blog\/prozesse-gestalten\/fristenkalender\/"},"author":{"name":"Alexander Heesch","@id":"https:\/\/www.d-velop.de\/blog\/#\/schema\/person\/a67283bb8831b615167c84669299f4e5"},"headline":"Der einfachste Weg, um nie wieder Vertragsfristen zu verpassen: der digitale Fristenkalender","datePublished":"2024-05-07T09:40:00+00:00","dateModified":"2026-01-30T07:19:06+00:00","mainEntityOfPage":{"@id":"https:\/\/www.d-velop.de\/blog\/prozesse-gestalten\/fristenkalender\/"},"wordCount":912,"commentCount":0,"publisher":{"@id":"https:\/\/www.d-velop.de\/blog\/#organization"},"image":{"@id":"https:\/\/www.d-velop.de\/blog\/prozesse-gestalten\/fristenkalender\/#primaryimage"},"thumbnailUrl":"https:\/\/www.d-velop.de\/blog\/wp-content\/uploads\/2019\/03\/fristen-vertragsmanagement.jpg","keywords":["Vertragsmanagement"],"articleSection":["Automatisierung von Prozessen"],"inLanguage":"de","potentialAction":[{"@type":"CommentAction","name":"Comment","target":["https:\/\/www.d-velop.de\/blog\/prozesse-gestalten\/fristenkalender\/#respond"]}]},{"@type":"WebPage","@id":"https:\/\/www.d-velop.de\/blog\/prozesse-gestalten\/fristenkalender\/","url":"https:\/\/www.d-velop.de\/blog\/prozesse-gestalten\/fristenkalender\/","name":"Vertragsfristen im Blick mit dem Fristenkalender","isPartOf":{"@id":"https:\/\/www.d-velop.de\/blog\/#website"},"primaryImageOfPage":{"@id":"https:\/\/www.d-velop.de\/blog\/prozesse-gestalten\/fristenkalender\/#primaryimage"},"image":{"@id":"https:\/\/www.d-velop.de\/blog\/prozesse-gestalten\/fristenkalender\/#primaryimage"},"thumbnailUrl":"https:\/\/www.d-velop.de\/blog\/wp-content\/uploads\/2019\/03\/fristen-vertragsmanagement.jpg","datePublished":"2024-05-07T09:40:00+00:00","dateModified":"2026-01-30T07:19:06+00:00","description":"Halte deine Vertragsfristen im Griff und verpasse nie wieder wichtige Termine: Mit dem Fristenkalender effektiv Fristen verwalten. Jetzt lesen \u25b6\ufe0f","breadcrumb":{"@id":"https:\/\/www.d-velop.de\/blog\/prozesse-gestalten\/fristenkalender\/#breadcrumb"},"inLanguage":"de","potentialAction":[{"@type":"ReadAction","target":["https:\/\/www.d-velop.de\/blog\/prozesse-gestalten\/fristenkalender\/"]}]},{"@type":"ImageObject","inLanguage":"de","@id":"https:\/\/www.d-velop.de\/blog\/prozesse-gestalten\/fristenkalender\/#primaryimage","url":"https:\/\/www.d-velop.de\/blog\/wp-content\/uploads\/2019\/03\/fristen-vertragsmanagement.jpg","contentUrl":"https:\/\/www.d-velop.de\/blog\/wp-content\/uploads\/2019\/03\/fristen-vertragsmanagement.jpg","width":1200,"height":400},{"@type":"BreadcrumbList","@id":"https:\/\/www.d-velop.de\/blog\/prozesse-gestalten\/fristenkalender\/#breadcrumb","itemListElement":[{"@type":"ListItem","position":1,"name":"Startseite","item":"https:\/\/www.d-velop.de\/blog\/"},{"@type":"ListItem","position":2,"name":"Der einfachste Weg, um nie wieder Vertragsfristen zu verpassen: der digitale Fristenkalender"}]},{"@type":"WebSite","@id":"https:\/\/www.d-velop.de\/blog\/#website","url":"https:\/\/www.d-velop.de\/blog\/","name":"d.velop blog","description":"Digitalisierung, Dokumentenmanagement und rund um d.velop","publisher":{"@id":"https:\/\/www.d-velop.de\/blog\/#organization"},"potentialAction":[{"@type":"SearchAction","target":{"@type":"EntryPoint","urlTemplate":"https:\/\/www.d-velop.de\/blog\/?s={search_term_string}"},"query-input":{"@type":"PropertyValueSpecification","valueRequired":true,"valueName":"search_term_string"}}],"inLanguage":"de"},{"@type":"Organization","@id":"https:\/\/www.d-velop.de\/blog\/#organization","name":"d.velop Gruppe","url":"https:\/\/www.d-velop.de\/blog\/","logo":{"@type":"ImageObject","inLanguage":"de","@id":"https:\/\/www.d-velop.de\/blog\/#\/schema\/logo\/image\/","url":"https:\/\/www.d-velop.de\/blog\/wp-content\/uploads\/2018\/12\/dvelop-blog-logo-invers.jpg","contentUrl":"https:\/\/www.d-velop.de\/blog\/wp-content\/uploads\/2018\/12\/dvelop-blog-logo-invers.jpg","width":350,"height":350,"caption":"d.velop Gruppe"},"image":{"@id":"https:\/\/www.d-velop.de\/blog\/#\/schema\/logo\/image\/"},"sameAs":["https:\/\/www.facebook.com\/d.velop.ag\/","https:\/\/x.com\/d_velop","https:\/\/de.linkedin.com\/company\/d-velop","https:\/\/www.xing.com\/pages\/d-velopag","https:\/\/www.instagram.com\/d.velop_group\/"]},{"@type":"Person","@id":"https:\/\/www.d-velop.de\/blog\/#\/schema\/person\/a67283bb8831b615167c84669299f4e5","name":"Alexander Heesch","image":{"@type":"ImageObject","inLanguage":"de","@id":"https:\/\/www.d-velop.de\/blog\/#\/schema\/person\/image\/","url":"https:\/\/www.d-velop.de\/blog\/wp-content\/uploads\/2019\/03\/alexander-heesch-dvelop-ag-150x150.png","contentUrl":"https:\/\/www.d-velop.de\/blog\/wp-content\/uploads\/2019\/03\/alexander-heesch-dvelop-ag-150x150.png","caption":"Alexander Heesch"},"description":"Brand Manager","sameAs":["https:\/\/www.d-velop.de","https:\/\/www.linkedin.com\/in\/alexander-heesch\/"],"url":"https:\/\/www.d-velop.de\/blog\/author\/alexander-heesch\/"}]}},"_links":{"self":[{"href":"https:\/\/www.d-velop.de\/blog\/wp-json\/wp\/v2\/posts\/19373","targetHints":{"allow":["GET"]}}],"collection":[{"href":"https:\/\/www.d-velop.de\/blog\/wp-json\/wp\/v2\/posts"}],"about":[{"href":"https:\/\/www.d-velop.de\/blog\/wp-json\/wp\/v2\/types\/post"}],"author":[{"embeddable":true,"href":"https:\/\/www.d-velop.de\/blog\/wp-json\/wp\/v2\/users\/22"}],"replies":[{"embeddable":true,"href":"https:\/\/www.d-velop.de\/blog\/wp-json\/wp\/v2\/comments?post=19373"}],"version-history":[{"count":2,"href":"https:\/\/www.d-velop.de\/blog\/wp-json\/wp\/v2\/posts\/19373\/revisions"}],"predecessor-version":[{"id":58087,"href":"https:\/\/www.d-velop.de\/blog\/wp-json\/wp\/v2\/posts\/19373\/revisions\/58087"}],"wp:featuredmedia":[{"embeddable":true,"href":"https:\/\/www.d-velop.de\/blog\/wp-json\/wp\/v2\/media\/19374"}],"wp:attachment":[{"href":"https:\/\/www.d-velop.de\/blog\/wp-json\/wp\/v2\/media?parent=19373"}],"wp:term":[{"taxonomy":"category","embeddable":true,"href":"https:\/\/www.d-velop.de\/blog\/wp-json\/wp\/v2\/categories?post=19373"},{"taxonomy":"post_tag","embeddable":true,"href":"https:\/\/www.d-velop.de\/blog\/wp-json\/wp\/v2\/tags?post=19373"}],"curies":[{"name":"wp","href":"https:\/\/api.w.org\/{rel}","templated":true}]}}