{"id":22766,"date":"2024-08-14T12:51:59","date_gmt":"2024-08-14T10:51:59","guid":{"rendered":"https:\/\/www.d-velop.de\/blog\/?p=22766"},"modified":"2025-04-25T14:37:12","modified_gmt":"2025-04-25T12:37:12","slug":"2b-ustg","status":"publish","type":"post","link":"https:\/\/www.d-velop.de\/blog\/compliance\/2b-ustg\/","title":{"rendered":"\u00a7 2b UStG sorgt f\u00fcr Handlungsdruck: Hilfestellung f\u00fcr die \u00f6ffentliche Verwaltung"},"content":{"rendered":"\n<p>Durch Artikel 12 des Steuer\u00e4nderungsgesetzes 2015 vom 2. November 2015 (BGBl. I S. 1834) wurde die Unternehmereigenschaft von juristischen Personen des \u00f6ffentlichen Rechts (jPd\u00f6R) fundamental ge\u00e4ndert. Dabei wurde der \u00a7 2 Absatz 3 UstG \u2013 die einschr\u00e4nkende Kopplung an das KStG \u2013 aufgehoben und \u00a7 2b UstG neu in das Umsatzsteuergesetz eingef\u00fcgt. Die Gesetzes\u00e4nderung trat zum 1.1.2017 in Kraft. Gleichzeitig bekam die \u00f6ffentliche Hand mit einer gesetzlichen \u00dcbergangsfrist bis zum 31. Dezember 2020 \u2013 nachfolgend auch mit dem \u201eCorona-Steuerhilfegesetz\u201c (\u00a7 27 Abs. 22a UStG) bis zum 31. Dezember 2022 \u2013 Zeit f\u00fcr alle notwendigen interkommunalen Anpassungsprozesse. Anfang 2023 wurde der \u00dcbergangszeitraum bis zum 31. Dezember 2024 verl\u00e4ngert.<\/p>\n\n\n\n<h3 class=\"wp-block-heading\" id=\"h-verlangerung-der-ubergangsfrist-bis-2027-vorgeschlagen\">Verl\u00e4ngerung der \u00dcbergangsfrist bis 2027 vorgeschlagen<\/h3>\n\n\n\n<p>Gem\u00e4\u00df dem Referentenentwurf zum Jahressteuergesetz 2024 (JStG 2024) des Bundesministeriums f\u00fcr Finanzen (BMF) ist, Stand April 2024, eine Verl\u00e4ngerung der \u00dcbergangsregelung zur verpflichtenden Anwendung des \u00a7 2b Umsatzsteuergesetz (UStG) f\u00fcr juristische Personen des \u00f6ffentlichen Rechts geplant. Der Entwurf sieht vor, die optionale \u00dcbergangsfrist gem\u00e4\u00df \u00a7 27 Abs. 22 Satz 2 UStG in Verbindung mit \u00a7 27 Abs. 22a UStG um zwei weitere Jahre \u2013 also bis zum 31. Dezember 2026 \u2013 zu verl\u00e4ngern.<\/p>\n\n\n\n<h3 class=\"wp-block-heading\" id=\"h-anderung-2b-ustg-administrative-und-finanzielle-herausforderungen\">\u00c4nderung \u00a7 2b UStG: administrative und finanzielle Herausforderungen<\/h3>\n\n\n\n<p>Das BMF f\u00fchrt als Gr\u00fcnde f\u00fcr diese Verl\u00e4ngerung vor allem die gro\u00dfen administrativen und finanziellen Herausforderungen an, denen juristische Personen des \u00f6ffentlichen Rechts bei der Vorbereitung auf die Anwendung des \u00a7 2b UStG gegen\u00fcberstehen. Zudem bestehen laut BMF weiterhin grundlegende Anwendungsfragen, die einer rechtssicheren und fristgerechten Umsetzung des \u00a7 2b UStG entgegenstehen.<\/p>\n\n\n\n<h3 class=\"wp-block-heading\" id=\"h-verlangerung-der-ubergangsregelung-fur-paragraph-2b-ustg-fraglich\">Verl\u00e4ngerung der \u00dcbergangsregelung f\u00fcr Paragraph 2b UStG fraglich<\/h3>\n\n\n\n<p>Juristische Personen des \u00f6ffentlichen Rechts (jPd\u00f6R), die bis dato von der \u00dcbergangsregelung Gebrauch gemacht haben, sollen gem\u00e4\u00df den Pl\u00e4nen des BMF jedoch ab dem Beginn des n\u00e4chsten Kalenderjahres die M\u00f6glichkeit haben, sich f\u00fcr die Anwendung der neuen Steuer-Regelung zu entscheiden. Trotz der aktuellen Pl\u00e4ne des BMF ist, gem\u00e4\u00df der verpflichtenden Anwendung des \u00a7 2b UStG ab dem 1. Januar 2025, fraglich, ob die Verl\u00e4ngerung der \u00dcbergangsregelung tats\u00e4chlich verabschiedet wird. In der 240-seitigen Gesetzesbegr\u00fcndung werden notwendige Anpassungen an EU-Recht, EuGH-Rechtsprechung sowie BFH-Rechtsprechung vorgestellt.<\/p>\n\n\n\n<div class=\"wp-block-group is-style-info-explanation\"><div class=\"wp-block-group__inner-container is-layout-flow wp-block-group-is-layout-flow\">\n<h2 class=\"wp-block-heading\" id=\"h-definition-2b-ustg-einfach-erklart\"><span class=\"ez-toc-section\" id=\"definition-%c2%a7-2b-ustg-einfach-erklaert\"><\/span>Definition: \u00a7 2b UStG einfach erkl\u00e4rt<span class=\"ez-toc-section-end\"><\/span><\/h2>\n\n\n\n<p>Die Regelung des Paragraphen <strong>2b UStG<\/strong> besagt, dass juristische Personen des \u00f6ffentlichen Rechts f\u00fcr bestimmte Leistungen Umsatzsteuer abf\u00fchren m\u00fcssen. Laut dieser Bestimmung weisen die jPd\u00f6R Unternehmereigenschaften nach \u00a7 2 Abs. 1 UStG auf, wenn sie selbstst\u00e4ndig eine \u201enachhaltige T\u00e4tigkeit\u201c zur Erzielung von Einnahmen aus\u00fcben.<\/p>\n\n\n\n<p>Das bedeutet einfach erkl\u00e4rt: Juristische Personen des \u00f6ffentlichen Rechts (wie Kommunen oder St\u00e4dte) m\u00fcssen nach Parapraph 2b UStG f\u00fcr bestimmte Leistungen Umsatzsteuer zahlen, weil sie als Unternehmer gelten, wenn sie eigenst\u00e4ndig und dauerhaft T\u00e4tigkeiten aus\u00fcben, um Einnahmen zu erzielen.<\/p>\n<\/div><\/div>\n\n\n\n<h3 class=\"wp-block-heading\" id=\"h-hintergrund-der-zielsetzung-der-gesetzlichen-regelung\">Hintergrund der Zielsetzung der gesetzlichen Regelung<\/h3>\n\n\n\n<p>Gem\u00e4\u00df \u00a7 1 Abs. 1 UStG unterliegen \u201ealle Lieferungen und sonstigen Leistungen, die ein Unternehmer im Inland gegen Entgelt im Rahmen seines Unternehmens ausf\u00fchrt\u201c der Umsatzsteuer. Die Umsatzbesteuerung von jPd\u00f6R war bis zu dem Zeitpunkt an die K\u00f6rperschaftssteuer gekoppelt. Dies f\u00fchrte jedoch nur selten zu sogenannten umsatzsteuerbaren bzw. umsatzpflichtigen Leistungen. Andere durch die \u00f6ffentliche Hand erbrachte Leistungen waren grunds\u00e4tzlich nicht steuerbar. Mithilfe der Anordnung sollen seitens der \u00f6ffentlichen Verwaltung marktrelevante, privatrechtliche Leistungen nach den gleichen Grunds\u00e4tzen erbracht werden, wie von den anderen Marktteilnehmern.<\/p>\n\n\n\n<h2 class=\"wp-block-heading\" id=\"h-die-ubergangsfrist-und-aktuelle-regelung-des-2b-ustg\"><span class=\"ez-toc-section\" id=\"die-uebergangsfrist-und-aktuelle-regelung-des-%c2%a7-2b-ustg\"><\/span>Die \u00dcbergangsfrist und aktuelle Regelung des \u00a7 2b UStG<span class=\"ez-toc-section-end\"><\/span><\/h2>\n\n\n\n<p>Die neue Gesetzes\u00e4nderung war mit dem Datum des Inkrafttretens am 1. Januar 2017 grunds\u00e4tzlich direkt anwendbar. Jedoch brachte diese Neuregelung f\u00fcr alle Kommunen einen betr\u00e4chtlichen Aufwand mit sich. Denn die positiven und negativen Auswirkungen dieser gesetzlichen \u00c4nderung mussten in k\u00fcrzester Zeit eingehend analysiert, zum Teil komplexe Vertragsbeziehungen sachm\u00e4\u00dfig bewertet und Betriebsprozesse angepasst werden. Darauf reagierte der Gesetzgeber mit der Einf\u00fchrung einer \u00dcbergangsfrist bis zum 1. Januar 2021.<\/p>\n\n\n\n<h3 class=\"wp-block-heading\" id=\"h-covid-19-neuregelung-des-2b-ustg-gerat-ins-stocken\">Covid 19: Neuregelung des \u00a7 2b UStG ger\u00e4t ins Stocken<\/h3>\n\n\n\n<p>So konnten die jPd\u00f6R beim Finanzamt erwirken, bis zum besagten Datum nach dem alten Recht behandelt zu werden. Durch die \u00dcbergangsfrist erhielten \u00f6ffentliche Verwaltungen mehr Zeit, die bestehenden Prozesse und Strukturen zu analysieren und die teils vielschichtigen Leistungsaustauschbeziehungen neu zu bewerten. Dennoch: Aufgrund der besonderen Situation im Zuge der Covid-19-Pandemie im Jahr 2020 sind die Vorbereitungen zur Umsetzung der Neuregelung des \u00a7 2b UStG bei den Kommunen ins Stocken geraten. Deswegen wurde die bisherige \u00dcbergangsregelung zu \u00a7 2b UStG in \u00a7 27 Absatz 22 UStG mit dem Beschluss des sogenannten \u201eCorona-Steuergesetzes\u201c um weitere zwei Jahre \u2013 bis zum 31. Dezember 2022 \u2013 verl\u00e4ngert.<\/p>\n\n\n\n<div class=\"wp-block-group is-style-info-summary\"><div class=\"wp-block-group__inner-container is-layout-constrained wp-block-group-is-layout-constrained\">\n<h3 class=\"wp-block-heading\" id=\"h-ubergangsregelung-paragraph-2b-umsatzsteuergesetz-bis-ende-2024\">\u00dcbergangsregelung Paragraph 2b Umsatzsteuergesetz bis Ende 2024<\/h3>\n\n\n\n<p>Mit dem Jahressteuergesetz 2022 wurde die \u00dcbergangsregelung zur Anwendung des \u00a7 2b Umsatzsteuergesetzes (UstG) f\u00fcr die juristischen Personen des \u00f6ffentlichen Rechts bis zum <strong>31.12.2024 <\/strong>verl\u00e4ngert.<\/p>\n<\/div><\/div>\n\n\n\n<h2 class=\"wp-block-heading\" id=\"h-leistungen-und-vertragsbeziehungen-mussen-nach-2b-ustg-bewertet-werden\"><span class=\"ez-toc-section\" id=\"leistungen-und-vertragsbeziehungen-muessen-nach-%c2%a7-2b-ustg-bewertet-werden\"><\/span>Leistungen und Vertragsbeziehungen m\u00fcssen nach \u00a7 2b UStG bewertet werden<span class=\"ez-toc-section-end\"><\/span><\/h2>\n\n\n\n<p>Eine der Herausforderungen besteht darin, alle Auswirkungen der gesetzlichen \u00c4nderungen zu erfassen und zu bewerten. Weiterhin m\u00fcssen alle Leistungen und Vertragsbeziehungen so aufgeschl\u00fcsselt werden, dass eine Erhebung und Beurteilung im Sinne des \u00a7 2b UStG m\u00f6glich wird. Auch diverse Einnahmen m\u00fcssen \u00fcberpr\u00fcft werden, ob sie von der Umsatzbesteuerung nach den neuen Grunds\u00e4tzen des \u00a7 2b UStG betroffen sind. Um negative steuerliche Folgen f\u00fcr die Kommunen abzuwenden, m\u00fcssen gegebenenfalls auch die bestehenden Vertr\u00e4ge neu verhandelt werden.<\/p>\n\n\n\n<h2 class=\"wp-block-heading\" id=\"h-bedeutung-fur-die-praxis-notwendigkeit-eines-neuen-vertragsmanagements\"><span class=\"ez-toc-section\" id=\"bedeutung-fuer-die-praxis-notwendigkeit-eines-neuen-vertragsmanagements\"><\/span>Bedeutung f\u00fcr die Praxis: Notwendigkeit eines neuen Vertragsmanagements<span class=\"ez-toc-section-end\"><\/span><\/h2>\n\n\n\n<p>Ein wichtiger Schritt in Richtung rechtssichere Umstellung ist die Implementierung eines ganzheitlichen Vertragsmanagements in der \u00f6ffentlichen Verwaltung. Das dauerhafte Management von Papiervertr\u00e4gen kann allerdings eine Menge Herausforderungen und vor allem Risiken mit sich bringen, wie zum Beispiel:<\/p>\n\n\n\n<ol class=\"wp-block-list\">\n<li>Die gesetzlichen Vorschriften werden nicht eingehalten<\/li>\n\n\n\n<li>Nicht jede Abteilung hat den gleichen Informationsstand<\/li>\n\n\n\n<li>Das Auffinden von Vertr\u00e4gen gestaltet sich schwierig<\/li>\n\n\n\n<li>Die Vertr\u00e4ge bergen inhaltliche Risiken<\/li>\n\n\n\n<li>Ganze Vertr\u00e4ge oder ihre Bestandteile gehen verloren<\/li>\n\n\n\n<li>Die Fristen und relevante Aufgaben werden vers\u00e4umt<\/li>\n\n\n\n<li>Der Bearbeitungsprozess ist mangelhaft<\/li>\n\n\n\n<li>Der Genehmigungs-\/Freigabeprozess ist nicht immer transparent<\/li>\n\n\n\n<li>Eine revisionssichere Archivierung kann nicht immer gew\u00e4hrleistet werden<\/li>\n<\/ol>\n\n\n\n<h3 class=\"wp-block-heading\" id=\"h-zeitaufwand-durch-verstreute-vertrage-in-kommunen-vermeiden\">Zeitaufwand durch verstreute Vertr\u00e4ge in Kommunen vermeiden<\/h3>\n\n\n\n<p>Viele kommunale Verwaltungen arbeiten bis heute t\u00e4glich mit Vertr\u00e4gen in Papierform. Das bedeutet, dass die Vertr\u00e4ge in den verschiedenen Fach\u00e4mtern \u201everstreut\u201c liegen. In diesem Fall m\u00fcssen die Dokumente zuerst gesammelt und anschlie\u00dfend einzeln steuerlich begutachtet werden: Ein enormer Zeitaufwand, den es k\u00fcnftig zu vermeiden gilt.<\/p>\n\n\n\n<div class=\"wp-block-group is-style-cta-webinar\"><div class=\"wp-block-group__inner-container is-layout-flow wp-block-group-is-layout-flow\">\n<p><strong>Digitales Vertragsmanagement mit \u00a7 2b UStG-Pr\u00fcfung: <\/strong>So behalten Sie alle Pflichten im Blick<\/p>\n\n\n\n\t<div class=\"wp-block-buttons\">\n\t\t<div class=\"wp-block-button is-style-outline\">\n\t\t\t<a class=\"wp-block-button__link\" href=\"https:\/\/content.d-velop.de\/webinar-digitales-vertragsmanagement?utm_campaign=Sonstiges+-+d.velop+BLOG+-+01%2F2018&#038;utm_source=intern-blog-ger&#038;utm_medium=blogpost-2b-ustg&#038;utm_content=button\" target=\"\">Jetzt ansehen<\/a>\t\t<\/div>\n\t<\/div>\n\n\t<\/div><\/div>\n\n\n\n<p><span id=\"hs-cta-wrapper-e71e2d48-d1f8-4de7-8666-cf97d875baff\" class=\"hs-cta-wrapper\"><span id=\"hs-cta-e71e2d48-d1f8-4de7-8666-cf97d875baff\" class=\"hs-cta-node hs-cta-e71e2d48-d1f8-4de7-8666-cf97d875baff\"><\/span><\/span><\/p>\n\n\n\n<h2 class=\"wp-block-heading\" id=\"h-rolle-des-digitalen-vertragsmanagements-fur-mehr-effizienz-in-der-offentlichen-verwaltung\"><span class=\"ez-toc-section\" id=\"rolle-des-digitalen-vertragsmanagements-fuer-mehr-effizienz-in-der-oeffentlichen-verwaltung\"><\/span>Rolle des digitalen Vertragsmanagements f\u00fcr mehr Effizienz in der \u00f6ffentlichen Verwaltung<span class=\"ez-toc-section-end\"><\/span><\/h2>\n\n\n\n<p>Um die t\u00e4glichen Herausforderungen des Vertragsmanagements auf das Minimum zu reduzieren und die Risiken von Gesetzesverst\u00f6\u00dfen zu vermeiden, bedarf es einer intelligenten Vertragsmanagement-Software. Die Software unterst\u00fctzt standortunabh\u00e4ngig jeden Fachbereich der Organisation \u00fcber den gesamten <a href=\"https:\/\/www.d-velop.de\/blog\/prozesse-gestalten\/vertragslebenszyklus\/\">Vertragslebenszyklus<\/a> hinweg:<\/p>\n\n\n\n<figure class=\"wp-block-image size-large is-resized\"><a href=\"https:\/\/www.d-velop.de\/blog\/wp-content\/uploads\/2019\/02\/vertragslebenszyklus.png\"><img loading=\"lazy\" decoding=\"async\" width=\"1090\" height=\"874\" src=\"https:\/\/www.d-velop.de\/blog\/wp-content\/uploads\/2019\/02\/vertragslebenszyklus-1090x874.png\" alt=\"Die sechs Phasen des Vertragslebenszyklus: Anbahnung, Erstellung, Pr\u00fcfung und Freigabe, Unterzeichnung, Erf\u00fcllung, K\u00fcndigung oder Verl\u00e4ngerung.\" class=\"wp-image-19202\" style=\"aspect-ratio:1.2471395881006866;width:840px;height:auto\" srcset=\"https:\/\/www.d-velop.de\/blog\/wp-content\/uploads\/2019\/02\/vertragslebenszyklus-1090x874.png 1090w, https:\/\/www.d-velop.de\/blog\/wp-content\/uploads\/2019\/02\/vertragslebenszyklus-600x481.png 600w, https:\/\/www.d-velop.de\/blog\/wp-content\/uploads\/2019\/02\/vertragslebenszyklus-768x616.png 768w, https:\/\/www.d-velop.de\/blog\/wp-content\/uploads\/2019\/02\/vertragslebenszyklus-1536x1231.png 1536w, https:\/\/www.d-velop.de\/blog\/wp-content\/uploads\/2019\/02\/vertragslebenszyklus-187x150.png 187w, https:\/\/www.d-velop.de\/blog\/wp-content\/uploads\/2019\/02\/vertragslebenszyklus-312x250.png 312w, https:\/\/www.d-velop.de\/blog\/wp-content\/uploads\/2019\/02\/vertragslebenszyklus-749x600.png 749w, https:\/\/www.d-velop.de\/blog\/wp-content\/uploads\/2019\/02\/vertragslebenszyklus.png 2000w\" sizes=\"auto, (max-width: 1090px) 100vw, 1090px\" \/><\/a><\/figure>\n\n\n\n<h3 class=\"wp-block-heading\" id=\"h-phasen-des-vertragsmanagements\">Phasen des Vertragsmanagements<\/h3>\n\n\n\n<ol class=\"wp-block-list\">\n<li>Anbahnung<\/li>\n\n\n\n<li>Erstellung<\/li>\n\n\n\n<li>Pr\u00fcfung und Freigabe<\/li>\n\n\n\n<li>Unterzeichnung<\/li>\n\n\n\n<li>Erf\u00fcllung<\/li>\n\n\n\n<li>K\u00fcndigung oder Verl\u00e4ngerung<\/li>\n<\/ol>\n\n\n\n<p>Das Vertragsmanagement-System gew\u00e4hrleistet einen vollst\u00e4ndigen, zentralen und transparenten \u00dcberblick: \u00fcber den Status aller Vertr\u00e4ge, Vertragsverpflichtungen- und Beziehungen sowie alle aktuellen Vorg\u00e4nge der Kommune. Auslaufende Vertr\u00e4ge und die damit verbundenen Ausschreibungspflichten werden automatisch und zeitnah gemeldet. Mithilfe der Software k\u00f6nnen m\u00f6gliche Vertragsredundanzen in verschiedenen Fachabteilungen der Verwaltung erkannt und beseitigt werden. Durch zentrale Workflows erhalten Arbeitsst\u00e4nde und Versionen mehr Transparenz. Vielf\u00e4ltige Analysem\u00f6glichkeiten erleichtern dem Anwender die Recherche und die Auswertungen.<\/p>\n\n\n\n<h2 class=\"wp-block-heading\" id=\"h-und-so-wird-die-vertragsprufung-gemass-2b-ustg-konkret-umgesetzt\"><span class=\"ez-toc-section\" id=\"und-so-wird-die-vertragspruefung-gemaess-%c2%a72b-ustg-konkret-umgesetzt\"><\/span>Und so wird die Vertragspr\u00fcfung gem\u00e4\u00df \u00a72b UStG konkret umgesetzt:<span class=\"ez-toc-section-end\"><\/span><\/h2>\n\n\n\n<figure class=\"wp-block-embed is-type-video is-provider-youtube wp-block-embed-youtube wp-embed-aspect-16-9 wp-has-aspect-ratio\"><div class=\"wp-block-embed__wrapper\">\n<iframe loading=\"lazy\" title=\"Digitales Vertragsmanagement mit Erweiterung zur \u00a7 2b UStG Pr\u00fcfung | Produktvideo\" width=\"900\" height=\"506\" src=\"https:\/\/www.youtube.com\/embed\/cxPuUvdNq8k?feature=oembed\" frameborder=\"0\" allow=\"accelerometer; autoplay; clipboard-write; encrypted-media; gyroscope; picture-in-picture; web-share\" referrerpolicy=\"strict-origin-when-cross-origin\" allowfullscreen><\/iframe>\n<\/div><\/figure>\n\n\n\n<h2 class=\"wp-block-heading\" id=\"h-folgende-vorteile-bietet-eine-intelligente-vertragsmanagement-software-im-einzelnen\"><span class=\"ez-toc-section\" id=\"folgende-vorteile-bietet-eine-intelligente-vertragsmanagement-software-im-einzelnen\"><\/span>Folgende Vorteile bietet eine intelligente Vertragsmanagement-Software im Einzelnen:<span class=\"ez-toc-section-end\"><\/span><\/h2>\n\n\n\n<ul class=\"wp-block-list is-style-check\">\n<li>Die rechtlichen Rahmenbedingungen werden eingehalten<\/li>\n\n\n\n<li>Alle Fachbereiche arbeiten standort\u00fcbergreifend mit identischem Informationsstand<\/li>\n\n\n\n<li>Die Vertr\u00e4ge sind schnell standortunabh\u00e4ngig f\u00fcr alle Fachbereiche verf\u00fcgbar<\/li>\n\n\n\n<li>Die Vertr\u00e4ge bergen keinerlei inhaltliche Risiken mehr<\/li>\n\n\n\n<li>Weder Vertr\u00e4ge noch Vertragsinhalte gehen je verloren<\/li>\n\n\n\n<li>Das System meldet aktiv bevorstehende Fristen, Aufgaben und Vertragsoptionen<\/li>\n\n\n\n<li>Der schnelle Bearbeitungsprozess spart zeitaufw\u00e4ndige Recherche<\/li>\n\n\n\n<li>Der Genehmigungs-\/Freigabeprozess ist transparent<\/li>\n\n\n\n<li>Eine revisionssichere Archivierung ist gew\u00e4hrleistet<\/li>\n<\/ul>\n\n\n\n<p>Mit der Implementierung eines vollumf\u00e4nglichen Vertragsmanagement-Systems wird der \u00dcberblick \u00fcber alle relevanten Vorg\u00e4nge standort\u00fcbergreifend behalten. Es gew\u00e4hrleistet mehr Sicherheit und Kontrolle. Dennoch bedarf die intelligente Software einer signifikanten Erweiterung, wenn es darum geht, nach der \u00dcbergangsfrist den Anforderungen im Sinne des \u00a7 2b UStG gerecht zu werden.<\/p>\n\n\n\n<h2 class=\"wp-block-heading\" id=\"h-digitales-vertragsmanagement-mit-erweiterung-nach-2b-ustg-prufung\"><span class=\"ez-toc-section\" id=\"digitales-vertragsmanagement-mit-erweiterung-nach-%c2%a7-2b-ustg-pruefung\"><\/span>Digitales Vertragsmanagement mit Erweiterung nach \u00a7 2b UStG Pr\u00fcfung<span class=\"ez-toc-section-end\"><\/span><\/h2>\n\n\n\n<p>Die Neuregelungen im Umsatzsteuergesetz in Deutschland f\u00fcr die Unternehmereigenschaft von juristischen Personen des \u00f6ffentlichen Rechts k\u00f6nnen mithilfe einer Software ber\u00fccksichtigt werden. Eine Checklistenerweiterung erm\u00f6glicht es den qualifizierten Anwendern, selbst nach \u00a7 2b UStG zu pr\u00fcfen.<\/p>\n\n\n\n<h3 class=\"wp-block-heading\" id=\"h-checkliste-in-zusammenarbeit-mit-bdo-concunia-gmbh-erstellt\">Checkliste in Zusammenarbeit mit BDO Concunia GmbH erstellt<\/h3>\n\n\n\n<p>Eine entsprechende Checkliste wurde in Zusammenarbeit zwischen der d.velop und den Experten der BDO Concunia GmbH Wirtschaftspr\u00fcfungsgesellschaft entwickelt. Die steueroptimierte und gleichzeitig betriebswirtschaftliche Beratung \u00f6ffentlicher Verwaltungen bildet eines der Sachgebiete des Spezialisten f\u00fcr die kommunale Steuerberatung.<\/p>\n\n\n\n<h2 class=\"wp-block-heading\" id=\"h-so-funktioniert-die-vertragsprufung-nach-2b-ustg-prufung\"><span class=\"ez-toc-section\" id=\"so-funktioniert-die-vertragspruefung-nach-%c2%a7-2b-ustg-pruefung\"><\/span>So funktioniert die Vertragspr\u00fcfung nach \u00a7 2b UStG Pr\u00fcfung<span class=\"ez-toc-section-end\"><\/span><\/h2>\n\n\n\n<p>Nach dem Anlegen eines Vertrags in der Vertragsmanagement-Software werden entsprechende Fachbereiche der Kommune \u00fcber das neue Dokument automatisch informiert. Dies kann die <a href=\"https:\/\/www.d-velop.de\/themen\/digitale-finanzbuchhaltung\">Finanzbuchhaltung<\/a> oder die Steuerabteilung sein, welche den Vertrag anhand des \u00a7 2b UStG rechtssicher pr\u00fcfen kann<\/p>\n\n\n\n<h3 class=\"wp-block-heading\" id=\"h-vollstandige-checklisten\">Vollst\u00e4ndige Checklisten<\/h3>\n\n\n\n<p>Folgende Informationen kann der Anwender in der Checklistenerweiterung erfassen:<\/p>\n\n\n\n<ol class=\"wp-block-list is-style-checkbox\">\n<li>Produktbereiche<\/li>\n\n\n\n<li>Leistungsbeziehung der Kommune<\/li>\n\n\n\n<li>Vertragspartner<\/li>\n\n\n\n<li>Vertragsart<\/li>\n\n\n\n<li>Vertragsgegenstand<\/li>\n\n\n\n<li>Umsatzsteuer<\/li>\n\n\n\n<li>Bemessungsgrundlage<\/li>\n\n\n\n<li>Steuerschuldner \/ Zahlungsschuldner<\/li>\n\n\n\n<li>Vorsteuerabzug<\/li>\n<\/ol>\n\n\n\n<p>Eine Standardisierung der Fragestellung erleichtert das sp\u00e4tere Arbeiten mit bestimmten Suchparametern in der Datenbank. Es besteht zudem die M\u00f6glichkeit, Passagen aus steuerlichen Gutachten und Stellungnahmen in ein Kommentarfeld hineinzukopieren oder Notizen hinzuzuf\u00fcgen. Zudem beinhaltet jede Frage ein Hilfe-Dialogfenster. Dort wird \u2013 wie in einem Glossar \u2013 erkl\u00e4rt, wann zum Beispiel eine Kommune sowohl Leistender als auch Leistungsempf\u00e4nger:in ist.<\/p>\n\n\n\n<p><em>Tipp: Alle Informationen, welche vom Pr\u00fcfer in der Checkliste erfasst sind, werden im System als Suchkriterien in den jeweiligen Suchmasken angeboten.<\/em><\/p>\n\n\n\n<div class=\"wp-block-group is-style-cta-whitepaper\"><div class=\"wp-block-group__inner-container is-layout-constrained wp-block-group-is-layout-constrained\">\n<h3 class=\"wp-block-heading\" id=\"h-orientierung-im-komplexen-labyrinth-der-gesetze-mit-dem-dms-das-ozg-2-0-egovg-regmog-amp-co-rechtssicher-umsetzen\"><strong>Orientierung im komplexen Labyrinth der Gesetze<\/strong>: Mit dem DMS das OZG 2.0, EGovG, RegMoG &amp; Co. rechtssicher umsetzen<\/h3>\n\n\n\n\t<div class=\"wp-block-buttons\">\n\t\t<div class=\"wp-block-button is-style-outline\">\n\t\t\t<a class=\"wp-block-button__link\" href=\"https:\/\/whitepaper.d-velop.de\/labyrinth-der-gesetze-public-sector\/?utm_campaign=Sonstiges+-+d.velop+BLOG+-+01%2F2018&#038;utm_source=intern-blog-ger&#038;utm_medium=blogpost-2b-ustg&#038;utm_content=button\" target=\"_blank\">Jetzt lesen<\/a>\t\t<\/div>\n\t<\/div>\n\n\t<\/div><\/div>\n\n\n\n<h3 class=\"wp-block-heading\" id=\"h-ubersichtliche-prufprotokolle-fur-mitarbeiter-innen\">\u00dcbersichtliche Pr\u00fcfprotokolle f\u00fcr Mitarbeiter:innen<\/h3>\n\n\n\n<p>Nach dem Speichern der Checkliste wird ein Pr\u00fcfprotokoll als PDF-Datei generiert und in der Akte angezeigt. Der Pr\u00fcfbericht kann jederzeit angepasst werden, wobei eine neue Version erstellt wird. So k\u00f6nnen alle berechtigten Anwender:innen in der kommunalen Verwaltung den gesamten Versionsverlauf nach Bedarf abrufen.<\/p>\n\n\n\n<h3 class=\"wp-block-heading\" id=\"h-austausch-der-2b-ustg-checkliste-mit-wirtschaftsprufer\">Austausch der &#8222;\u00a7 2b UStG&#8220;-Checkliste mit Wirtschaftspr\u00fcfer<\/h3>\n\n\n\n<p>Eine weitere wichtige Funktion der Software-Erweiterung ist die Markierung des Vertrags. Diese signalisiert, dass die <a href=\"https:\/\/www.d-velop.de\/branchen\/oeffentliche-verwaltung\">\u00f6ffentliche Verwaltung<\/a> die Unterst\u00fctzung von einem Wirtschaftspr\u00fcfer ben\u00f6tigt. Hierzu kann direkt aus dem System heraus mit dem Wirtschaftspr\u00fcfer kommuniziert sowie die notwendigen Dokumente bereitgestellt werden.<\/p>\n\n\n\n<h3 class=\"wp-block-heading\" id=\"h-steuerliche-sicherheit-in-bezug-auf-den-neuen-2b-ustg-erhalten\">Steuerliche Sicherheit in Bezug auf den neuen \u00a7 2b UStG erhalten<\/h3>\n\n\n\n<p>Ob in eigenst\u00e4ndiger Leistung oder mit Hilfe eines Wirtschaftspr\u00fcfers: Die Checkliste mit den erweiterten Funktionen unterst\u00fctzt die kommunale Verwaltung ganzheitlich. Dem Anwender stehen wichtige Parameter zur Verf\u00fcgung. Diese m\u00fcssen beantwortet werden, um eine steuerliche Sicherheit in Bezug auf den neuen \u00a7 2b UStG zu erhalten. Durch die vollst\u00e4ndige Bearbeitung der Checkliste protokolliert der Mitarbeiter au\u00dferdem, dass er sich mit dem Vertrag anhand des \u00a7 2b besch\u00e4ftigt hat. Die Implementierung eines digitalen Vertragsmanagements mit einer Checklisten-Erweiterung kann die \u00f6ffentliche Verwaltung grundlegend entlasten.<\/p>\n\n\n\n<h2 class=\"wp-block-heading\"><span class=\"ez-toc-section\" id=\"vertragsmanagement-nach-%c2%a7-2b-ustg-pruefung\"><\/span>Vertragsmanagement nach \u00a7 2b UStG Pr\u00fcfung<span class=\"ez-toc-section-end\"><\/span><\/h2>\n\n\n\n<p>Das <a href=\"https:\/\/www.d-velop.de\/software\/vertragsmanagement\">Vertragsmanagement<\/a> erm\u00f6glicht die effiziente Verwaltung und Digitalisierung von Vertr\u00e4gen gem\u00e4\u00df \u00a7 2b UStG. Diese L\u00f6sung umfasst den gesamten Lebenszyklus eines Vertrags \u2013 von der Erstellung und Pr\u00fcfung \u00fcber die Freigabe und digitale Unterzeichnung bis hin zur Archivierung. So k\u00f6nnen Kommunen ihren Vertragsmanagement-Prozess verbessern. Mit Funktionen zur Frist\u00fcberwachung und zentralen Verwaltung sorgt die Software f\u00fcr Transparenz und Compliance in der \u00f6ffentlichen Verwaltung. Die Integration in bestehende Systeme erleichtern die Umsetzung der gesetzlichen Anforderungen.<\/p>\n\n\n\n<div class=\"wp-block-group is-style-cta-whitepaper\"><div class=\"wp-block-group__inner-container is-layout-constrained wp-block-group-is-layout-constrained\">\n<p><strong>Digitalisierung der zentralen Beschaffungsstelle am Beispiel eines EVB-IT Vertrags<\/strong><\/p>\n\n\n\n\t<div class=\"wp-block-buttons\">\n\t\t<div class=\"wp-block-button is-style-outline\">\n\t\t\t<a class=\"wp-block-button__link\" href=\"https:\/\/2429121.fs1.hubspotusercontent-na1.net\/hubfs\/2429121\/codia\/Whitepaper%20Digitalisierung%20Beschaffung%20EVB-IT%20Vertrag.pdf?utm_campaign=Sonstiges+-+d.velop+BLOG+-+01%2F2018&#038;utm_source=intern-blog-ger&#038;utm_medium=blogpost-2b-ustg&#038;utm_content=button\" target=\"\">Jetzt lesen<\/a>\t\t<\/div>\n\t<\/div>\n\n\t<\/div><\/div>\n\n\n\n<h2 class=\"wp-block-heading\" id=\"h-fazit-der-handlungsdruck-fur-die-offentliche-verwaltung-zur-umsetzung-der-neuregelung-des-2b-ustg-ist-gross\"><span class=\"ez-toc-section\" id=\"fazit-der-handlungsdruck-fuer-die-oeffentliche-verwaltung-zur-umsetzung-der-neuregelung-des-%c2%a7-2b-ustg-ist-gross\"><\/span>Fazit: Der Handlungsdruck f\u00fcr die \u00f6ffentliche Verwaltung zur Umsetzung der Neuregelung des \u00a7 2b UStG ist gro\u00df<span class=\"ez-toc-section-end\"><\/span><\/h2>\n\n\n\n<p>\u00a7 2b UStG sorgt f\u00fcr Handlungsdruck bei juristischen Personen des \u00f6ffentlichen Rechts, da sie nun f\u00fcr bestimmte Leistungen umsatzsteuerpflichtig sind und ihre Unternehmereigenschaften nach \u00a7 2 Abs. 1 UStG nachweisen m\u00fcssen. Die \u00c4nderungen durch Artikel 12 des Steuer\u00e4nderungsgesetzes 2015 traten am 1. Januar 2017 in Kraft, wobei die \u00dcbergangsfrist f\u00fcr die Anpassung der internen Prozesse bis Ende 2024 verl\u00e4ngert wurde.<\/p>\n\n\n\n<h3 class=\"wp-block-heading\" id=\"h-vertragsmanagement-fur-umsatzsteuerliche-erfassung-alle-leistungen\">Vertragsmanagement f\u00fcr umsatzsteuerliche Erfassung alle Leistungen<\/h3>\n\n\n\n<p>Diese Anpassungen erfordern ein neues, umfassendes Vertragsmanagement, um sicherzustellen, dass alle Leistungen und Vertragsbeziehungen korrekt umsatzsteuerlich erfasst und bewertet werden. Digitale Vertragsmanagement-Software kann hierbei unterst\u00fctzen, indem sie eine zentrale, transparente und effiziente Verwaltung aller Vertr\u00e4ge erm\u00f6glicht. Dennoch bleibt die Verl\u00e4ngerung der \u00dcbergangsfrist bis 2027 im Referentenentwurf des Jahressteuergesetzes 2024 fraglich, was weitere administrative und finanzielle Herausforderungen mit sich bringt.<\/p>\n\n\n\n<div class=\"wp-block-group is-style-cta-webinar\"><div class=\"wp-block-group__inner-container is-layout-constrained wp-block-group-is-layout-constrained\">\n<h2 class=\"wp-block-heading\" id=\"h-auswirkungen-2b-ustg-handlungsempfehlungen-fur-den-public-sector\"><span class=\"ez-toc-section\" id=\"auswirkungen-%c2%a7-2b-ustg-%e2%80%93-handlungsempfehlungen-fuer-den-public-sector\"><\/span>Auswirkungen \u00a7 2b UStG &#8211; Handlungsempfehlungen f\u00fcr den Public Sector<span class=\"ez-toc-section-end\"><\/span><\/h2>\n\n\n\n<figure class=\"wp-block-embed is-type-video is-provider-youtube wp-block-embed-youtube wp-embed-aspect-16-9 wp-has-aspect-ratio\"><div class=\"wp-block-embed__wrapper\">\n<iframe loading=\"lazy\" title=\"Auswirkungen \u00a7 2b UStG: Handlungsempfehlung f\u00fcr Organisationen im \u00f6ffentlichen Dienst | Produktvideo\" width=\"900\" height=\"506\" src=\"https:\/\/www.youtube.com\/embed\/0he_6wCAN9Y?feature=oembed\" frameborder=\"0\" allow=\"accelerometer; autoplay; clipboard-write; encrypted-media; gyroscope; picture-in-picture; web-share\" referrerpolicy=\"strict-origin-when-cross-origin\" allowfullscreen><\/iframe>\n<\/div><\/figure>\n<\/div><\/div>\n\n\n\n<hr class=\"wp-block-separator has-alpha-channel-opacity\"\/>\n\n\n\n<div class=\"schema-faq wp-block-yoast-faq-block\"><div class=\"schema-faq-section\" id=\"faq-question-1723712236141\"><strong class=\"schema-faq-question\">Was ist \u00a7 2b UStG und warum ist es wichtig?<\/strong> <p class=\"schema-faq-answer\">\u00a7 2b UStG regelt, dass juristische Personen des \u00f6ffentlichen Rechts, wie Kommunen, ab 2021 unter bestimmten Bedingungen umsatzsteuerpflichtig werden, wenn sie privatrechtlich t\u00e4tig sind, um Wettbewerbsverzerrungen zu verhindern. Diese Neuerung im Umsatzsteuergesetz ist wichtig, da sie die Besteuerung \u00f6ffentlicher K\u00f6rperschaften transparenter gestaltet und f\u00fcr Chancengleichheit im Wettbewerb sorgt.<\/p> <\/div> <div class=\"schema-faq-section\" id=\"faq-question-1723712276639\"><strong class=\"schema-faq-question\">Wer ist von \u00a7 2b UStG betroffen?<\/strong> <p class=\"schema-faq-answer\">\u00a7 2b UStG betrifft haupts\u00e4chlich Kommunen und andere juristische Personen des \u00f6ffentlichen Rechts in Deutschland, die seit seiner Einf\u00fchrung ab dem 1. Januar 2023 unter bestimmten Voraussetzungen umsatzsteuerpflichtig werden. Diese Regelung bringt Neuerungen und \u00c4nderungen im Umsatzsteuergesetz mit sich, die die Erfassung und Abgabe von Umsatzsteuer betreffen, insbesondere im Hinblick auf Ausgangsrechnungen und die Abzugsf\u00e4higkeit von Betriebsausgaben.<\/p> <\/div> <div class=\"schema-faq-section\" id=\"faq-question-1723712288936\"><strong class=\"schema-faq-question\">Welche \u00c4nderungen durch \u00a7 2b UStG gelten ab wann?<\/strong> <p class=\"schema-faq-answer\">Durch \u00a7 2b UStG wurden die Regelungen zur Umsatzsteuerpflicht von juristischen Personen des \u00f6ffentlichen Rechts, wie Kommunen, ge\u00e4ndert, indem sie ab dem 1. Januar 2017 grunds\u00e4tzlich wie Unternehmer behandelt werden, wenn sie nachhaltig Einnahmen erzielen. Diese Neuerung zielt darauf ab, Wettbewerbsverzerrungen zu verhindern und die Umsatzsteuerpflicht an das europ\u00e4ische Recht anzupassen.<\/p> <\/div> <div class=\"schema-faq-section\" id=\"faq-question-1723712413740\"><strong class=\"schema-faq-question\">Wie wirkt sich \u00a7 2b UStG auf Vertragsmanagement aus?<\/strong> <p class=\"schema-faq-answer\">\u00a7 2b UStG f\u00fchrt dazu, dass Kommunen bei bestimmten wirtschaftlichen T\u00e4tigkeiten umsatzsteuerpflichtig werden, was eine Anpassung des Vertragsmanagements erfordert, um die Einhaltung der neuen Regelungen sicherzustellen. Diese Neuerungen gelten seit dem 1. Januar 2021 und betreffen die Umsatzsteuerpflicht und -abzugsf\u00e4higkeit im kommunalen Bereich.<\/p> <\/div> <\/div>\n","protected":false},"excerpt":{"rendered":"<p>Durch Artikel 12 des Steuer\u00e4nderungsgesetzes 2015 vom 2. November 2015 (BGBl. I S. 1834) wurde die Unternehmereigenschaft von juristischen Personen [&hellip;]<\/p>\n","protected":false},"author":116,"featured_media":22767,"comment_status":"open","ping_status":"closed","sticky":false,"template":"","format":"standard","meta":{"footnotes":"","beyondwords_generate_audio":"","beyondwords_project_id":"","beyondwords_content_id":"","beyondwords_preview_token":"","beyondwords_player_content":"","beyondwords_player_style":"","beyondwords_language_id":"","beyondwords_title_voice_id":"","beyondwords_body_voice_id":"","beyondwords_summary_voice_id":"","beyondwords_error_message":"","beyondwords_disabled":"","beyondwords_delete_content":"","beyondwords_podcast_id":"","beyondwords_hash":"","publish_post_to_speechkit":"","speechkit_hash":"","speechkit_generate_audio":"","speechkit_project_id":"","speechkit_podcast_id":"","speechkit_error_message":"","speechkit_disabled":"","speechkit_access_key":"","speechkit_error":"","speechkit_info":"","speechkit_response":"","speechkit_retries":"","speechkit_status":"","speechkit_updated_at":"","_speechkit_link":"","_speechkit_text":""},"categories":[4],"tags":[6500],"class_list":["post-22766","post","type-post","status-publish","format-standard","has-post-thumbnail","hentry","category-compliance","tag-vertragsmanagement"],"acf":[],"yoast_head":"<!-- This site is optimized with the Yoast SEO Premium plugin v25.6 (Yoast SEO v25.6) - https:\/\/yoast.com\/wordpress\/plugins\/seo\/ -->\n<title>\u00a7 2b UStG einfach erkl\u00e4rt | Alles, was du wissen musst!<\/title>\n<meta name=\"description\" content=\"Was bedeutet 2b UStG f\u00fcr Ihr Vertragsmanagement? Alles Wichtige zu \u00a72b UStG erkl\u00e4rt. \u25ba Entdecke, wie du rechtlich sicher handelst!\" \/>\n<meta name=\"robots\" content=\"index, follow, max-snippet:-1, max-image-preview:large, max-video-preview:-1\" \/>\n<link rel=\"canonical\" href=\"https:\/\/www.d-velop.de\/blog\/compliance\/2b-ustg\/\" \/>\n<meta property=\"og:locale\" content=\"de_DE\" \/>\n<meta property=\"og:type\" content=\"article\" \/>\n<meta property=\"og:title\" content=\"\u00a7 2b UStG einfach erkl\u00e4rt | Alles, was du wissen musst!\" \/>\n<meta property=\"og:description\" content=\"Was bedeutet 2b UStG f\u00fcr Ihr Vertragsmanagement? Alles Wichtige zu \u00a72b UStG erkl\u00e4rt. \u25ba Entdecke, wie du rechtlich sicher handelst!\" \/>\n<meta property=\"og:url\" content=\"https:\/\/www.d-velop.de\/blog\/compliance\/2b-ustg\/\" \/>\n<meta property=\"og:site_name\" content=\"d.velop blog\" \/>\n<meta property=\"article:publisher\" content=\"https:\/\/www.facebook.com\/d.velop.ag\/\" \/>\n<meta property=\"article:published_time\" content=\"2024-08-14T10:51:59+00:00\" \/>\n<meta property=\"article:modified_time\" content=\"2025-04-25T12:37:12+00:00\" \/>\n<meta property=\"og:image\" content=\"https:\/\/www.d-velop.de\/blog\/wp-content\/uploads\/2020\/10\/dvelop-blog-artikel-2b-ustg-social-madia-quer.png\" \/>\n\t<meta property=\"og:image:width\" content=\"1200\" \/>\n\t<meta property=\"og:image:height\" content=\"628\" \/>\n\t<meta property=\"og:image:type\" content=\"image\/png\" \/>\n<meta name=\"author\" content=\"Udo Schillingmann\" \/>\n<meta name=\"twitter:card\" content=\"summary_large_image\" \/>\n<meta name=\"twitter:title\" content=\"\u00a7 2b UStG einfach erkl\u00e4rt | Alles, was du wissen musst!\" \/>\n<meta name=\"twitter:description\" content=\"Was bedeutet 2b UStG f\u00fcr Ihr Vertragsmanagement? Alles Wichtige zu \u00a72b UStG erkl\u00e4rt. \u25ba Entdecke, wie du rechtlich sicher handelst!\" \/>\n<meta name=\"twitter:creator\" content=\"@d_velop\" \/>\n<meta name=\"twitter:site\" content=\"@d_velop\" \/>\n<meta name=\"twitter:label1\" content=\"Verfasst von\" \/>\n\t<meta name=\"twitter:data1\" content=\"Udo Schillingmann\" \/>\n\t<meta name=\"twitter:label2\" content=\"Gesch\u00e4tzte Lesezeit\" \/>\n\t<meta name=\"twitter:data2\" content=\"1\u00a0Minute\" \/>\n<script type=\"application\/ld+json\" class=\"yoast-schema-graph\">{\"@context\":\"https:\/\/schema.org\",\"@graph\":[{\"@type\":\"Article\",\"@id\":\"https:\/\/www.d-velop.de\/blog\/compliance\/2b-ustg\/#article\",\"isPartOf\":{\"@id\":\"https:\/\/www.d-velop.de\/blog\/compliance\/2b-ustg\/\"},\"author\":{\"name\":\"Udo Schillingmann\",\"@id\":\"https:\/\/www.d-velop.de\/blog\/#\/schema\/person\/04cdca4c6a88e33a99caf3dd0b7a5c0c\"},\"headline\":\"\u00a7 2b UStG sorgt f\u00fcr Handlungsdruck: Hilfestellung f\u00fcr die \u00f6ffentliche Verwaltung\",\"datePublished\":\"2024-08-14T10:51:59+00:00\",\"dateModified\":\"2025-04-25T12:37:12+00:00\",\"mainEntityOfPage\":{\"@id\":\"https:\/\/www.d-velop.de\/blog\/compliance\/2b-ustg\/\"},\"wordCount\":2261,\"commentCount\":0,\"publisher\":{\"@id\":\"https:\/\/www.d-velop.de\/blog\/#organization\"},\"image\":{\"@id\":\"https:\/\/www.d-velop.de\/blog\/compliance\/2b-ustg\/#primaryimage\"},\"thumbnailUrl\":\"https:\/\/www.d-velop.de\/blog\/wp-content\/uploads\/2020\/10\/2b-ustg-verlaengerung.jpg\",\"keywords\":[\"Vertragsmanagement\"],\"articleSection\":[\"Compliance\"],\"inLanguage\":\"de\",\"potentialAction\":[{\"@type\":\"CommentAction\",\"name\":\"Comment\",\"target\":[\"https:\/\/www.d-velop.de\/blog\/compliance\/2b-ustg\/#respond\"]}]},{\"@type\":[\"WebPage\",\"FAQPage\"],\"@id\":\"https:\/\/www.d-velop.de\/blog\/compliance\/2b-ustg\/\",\"url\":\"https:\/\/www.d-velop.de\/blog\/compliance\/2b-ustg\/\",\"name\":\"\u00a7 2b UStG einfach erkl\u00e4rt | Alles, was du wissen musst!\",\"isPartOf\":{\"@id\":\"https:\/\/www.d-velop.de\/blog\/#website\"},\"primaryImageOfPage\":{\"@id\":\"https:\/\/www.d-velop.de\/blog\/compliance\/2b-ustg\/#primaryimage\"},\"image\":{\"@id\":\"https:\/\/www.d-velop.de\/blog\/compliance\/2b-ustg\/#primaryimage\"},\"thumbnailUrl\":\"https:\/\/www.d-velop.de\/blog\/wp-content\/uploads\/2020\/10\/2b-ustg-verlaengerung.jpg\",\"datePublished\":\"2024-08-14T10:51:59+00:00\",\"dateModified\":\"2025-04-25T12:37:12+00:00\",\"description\":\"Was bedeutet 2b UStG f\u00fcr Ihr Vertragsmanagement? Alles Wichtige zu \u00a72b UStG erkl\u00e4rt. \u25ba Entdecke, wie du rechtlich sicher handelst!\",\"breadcrumb\":{\"@id\":\"https:\/\/www.d-velop.de\/blog\/compliance\/2b-ustg\/#breadcrumb\"},\"mainEntity\":[{\"@id\":\"https:\/\/www.d-velop.de\/blog\/compliance\/2b-ustg\/#faq-question-1723712236141\"},{\"@id\":\"https:\/\/www.d-velop.de\/blog\/compliance\/2b-ustg\/#faq-question-1723712276639\"},{\"@id\":\"https:\/\/www.d-velop.de\/blog\/compliance\/2b-ustg\/#faq-question-1723712288936\"},{\"@id\":\"https:\/\/www.d-velop.de\/blog\/compliance\/2b-ustg\/#faq-question-1723712413740\"}],\"inLanguage\":\"de\",\"potentialAction\":[{\"@type\":\"ReadAction\",\"target\":[\"https:\/\/www.d-velop.de\/blog\/compliance\/2b-ustg\/\"]}]},{\"@type\":\"ImageObject\",\"inLanguage\":\"de\",\"@id\":\"https:\/\/www.d-velop.de\/blog\/compliance\/2b-ustg\/#primaryimage\",\"url\":\"https:\/\/www.d-velop.de\/blog\/wp-content\/uploads\/2020\/10\/2b-ustg-verlaengerung.jpg\",\"contentUrl\":\"https:\/\/www.d-velop.de\/blog\/wp-content\/uploads\/2020\/10\/2b-ustg-verlaengerung.jpg\",\"width\":1200,\"height\":400,\"caption\":\"Verl\u00e4ngerung Umsetzung \u00a7 2b UStG\"},{\"@type\":\"BreadcrumbList\",\"@id\":\"https:\/\/www.d-velop.de\/blog\/compliance\/2b-ustg\/#breadcrumb\",\"itemListElement\":[{\"@type\":\"ListItem\",\"position\":1,\"name\":\"Startseite\",\"item\":\"https:\/\/www.d-velop.de\/blog\/\"},{\"@type\":\"ListItem\",\"position\":2,\"name\":\"\u00a7 2b UStG sorgt f\u00fcr Handlungsdruck: Hilfestellung f\u00fcr die \u00f6ffentliche Verwaltung\"}]},{\"@type\":\"WebSite\",\"@id\":\"https:\/\/www.d-velop.de\/blog\/#website\",\"url\":\"https:\/\/www.d-velop.de\/blog\/\",\"name\":\"d.velop blog\",\"description\":\"Digitalisierung, Dokumentenmanagement und rund um d.velop\",\"publisher\":{\"@id\":\"https:\/\/www.d-velop.de\/blog\/#organization\"},\"potentialAction\":[{\"@type\":\"SearchAction\",\"target\":{\"@type\":\"EntryPoint\",\"urlTemplate\":\"https:\/\/www.d-velop.de\/blog\/?s={search_term_string}\"},\"query-input\":{\"@type\":\"PropertyValueSpecification\",\"valueRequired\":true,\"valueName\":\"search_term_string\"}}],\"inLanguage\":\"de\"},{\"@type\":\"Organization\",\"@id\":\"https:\/\/www.d-velop.de\/blog\/#organization\",\"name\":\"d.velop Gruppe\",\"url\":\"https:\/\/www.d-velop.de\/blog\/\",\"logo\":{\"@type\":\"ImageObject\",\"inLanguage\":\"de\",\"@id\":\"https:\/\/www.d-velop.de\/blog\/#\/schema\/logo\/image\/\",\"url\":\"https:\/\/www.d-velop.de\/blog\/wp-content\/uploads\/2018\/12\/dvelop-blog-logo-invers.jpg\",\"contentUrl\":\"https:\/\/www.d-velop.de\/blog\/wp-content\/uploads\/2018\/12\/dvelop-blog-logo-invers.jpg\",\"width\":350,\"height\":350,\"caption\":\"d.velop Gruppe\"},\"image\":{\"@id\":\"https:\/\/www.d-velop.de\/blog\/#\/schema\/logo\/image\/\"},\"sameAs\":[\"https:\/\/www.facebook.com\/d.velop.ag\/\",\"https:\/\/x.com\/d_velop\",\"https:\/\/de.linkedin.com\/company\/d-velop\",\"https:\/\/www.xing.com\/pages\/d-velopag\",\"https:\/\/www.instagram.com\/d.velop_group\/\"]},{\"@type\":\"Person\",\"@id\":\"https:\/\/www.d-velop.de\/blog\/#\/schema\/person\/04cdca4c6a88e33a99caf3dd0b7a5c0c\",\"name\":\"Udo Schillingmann\",\"image\":{\"@type\":\"ImageObject\",\"inLanguage\":\"de\",\"@id\":\"https:\/\/www.d-velop.de\/blog\/#\/schema\/person\/image\/\",\"url\":\"https:\/\/www.d-velop.de\/blog\/wp-content\/uploads\/2020\/10\/udo-schillingmann-d-velop-codia-software-gmbh-150x150.jpg\",\"contentUrl\":\"https:\/\/www.d-velop.de\/blog\/wp-content\/uploads\/2020\/10\/udo-schillingmann-d-velop-codia-software-gmbh-150x150.jpg\",\"caption\":\"Udo Schillingmann\"},\"description\":\"Leiter Vertrieb, d.velop public sector\",\"url\":\"https:\/\/www.d-velop.de\/blog\/author\/udo-schillingmann\/\"},{\"@type\":\"Question\",\"@id\":\"https:\/\/www.d-velop.de\/blog\/compliance\/2b-ustg\/#faq-question-1723712236141\",\"position\":1,\"url\":\"https:\/\/www.d-velop.de\/blog\/compliance\/2b-ustg\/#faq-question-1723712236141\",\"name\":\"Was ist \u00a7 2b UStG und warum ist es wichtig?\",\"answerCount\":1,\"acceptedAnswer\":{\"@type\":\"Answer\",\"text\":\"\u00a7 2b UStG regelt, dass juristische Personen des \u00f6ffentlichen Rechts, wie Kommunen, ab 2021 unter bestimmten Bedingungen umsatzsteuerpflichtig werden, wenn sie privatrechtlich t\u00e4tig sind, um Wettbewerbsverzerrungen zu verhindern. Diese Neuerung im Umsatzsteuergesetz ist wichtig, da sie die Besteuerung \u00f6ffentlicher K\u00f6rperschaften transparenter gestaltet und f\u00fcr Chancengleichheit im Wettbewerb sorgt.\",\"inLanguage\":\"de\"},\"inLanguage\":\"de\"},{\"@type\":\"Question\",\"@id\":\"https:\/\/www.d-velop.de\/blog\/compliance\/2b-ustg\/#faq-question-1723712276639\",\"position\":2,\"url\":\"https:\/\/www.d-velop.de\/blog\/compliance\/2b-ustg\/#faq-question-1723712276639\",\"name\":\"Wer ist von \u00a7 2b UStG betroffen?\",\"answerCount\":1,\"acceptedAnswer\":{\"@type\":\"Answer\",\"text\":\"\u00a7 2b UStG betrifft haupts\u00e4chlich Kommunen und andere juristische Personen des \u00f6ffentlichen Rechts in Deutschland, die seit seiner Einf\u00fchrung ab dem 1. Januar 2023 unter bestimmten Voraussetzungen umsatzsteuerpflichtig werden. Diese Regelung bringt Neuerungen und \u00c4nderungen im Umsatzsteuergesetz mit sich, die die Erfassung und Abgabe von Umsatzsteuer betreffen, insbesondere im Hinblick auf Ausgangsrechnungen und die Abzugsf\u00e4higkeit von Betriebsausgaben.\",\"inLanguage\":\"de\"},\"inLanguage\":\"de\"},{\"@type\":\"Question\",\"@id\":\"https:\/\/www.d-velop.de\/blog\/compliance\/2b-ustg\/#faq-question-1723712288936\",\"position\":3,\"url\":\"https:\/\/www.d-velop.de\/blog\/compliance\/2b-ustg\/#faq-question-1723712288936\",\"name\":\"Welche \u00c4nderungen durch \u00a7 2b UStG gelten ab wann?\",\"answerCount\":1,\"acceptedAnswer\":{\"@type\":\"Answer\",\"text\":\"Durch \u00a7 2b UStG wurden die Regelungen zur Umsatzsteuerpflicht von juristischen Personen des \u00f6ffentlichen Rechts, wie Kommunen, ge\u00e4ndert, indem sie ab dem 1. Januar 2017 grunds\u00e4tzlich wie Unternehmer behandelt werden, wenn sie nachhaltig Einnahmen erzielen. Diese Neuerung zielt darauf ab, Wettbewerbsverzerrungen zu verhindern und die Umsatzsteuerpflicht an das europ\u00e4ische Recht anzupassen.\",\"inLanguage\":\"de\"},\"inLanguage\":\"de\"},{\"@type\":\"Question\",\"@id\":\"https:\/\/www.d-velop.de\/blog\/compliance\/2b-ustg\/#faq-question-1723712413740\",\"position\":4,\"url\":\"https:\/\/www.d-velop.de\/blog\/compliance\/2b-ustg\/#faq-question-1723712413740\",\"name\":\"Wie wirkt sich \u00a7 2b UStG auf Vertragsmanagement aus?\",\"answerCount\":1,\"acceptedAnswer\":{\"@type\":\"Answer\",\"text\":\"\u00a7 2b UStG f\u00fchrt dazu, dass Kommunen bei bestimmten wirtschaftlichen T\u00e4tigkeiten umsatzsteuerpflichtig werden, was eine Anpassung des Vertragsmanagements erfordert, um die Einhaltung der neuen Regelungen sicherzustellen. Diese Neuerungen gelten seit dem 1. Januar 2021 und betreffen die Umsatzsteuerpflicht und -abzugsf\u00e4higkeit im kommunalen Bereich.\",\"inLanguage\":\"de\"},\"inLanguage\":\"de\"}]}<\/script>\n<!-- \/ Yoast SEO Premium plugin. -->","yoast_head_json":{"title":"\u00a7 2b UStG einfach erkl\u00e4rt | Alles, was du wissen musst!","description":"Was bedeutet 2b UStG f\u00fcr Ihr Vertragsmanagement? Alles Wichtige zu \u00a72b UStG erkl\u00e4rt. \u25ba Entdecke, wie du rechtlich sicher handelst!","robots":{"index":"index","follow":"follow","max-snippet":"max-snippet:-1","max-image-preview":"max-image-preview:large","max-video-preview":"max-video-preview:-1"},"canonical":"https:\/\/www.d-velop.de\/blog\/compliance\/2b-ustg\/","og_locale":"de_DE","og_type":"article","og_title":"\u00a7 2b UStG einfach erkl\u00e4rt | Alles, was du wissen musst!","og_description":"Was bedeutet 2b UStG f\u00fcr Ihr Vertragsmanagement? Alles Wichtige zu \u00a72b UStG erkl\u00e4rt. \u25ba Entdecke, wie du rechtlich sicher handelst!","og_url":"https:\/\/www.d-velop.de\/blog\/compliance\/2b-ustg\/","og_site_name":"d.velop blog","article_publisher":"https:\/\/www.facebook.com\/d.velop.ag\/","article_published_time":"2024-08-14T10:51:59+00:00","article_modified_time":"2025-04-25T12:37:12+00:00","og_image":[{"width":1200,"height":628,"url":"https:\/\/www.d-velop.de\/blog\/wp-content\/uploads\/2020\/10\/dvelop-blog-artikel-2b-ustg-social-madia-quer.png","type":"image\/png"}],"author":"Udo Schillingmann","twitter_card":"summary_large_image","twitter_title":"\u00a7 2b UStG einfach erkl\u00e4rt | Alles, was du wissen musst!","twitter_description":"Was bedeutet 2b UStG f\u00fcr Ihr Vertragsmanagement? Alles Wichtige zu \u00a72b UStG erkl\u00e4rt. \u25ba Entdecke, wie du rechtlich sicher handelst!","twitter_creator":"@d_velop","twitter_site":"@d_velop","twitter_misc":{"Verfasst von":"Udo Schillingmann","Gesch\u00e4tzte Lesezeit":"1\u00a0Minute"},"schema":{"@context":"https:\/\/schema.org","@graph":[{"@type":"Article","@id":"https:\/\/www.d-velop.de\/blog\/compliance\/2b-ustg\/#article","isPartOf":{"@id":"https:\/\/www.d-velop.de\/blog\/compliance\/2b-ustg\/"},"author":{"name":"Udo Schillingmann","@id":"https:\/\/www.d-velop.de\/blog\/#\/schema\/person\/04cdca4c6a88e33a99caf3dd0b7a5c0c"},"headline":"\u00a7 2b UStG sorgt f\u00fcr Handlungsdruck: Hilfestellung f\u00fcr die \u00f6ffentliche Verwaltung","datePublished":"2024-08-14T10:51:59+00:00","dateModified":"2025-04-25T12:37:12+00:00","mainEntityOfPage":{"@id":"https:\/\/www.d-velop.de\/blog\/compliance\/2b-ustg\/"},"wordCount":2261,"commentCount":0,"publisher":{"@id":"https:\/\/www.d-velop.de\/blog\/#organization"},"image":{"@id":"https:\/\/www.d-velop.de\/blog\/compliance\/2b-ustg\/#primaryimage"},"thumbnailUrl":"https:\/\/www.d-velop.de\/blog\/wp-content\/uploads\/2020\/10\/2b-ustg-verlaengerung.jpg","keywords":["Vertragsmanagement"],"articleSection":["Compliance"],"inLanguage":"de","potentialAction":[{"@type":"CommentAction","name":"Comment","target":["https:\/\/www.d-velop.de\/blog\/compliance\/2b-ustg\/#respond"]}]},{"@type":["WebPage","FAQPage"],"@id":"https:\/\/www.d-velop.de\/blog\/compliance\/2b-ustg\/","url":"https:\/\/www.d-velop.de\/blog\/compliance\/2b-ustg\/","name":"\u00a7 2b UStG einfach erkl\u00e4rt | Alles, was du wissen musst!","isPartOf":{"@id":"https:\/\/www.d-velop.de\/blog\/#website"},"primaryImageOfPage":{"@id":"https:\/\/www.d-velop.de\/blog\/compliance\/2b-ustg\/#primaryimage"},"image":{"@id":"https:\/\/www.d-velop.de\/blog\/compliance\/2b-ustg\/#primaryimage"},"thumbnailUrl":"https:\/\/www.d-velop.de\/blog\/wp-content\/uploads\/2020\/10\/2b-ustg-verlaengerung.jpg","datePublished":"2024-08-14T10:51:59+00:00","dateModified":"2025-04-25T12:37:12+00:00","description":"Was bedeutet 2b UStG f\u00fcr Ihr Vertragsmanagement? Alles Wichtige zu \u00a72b UStG erkl\u00e4rt. \u25ba Entdecke, wie du rechtlich sicher handelst!","breadcrumb":{"@id":"https:\/\/www.d-velop.de\/blog\/compliance\/2b-ustg\/#breadcrumb"},"mainEntity":[{"@id":"https:\/\/www.d-velop.de\/blog\/compliance\/2b-ustg\/#faq-question-1723712236141"},{"@id":"https:\/\/www.d-velop.de\/blog\/compliance\/2b-ustg\/#faq-question-1723712276639"},{"@id":"https:\/\/www.d-velop.de\/blog\/compliance\/2b-ustg\/#faq-question-1723712288936"},{"@id":"https:\/\/www.d-velop.de\/blog\/compliance\/2b-ustg\/#faq-question-1723712413740"}],"inLanguage":"de","potentialAction":[{"@type":"ReadAction","target":["https:\/\/www.d-velop.de\/blog\/compliance\/2b-ustg\/"]}]},{"@type":"ImageObject","inLanguage":"de","@id":"https:\/\/www.d-velop.de\/blog\/compliance\/2b-ustg\/#primaryimage","url":"https:\/\/www.d-velop.de\/blog\/wp-content\/uploads\/2020\/10\/2b-ustg-verlaengerung.jpg","contentUrl":"https:\/\/www.d-velop.de\/blog\/wp-content\/uploads\/2020\/10\/2b-ustg-verlaengerung.jpg","width":1200,"height":400,"caption":"Verl\u00e4ngerung Umsetzung \u00a7 2b UStG"},{"@type":"BreadcrumbList","@id":"https:\/\/www.d-velop.de\/blog\/compliance\/2b-ustg\/#breadcrumb","itemListElement":[{"@type":"ListItem","position":1,"name":"Startseite","item":"https:\/\/www.d-velop.de\/blog\/"},{"@type":"ListItem","position":2,"name":"\u00a7 2b UStG sorgt f\u00fcr Handlungsdruck: Hilfestellung f\u00fcr die \u00f6ffentliche Verwaltung"}]},{"@type":"WebSite","@id":"https:\/\/www.d-velop.de\/blog\/#website","url":"https:\/\/www.d-velop.de\/blog\/","name":"d.velop blog","description":"Digitalisierung, Dokumentenmanagement und rund um d.velop","publisher":{"@id":"https:\/\/www.d-velop.de\/blog\/#organization"},"potentialAction":[{"@type":"SearchAction","target":{"@type":"EntryPoint","urlTemplate":"https:\/\/www.d-velop.de\/blog\/?s={search_term_string}"},"query-input":{"@type":"PropertyValueSpecification","valueRequired":true,"valueName":"search_term_string"}}],"inLanguage":"de"},{"@type":"Organization","@id":"https:\/\/www.d-velop.de\/blog\/#organization","name":"d.velop Gruppe","url":"https:\/\/www.d-velop.de\/blog\/","logo":{"@type":"ImageObject","inLanguage":"de","@id":"https:\/\/www.d-velop.de\/blog\/#\/schema\/logo\/image\/","url":"https:\/\/www.d-velop.de\/blog\/wp-content\/uploads\/2018\/12\/dvelop-blog-logo-invers.jpg","contentUrl":"https:\/\/www.d-velop.de\/blog\/wp-content\/uploads\/2018\/12\/dvelop-blog-logo-invers.jpg","width":350,"height":350,"caption":"d.velop Gruppe"},"image":{"@id":"https:\/\/www.d-velop.de\/blog\/#\/schema\/logo\/image\/"},"sameAs":["https:\/\/www.facebook.com\/d.velop.ag\/","https:\/\/x.com\/d_velop","https:\/\/de.linkedin.com\/company\/d-velop","https:\/\/www.xing.com\/pages\/d-velopag","https:\/\/www.instagram.com\/d.velop_group\/"]},{"@type":"Person","@id":"https:\/\/www.d-velop.de\/blog\/#\/schema\/person\/04cdca4c6a88e33a99caf3dd0b7a5c0c","name":"Udo Schillingmann","image":{"@type":"ImageObject","inLanguage":"de","@id":"https:\/\/www.d-velop.de\/blog\/#\/schema\/person\/image\/","url":"https:\/\/www.d-velop.de\/blog\/wp-content\/uploads\/2020\/10\/udo-schillingmann-d-velop-codia-software-gmbh-150x150.jpg","contentUrl":"https:\/\/www.d-velop.de\/blog\/wp-content\/uploads\/2020\/10\/udo-schillingmann-d-velop-codia-software-gmbh-150x150.jpg","caption":"Udo Schillingmann"},"description":"Leiter Vertrieb, d.velop public sector","url":"https:\/\/www.d-velop.de\/blog\/author\/udo-schillingmann\/"},{"@type":"Question","@id":"https:\/\/www.d-velop.de\/blog\/compliance\/2b-ustg\/#faq-question-1723712236141","position":1,"url":"https:\/\/www.d-velop.de\/blog\/compliance\/2b-ustg\/#faq-question-1723712236141","name":"Was ist \u00a7 2b UStG und warum ist es wichtig?","answerCount":1,"acceptedAnswer":{"@type":"Answer","text":"\u00a7 2b UStG regelt, dass juristische Personen des \u00f6ffentlichen Rechts, wie Kommunen, ab 2021 unter bestimmten Bedingungen umsatzsteuerpflichtig werden, wenn sie privatrechtlich t\u00e4tig sind, um Wettbewerbsverzerrungen zu verhindern. Diese Neuerung im Umsatzsteuergesetz ist wichtig, da sie die Besteuerung \u00f6ffentlicher K\u00f6rperschaften transparenter gestaltet und f\u00fcr Chancengleichheit im Wettbewerb sorgt.","inLanguage":"de"},"inLanguage":"de"},{"@type":"Question","@id":"https:\/\/www.d-velop.de\/blog\/compliance\/2b-ustg\/#faq-question-1723712276639","position":2,"url":"https:\/\/www.d-velop.de\/blog\/compliance\/2b-ustg\/#faq-question-1723712276639","name":"Wer ist von \u00a7 2b UStG betroffen?","answerCount":1,"acceptedAnswer":{"@type":"Answer","text":"\u00a7 2b UStG betrifft haupts\u00e4chlich Kommunen und andere juristische Personen des \u00f6ffentlichen Rechts in Deutschland, die seit seiner Einf\u00fchrung ab dem 1. Januar 2023 unter bestimmten Voraussetzungen umsatzsteuerpflichtig werden. Diese Regelung bringt Neuerungen und \u00c4nderungen im Umsatzsteuergesetz mit sich, die die Erfassung und Abgabe von Umsatzsteuer betreffen, insbesondere im Hinblick auf Ausgangsrechnungen und die Abzugsf\u00e4higkeit von Betriebsausgaben.","inLanguage":"de"},"inLanguage":"de"},{"@type":"Question","@id":"https:\/\/www.d-velop.de\/blog\/compliance\/2b-ustg\/#faq-question-1723712288936","position":3,"url":"https:\/\/www.d-velop.de\/blog\/compliance\/2b-ustg\/#faq-question-1723712288936","name":"Welche \u00c4nderungen durch \u00a7 2b UStG gelten ab wann?","answerCount":1,"acceptedAnswer":{"@type":"Answer","text":"Durch \u00a7 2b UStG wurden die Regelungen zur Umsatzsteuerpflicht von juristischen Personen des \u00f6ffentlichen Rechts, wie Kommunen, ge\u00e4ndert, indem sie ab dem 1. Januar 2017 grunds\u00e4tzlich wie Unternehmer behandelt werden, wenn sie nachhaltig Einnahmen erzielen. Diese Neuerung zielt darauf ab, Wettbewerbsverzerrungen zu verhindern und die Umsatzsteuerpflicht an das europ\u00e4ische Recht anzupassen.","inLanguage":"de"},"inLanguage":"de"},{"@type":"Question","@id":"https:\/\/www.d-velop.de\/blog\/compliance\/2b-ustg\/#faq-question-1723712413740","position":4,"url":"https:\/\/www.d-velop.de\/blog\/compliance\/2b-ustg\/#faq-question-1723712413740","name":"Wie wirkt sich \u00a7 2b UStG auf Vertragsmanagement aus?","answerCount":1,"acceptedAnswer":{"@type":"Answer","text":"\u00a7 2b UStG f\u00fchrt dazu, dass Kommunen bei bestimmten wirtschaftlichen T\u00e4tigkeiten umsatzsteuerpflichtig werden, was eine Anpassung des Vertragsmanagements erfordert, um die Einhaltung der neuen Regelungen sicherzustellen. Diese Neuerungen gelten seit dem 1. Januar 2021 und betreffen die Umsatzsteuerpflicht und -abzugsf\u00e4higkeit im kommunalen Bereich.","inLanguage":"de"},"inLanguage":"de"}]}},"_links":{"self":[{"href":"https:\/\/www.d-velop.de\/blog\/wp-json\/wp\/v2\/posts\/22766","targetHints":{"allow":["GET"]}}],"collection":[{"href":"https:\/\/www.d-velop.de\/blog\/wp-json\/wp\/v2\/posts"}],"about":[{"href":"https:\/\/www.d-velop.de\/blog\/wp-json\/wp\/v2\/types\/post"}],"author":[{"embeddable":true,"href":"https:\/\/www.d-velop.de\/blog\/wp-json\/wp\/v2\/users\/116"}],"replies":[{"embeddable":true,"href":"https:\/\/www.d-velop.de\/blog\/wp-json\/wp\/v2\/comments?post=22766"}],"version-history":[{"count":2,"href":"https:\/\/www.d-velop.de\/blog\/wp-json\/wp\/v2\/posts\/22766\/revisions"}],"predecessor-version":[{"id":55403,"href":"https:\/\/www.d-velop.de\/blog\/wp-json\/wp\/v2\/posts\/22766\/revisions\/55403"}],"wp:featuredmedia":[{"embeddable":true,"href":"https:\/\/www.d-velop.de\/blog\/wp-json\/wp\/v2\/media\/22767"}],"wp:attachment":[{"href":"https:\/\/www.d-velop.de\/blog\/wp-json\/wp\/v2\/media?parent=22766"}],"wp:term":[{"taxonomy":"category","embeddable":true,"href":"https:\/\/www.d-velop.de\/blog\/wp-json\/wp\/v2\/categories?post=22766"},{"taxonomy":"post_tag","embeddable":true,"href":"https:\/\/www.d-velop.de\/blog\/wp-json\/wp\/v2\/tags?post=22766"}],"curies":[{"name":"wp","href":"https:\/\/api.w.org\/{rel}","templated":true}]}}