{"id":29723,"date":"2023-01-03T09:51:07","date_gmt":"2023-01-03T08:51:07","guid":{"rendered":"https:\/\/www.d-velop.de\/blog\/?p=29723"},"modified":"2025-06-11T13:57:48","modified_gmt":"2025-06-11T11:57:48","slug":"foerderprogramme-digitalisierung","status":"publish","type":"post","link":"https:\/\/www.d-velop.de\/blog\/digitaler-wandel\/foerderprogramme-digitalisierung\/","title":{"rendered":"F\u00f6rderprogramme zur Digitalisierung \u2013 Alles, was Du wissen musst!"},"content":{"rendered":"\n<p data-beyondwords-marker=\"85c1f31d-6516-4eb7-975f-d8ab309055c7\">Effizienteres Arbeiten, indem ich als Unternehmen Zeit und Kosten einsparen kann? Klingt interessant. Und nebenbei noch einen Beitrag zum Klimaschutz leisten und B\u00e4ume retten? Top. <strong>F\u00f6rderprogramme zur Digitalisierung<\/strong> nutzen? Perfekt. <\/p>\n\n\n\n<p data-beyondwords-marker=\"33eb178f-b5f7-4259-aa57-8aa1dc803ecf\">Ein <a href=\"https:\/\/www.d-velop.de\/software\/dokumentenmanagement-system\">Dokumentenmanagement-System<\/a> (DMS) birgt genau diese Vorteile und erm\u00f6glicht das <a href=\"https:\/\/www.d-velop.de\/themen\/papierloses-buero\" target=\"_blank\" rel=\"noreferrer noopener\">papierlose B\u00fcro<\/a> \u2013 standortunabh\u00e4ngig. Die Einf\u00fchrung einer solchen Software-L\u00f6sung ist eine Investition in die Zukunft und erleichtert den Arbeitsalltag erheblich. Doch wie finanziere ich diese Investition? Wir geben euch in diesem Blogartikel eine \u00dcbersicht, mit welchen F\u00f6rderprogrammen das Bundesministerium f\u00fcr Wirtschaft und Klimaschutz (BMWi) und die Bundesl\u00e4nder eure Digitalisierung f\u00f6rdern k\u00f6nnen.<\/p>\n\n\n\n<h2 data-beyondwords-marker=\"1d60e49c-a380-463b-922a-26c90d0aa17b\" class=\"wp-block-heading\" id=\"h-was-sind-forderprogramme-zur-digitalisierung\"><span class=\"ez-toc-section\" id=\"was-sind-foerderprogramme-zur-digitalisierung\"><\/span>Was sind F\u00f6rderprogramme zur Digitalisierung?<span class=\"ez-toc-section-end\"><\/span><\/h2>\n\n\n\n<p data-beyondwords-marker=\"93656c03-8fe9-403a-8481-5e5704a6fed6\">Die Mehrheit der Unternehmen erkennt das Potenzial der Digitalisierung, doch nicht allen stehen die finanziellen Mittel zur Verf\u00fcgung, um in entsprechende L\u00f6sungen zu investieren. Hierzu z\u00e4hlt beispielsweise die Einf\u00fchrung eines DMS. Zur Unterst\u00fctzung k\u00f6nnen insbesondere KMUs auf bundesweite F\u00f6rderprogramme zur\u00fcckgreifen.<\/p>\n\n\n\n<div data-beyondwords-marker=\"def1fe0b-562f-4007-a00c-e21c7b9f6c20\" class=\"wp-block-group is-style-info-explanation\"><div class=\"wp-block-group__inner-container is-layout-flow wp-block-group-is-layout-flow\">\n<h2 data-beyondwords-marker=\"1863ce74-44c0-4646-9058-7c5c93b02e0f\" class=\"wp-block-heading\" id=\"h-definition-forderprogramme-zur-digitalisierung\"><span class=\"ez-toc-section\" id=\"definition-foerderprogramme-zur-digitalisierung\"><\/span>Definition F\u00f6rderprogramme zur Digitalisierung<span class=\"ez-toc-section-end\"><\/span><\/h2>\n\n\n\n<p data-beyondwords-marker=\"200a5b4a-a028-49b5-bf7e-243d93d4d323\">F\u00f6rderprogramme zur Digitalisierung sind dementsprechend F\u00f6rderangebote zur finanziellen Unterst\u00fctzung von Digitalisierungsvorhaben von Unternehmen. Dies kann u.a. die Einf\u00fchrung von neuer Software sein, die Arbeitsabl\u00e4ufe digitalisiert.<\/p>\n<\/div><\/div>\n\n\n\n<h3 data-beyondwords-marker=\"7559f18b-c1cf-4701-860c-2a2027d7e33e\" class=\"wp-block-heading\" id=\"h-warum-gibt-es-forderungen-zur-digitalisierung\">Warum gibt es F\u00f6rderungen zur Digitalisierung?<\/h3>\n\n\n\n<p data-beyondwords-marker=\"53e82065-086e-47a1-ab93-b93bb44247b2\">Als eine der gro\u00dfen Herausforderungen unserer Zeit wird die Digitalisierung von Bund und L\u00e4ndern gef\u00f6rdert, um die digitale Entwicklung voranzutreiben. Der initiale Kostenfaktor erschwert es vor allem kleinen und mittelst\u00e4ndischen Unternehmen (KMU) den Einstieg in die Digitalisierung zu finden. Daher werden \u00f6ffentliche F\u00f6rderprogramme ausgeschrieben und Zusch\u00fcsse sowie Kredite\/Darlehen angeboten, um Investitionen in digitale Technologien zu erm\u00f6glichen und digitale Gesch\u00e4ftsprozesse zu verbessern. Auch mithilfe digitaler Gesch\u00e4ftsmodelle ergeben sich so neue Chancen f\u00fcr Firmen, sich am Markt zu positionieren. Hiervon k\u00f6nnen insbesondere KMU profitieren und ihre Wettbewerbs- und Innovationsf\u00e4higkeit st\u00e4rken.<\/p>\n\n\n\n<h3 data-beyondwords-marker=\"a467dd4b-b82d-44e6-b36f-a0986202cb5c\" class=\"wp-block-heading\" id=\"h-warum-gibt-es-forderungen-zur-digitalisierung-0\">Warum gibt es F\u00f6rderungen zur Digitalisierung?<\/h3>\n\n\n\n<p data-beyondwords-marker=\"7d14bb53-5cf5-4139-b7d0-38f921cb465b\">Als eine der gro\u00dfen Herausforderungen unserer Zeit wird die Digitalisierung von Bund und L\u00e4ndern gef\u00f6rdert, um die digitale Entwicklung voranzutreiben. Der initiale Kostenfaktor erschwert es vor allem kleinen und mittelst\u00e4ndischen Unternehmen (KMU) den Einstieg in die Digitalisierung zu finden. Daher werden \u00f6ffentliche F\u00f6rderprogramme ausgeschrieben und Zusch\u00fcsse sowie Kredite\/Darlehen angeboten, um Investitionen in digitale Technologien zu erm\u00f6glichen und digitale Gesch\u00e4ftsprozesse zu verbessern. Auch mithilfe digitaler Gesch\u00e4ftsmodelle ergeben sich so neue Chancen f\u00fcr Firmen, sich am Markt zu positionieren. Hiervon k\u00f6nnen insbesondere KMU profitieren und ihre Wettbewerbs- und Innovationsf\u00e4higkeit st\u00e4rken.<\/p>\n\n\n\n<h3 data-beyondwords-marker=\"c0d63c93-51e5-42c2-b73f-b93b146b43a4\" class=\"wp-block-heading\" id=\"h-wer-hat-anspruch-auf-eine-forderung-fur-digitalisierung\">Wer hat Anspruch auf eine F\u00f6rderung f\u00fcr Digitalisierung?<\/h3>\n\n\n\n<p data-beyondwords-marker=\"d1adc749-8042-48fd-a285-8c4a16cf4a90\">Die Bemessung der F\u00f6rderh\u00f6he h\u00e4ngt in der Regel von der Gr\u00f6\u00dfe des Unternehmens ab. Die Mehrheit der Digitalisierungsf\u00f6rderungen richtet sich an KMUs \u2013 also an Unternehmen mit weniger als 250 Mitarbeitern und Mitarbeiterinnen. Somit kann jedes Kleinst-, Klein- und Mittelgro\u00dfes Unternehmen eine F\u00f6rderung in Form eines Digitalisierungszuschusses beantragen.<\/p>\n\n\n\n<h3 data-beyondwords-marker=\"3379ff6a-e6c8-4f33-8708-9e6d11d3d413\" class=\"wp-block-heading\" id=\"h-welche-digitalisierungsprojekte-werden-gefordert\">Welche Digitalisierungsprojekte werden gef\u00f6rdert?<\/h3>\n\n\n\n<p data-beyondwords-marker=\"cff49477-5a54-418c-8618-6d1d4b6e3310\">Welche Digitalisierungsprojekte gef\u00f6rdert werden, h\u00e4ngt von den jeweiligen F\u00f6rderprogrammen ab. Grunds\u00e4tzlich betrifft dies Investitionen in Anschaffung von Software, die bei der Umsetzung der individuellen Digitalisierungsstrategie unterst\u00fctzen. Dies kann beispielsweise eine Software zur <a href=\"https:\/\/www.d-velop.de\/software\/digitale-rechnungsverarbeitung\">digitalen Eingangsrechnungsverarbeitung<\/a> oder auch die Einf\u00fchrung einer <a href=\"https:\/\/www.d-velop.de\/software\/digitale-unterschrift\" target=\"_blank\" rel=\"noreferrer noopener\">elektronischen Signatur Software<\/a> im Unternehmen sein. Aber auch Investitionen in App-Entwicklungen oder in externe IT-Spezialisten k\u00f6nnen gef\u00f6rdert werden.<\/p>\n\n\n\n<h3 data-beyondwords-marker=\"70d80d8b-03ae-4943-9ad6-826ae12e0ca1\" class=\"wp-block-heading\" id=\"h-wie-erhalte-ich-eine-forderung-fur-digitalisierung\">Wie erhalte ich eine F\u00f6rderung f\u00fcr Digitalisierung?<\/h3>\n\n\n\n<p data-beyondwords-marker=\"58518f9a-1b09-477a-b620-c8150dfca7b9\">Jeder Digitalisierungsf\u00f6rderung geht ein Antrag voraus, der beim ausgew\u00e4hlten Projekttr\u00e4ger eingereicht werden muss. Die Wartezeit kann stark schwanken und kann bis zu einigen Monaten dauern. Eine <strong>Bedingung zur Beantragung<\/strong> des jeweiligen F\u00f6rdermittels ist, dass sich der <strong>Firmensitz in Deutschland<\/strong> respektive im entsprechenden Bundesland befindet und die gef\u00f6rderte Ma\u00dfnahme dort eingesetzt wird.<\/p>\n\n\n\n<h3 data-beyondwords-marker=\"02e41b97-6633-43e8-b63f-3ffa609b11f5\" class=\"wp-block-heading\" id=\"h-worauf-muss-ich-bei-der-beantragung-auf-fordermittel-zur-digitalisierung-achten\">Worauf muss ich bei der Beantragung auf F\u00f6rdermittel zur Digitalisierung achten?<\/h3>\n\n\n\n<p data-beyondwords-marker=\"d27fcad0-18ef-4928-8eba-cf13f00cc260\">Der Antrag ist immer vor Beginn des Digitalisierungsvorhabens zu stellen und die Verwendung der F\u00f6rdermittel m\u00fcssen nachweisbar sein. Nach einem erfolgreichen Verwendungsnachweis kann die Auszahlung der Zuwendung erfolgen (Kostenerstattungsprinzip).<\/p>\n\n\n\n<h2 data-beyondwords-marker=\"f7a0599c-f93f-4e1b-b036-aa1ce1aa3433\" class=\"wp-block-heading\" id=\"h-forderprogramme-zur-digitalisierung-im-uberblick\"><span class=\"ez-toc-section\" id=\"foerderprogramme-zur-digitalisierung-im-ueberblick\"><\/span>F\u00f6rderprogramme zur Digitalisierung im \u00dcberblick:<span class=\"ez-toc-section-end\"><\/span><\/h2>\n\n\n\n<h3 data-beyondwords-marker=\"d996130c-e4b6-4da5-89e3-cd081a0c9d00\" class=\"wp-block-heading\" id=\"h-welche-forderprogramme-zur-digitalisierung-gibt-es\">Welche F\u00f6rderprogramme zur Digitalisierung gibt es?<\/h3>\n\n\n\n<p data-beyondwords-marker=\"b60bafd3-f658-4ea0-85d1-34a69da46d82\">Unter zahlreichen F\u00f6rderprogrammen ist es oft schwierig, den \u00dcberblick zu behalten und herauszufinden, welches der passende F\u00f6rdertopf ist. Unter den Digitalisierungsf\u00f6rderungen gibt es sowohl Programme des Bundes als auch auf Bundeslandebene. Abh\u00e4ngig vom jeweiligen F\u00f6rderprogramm werden Ausgaben f\u00fcr Hard- und Software, die Weiterbildung und Qualifizierung von Mitarbeiter:innen sowie Beratung von externen Dienstleistern unterst\u00fctzt. Die folgenden Kapitel helfen dir dabei, den Durchblick zu behalten.<br><\/p>\n\n\n\n<h3 data-beyondwords-marker=\"d1ebb870-7d13-4001-9df7-525f92110006\" class=\"wp-block-heading\" id=\"h-bundesweite-forderprogramme-die-bmwi-forderprogramme\">Bundesweite F\u00f6rderprogramme: Die BMWI F\u00f6rderprogramme<\/h3>\n\n\n\n<p data-beyondwords-marker=\"11c2196b-bcf5-49e3-b2a0-7241bb79ecc7\">Die <strong>F\u00f6rderungen zur Digitalisierung auf Bundesebene werden vom BMWi ausgeschrieben<\/strong> und sind sogenannte Zuschussprogramme. Sie m\u00fcssen im Anschluss nicht zur\u00fcckbezahlt werden. Hier sind insbesondere zwei Digitalisierung-F\u00f6rderprogramme nennenswert: Digital jetzt und go digital. Zudem gibt es die M\u00f6glichkeit, eine Finanzierung f\u00fcr die Bereiche Innovation und Digitalisierung \u00fcber die KFW Bank zu beziehen. Die drei F\u00f6rderprogramme zur Digitalisierung sind nachstehend einzeln und umfassend dargestellt. <\/p>\n\n\n\n<h3 data-beyondwords-marker=\"7e4d4ada-a2b7-4950-b2f6-fcbb08a8fc61\" class=\"wp-block-heading\" id=\"h-digital-jetzt\">Digital Jetzt<\/h3>\n\n\n\n<ul data-beyondwords-marker=\"a562292f-1136-40e1-a552-1c895fbe40ce\" class=\"wp-block-list\">\n<li data-beyondwords-marker=\"312a32da-a342-427a-b2c3-fc7582e3c88b\">Maximale F\u00f6rdersumme: 50.000 Euro<\/li>\n\n\n\n<li data-beyondwords-marker=\"b6945eba-6033-4f21-84d6-a604aac54b9b\">Weitere Informationen zum F\u00f6rderprogramm <a href=\"https:\/\/www.bmwk.de\/Redaktion\/DE\/Dossier\/digital-jetzt.html\" target=\"_blank\" rel=\"noreferrer noopener\">Digital Jetzt<\/a><\/li>\n<\/ul>\n\n\n\n<h3 data-beyondwords-marker=\"6558b054-ca29-4271-99bd-a5f26d473f85\" class=\"wp-block-heading\" id=\"h-go-digital\">go-digital<\/h3>\n\n\n\n<ul data-beyondwords-marker=\"602092e6-9ddf-4aa7-a4e0-f53c8e77a392\" class=\"wp-block-list\">\n<li data-beyondwords-marker=\"9b432b5f-5251-4c33-a809-5e2cce49d7d5\">50 % auf maximalen Beratertagessatz von 1.100 Euro<\/li>\n\n\n\n<li data-beyondwords-marker=\"052e6e92-e65b-4797-b041-a5235466930f\">Weitere Informationen zum F\u00f6rderprogramm <a href=\"https:\/\/www.bmwk.de\/Redaktion\/DE\/Artikel\/Digitale-Welt\/foerderprogramm-go-digital.html\" target=\"_blank\" rel=\"noreferrer noopener\">go-digital<\/a><\/li>\n<\/ul>\n\n\n\n<h3 data-beyondwords-marker=\"d564230b-496f-4188-a101-163db18a5533\" class=\"wp-block-heading\" id=\"h-erp-digitalisierungs-und-innovationskredit\">ERP-Digitalisierungs- und Innovationskredit<\/h3>\n\n\n\n<ul data-beyondwords-marker=\"162abab7-9152-47c5-8e01-9626f8e19a24\" class=\"wp-block-list\">\n<li data-beyondwords-marker=\"fedf2c81-feaa-4651-87d0-7d29258e8a89\">25.000 Euro &#8211; 25 Mio. Euro ab 1,12 % effektivem Jahreszins<\/li>\n\n\n\n<li data-beyondwords-marker=\"7c87c38d-1e8a-4701-ae8f-d5aacb39f328\">Weitere Informationen zum F\u00f6rderprogramm <a href=\"https:\/\/www.kfw.de\/inlandsfoerderung\/Unternehmen\/Innovation\/F%C3%B6rderprodukte\/ERP-Digitalisierungs-und-Innovationskredit-(380-390-391)\/\" target=\"_blank\" rel=\"noreferrer noopener\">ERP-Digitalisierungs- und Innovationskredit<\/a><\/li>\n<\/ul>\n\n\n\n<h2 data-beyondwords-marker=\"9dbd1930-19d3-431b-bb37-efc5326555c2\" class=\"wp-block-heading\" id=\"h-bundeslandspezifische-forderprogramme-zur-digitalisierung\"><span class=\"ez-toc-section\" id=\"bundeslandspezifische-foerderprogramme-zur-digitalisierung\"><\/span>Bundeslandspezifische F\u00f6rderprogramme zur Digitalisierung<span class=\"ez-toc-section-end\"><\/span><\/h2>\n\n\n\n<p data-beyondwords-marker=\"8a9652d9-f604-430f-b3b2-a1ad6a161ed1\">Neben den bundesweiten F\u00f6rderungen zur Digitalisierung, gibt es F\u00f6rderprogramme der Bundesl\u00e4nder. Diese unterscheiden sich in ihrer Finanzierungsform in Kredite\/Darlehen und (anteilige) Zusch\u00fcsse. Die nachstehende Auflistung gibt einen dedizierten \u00dcberblick \u00fcber die einzelnen F\u00f6rderungen der Bundesl\u00e4nder. Die Liste inklusive Links findest du unterhalb der Grafik. <\/p>\n\n\n\n<figure data-beyondwords-marker=\"3f5673ad-787f-4fe9-a339-de9486511963\" class=\"wp-block-image size-full\"><a href=\"https:\/\/www.d-velop.de\/blog\/wp-content\/uploads\/2023\/01\/foerderprogramme-digitalisierung-landesebene.png\"><img loading=\"lazy\" decoding=\"async\" width=\"2000\" height=\"2435\" src=\"https:\/\/www.d-velop.de\/blog\/wp-content\/uploads\/2023\/01\/foerderprogramme-digitalisierung-landesebene.png\" alt=\"Infografik zeigte F\u00f6rderprogramme zur Digitalisierung auf Bundeslandebene\" class=\"wp-image-37121\" srcset=\"https:\/\/www.d-velop.de\/blog\/wp-content\/uploads\/2023\/01\/foerderprogramme-digitalisierung-landesebene.png 2000w, https:\/\/www.d-velop.de\/blog\/wp-content\/uploads\/2023\/01\/foerderprogramme-digitalisierung-landesebene-493x600.png 493w, https:\/\/www.d-velop.de\/blog\/wp-content\/uploads\/2023\/01\/foerderprogramme-digitalisierung-landesebene-895x1090.png 895w, https:\/\/www.d-velop.de\/blog\/wp-content\/uploads\/2023\/01\/foerderprogramme-digitalisierung-landesebene-768x935.png 768w, https:\/\/www.d-velop.de\/blog\/wp-content\/uploads\/2023\/01\/foerderprogramme-digitalisierung-landesebene-1262x1536.png 1262w, https:\/\/www.d-velop.de\/blog\/wp-content\/uploads\/2023\/01\/foerderprogramme-digitalisierung-landesebene-1682x2048.png 1682w, https:\/\/www.d-velop.de\/blog\/wp-content\/uploads\/2023\/01\/foerderprogramme-digitalisierung-landesebene-1920x2338.png 1920w\" sizes=\"auto, (max-width: 2000px) 100vw, 2000px\" \/><\/a><\/figure>\n\n\n\n<h3 data-beyondwords-marker=\"a92495ac-03f2-41e1-ac9a-a9dde2bef1e2\" class=\"wp-block-heading\" id=\"h-baden-wurttemberg\">Baden-W\u00fcrttemberg<\/h3>\n\n\n\n<ul data-beyondwords-marker=\"5131ac9b-42b1-4ebd-8270-932fbb8eebdb\" class=\"wp-block-list\">\n<li data-beyondwords-marker=\"5fb52fba-c44e-4289-ab47-7fe2e092e0d2\"> <a href=\"https:\/\/wm.baden-wuerttemberg.de\/de\/service\/foerderprogramme-und-aufrufe\/liste-foerderprogramme\/digitalisierungspraemie\/\" target=\"_blank\" rel=\"noreferrer noopener\">Digitalisierungspr\u00e4mie Plus<\/a> <\/li>\n\n\n\n<li data-beyondwords-marker=\"13a3079c-bf70-408a-9688-75d4889166c8\">Vorhaben mit Kostenvolumen zw. 5.000-100.000 \u20ac<\/li>\n<\/ul>\n\n\n\n<h3 data-beyondwords-marker=\"5475aab2-11e8-4dba-9218-933801578a86\" class=\"wp-block-heading\" id=\"h-bayern\">Bayern<\/h3>\n\n\n\n<ul data-beyondwords-marker=\"cb321797-d349-4d56-92db-3c31ed80fe0b\" class=\"wp-block-list\">\n<li data-beyondwords-marker=\"c2dd026b-0968-417e-9392-da5963b69a88\"> <a href=\"https:\/\/www.digitalbonus.bayern\/\" target=\"_blank\" rel=\"noreferrer noopener\">Digitalbonus Bayern<\/a> <\/li>\n\n\n\n<li data-beyondwords-marker=\"164582dd-370d-4694-804b-7b97bcd53016\">10.000 \u20ac (Digitalisierung &amp; IT-Sicherheit) bzw. 50.000 \u20ac (Innovationen)<\/li>\n<\/ul>\n\n\n\n<h3 data-beyondwords-marker=\"762e52bf-01ef-4cf9-b6c0-d4d2eb3ef152\" class=\"wp-block-heading\" id=\"h-brandenburg\"><br>Brandenburg<\/h3>\n\n\n\n<ul data-beyondwords-marker=\"a03e52a9-6c97-4ae4-863c-2a4b635bd16d\" class=\"wp-block-list\">\n<li data-beyondwords-marker=\"5057ba2c-18ac-4ab2-9e64-2d1c8e257bf6\"> <a href=\"https:\/\/www.ilb.de\/de\/wirtschaft\/zuschuesse\/brandenburgischer-innovationsgutschein-big\/\" target=\"_blank\" rel=\"noreferrer noopener\">Brandenburgischer Innovationsgutschein (BIG)<\/a> <\/li>\n\n\n\n<li data-beyondwords-marker=\"cb828d00-1729-43fd-a7d1-3b122f218bd7\">Anteilfinanzierung (50%) f\u00fcr Investitionen von 50.000 bis 500.000 \u20ac<\/li>\n<\/ul>\n\n\n\n<h3 data-beyondwords-marker=\"21c4ffcd-67ad-407b-aed1-630dd7b5fa60\" class=\"wp-block-heading\" id=\"h-hamburg\"><br>Hamburg<\/h3>\n\n\n\n<ul data-beyondwords-marker=\"182411fa-fc96-4a98-958a-d51b0d5edbf3\" class=\"wp-block-list\">\n<li data-beyondwords-marker=\"d1b52571-1f5c-4122-9027-ce5c3fc3f037\"><a href=\"https:\/\/www.ifbhh.de\/foerderprogramm\/hamburg-digital\" target=\"_blank\" rel=\"noreferrer noopener\">Hamburg Digital<\/a><\/li>\n\n\n\n<li data-beyondwords-marker=\"7c2497ae-552f-45a7-ae70-9a9e51bf21d6\">17.000 \u20ac<\/li>\n<\/ul>\n\n\n\n<h3 data-beyondwords-marker=\"ea8438ac-85d9-4912-a928-b454bc325e77\" class=\"wp-block-heading\" id=\"h-hessen\"><br>Hessen<\/h3>\n\n\n\n<ul data-beyondwords-marker=\"fc638e2d-8632-4e85-a2c0-0a43d191fe71\" class=\"wp-block-list\">\n<li data-beyondwords-marker=\"2786e7d4-dd02-4dbc-a19d-d8e7eb07c9d8\"> <a href=\"https:\/\/digitales.hessen.de\/Foerderprogramme\/Distrl\" target=\"_blank\" rel=\"noreferrer noopener\">Distr@l Digitalisierung st\u00e4rken \u2013 Transfer leben<\/a> <\/li>\n\n\n\n<li data-beyondwords-marker=\"798dda79-fe8e-412a-b372-69ec4f1f6518\">100.000 \u2013 500.000 \u20ac<\/li>\n<\/ul>\n\n\n\n<h3 data-beyondwords-marker=\"bcaf6a5c-df37-450d-b496-6eb001245228\" class=\"wp-block-heading\" id=\"h-mecklenburg-vorpommern\"><br>Mecklenburg-Vorpommern<\/h3>\n\n\n\n<ul data-beyondwords-marker=\"a79228e7-ad11-49a8-a17e-734ccc523fb1\" class=\"wp-block-list\">\n<li data-beyondwords-marker=\"66c4c3b0-88a0-4910-a031-d12ae3125ac1\"><a href=\"https:\/\/www.regierung-mv.de\/Landesregierung\/im\/Digitalisierung\/Digitalisierung-in-der-Wirtschaft\/#:~:text=F%C3%B6rderung%20von%20kleineren%20Digitalisierungs%2DInvestitionen&amp;text=Es%20werden%20Zusch%C3%BCsse%20von%20bis,Vorhabens%20beim%20Landesf%C3%B6rderinstitut%20gestellt%20werden.\" target=\"_blank\" rel=\"noreferrer noopener\">Initiative zur St\u00e4rkung der Digitalisierung<\/a><\/li>\n\n\n\n<li data-beyondwords-marker=\"e7cec168-3d56-4604-ac64-81562de6a0ed\">Anteilfinanzierung (50%) f\u00fcr Prozessinnovationen bis 100.000 \u20ac.<\/li>\n<\/ul>\n\n\n\n<p data-beyondwords-marker=\"fbc5ac83-22ef-44dd-8791-fb72f76a832b\"><\/p>\n\n\n\n<ul data-beyondwords-marker=\"ee2909b4-5432-445f-b7f0-f53966096467\" class=\"wp-block-list\">\n<li data-beyondwords-marker=\"49c85cbf-64ff-4e7f-9903-0f71f12db5cb\"> <a href=\"https:\/\/www.lfi-mv.de\/foerderfinder\/digitrans\/\" target=\"_blank\" rel=\"noreferrer noopener\">DigiTrans<\/a> <\/li>\n\n\n\n<li data-beyondwords-marker=\"4fb4a8b1-68e7-4725-8fa4-c7062239faec\">35 bis 50 % Anteilfinanzierung<\/li>\n<\/ul>\n\n\n\n<h3 data-beyondwords-marker=\"5f4bf810-1b7b-4aaa-992a-bc1c2cc43b9c\" class=\"wp-block-heading\" id=\"h-niedersachsen\"><br>Niedersachsen<\/h3>\n\n\n\n<ul data-beyondwords-marker=\"f8ecd486-5698-49e5-b87e-9948f325baf3\" class=\"wp-block-list\">\n<li data-beyondwords-marker=\"b508b9ce-d2d9-4ce9-9324-ce3c9bef165b\"> <a href=\"https:\/\/www.nbank.de\/F%C3%B6rderprogramme\/Aktuelle-F%C3%B6rderprogramme\/Digitalbonus.Niedersachsen.html#antragstellung\" target=\"_blank\" rel=\"noreferrer noopener\">Digitalbonus.Niedersachsen<\/a> <\/li>\n\n\n\n<li data-beyondwords-marker=\"54fe58d5-8980-4440-9e7a-78dd44421015\">2.500 \u2013 10.000 \u20ac<\/li>\n<\/ul>\n\n\n\n<h3 data-beyondwords-marker=\"22bfdeca-57dc-47ab-a746-8f20ba43aec7\" class=\"wp-block-heading\" id=\"h-nordrhein-westfalen\"><br>Nordrhein-Westfalen<\/h3>\n\n\n\n<ul data-beyondwords-marker=\"37bc3d31-7048-4881-aedf-df81dea3ab78\" class=\"wp-block-list\">\n<li data-beyondwords-marker=\"30277d67-4063-4da9-873c-9ec4674ffc5c\"> <a href=\"https:\/\/www.mittelstand-innovativ-digital.nrw\/\" target=\"_blank\" rel=\"noreferrer noopener\">Mittelstand Innovativ &amp; Digital (MID)<\/a> <\/li>\n\n\n\n<li data-beyondwords-marker=\"c85a6d70-3e5a-4fc9-bb3b-31e519dfd988\">15.000 \u20ac<\/li>\n<\/ul>\n\n\n\n<h3 data-beyondwords-marker=\"7ce962ad-62d6-418c-ac26-294c4c1aefdf\" class=\"wp-block-heading\" id=\"h-rheinland-pfalz\"><br>Rheinland-Pfalz<\/h3>\n\n\n\n<ul data-beyondwords-marker=\"f994e2cc-b648-4601-b879-ef8c55b6cb9f\" class=\"wp-block-list\">\n<li data-beyondwords-marker=\"b140df28-2234-45cc-a49b-a58678634a7a\"><a href=\"https:\/\/isb.rlp.de\/361-landesfoerderprogramm-im-rahmen-des-efre-2021-2027-implementierung-betrieblicher-innovationen-ibi-efre.html\" target=\"_blank\" rel=\"noreferrer noopener\">Implementierung betrieblicher Innovationen (IBI)<\/a><\/li>\n\n\n\n<li data-beyondwords-marker=\"d4fae710-f1ef-4f0d-9e79-576196163dd6\">Zusch\u00fcsse bis zu 20 %<\/li>\n<\/ul>\n\n\n\n<h3 data-beyondwords-marker=\"fe0eb385-9eae-4903-8988-c89555118bcd\" class=\"wp-block-heading\" id=\"h-saarland\"><br>Saarland<\/h3>\n\n\n\n<ul data-beyondwords-marker=\"976921da-b735-46ea-9c5f-0b9a8438ce0f\" class=\"wp-block-list\">\n<li data-beyondwords-marker=\"04f11e0b-f7a4-40b6-80da-8ffbbb5dc11a\"> <a href=\"https:\/\/www.digitalstarter.saarland\/\" target=\"_blank\" rel=\"noreferrer noopener\">DigitalStarter Saarland<\/a> <\/li>\n\n\n\n<li data-beyondwords-marker=\"2744e784-98de-4101-bcdb-76d25bc1a923\">3.000 \u2013 12.500 \u20ac<\/li>\n<\/ul>\n\n\n\n<h3 data-beyondwords-marker=\"d3d717c1-a7f0-4d81-8b70-34e7a043ca2f\" class=\"wp-block-heading\" id=\"h-sachsen-anhalt\"><br>Sachsen-Anhalt<\/h3>\n\n\n\n<ul data-beyondwords-marker=\"9b025f26-039b-40a1-988b-9d3d6b0a36a7\" class=\"wp-block-list\">\n<li data-beyondwords-marker=\"60ca0ddd-59f4-4e09-91cc-91bde2a8fd2b\"><a href=\"https:\/\/www.ib-sachsen-anhalt.de\/unternehmen\/digitalisieren\/ib-digitalisierungsdarlehen\" target=\"_blank\" rel=\"noreferrer noopener\">IB-Digitalisierungsdarlehen<\/a><\/li>\n\n\n\n<li data-beyondwords-marker=\"b5deef08-fee9-48ad-b70d-ea305a7d90ce\">Darlehen zwischen 10.000 \u2013 1,5 Mio. \u20ac<\/li>\n<\/ul>\n\n\n\n<h3 data-beyondwords-marker=\"c17bde57-beb9-447d-813c-1746c4530607\" class=\"wp-block-heading\" id=\"h-schleswig-holstein\"><br>Schleswig-Holstein<\/h3>\n\n\n\n<ul data-beyondwords-marker=\"ec6667c2-51fc-402f-9699-d89a446e6cf7\" class=\"wp-block-list\">\n<li data-beyondwords-marker=\"2c3dfcd6-59db-4f3f-9d93-657bb3e1c1c7\"><a href=\"https:\/\/www.ib-sh.de\/produkt\/ibsh-breitband-foerderdarlehen-unternehmen\/\" target=\"_blank\" rel=\"noreferrer noopener\">IB.SH Breitband-F\u00f6rderdarlehen<\/a><\/li>\n\n\n\n<li data-beyondwords-marker=\"d6c73bad-8211-4f80-9ed2-ea57f1e7f166\">Darlehen in H\u00f6he von bis zu 50 % der Investitionskosten<\/li>\n<\/ul>\n\n\n\n<h3 data-beyondwords-marker=\"46dc37ab-92d4-4ace-91ca-0fb496c8e97b\" class=\"wp-block-heading\" id=\"h-thuringen\">Th\u00fcringen<\/h3>\n\n\n\n<ul data-beyondwords-marker=\"e8aea77f-22ab-480f-a772-983d2dbe7cd7\" class=\"wp-block-list\">\n<li data-beyondwords-marker=\"e4360144-489d-4369-b9ce-4ed81133a9be\"><a href=\"https:\/\/www.aufbaubank.de\/Foerderprogramme\/Digitalbonus-Thueringen\" target=\"_blank\" rel=\"noreferrer noopener\">Digitalbonus Th\u00fcringen<\/a><\/li>\n\n\n\n<li data-beyondwords-marker=\"8ea1853d-3e7d-4fdb-89c0-eda90a546f84\">50 % Zuschuss, h\u00f6chstens eine Investition von 15.000 \u20ac.<\/li>\n<\/ul>\n\n\n\n<p data-beyondwords-marker=\"27c4d145-087d-4054-9a2f-868946e6571e\">Die oben genannten F\u00f6rderungen zur Digitalisierung fallen unter die De-minimis-Beihilfen. Das bedeutet, dass innerhalb der letzten 3 Steuerjahre der Gesamtbetrag in H\u00f6he von 200.000 \u20ac an \u00f6ffentlichen F\u00f6rderma\u00dfnahmen nicht \u00fcberschritten werden darf \u2013 unabh\u00e4ngig vom Beihilfegeber. Sofern du bereits innerhalb dieser Zeit einen Bewilligungsantrag gestellt hast und dieser unter den maximalen Betrag der Beihilfen f\u00e4llt, kannst du es einfach in der De-minimis-Erkl\u00e4rung angeben.<\/p>\n\n\n\n<h2 data-beyondwords-marker=\"b22c7191-a4d4-4dcc-b299-3b9de80bd1ea\" class=\"wp-block-heading\" id=\"h-digitale-starthilfe-gefallig\"><span class=\"ez-toc-section\" id=\"digitale-starthilfe-gefaellig\"><\/span>Digitale Starthilfe gef\u00e4llig?<span class=\"ez-toc-section-end\"><\/span><\/h2>\n\n\n\n<p data-beyondwords-marker=\"251e54f7-ac41-48e1-b35d-7acc024d6fbf\">Starte jetzt die Digitalisierung deines Unternehmens. Oder stehst du auch vor <a href=\"https:\/\/www.d-velop.de\/blog\/prozesse-gestalten\/digitalisierung-probleme\/\">Problemen der Digitalisierung<\/a>? Entwickle am besten eine geeignete <a href=\"https:\/\/www.d-velop.de\/blog\/digitaler-wandel\/digitalisierungsstrategie\/\">Digitalisierungsstrategie<\/a> und nutze die F\u00f6rderprogramme Digitalisierung.<\/p>\n\n\n\n<p data-beyondwords-marker=\"541805b8-6fe1-470c-9a4d-c9a119c4b97b\">In Deiner individuellen <a href=\"https:\/\/www.d-velop.de\/leistungen\/digitalisierungsberatung\">Digitalisierungsberatung<\/a> erf\u00e4hrst Du Schritt f\u00fcr Schritt, wie Du Deine Unternehmensprozesse optimal digitalisierst.<\/p>\n\n\n\n<div data-beyondwords-marker=\"f5e0ffc7-7aec-4ea5-9179-f3b6e43a131c\" class=\"wp-block-group is-style-info-summary\"><div class=\"wp-block-group__inner-container is-layout-flow wp-block-group-is-layout-flow\">\n<h3 data-beyondwords-marker=\"c6ce3a1f-581e-4ae9-a522-fc96a720f9cc\" class=\"wp-block-heading\" id=\"h-du-mochtest-selber-partner-von-d-velop-werden\">Du m\u00f6chtest selber Partner von d.velop werden? <\/h3>\n\n\n\n<p data-beyondwords-marker=\"f0256bb3-8529-4125-acbc-c5dd31578e14\">Erweitere durch eine Partnerschaft mit d.velop deine Gesch\u00e4ftsfelder, steigere deine Ums\u00e4tze und vermarkte innovative SaaS-L\u00f6sungen im Bereich ECM.  Vernetze dich mit den d.velop Partnern und werde Teil eines starken Partnernetzwerks.<\/p>\n\n\n\n\t<div data-beyondwords-marker=\"7d4012ab-3a36-4a12-8577-0aaeb355f75d\" class=\"wp-block-buttons\">\n\t\t<div class=\"wp-block-button is-style-outline\">\n\t\t\t<a class=\"wp-block-button__link\" href=\"https:\/\/content.d-velop.de\/kontaktaufnahme-partner-werden?utm_campaign=Sonstiges+-+d.velop+BLOG+-+01%2F2018&#038;utm_source=intern-blog-ger&#038;utm_medium=blogpost-f%25c3%25b6rderprogramme-digitalisierung&#038;utm_content=button\" target=\"\">Jetzt Kontakt aufnehmen<\/a>\t\t<\/div>\n\t<\/div>\n\n\t<\/div><\/div>\n\n\n\n<p data-beyondwords-marker=\"69fabbd5-e131-42d0-8ac7-f5b039670a1b\"><em>Bitte beachte, da<\/em>ss <em>die Daten zu den F\u00f6rderprogrammen d<\/em>er <em>Digitalisierung ohne Gew\u00e4hr zu betrachten sind. Lass uns daher gerne pers\u00f6nlich dar\u00fcber sprechen.<\/em><\/p>\n","protected":false},"excerpt":{"rendered":"<p>Effizienteres Arbeiten, indem ich als Unternehmen Zeit und Kosten einsparen kann? Klingt interessant. Und nebenbei noch einen Beitrag zum Klimaschutz [&hellip;]<\/p>\n","protected":false},"author":21,"featured_media":29770,"comment_status":"open","ping_status":"closed","sticky":false,"template":"","format":"standard","meta":{"footnotes":"","beyondwords_generate_audio":"1","beyondwords_project_id":"23937","beyondwords_content_id":"3ea0ce6d-2232-4f65-ad2c-cd34e6bbd744","beyondwords_preview_token":"0c61a46c-d5fb-4f35-b08b-160932048628","beyondwords_player_content":"","beyondwords_player_style":"","beyondwords_language_id":"","beyondwords_title_voice_id":"","beyondwords_body_voice_id":"","beyondwords_summary_voice_id":"","beyondwords_error_message":"","beyondwords_disabled":"1","beyondwords_delete_content":"","beyondwords_podcast_id":"3ea0ce6d-2232-4f65-ad2c-cd34e6bbd744","beyondwords_hash":"","publish_post_to_speechkit":"","speechkit_hash":"","speechkit_generate_audio":"","speechkit_project_id":"","speechkit_podcast_id":"","speechkit_error_message":"","speechkit_disabled":"","speechkit_access_key":"","speechkit_error":"","speechkit_info":"","speechkit_response":"","speechkit_retries":"","speechkit_status":"","speechkit_updated_at":"","_speechkit_link":"","_speechkit_text":""},"categories":[5],"tags":[],"class_list":["post-29723","post","type-post","status-publish","format-standard","has-post-thumbnail","hentry","category-digitaler-wandel"],"acf":[],"yoast_head":"<!-- This site is optimized with the Yoast SEO Premium plugin v25.6 (Yoast SEO v25.6) - https:\/\/yoast.com\/wordpress\/plugins\/seo\/ -->\n<title>F\u00f6rderprogramme zur Digitalisierung - Alles, was Du wissen musst<\/title>\n<meta name=\"description\" content=\"Welche F\u00f6rderprogramme zur Digitalisierung gibt es? \u2713 Wie erhalte ich einen Digitalisierungszuschuss? \u2713 Und wer hat Anspruch auf F\u00f6rderung? \u2713\" \/>\n<meta name=\"robots\" content=\"index, follow, max-snippet:-1, max-image-preview:large, max-video-preview:-1\" \/>\n<link rel=\"canonical\" href=\"https:\/\/www.d-velop.de\/blog\/digitaler-wandel\/foerderprogramme-digitalisierung\/\" \/>\n<meta property=\"og:locale\" content=\"de_DE\" \/>\n<meta property=\"og:type\" content=\"article\" \/>\n<meta property=\"og:title\" content=\"F\u00f6rderprogramme zur Digitalisierung \u2013 Alles, was Du wissen musst!\" \/>\n<meta property=\"og:description\" content=\"Welche F\u00f6rderprogramme zur Digitalisierung gibt es? \u2713 Wie erhalte ich einen Digitalisierungszuschuss? \u2713 Und wer hat Anspruch auf F\u00f6rderung? \u2713\" \/>\n<meta property=\"og:url\" content=\"https:\/\/www.d-velop.de\/blog\/digitaler-wandel\/foerderprogramme-digitalisierung\/\" \/>\n<meta property=\"og:site_name\" content=\"d.velop blog\" \/>\n<meta property=\"article:publisher\" content=\"https:\/\/www.facebook.com\/d.velop.ag\/\" \/>\n<meta property=\"article:published_time\" content=\"2023-01-03T08:51:07+00:00\" \/>\n<meta property=\"article:modified_time\" content=\"2025-06-11T11:57:48+00:00\" \/>\n<meta property=\"og:image\" content=\"https:\/\/www.d-velop.de\/blog\/wp-content\/uploads\/2022\/03\/dvelop-blog-artikel-foerderung-digitalisierung-social-media-quer.png\" \/>\n\t<meta property=\"og:image:width\" content=\"1200\" \/>\n\t<meta property=\"og:image:height\" content=\"628\" \/>\n\t<meta property=\"og:image:type\" content=\"image\/png\" \/>\n<meta name=\"author\" content=\"Annika D\u00f6lle\" \/>\n<meta name=\"twitter:card\" content=\"summary_large_image\" \/>\n<meta name=\"twitter:creator\" content=\"@d_velop\" \/>\n<meta name=\"twitter:site\" content=\"@d_velop\" \/>\n<meta name=\"twitter:label1\" content=\"Verfasst von\" \/>\n\t<meta name=\"twitter:data1\" content=\"Annika D\u00f6lle\" \/>\n\t<meta name=\"twitter:label2\" content=\"Gesch\u00e4tzte Lesezeit\" \/>\n\t<meta name=\"twitter:data2\" content=\"1\u00a0Minute\" \/>\n<script type=\"application\/ld+json\" class=\"yoast-schema-graph\">{\"@context\":\"https:\/\/schema.org\",\"@graph\":[{\"@type\":\"Article\",\"@id\":\"https:\/\/www.d-velop.de\/blog\/digitaler-wandel\/foerderprogramme-digitalisierung\/#article\",\"isPartOf\":{\"@id\":\"https:\/\/www.d-velop.de\/blog\/digitaler-wandel\/foerderprogramme-digitalisierung\/\"},\"author\":{\"name\":\"Annika D\u00f6lle\",\"@id\":\"https:\/\/www.d-velop.de\/blog\/#\/schema\/person\/8e1253e827060ae4fb4bf484e167c048\"},\"headline\":\"F\u00f6rderprogramme zur Digitalisierung \u2013 Alles, was Du wissen musst!\",\"datePublished\":\"2023-01-03T08:51:07+00:00\",\"dateModified\":\"2025-06-11T11:57:48+00:00\",\"mainEntityOfPage\":{\"@id\":\"https:\/\/www.d-velop.de\/blog\/digitaler-wandel\/foerderprogramme-digitalisierung\/\"},\"wordCount\":1208,\"commentCount\":0,\"publisher\":{\"@id\":\"https:\/\/www.d-velop.de\/blog\/#organization\"},\"image\":{\"@id\":\"https:\/\/www.d-velop.de\/blog\/digitaler-wandel\/foerderprogramme-digitalisierung\/#primaryimage\"},\"thumbnailUrl\":\"https:\/\/www.d-velop.de\/blog\/wp-content\/uploads\/2022\/03\/blogartikel-beitragsbild-foerderungen-digitalisierung.jpg\",\"articleSection\":[\"Digitaler Wandel\"],\"inLanguage\":\"de\",\"potentialAction\":[{\"@type\":\"CommentAction\",\"name\":\"Comment\",\"target\":[\"https:\/\/www.d-velop.de\/blog\/digitaler-wandel\/foerderprogramme-digitalisierung\/#respond\"]}]},{\"@type\":\"WebPage\",\"@id\":\"https:\/\/www.d-velop.de\/blog\/digitaler-wandel\/foerderprogramme-digitalisierung\/\",\"url\":\"https:\/\/www.d-velop.de\/blog\/digitaler-wandel\/foerderprogramme-digitalisierung\/\",\"name\":\"F\u00f6rderprogramme zur Digitalisierung - Alles, was Du wissen musst\",\"isPartOf\":{\"@id\":\"https:\/\/www.d-velop.de\/blog\/#website\"},\"primaryImageOfPage\":{\"@id\":\"https:\/\/www.d-velop.de\/blog\/digitaler-wandel\/foerderprogramme-digitalisierung\/#primaryimage\"},\"image\":{\"@id\":\"https:\/\/www.d-velop.de\/blog\/digitaler-wandel\/foerderprogramme-digitalisierung\/#primaryimage\"},\"thumbnailUrl\":\"https:\/\/www.d-velop.de\/blog\/wp-content\/uploads\/2022\/03\/blogartikel-beitragsbild-foerderungen-digitalisierung.jpg\",\"datePublished\":\"2023-01-03T08:51:07+00:00\",\"dateModified\":\"2025-06-11T11:57:48+00:00\",\"description\":\"Welche F\u00f6rderprogramme zur Digitalisierung gibt es? \u2713 Wie erhalte ich einen Digitalisierungszuschuss? \u2713 Und wer hat Anspruch auf F\u00f6rderung? \u2713\",\"breadcrumb\":{\"@id\":\"https:\/\/www.d-velop.de\/blog\/digitaler-wandel\/foerderprogramme-digitalisierung\/#breadcrumb\"},\"inLanguage\":\"de\",\"potentialAction\":[{\"@type\":\"ReadAction\",\"target\":[\"https:\/\/www.d-velop.de\/blog\/digitaler-wandel\/foerderprogramme-digitalisierung\/\"]}]},{\"@type\":\"ImageObject\",\"inLanguage\":\"de\",\"@id\":\"https:\/\/www.d-velop.de\/blog\/digitaler-wandel\/foerderprogramme-digitalisierung\/#primaryimage\",\"url\":\"https:\/\/www.d-velop.de\/blog\/wp-content\/uploads\/2022\/03\/blogartikel-beitragsbild-foerderungen-digitalisierung.jpg\",\"contentUrl\":\"https:\/\/www.d-velop.de\/blog\/wp-content\/uploads\/2022\/03\/blogartikel-beitragsbild-foerderungen-digitalisierung.jpg\",\"width\":2000,\"height\":666,\"caption\":\"Blogartikel Beitragsbild F\u00f6rderungen Digitalisierung\"},{\"@type\":\"BreadcrumbList\",\"@id\":\"https:\/\/www.d-velop.de\/blog\/digitaler-wandel\/foerderprogramme-digitalisierung\/#breadcrumb\",\"itemListElement\":[{\"@type\":\"ListItem\",\"position\":1,\"name\":\"Startseite\",\"item\":\"https:\/\/www.d-velop.de\/blog\/\"},{\"@type\":\"ListItem\",\"position\":2,\"name\":\"F\u00f6rderprogramme zur Digitalisierung \u2013 Alles, was Du wissen musst!\"}]},{\"@type\":\"WebSite\",\"@id\":\"https:\/\/www.d-velop.de\/blog\/#website\",\"url\":\"https:\/\/www.d-velop.de\/blog\/\",\"name\":\"d.velop blog\",\"description\":\"Digitalisierung, Dokumentenmanagement und rund um d.velop\",\"publisher\":{\"@id\":\"https:\/\/www.d-velop.de\/blog\/#organization\"},\"potentialAction\":[{\"@type\":\"SearchAction\",\"target\":{\"@type\":\"EntryPoint\",\"urlTemplate\":\"https:\/\/www.d-velop.de\/blog\/?s={search_term_string}\"},\"query-input\":{\"@type\":\"PropertyValueSpecification\",\"valueRequired\":true,\"valueName\":\"search_term_string\"}}],\"inLanguage\":\"de\"},{\"@type\":\"Organization\",\"@id\":\"https:\/\/www.d-velop.de\/blog\/#organization\",\"name\":\"d.velop Gruppe\",\"url\":\"https:\/\/www.d-velop.de\/blog\/\",\"logo\":{\"@type\":\"ImageObject\",\"inLanguage\":\"de\",\"@id\":\"https:\/\/www.d-velop.de\/blog\/#\/schema\/logo\/image\/\",\"url\":\"https:\/\/www.d-velop.de\/blog\/wp-content\/uploads\/2018\/12\/dvelop-blog-logo-invers.jpg\",\"contentUrl\":\"https:\/\/www.d-velop.de\/blog\/wp-content\/uploads\/2018\/12\/dvelop-blog-logo-invers.jpg\",\"width\":350,\"height\":350,\"caption\":\"d.velop Gruppe\"},\"image\":{\"@id\":\"https:\/\/www.d-velop.de\/blog\/#\/schema\/logo\/image\/\"},\"sameAs\":[\"https:\/\/www.facebook.com\/d.velop.ag\/\",\"https:\/\/x.com\/d_velop\",\"https:\/\/de.linkedin.com\/company\/d-velop\",\"https:\/\/www.xing.com\/pages\/d-velopag\",\"https:\/\/www.instagram.com\/d.velop_group\/\"]},{\"@type\":\"Person\",\"@id\":\"https:\/\/www.d-velop.de\/blog\/#\/schema\/person\/8e1253e827060ae4fb4bf484e167c048\",\"name\":\"Annika D\u00f6lle\",\"image\":{\"@type\":\"ImageObject\",\"inLanguage\":\"de\",\"@id\":\"https:\/\/www.d-velop.de\/blog\/#\/schema\/person\/image\/\",\"url\":\"https:\/\/www.d-velop.de\/blog\/wp-content\/uploads\/2017\/04\/Annika-Doelle-210x210.jpg\",\"contentUrl\":\"https:\/\/www.d-velop.de\/blog\/wp-content\/uploads\/2017\/04\/Annika-Doelle-210x210.jpg\",\"caption\":\"Annika D\u00f6lle\"},\"description\":\"Principal Growth Marketing Manager\",\"sameAs\":[\"https:\/\/www.d-velop.de\/\",\"https:\/\/www.instagram.com\/tommi_und_annika\/\",\"https:\/\/www.linkedin.com\/in\/annika-doelle\/\"],\"url\":\"https:\/\/www.d-velop.de\/blog\/author\/annika-doelle\/\"}]}<\/script>\n<!-- \/ Yoast SEO Premium plugin. -->","yoast_head_json":{"title":"F\u00f6rderprogramme zur Digitalisierung - Alles, was Du wissen musst","description":"Welche F\u00f6rderprogramme zur Digitalisierung gibt es? \u2713 Wie erhalte ich einen Digitalisierungszuschuss? \u2713 Und wer hat Anspruch auf F\u00f6rderung? \u2713","robots":{"index":"index","follow":"follow","max-snippet":"max-snippet:-1","max-image-preview":"max-image-preview:large","max-video-preview":"max-video-preview:-1"},"canonical":"https:\/\/www.d-velop.de\/blog\/digitaler-wandel\/foerderprogramme-digitalisierung\/","og_locale":"de_DE","og_type":"article","og_title":"F\u00f6rderprogramme zur Digitalisierung \u2013 Alles, was Du wissen musst!","og_description":"Welche F\u00f6rderprogramme zur Digitalisierung gibt es? \u2713 Wie erhalte ich einen Digitalisierungszuschuss? \u2713 Und wer hat Anspruch auf F\u00f6rderung? \u2713","og_url":"https:\/\/www.d-velop.de\/blog\/digitaler-wandel\/foerderprogramme-digitalisierung\/","og_site_name":"d.velop blog","article_publisher":"https:\/\/www.facebook.com\/d.velop.ag\/","article_published_time":"2023-01-03T08:51:07+00:00","article_modified_time":"2025-06-11T11:57:48+00:00","og_image":[{"width":1200,"height":628,"url":"https:\/\/www.d-velop.de\/blog\/wp-content\/uploads\/2022\/03\/dvelop-blog-artikel-foerderung-digitalisierung-social-media-quer.png","type":"image\/png"}],"author":"Annika D\u00f6lle","twitter_card":"summary_large_image","twitter_creator":"@d_velop","twitter_site":"@d_velop","twitter_misc":{"Verfasst von":"Annika D\u00f6lle","Gesch\u00e4tzte Lesezeit":"1\u00a0Minute"},"schema":{"@context":"https:\/\/schema.org","@graph":[{"@type":"Article","@id":"https:\/\/www.d-velop.de\/blog\/digitaler-wandel\/foerderprogramme-digitalisierung\/#article","isPartOf":{"@id":"https:\/\/www.d-velop.de\/blog\/digitaler-wandel\/foerderprogramme-digitalisierung\/"},"author":{"name":"Annika D\u00f6lle","@id":"https:\/\/www.d-velop.de\/blog\/#\/schema\/person\/8e1253e827060ae4fb4bf484e167c048"},"headline":"F\u00f6rderprogramme zur Digitalisierung \u2013 Alles, was Du wissen musst!","datePublished":"2023-01-03T08:51:07+00:00","dateModified":"2025-06-11T11:57:48+00:00","mainEntityOfPage":{"@id":"https:\/\/www.d-velop.de\/blog\/digitaler-wandel\/foerderprogramme-digitalisierung\/"},"wordCount":1208,"commentCount":0,"publisher":{"@id":"https:\/\/www.d-velop.de\/blog\/#organization"},"image":{"@id":"https:\/\/www.d-velop.de\/blog\/digitaler-wandel\/foerderprogramme-digitalisierung\/#primaryimage"},"thumbnailUrl":"https:\/\/www.d-velop.de\/blog\/wp-content\/uploads\/2022\/03\/blogartikel-beitragsbild-foerderungen-digitalisierung.jpg","articleSection":["Digitaler Wandel"],"inLanguage":"de","potentialAction":[{"@type":"CommentAction","name":"Comment","target":["https:\/\/www.d-velop.de\/blog\/digitaler-wandel\/foerderprogramme-digitalisierung\/#respond"]}]},{"@type":"WebPage","@id":"https:\/\/www.d-velop.de\/blog\/digitaler-wandel\/foerderprogramme-digitalisierung\/","url":"https:\/\/www.d-velop.de\/blog\/digitaler-wandel\/foerderprogramme-digitalisierung\/","name":"F\u00f6rderprogramme zur Digitalisierung - Alles, was Du wissen musst","isPartOf":{"@id":"https:\/\/www.d-velop.de\/blog\/#website"},"primaryImageOfPage":{"@id":"https:\/\/www.d-velop.de\/blog\/digitaler-wandel\/foerderprogramme-digitalisierung\/#primaryimage"},"image":{"@id":"https:\/\/www.d-velop.de\/blog\/digitaler-wandel\/foerderprogramme-digitalisierung\/#primaryimage"},"thumbnailUrl":"https:\/\/www.d-velop.de\/blog\/wp-content\/uploads\/2022\/03\/blogartikel-beitragsbild-foerderungen-digitalisierung.jpg","datePublished":"2023-01-03T08:51:07+00:00","dateModified":"2025-06-11T11:57:48+00:00","description":"Welche F\u00f6rderprogramme zur Digitalisierung gibt es? \u2713 Wie erhalte ich einen Digitalisierungszuschuss? \u2713 Und wer hat Anspruch auf F\u00f6rderung? \u2713","breadcrumb":{"@id":"https:\/\/www.d-velop.de\/blog\/digitaler-wandel\/foerderprogramme-digitalisierung\/#breadcrumb"},"inLanguage":"de","potentialAction":[{"@type":"ReadAction","target":["https:\/\/www.d-velop.de\/blog\/digitaler-wandel\/foerderprogramme-digitalisierung\/"]}]},{"@type":"ImageObject","inLanguage":"de","@id":"https:\/\/www.d-velop.de\/blog\/digitaler-wandel\/foerderprogramme-digitalisierung\/#primaryimage","url":"https:\/\/www.d-velop.de\/blog\/wp-content\/uploads\/2022\/03\/blogartikel-beitragsbild-foerderungen-digitalisierung.jpg","contentUrl":"https:\/\/www.d-velop.de\/blog\/wp-content\/uploads\/2022\/03\/blogartikel-beitragsbild-foerderungen-digitalisierung.jpg","width":2000,"height":666,"caption":"Blogartikel Beitragsbild F\u00f6rderungen Digitalisierung"},{"@type":"BreadcrumbList","@id":"https:\/\/www.d-velop.de\/blog\/digitaler-wandel\/foerderprogramme-digitalisierung\/#breadcrumb","itemListElement":[{"@type":"ListItem","position":1,"name":"Startseite","item":"https:\/\/www.d-velop.de\/blog\/"},{"@type":"ListItem","position":2,"name":"F\u00f6rderprogramme zur Digitalisierung \u2013 Alles, was Du wissen musst!"}]},{"@type":"WebSite","@id":"https:\/\/www.d-velop.de\/blog\/#website","url":"https:\/\/www.d-velop.de\/blog\/","name":"d.velop blog","description":"Digitalisierung, Dokumentenmanagement und rund um d.velop","publisher":{"@id":"https:\/\/www.d-velop.de\/blog\/#organization"},"potentialAction":[{"@type":"SearchAction","target":{"@type":"EntryPoint","urlTemplate":"https:\/\/www.d-velop.de\/blog\/?s={search_term_string}"},"query-input":{"@type":"PropertyValueSpecification","valueRequired":true,"valueName":"search_term_string"}}],"inLanguage":"de"},{"@type":"Organization","@id":"https:\/\/www.d-velop.de\/blog\/#organization","name":"d.velop Gruppe","url":"https:\/\/www.d-velop.de\/blog\/","logo":{"@type":"ImageObject","inLanguage":"de","@id":"https:\/\/www.d-velop.de\/blog\/#\/schema\/logo\/image\/","url":"https:\/\/www.d-velop.de\/blog\/wp-content\/uploads\/2018\/12\/dvelop-blog-logo-invers.jpg","contentUrl":"https:\/\/www.d-velop.de\/blog\/wp-content\/uploads\/2018\/12\/dvelop-blog-logo-invers.jpg","width":350,"height":350,"caption":"d.velop Gruppe"},"image":{"@id":"https:\/\/www.d-velop.de\/blog\/#\/schema\/logo\/image\/"},"sameAs":["https:\/\/www.facebook.com\/d.velop.ag\/","https:\/\/x.com\/d_velop","https:\/\/de.linkedin.com\/company\/d-velop","https:\/\/www.xing.com\/pages\/d-velopag","https:\/\/www.instagram.com\/d.velop_group\/"]},{"@type":"Person","@id":"https:\/\/www.d-velop.de\/blog\/#\/schema\/person\/8e1253e827060ae4fb4bf484e167c048","name":"Annika D\u00f6lle","image":{"@type":"ImageObject","inLanguage":"de","@id":"https:\/\/www.d-velop.de\/blog\/#\/schema\/person\/image\/","url":"https:\/\/www.d-velop.de\/blog\/wp-content\/uploads\/2017\/04\/Annika-Doelle-210x210.jpg","contentUrl":"https:\/\/www.d-velop.de\/blog\/wp-content\/uploads\/2017\/04\/Annika-Doelle-210x210.jpg","caption":"Annika D\u00f6lle"},"description":"Principal Growth Marketing Manager","sameAs":["https:\/\/www.d-velop.de\/","https:\/\/www.instagram.com\/tommi_und_annika\/","https:\/\/www.linkedin.com\/in\/annika-doelle\/"],"url":"https:\/\/www.d-velop.de\/blog\/author\/annika-doelle\/"}]}},"_links":{"self":[{"href":"https:\/\/www.d-velop.de\/blog\/wp-json\/wp\/v2\/posts\/29723","targetHints":{"allow":["GET"]}}],"collection":[{"href":"https:\/\/www.d-velop.de\/blog\/wp-json\/wp\/v2\/posts"}],"about":[{"href":"https:\/\/www.d-velop.de\/blog\/wp-json\/wp\/v2\/types\/post"}],"author":[{"embeddable":true,"href":"https:\/\/www.d-velop.de\/blog\/wp-json\/wp\/v2\/users\/21"}],"replies":[{"embeddable":true,"href":"https:\/\/www.d-velop.de\/blog\/wp-json\/wp\/v2\/comments?post=29723"}],"version-history":[{"count":2,"href":"https:\/\/www.d-velop.de\/blog\/wp-json\/wp\/v2\/posts\/29723\/revisions"}],"predecessor-version":[{"id":56025,"href":"https:\/\/www.d-velop.de\/blog\/wp-json\/wp\/v2\/posts\/29723\/revisions\/56025"}],"wp:featuredmedia":[{"embeddable":true,"href":"https:\/\/www.d-velop.de\/blog\/wp-json\/wp\/v2\/media\/29770"}],"wp:attachment":[{"href":"https:\/\/www.d-velop.de\/blog\/wp-json\/wp\/v2\/media?parent=29723"}],"wp:term":[{"taxonomy":"category","embeddable":true,"href":"https:\/\/www.d-velop.de\/blog\/wp-json\/wp\/v2\/categories?post=29723"},{"taxonomy":"post_tag","embeddable":true,"href":"https:\/\/www.d-velop.de\/blog\/wp-json\/wp\/v2\/tags?post=29723"}],"curies":[{"name":"wp","href":"https:\/\/api.w.org\/{rel}","templated":true}]}}