{"id":31280,"date":"2022-04-21T15:41:42","date_gmt":"2022-04-21T13:41:42","guid":{"rendered":"https:\/\/www.d-velop.de\/blog\/?p=31280"},"modified":"2024-11-08T15:51:01","modified_gmt":"2024-11-08T14:51:01","slug":"cloud-archivierung","status":"publish","type":"post","link":"https:\/\/www.d-velop.de\/blog\/digitaler-wandel\/cloud-archivierung\/","title":{"rendered":"Digitalisierung im Wandel dank Cloud Archivierung"},"content":{"rendered":"\n<p data-beyondwords-marker=\"51a6c49c-2cf3-467d-aacb-1716dd9e1d63\">Digitalisierung \u2013 ein einschl\u00e4giger Begriff, der im Zeitalter des 21. Jahrhunderts eine tragende Rolle f\u00fcr Unternehmen und das unternehmerische Handeln spielt. Dessen Tragweite und Umfang wird deutlich, wenn man diesen Begriff \u00fcber Google sucht. Am 12.04.2022 ergab Digitalisierung als einzelnes Wort 139 Millionen Suchergebnisse \u2013 Tendenz steigend. Im 20. Jahrhundert bedeutete Digitalisierung unter anderem der schrittweise Umstieg von der klassischen Schreibmaschine auf die ersten Computer. Aber auch das Drucken von Dokumenten zum Archivieren war Teil des ersten digitalen Wandels. Die analog erzogene Generation musste anfangen, umzudenken: vom klassischen Archivieren zur Cloud Archivierung und zum Cloud Archiv.<\/p>\n\n\n\n<h2 data-beyondwords-marker=\"8ffab6b2-e6d6-4da1-8aa1-c312f5777dc7\" class=\"wp-block-heading\" id=\"h-cloud-archivierung-als-teil-der-digitalisierung\"><span class=\"ez-toc-section\" id=\"cloud-archivierung-als-teil-der-digitalisierung\"><\/span>Cloud Archivierung als Teil der Digitalisierung<span class=\"ez-toc-section-end\"><\/span><\/h2>\n\n\n\n<p data-beyondwords-marker=\"a30a3e17-5673-4661-853a-e43359663e42\">Digitalisierung ist ein Pfad, dem man als Unternehmen folgen muss, um nicht auf der Strecke zu bleiben und im Wettbewerb sang- und klanglos unterzugehen.<\/p>\n\n\n\n<figure data-beyondwords-marker=\"b15aa88b-9e88-44c8-8525-1312d1bd6e37\" class=\"wp-block-pullquote\"><blockquote><p><strong>\u201eWer in exponentiellen Zeiten seine Leistung nur schrittweise verbessert, f\u00e4llt exponentiell zur\u00fcck\u201c.<\/strong><\/p><cite> Curt Carlson <br> CEO Standford Research Institute  <\/cite><\/blockquote><\/figure>\n\n\n\n<p data-beyondwords-marker=\"6bb6d278-f821-4140-9e46-1e8007d37234\">2018 gaben noch 58 Prozent von befragten deutschen Unternehmen verschiedener Branchen an, Nachz\u00fcgler im Bereich der Digitalisierung zu sein [1]. Dies spiegelt sich auch im Jahr 2021 wider. Dort gaben rund 64 Prozent der befragten Unternehmen an, keinen Chief Digital Officer zu haben [2]. Dementsprechend niemanden, der oder die sich einzig und allein um Digitalisierung jeglicher unternehmerischen Themenstellungen k\u00fcmmert. Digitalisierung wird an vielen Stellen nicht so verfolgt, wie es der Zeitgeist des 21. Jahrhunderts voraussetzt.<\/p>\n\n\n\n<p data-beyondwords-marker=\"6ab43ac7-94e1-4c91-a90b-f72b02355e29\">Besonders die Cloud spielt heute eine wichtige Rolle in der <a href=\"https:\/\/www.d-velop.de\/blog\/digitaler-wandel\/was-ist-digitalisierung\/\">Digitalisierung<\/a> und geht mit dieser Hand in Hand. Digitale Archive sollten die langen Regale und Lagerr\u00e4ume ersetzen und das analoge Lagern von Unternehmensdokumenten so schrittweise abl\u00f6sen. Das ist doch zukunftssicher genug, oder? Und wie passt das Cloud Archiv da rein?<\/p>\n\n\n\n<h2 data-beyondwords-marker=\"fc78ef21-ff49-4b6f-aa21-b6e140ab5603\" class=\"wp-block-heading\" id=\"h-herausforderungen-von-digitalen-archiven-und-die-losung-cloud-archiv\"><span class=\"ez-toc-section\" id=\"herausforderungen-von-digitalen-archiven-und-die-loesung-cloud-archiv\"><\/span>Herausforderungen von digitalen Archiven und die L\u00f6sung Cloud Archiv<span class=\"ez-toc-section-end\"><\/span><\/h2>\n\n\n\n<p data-beyondwords-marker=\"c1322ab2-d7a5-4e69-817a-65ea9b14ab87\">Cloud und <a href=\"https:\/\/www.d-velop.de\/blog\/prozesse-gestalten\/digitales-archiv\/\">digitales Archiv<\/a>: Zwei Begriffe, die in einem Zusammenhang stehen. Bevor man diesen Zusammenhang aber herstellen kann, muss zun\u00e4chst gekl\u00e4rt werden, welche Herausforderungen das digitale Archiv mit sich bringt.<\/p>\n\n\n\n<p data-beyondwords-marker=\"02c36f3d-3e65-49f6-8054-36f0d961f0bf\">Digitales Archiv \u2013 klingt toll. Raus aus dem analogen Zeitalter und rein in die M\u00f6glichkeit des Suchens und Findens per Mausklick, von \u00fcberall und zu jedem Zeitpunkt. Das ist auch toll, aber hier endet der exponentielle Digitalisierungspfad bei weitem nicht. Digitales Archivieren besteht als M\u00f6glichkeit bereits seit mehreren Jahren und hat sich in seinen Auspr\u00e4gungen konstant entwickelt. <\/p>\n\n\n\n<p data-beyondwords-marker=\"d62f8d9e-97d9-4318-8a97-509072daa4f7\">Aus diesem Grund ist diese digitale M\u00f6glichkeit der Speicherung und Ablage von Dokumenten oftmals nicht mehr auf dem aktuellen Stand der Technik. Je \u00e4lter das digitale Archiv, desto mehr Aufwand ist die Pflege des Systems. Hoher Pflegeaufwand unter immer schwierigeren Umst\u00e4nden durch Systemalterungen, bedeutet eine immer gr\u00f6\u00dfere Ressourcenbindung. Anf\u00e4ngliche kleine Herausforderungen mit den Systemen, werden stetig zu gr\u00f6\u00dferen Problemen, die immer gr\u00f6\u00dfere Zeit- und Personalaufw\u00e4nde bedeuten. Auch die Angst vor einem Datenverlust steigt an. Zusammenfassend sind also folgende Herausforderungen von digitalen Archiven herauszustellen:<\/p>\n\n\n\n<ol data-beyondwords-marker=\"3d56b3fe-a963-4aa9-acd5-c518aa7cdf27\" class=\"wp-block-list\">\n<li data-beyondwords-marker=\"a2976da0-9526-4e40-99af-f084f6f34a72\">Aktualit\u00e4t des digitalen Archivs nicht gew\u00e4hrleistet (Systemalterung)<\/li>\n\n\n\n<li data-beyondwords-marker=\"1c6289ce-52ad-4bd8-ac7c-cc3fcca92f6a\">Hoher Zeit- und Personalaufwand<\/li>\n\n\n\n<li data-beyondwords-marker=\"2ad4d137-3f24-475d-9edb-72d9dea616b8\">Gefahr des Datenverlustes<\/li>\n<\/ol>\n\n\n\n<p data-beyondwords-marker=\"ad54f376-8c05-42e3-b97a-78bb495fdcd8\">Digitale Prozesse sind nicht einmalig zu betrachten, sondern kontinuierlich entlang der \u00c4nderungen auf dem Markt und im Wettbewerb. Hier kommt schlie\u00dflich die Cloud Archivierung ins Spiel.<\/p>\n\n\n\n<h2 data-beyondwords-marker=\"67c50075-e5b2-4700-8fee-5a6e15e0d358\" class=\"wp-block-heading\" id=\"h-was-genau-ist-denn-die-cloud-archivierung\"><span class=\"ez-toc-section\" id=\"was-genau-ist-denn-die-cloud-archivierung\"><\/span>Was genau ist denn die Cloud Archivierung?<span class=\"ez-toc-section-end\"><\/span><\/h2>\n\n\n\n<p data-beyondwords-marker=\"de402c5e-314f-4a94-bb3f-bcd105ad4557\">Was hei\u00dft Cloud Archivierung oder Cloud Computing eigentlich genau? Der Begriff \u201eCloud Computing\u201c ist zumindest sehr vielschichtig. \u201eCloud Computing ist ein Modell, welches zu jeder Zeit und von jedem Ort einen komfortablen und bedarfsgerechten Netzwerkzugriff auf einen geteilten Pool von konfigurierbaren Rechnerressourcen (z. B. Netze, Speicher, Server, Anwendungen und Dienste) erlaubt, die mit geringem Verwaltungsaufwand und ohne Interaktion mit dem Service-Provider schnell bereitgestellt werden k\u00f6nnen.\u201c [3]  <\/p>\n\n\n\n<p data-beyondwords-marker=\"b58ec400-9792-4cfd-939d-b6b4f8c29f45\">Die allgemeinen Eigenschaften, Bereitstellungsformen, aber auch Servicemodelle des Cloud Computings lassen sich im Blogartikel \u201e<a href=\"https:\/\/www.d-velop.de\/blog\/digitaler-wandel\/cloud-computing\/\" data-type=\"URL\" data-id=\"https:\/\/www.d-velop.de\/blog\/digitaler-wandel\/cloud-computing\/\">Cloud Computing nutzen: 5 Wettbewerbsvorteile durch eine Migration in die Cloud<\/a>\u201c detailliert nachlesen. Auch die Wettbewerbsvorteile durch einen Umstieg in die Cloud Archivierung lassen sich hier finden:<\/p>\n\n\n<div class=\"wp-block-image\">\n<figure data-beyondwords-marker=\"7f3c14e9-792f-466e-9240-b3927a3932d0\" class=\"aligncenter size-full\"><a href=\"https:\/\/www.d-velop.de\/blog\/wp-content\/uploads\/2022\/04\/d-velop-blog-cloud-archivierung-vorteile.png\"><img loading=\"lazy\" decoding=\"async\" width=\"2000\" height=\"1025\" src=\"https:\/\/www.d-velop.de\/blog\/wp-content\/uploads\/2022\/04\/d-velop-blog-cloud-archivierung-vorteile.png\" alt=\"Vorteile Cloud Archivierung\" class=\"wp-image-31294\" srcset=\"https:\/\/www.d-velop.de\/blog\/wp-content\/uploads\/2022\/04\/d-velop-blog-cloud-archivierung-vorteile.png 2000w, https:\/\/www.d-velop.de\/blog\/wp-content\/uploads\/2022\/04\/d-velop-blog-cloud-archivierung-vorteile-600x308.png 600w, https:\/\/www.d-velop.de\/blog\/wp-content\/uploads\/2022\/04\/d-velop-blog-cloud-archivierung-vorteile-1090x559.png 1090w, https:\/\/www.d-velop.de\/blog\/wp-content\/uploads\/2022\/04\/d-velop-blog-cloud-archivierung-vorteile-768x394.png 768w, https:\/\/www.d-velop.de\/blog\/wp-content\/uploads\/2022\/04\/d-velop-blog-cloud-archivierung-vorteile-1536x787.png 1536w, https:\/\/www.d-velop.de\/blog\/wp-content\/uploads\/2022\/04\/d-velop-blog-cloud-archivierung-vorteile-1920x984.png 1920w\" sizes=\"auto, (max-width: 2000px) 100vw, 2000px\" \/><\/a><\/figure><\/div>\n\n\n<p data-beyondwords-marker=\"abd98eed-f2be-4c41-b75d-2b8adfee93c8\">Diese Vorteile gehen die Herausforderungen und Problemstellungen an, die vermehrt bei herk\u00f6mmlichen digitalen Archiven auftreten. Besonders die Aspekte der Ressourceneinsparung und Datensicherheit werden in einer cloudbasierten L\u00f6sung gro\u00dfgeschrieben. Wie kann der Begriff Cloud Archivierung abschlie\u00dfend definiert werden?<\/p>\n\n\n\n<div data-beyondwords-marker=\"9d7cacee-0dac-496f-b24c-8ad922cb7b68\" class=\"wp-block-group is-style-info-explanation\"><div class=\"wp-block-group__inner-container is-layout-flow wp-block-group-is-layout-flow\">\n<h3 data-beyondwords-marker=\"2cc9645d-d00e-4e1c-83d0-574e240eb551\" class=\"wp-block-heading\" id=\"h-definition-cloud-archivierung\">Definition Cloud Archivierung<\/h3>\n\n\n\n<p data-beyondwords-marker=\"70ecb2ed-7de1-4986-9c70-28a9ae7dde74\">Bei der Cloud Archivierung handelt es sich um die internetbasierte Speicherung von Daten und Dokumenten. Die Bereitstellung von Speicherplatz erm\u00f6glicht die langfristige sowie rechts- und revisionssichere Aufbewahrung von Datenmaterial.<\/p>\n<\/div><\/div>\n\n\n\n<h2 data-beyondwords-marker=\"1e1eea43-5dbb-471e-9dc1-1711bd22d966\" class=\"wp-block-heading\" id=\"h-das-cloud-archiv-ist-mehr-als-nur-ein-archiv\"><span class=\"ez-toc-section\" id=\"das-cloud-archiv-ist-mehr-als-nur-ein-archiv\"><\/span>Das Cloud Archiv ist mehr als nur ein Archiv<span class=\"ez-toc-section-end\"><\/span><\/h2>\n\n\n\n<p data-beyondwords-marker=\"e40c3b83-acd7-4902-9546-1be182d4d324\">Wie sieht so eine Cloud Archivierung genau aus? Kann sie auch mehr als Dokumentenspeicherung und -bereitstellung, unabh\u00e4ngig von Zeit und Ort? Die d.velop AG bietet als ECM-Hersteller geb\u00fcndelt verschiedene L\u00f6sungen f\u00fcr die Verwaltung, Bearbeitung und Archivierung von Dokumenten an. Eine dieser L\u00f6sungen ist eine Komponente des <a href=\"https:\/\/www.d-velop.de\/themen\/enterprise-content-management\" data-type=\"URL\" data-id=\"https:\/\/www.d-velop.de\/themen\/enterprise-content-management\">Enterprise-Content-Managements<\/a> (ECM): d.velop documents. Ist es mehr als nur eine M\u00f6glichkeit der digitalen Dokumentenarchivierung? Hier lautet die Antwort ganz klar: Ja!<\/p>\n\n\n\n<p data-beyondwords-marker=\"2e188131-165b-4845-aff7-f1fdb9b1e124\">d.velop documents erm\u00f6glicht auf der einen Seite Revisionssicherheit bei der Aufbewahrung und Verwaltung der Unternehmensdokumente, steigert auf der anderen Seite auch die Produktivit\u00e4t eines Unternehmens. Und warum? Weil die Dokumente im Dokumentenmanagement-System zentral und schnell zug\u00e4nglich gemacht werden. <\/p>\n\n\n\n<h2 data-beyondwords-marker=\"cd6ed481-9f13-4cba-b4b1-d74a54b2ca48\" class=\"wp-block-heading\" id=\"h-individualitat-bei-der-cloud-archivierung\"><span class=\"ez-toc-section\" id=\"individualitaet-bei-der-cloud-archivierung\"><\/span>Individualit\u00e4t bei der Cloud Archivierung<span class=\"ez-toc-section-end\"><\/span><\/h2>\n\n\n\n<p data-beyondwords-marker=\"f2b4e723-4b73-4fd7-89fa-02c0f6e7195f\">\u00dcber den klassischen Ansatz eines digitalen Archivs hinaus, bietet das d.velop documents individuelle M\u00f6glichkeiten der Funktionserweiterung an, die auf die Bed\u00fcrfnisse eines jeden Unternehmens angepasst werden k\u00f6nnen. Intelligente Automatisierungen optimieren die unternehmenseigenen Workflows und Prozesse. <a href=\"https:\/\/store.d-velop.com\/de\/d.velop-sign\/10001550.1\" data-type=\"URL\" data-id=\"https:\/\/store.d-velop.com\/de\/d.velop-sign\/10001550.1\">Digitale Signaturen<\/a> oder eine <a href=\"https:\/\/store.d-velop.com\/de\/LD-connect-fuer-DATEV-Rechnungswesen\/10001787\" data-type=\"URL\" data-id=\"https:\/\/store.d-velop.com\/de\/LD-connect-fuer-DATEV-Rechnungswesen\/10001787\">Eingangsrechnungsverarbeitung<\/a> sind dabei nur wenige zu nennende Beispiele der m\u00f6glichen Systemerweiterungen.<br>Du arbeitest mit Anwendungen wie SAP, Microsoft Dynamics oder Teams? Kein Problem. Mittels d.velop documents for Microsoft 365 lassen sich die bestehenden Anwendungen in das DMS integrieren.<\/p>\n\n\n\n<p data-beyondwords-marker=\"84ef2b5b-9551-4c89-b022-d6a308326531\">Mit anderen Worten: Egal ob d.velop documents oder d.velop documents for Microsoft 365, bei dem cloudbasierten DMS der d.velop AG handelt sich um eine Software, welche anders als die herk\u00f6mmlichen digitalen Archive, Informationen und Dokumente schneller, vereinfacht und optimiert verwaltet. Prozesse und Workflows, die in einem Unternehmen bereits vordefiniert sind, k\u00f6nnen \u00fcbernommen oder neue automatisierte Workflows erstellt werden. Hohe interne Ressourcenaufw\u00e4nde zur Systempflege sind dadurch nicht mehr notwendig. Diese Aspekte machen diese Cloudl\u00f6sung nicht nur zu einer Cloud Archivierung, sondern zu einer individuellen L\u00f6sung, die auf die digitalen Bed\u00fcrfnisse eines Unternehmens anpassbar ist und die Optimierung des unternehmerischen Arbeitens erm\u00f6glicht.<\/p>\n\n\n\n<div data-beyondwords-marker=\"b8765d1b-f0e5-41cb-a287-bb0a9327090e\" class=\"wp-block-group is-style-cta-webinar\"><div class=\"wp-block-group__inner-container is-layout-flow wp-block-group-is-layout-flow\">\n<p data-beyondwords-marker=\"b728170b-27d8-4a9f-ab6b-49c15b8b0765\"><strong>Make it Cloud<\/strong> &#8211; IT-Ressourcen zuk\u00fcnftig gezielt einsetzen<\/p>\n\n\n\n\t<div data-beyondwords-marker=\"31b8e6c1-5aed-423e-92d5-dc5c0ccd46e4\" class=\"wp-block-buttons\">\n\t\t<div class=\"wp-block-button is-style-outline\">\n\t\t\t<a class=\"wp-block-button__link\" href=\"https:\/\/content.d-velop.de\/webinar-aus-alt-mach-neu-cloud-migration-industrie?utm_campaign=Sonstiges+-+d.velop+BLOG+-+01%2F2018&#038;utm_source=intern-blog-ger&#038;utm_medium=blogpost-cloud-archivierung&#038;utm_content=button\" target=\"\">Jetzt anschauen<\/a>\t\t<\/div>\n\t<\/div>\n\n\t<\/div><\/div>\n","protected":false},"excerpt":{"rendered":"<p>Digitalisierung \u2013 ein einschl\u00e4giger Begriff, der im Zeitalter des 21. Jahrhunderts eine tragende Rolle f\u00fcr Unternehmen und das unternehmerische Handeln [&hellip;]<\/p>\n","protected":false},"author":197,"featured_media":31288,"comment_status":"open","ping_status":"closed","sticky":false,"template":"","format":"standard","meta":{"footnotes":"","beyondwords_generate_audio":"1","beyondwords_project_id":"23937","beyondwords_content_id":"5044ad99-807d-4d4f-8630-4d2ec81f4bab","beyondwords_preview_token":"","beyondwords_player_content":"","beyondwords_player_style":"","beyondwords_language_id":"","beyondwords_title_voice_id":"","beyondwords_body_voice_id":"","beyondwords_summary_voice_id":"","beyondwords_error_message":"","beyondwords_disabled":"1","beyondwords_delete_content":"","beyondwords_podcast_id":"5044ad99-807d-4d4f-8630-4d2ec81f4bab","beyondwords_hash":"","publish_post_to_speechkit":"","speechkit_hash":"","speechkit_generate_audio":"","speechkit_project_id":"","speechkit_podcast_id":"","speechkit_error_message":"","speechkit_disabled":"","speechkit_access_key":"","speechkit_error":"","speechkit_info":"","speechkit_response":"","speechkit_retries":"","speechkit_status":"","speechkit_updated_at":"","_speechkit_link":"","_speechkit_text":""},"categories":[5],"tags":[6492],"class_list":["post-31280","post","type-post","status-publish","format-standard","has-post-thumbnail","hentry","category-digitaler-wandel","tag-fokus-dokumentenmanagement"],"acf":[],"yoast_head":"<!-- This site is optimized with the Yoast SEO Premium plugin v25.6 (Yoast SEO v25.6) - https:\/\/yoast.com\/wordpress\/plugins\/seo\/ -->\n<title>Digitalisierung im Wandel dank Cloud Archivierung | d.velop blog<\/title>\n<meta name=\"description\" content=\"Im Blogartikel erf\u00e4hrst du alles zum Thema Cloud Archivierung und wie ein Cloud Archiv bei der Dokumentenarchivierung unterst\u00fctzen kann \u25b6\" \/>\n<meta name=\"robots\" content=\"index, follow, max-snippet:-1, max-image-preview:large, max-video-preview:-1\" \/>\n<link rel=\"canonical\" href=\"https:\/\/www.d-velop.de\/blog\/digitaler-wandel\/cloud-archivierung\/\" \/>\n<meta property=\"og:locale\" content=\"de_DE\" \/>\n<meta property=\"og:type\" content=\"article\" \/>\n<meta property=\"og:title\" content=\"Digitalisierung im Wandel dank Cloud Archivierung\" \/>\n<meta property=\"og:description\" content=\"Im Blogartikel erf\u00e4hrst du alles zum Thema Cloud Archivierung und wie ein Cloud Archiv bei der Dokumentenarchivierung unterst\u00fctzen kann \u25b6\" \/>\n<meta property=\"og:url\" content=\"https:\/\/www.d-velop.de\/blog\/digitaler-wandel\/cloud-archivierung\/\" \/>\n<meta property=\"og:site_name\" content=\"d.velop blog\" \/>\n<meta property=\"article:publisher\" content=\"https:\/\/www.facebook.com\/d.velop.ag\/\" \/>\n<meta property=\"article:published_time\" content=\"2022-04-21T13:41:42+00:00\" \/>\n<meta property=\"article:modified_time\" content=\"2024-11-08T14:51:01+00:00\" \/>\n<meta property=\"og:image\" content=\"https:\/\/www.d-velop.de\/blog\/wp-content\/uploads\/2022\/04\/d-velop-blog-cloud-archivierung-vorteile.png\" \/>\n\t<meta property=\"og:image:width\" content=\"2000\" \/>\n\t<meta property=\"og:image:height\" content=\"1025\" \/>\n\t<meta property=\"og:image:type\" content=\"image\/png\" \/>\n<meta name=\"author\" content=\"Miriam Deiters\" \/>\n<meta name=\"twitter:card\" content=\"summary_large_image\" \/>\n<meta name=\"twitter:creator\" content=\"@d_velop\" \/>\n<meta name=\"twitter:site\" content=\"@d_velop\" \/>\n<meta name=\"twitter:label1\" content=\"Verfasst von\" \/>\n\t<meta name=\"twitter:data1\" content=\"Miriam Deiters\" \/>\n\t<meta name=\"twitter:label2\" content=\"Gesch\u00e4tzte Lesezeit\" \/>\n\t<meta name=\"twitter:data2\" content=\"6\u00a0Minuten\" \/>\n<script type=\"application\/ld+json\" class=\"yoast-schema-graph\">{\"@context\":\"https:\/\/schema.org\",\"@graph\":[{\"@type\":\"Article\",\"@id\":\"https:\/\/www.d-velop.de\/blog\/digitaler-wandel\/cloud-archivierung\/#article\",\"isPartOf\":{\"@id\":\"https:\/\/www.d-velop.de\/blog\/digitaler-wandel\/cloud-archivierung\/\"},\"author\":{\"name\":\"Miriam Deiters\",\"@id\":\"https:\/\/www.d-velop.de\/blog\/#\/schema\/person\/6b752c718c32bfa416682b6208438b48\"},\"headline\":\"Digitalisierung im Wandel dank Cloud Archivierung\",\"datePublished\":\"2022-04-21T13:41:42+00:00\",\"dateModified\":\"2024-11-08T14:51:01+00:00\",\"mainEntityOfPage\":{\"@id\":\"https:\/\/www.d-velop.de\/blog\/digitaler-wandel\/cloud-archivierung\/\"},\"wordCount\":1024,\"commentCount\":0,\"publisher\":{\"@id\":\"https:\/\/www.d-velop.de\/blog\/#organization\"},\"image\":{\"@id\":\"https:\/\/www.d-velop.de\/blog\/digitaler-wandel\/cloud-archivierung\/#primaryimage\"},\"thumbnailUrl\":\"https:\/\/www.d-velop.de\/blog\/wp-content\/uploads\/2022\/04\/d-velop-blog-cloud-archivierung-beitragsbild.png\",\"keywords\":[\"Dokumentenmanagement\"],\"articleSection\":[\"Digitaler Wandel\"],\"inLanguage\":\"de\",\"potentialAction\":[{\"@type\":\"CommentAction\",\"name\":\"Comment\",\"target\":[\"https:\/\/www.d-velop.de\/blog\/digitaler-wandel\/cloud-archivierung\/#respond\"]}]},{\"@type\":\"WebPage\",\"@id\":\"https:\/\/www.d-velop.de\/blog\/digitaler-wandel\/cloud-archivierung\/\",\"url\":\"https:\/\/www.d-velop.de\/blog\/digitaler-wandel\/cloud-archivierung\/\",\"name\":\"Digitalisierung im Wandel dank Cloud Archivierung | d.velop blog\",\"isPartOf\":{\"@id\":\"https:\/\/www.d-velop.de\/blog\/#website\"},\"primaryImageOfPage\":{\"@id\":\"https:\/\/www.d-velop.de\/blog\/digitaler-wandel\/cloud-archivierung\/#primaryimage\"},\"image\":{\"@id\":\"https:\/\/www.d-velop.de\/blog\/digitaler-wandel\/cloud-archivierung\/#primaryimage\"},\"thumbnailUrl\":\"https:\/\/www.d-velop.de\/blog\/wp-content\/uploads\/2022\/04\/d-velop-blog-cloud-archivierung-beitragsbild.png\",\"datePublished\":\"2022-04-21T13:41:42+00:00\",\"dateModified\":\"2024-11-08T14:51:01+00:00\",\"description\":\"Im Blogartikel erf\u00e4hrst du alles zum Thema Cloud Archivierung und wie ein Cloud Archiv bei der Dokumentenarchivierung unterst\u00fctzen kann \u25b6\",\"breadcrumb\":{\"@id\":\"https:\/\/www.d-velop.de\/blog\/digitaler-wandel\/cloud-archivierung\/#breadcrumb\"},\"inLanguage\":\"de\",\"potentialAction\":[{\"@type\":\"ReadAction\",\"target\":[\"https:\/\/www.d-velop.de\/blog\/digitaler-wandel\/cloud-archivierung\/\"]}]},{\"@type\":\"ImageObject\",\"inLanguage\":\"de\",\"@id\":\"https:\/\/www.d-velop.de\/blog\/digitaler-wandel\/cloud-archivierung\/#primaryimage\",\"url\":\"https:\/\/www.d-velop.de\/blog\/wp-content\/uploads\/2022\/04\/d-velop-blog-cloud-archivierung-beitragsbild.png\",\"contentUrl\":\"https:\/\/www.d-velop.de\/blog\/wp-content\/uploads\/2022\/04\/d-velop-blog-cloud-archivierung-beitragsbild.png\",\"width\":2000,\"height\":666,\"caption\":\"Wanderer hat Sicht auf Wolken\"},{\"@type\":\"BreadcrumbList\",\"@id\":\"https:\/\/www.d-velop.de\/blog\/digitaler-wandel\/cloud-archivierung\/#breadcrumb\",\"itemListElement\":[{\"@type\":\"ListItem\",\"position\":1,\"name\":\"Startseite\",\"item\":\"https:\/\/www.d-velop.de\/blog\/\"},{\"@type\":\"ListItem\",\"position\":2,\"name\":\"Digitalisierung im Wandel dank Cloud Archivierung\"}]},{\"@type\":\"WebSite\",\"@id\":\"https:\/\/www.d-velop.de\/blog\/#website\",\"url\":\"https:\/\/www.d-velop.de\/blog\/\",\"name\":\"d.velop blog\",\"description\":\"Digitalisierung, Dokumentenmanagement und rund um d.velop\",\"publisher\":{\"@id\":\"https:\/\/www.d-velop.de\/blog\/#organization\"},\"potentialAction\":[{\"@type\":\"SearchAction\",\"target\":{\"@type\":\"EntryPoint\",\"urlTemplate\":\"https:\/\/www.d-velop.de\/blog\/?s={search_term_string}\"},\"query-input\":{\"@type\":\"PropertyValueSpecification\",\"valueRequired\":true,\"valueName\":\"search_term_string\"}}],\"inLanguage\":\"de\"},{\"@type\":\"Organization\",\"@id\":\"https:\/\/www.d-velop.de\/blog\/#organization\",\"name\":\"d.velop Gruppe\",\"url\":\"https:\/\/www.d-velop.de\/blog\/\",\"logo\":{\"@type\":\"ImageObject\",\"inLanguage\":\"de\",\"@id\":\"https:\/\/www.d-velop.de\/blog\/#\/schema\/logo\/image\/\",\"url\":\"https:\/\/www.d-velop.de\/blog\/wp-content\/uploads\/2018\/12\/dvelop-blog-logo-invers.jpg\",\"contentUrl\":\"https:\/\/www.d-velop.de\/blog\/wp-content\/uploads\/2018\/12\/dvelop-blog-logo-invers.jpg\",\"width\":350,\"height\":350,\"caption\":\"d.velop Gruppe\"},\"image\":{\"@id\":\"https:\/\/www.d-velop.de\/blog\/#\/schema\/logo\/image\/\"},\"sameAs\":[\"https:\/\/www.facebook.com\/d.velop.ag\/\",\"https:\/\/x.com\/d_velop\",\"https:\/\/de.linkedin.com\/company\/d-velop\",\"https:\/\/www.xing.com\/pages\/d-velopag\",\"https:\/\/www.instagram.com\/d.velop_group\/\"]},{\"@type\":\"Person\",\"@id\":\"https:\/\/www.d-velop.de\/blog\/#\/schema\/person\/6b752c718c32bfa416682b6208438b48\",\"name\":\"Miriam Deiters\",\"image\":{\"@type\":\"ImageObject\",\"inLanguage\":\"de\",\"@id\":\"https:\/\/www.d-velop.de\/blog\/#\/schema\/person\/image\/\",\"url\":\"https:\/\/www.d-velop.de\/blog\/wp-content\/uploads\/2026\/04\/Miriam-Deiters-210x210.jpeg\",\"contentUrl\":\"https:\/\/www.d-velop.de\/blog\/wp-content\/uploads\/2026\/04\/Miriam-Deiters-210x210.jpeg\",\"caption\":\"Miriam Deiters\"},\"description\":\"Teamlead Marketing &amp; Sales Development\",\"sameAs\":[\"https:\/\/www.d-velop.de\/\"],\"url\":\"https:\/\/www.d-velop.de\/blog\/author\/miriam-deiters\/\"}]}<\/script>\n<!-- \/ Yoast SEO Premium plugin. -->","yoast_head_json":{"title":"Digitalisierung im Wandel dank Cloud Archivierung | d.velop blog","description":"Im Blogartikel erf\u00e4hrst du alles zum Thema Cloud Archivierung und wie ein Cloud Archiv bei der Dokumentenarchivierung unterst\u00fctzen kann \u25b6","robots":{"index":"index","follow":"follow","max-snippet":"max-snippet:-1","max-image-preview":"max-image-preview:large","max-video-preview":"max-video-preview:-1"},"canonical":"https:\/\/www.d-velop.de\/blog\/digitaler-wandel\/cloud-archivierung\/","og_locale":"de_DE","og_type":"article","og_title":"Digitalisierung im Wandel dank Cloud Archivierung","og_description":"Im Blogartikel erf\u00e4hrst du alles zum Thema Cloud Archivierung und wie ein Cloud Archiv bei der Dokumentenarchivierung unterst\u00fctzen kann \u25b6","og_url":"https:\/\/www.d-velop.de\/blog\/digitaler-wandel\/cloud-archivierung\/","og_site_name":"d.velop blog","article_publisher":"https:\/\/www.facebook.com\/d.velop.ag\/","article_published_time":"2022-04-21T13:41:42+00:00","article_modified_time":"2024-11-08T14:51:01+00:00","og_image":[{"width":2000,"height":1025,"url":"https:\/\/www.d-velop.de\/blog\/wp-content\/uploads\/2022\/04\/d-velop-blog-cloud-archivierung-vorteile.png","type":"image\/png"}],"author":"Miriam Deiters","twitter_card":"summary_large_image","twitter_creator":"@d_velop","twitter_site":"@d_velop","twitter_misc":{"Verfasst von":"Miriam Deiters","Gesch\u00e4tzte Lesezeit":"6\u00a0Minuten"},"schema":{"@context":"https:\/\/schema.org","@graph":[{"@type":"Article","@id":"https:\/\/www.d-velop.de\/blog\/digitaler-wandel\/cloud-archivierung\/#article","isPartOf":{"@id":"https:\/\/www.d-velop.de\/blog\/digitaler-wandel\/cloud-archivierung\/"},"author":{"name":"Miriam Deiters","@id":"https:\/\/www.d-velop.de\/blog\/#\/schema\/person\/6b752c718c32bfa416682b6208438b48"},"headline":"Digitalisierung im Wandel dank Cloud Archivierung","datePublished":"2022-04-21T13:41:42+00:00","dateModified":"2024-11-08T14:51:01+00:00","mainEntityOfPage":{"@id":"https:\/\/www.d-velop.de\/blog\/digitaler-wandel\/cloud-archivierung\/"},"wordCount":1024,"commentCount":0,"publisher":{"@id":"https:\/\/www.d-velop.de\/blog\/#organization"},"image":{"@id":"https:\/\/www.d-velop.de\/blog\/digitaler-wandel\/cloud-archivierung\/#primaryimage"},"thumbnailUrl":"https:\/\/www.d-velop.de\/blog\/wp-content\/uploads\/2022\/04\/d-velop-blog-cloud-archivierung-beitragsbild.png","keywords":["Dokumentenmanagement"],"articleSection":["Digitaler Wandel"],"inLanguage":"de","potentialAction":[{"@type":"CommentAction","name":"Comment","target":["https:\/\/www.d-velop.de\/blog\/digitaler-wandel\/cloud-archivierung\/#respond"]}]},{"@type":"WebPage","@id":"https:\/\/www.d-velop.de\/blog\/digitaler-wandel\/cloud-archivierung\/","url":"https:\/\/www.d-velop.de\/blog\/digitaler-wandel\/cloud-archivierung\/","name":"Digitalisierung im Wandel dank Cloud Archivierung | d.velop blog","isPartOf":{"@id":"https:\/\/www.d-velop.de\/blog\/#website"},"primaryImageOfPage":{"@id":"https:\/\/www.d-velop.de\/blog\/digitaler-wandel\/cloud-archivierung\/#primaryimage"},"image":{"@id":"https:\/\/www.d-velop.de\/blog\/digitaler-wandel\/cloud-archivierung\/#primaryimage"},"thumbnailUrl":"https:\/\/www.d-velop.de\/blog\/wp-content\/uploads\/2022\/04\/d-velop-blog-cloud-archivierung-beitragsbild.png","datePublished":"2022-04-21T13:41:42+00:00","dateModified":"2024-11-08T14:51:01+00:00","description":"Im Blogartikel erf\u00e4hrst du alles zum Thema Cloud Archivierung und wie ein Cloud Archiv bei der Dokumentenarchivierung unterst\u00fctzen kann \u25b6","breadcrumb":{"@id":"https:\/\/www.d-velop.de\/blog\/digitaler-wandel\/cloud-archivierung\/#breadcrumb"},"inLanguage":"de","potentialAction":[{"@type":"ReadAction","target":["https:\/\/www.d-velop.de\/blog\/digitaler-wandel\/cloud-archivierung\/"]}]},{"@type":"ImageObject","inLanguage":"de","@id":"https:\/\/www.d-velop.de\/blog\/digitaler-wandel\/cloud-archivierung\/#primaryimage","url":"https:\/\/www.d-velop.de\/blog\/wp-content\/uploads\/2022\/04\/d-velop-blog-cloud-archivierung-beitragsbild.png","contentUrl":"https:\/\/www.d-velop.de\/blog\/wp-content\/uploads\/2022\/04\/d-velop-blog-cloud-archivierung-beitragsbild.png","width":2000,"height":666,"caption":"Wanderer hat Sicht auf Wolken"},{"@type":"BreadcrumbList","@id":"https:\/\/www.d-velop.de\/blog\/digitaler-wandel\/cloud-archivierung\/#breadcrumb","itemListElement":[{"@type":"ListItem","position":1,"name":"Startseite","item":"https:\/\/www.d-velop.de\/blog\/"},{"@type":"ListItem","position":2,"name":"Digitalisierung im Wandel dank Cloud Archivierung"}]},{"@type":"WebSite","@id":"https:\/\/www.d-velop.de\/blog\/#website","url":"https:\/\/www.d-velop.de\/blog\/","name":"d.velop blog","description":"Digitalisierung, Dokumentenmanagement und rund um d.velop","publisher":{"@id":"https:\/\/www.d-velop.de\/blog\/#organization"},"potentialAction":[{"@type":"SearchAction","target":{"@type":"EntryPoint","urlTemplate":"https:\/\/www.d-velop.de\/blog\/?s={search_term_string}"},"query-input":{"@type":"PropertyValueSpecification","valueRequired":true,"valueName":"search_term_string"}}],"inLanguage":"de"},{"@type":"Organization","@id":"https:\/\/www.d-velop.de\/blog\/#organization","name":"d.velop Gruppe","url":"https:\/\/www.d-velop.de\/blog\/","logo":{"@type":"ImageObject","inLanguage":"de","@id":"https:\/\/www.d-velop.de\/blog\/#\/schema\/logo\/image\/","url":"https:\/\/www.d-velop.de\/blog\/wp-content\/uploads\/2018\/12\/dvelop-blog-logo-invers.jpg","contentUrl":"https:\/\/www.d-velop.de\/blog\/wp-content\/uploads\/2018\/12\/dvelop-blog-logo-invers.jpg","width":350,"height":350,"caption":"d.velop Gruppe"},"image":{"@id":"https:\/\/www.d-velop.de\/blog\/#\/schema\/logo\/image\/"},"sameAs":["https:\/\/www.facebook.com\/d.velop.ag\/","https:\/\/x.com\/d_velop","https:\/\/de.linkedin.com\/company\/d-velop","https:\/\/www.xing.com\/pages\/d-velopag","https:\/\/www.instagram.com\/d.velop_group\/"]},{"@type":"Person","@id":"https:\/\/www.d-velop.de\/blog\/#\/schema\/person\/6b752c718c32bfa416682b6208438b48","name":"Miriam Deiters","image":{"@type":"ImageObject","inLanguage":"de","@id":"https:\/\/www.d-velop.de\/blog\/#\/schema\/person\/image\/","url":"https:\/\/www.d-velop.de\/blog\/wp-content\/uploads\/2026\/04\/Miriam-Deiters-210x210.jpeg","contentUrl":"https:\/\/www.d-velop.de\/blog\/wp-content\/uploads\/2026\/04\/Miriam-Deiters-210x210.jpeg","caption":"Miriam Deiters"},"description":"Teamlead Marketing &amp; Sales Development","sameAs":["https:\/\/www.d-velop.de\/"],"url":"https:\/\/www.d-velop.de\/blog\/author\/miriam-deiters\/"}]}},"_links":{"self":[{"href":"https:\/\/www.d-velop.de\/blog\/wp-json\/wp\/v2\/posts\/31280","targetHints":{"allow":["GET"]}}],"collection":[{"href":"https:\/\/www.d-velop.de\/blog\/wp-json\/wp\/v2\/posts"}],"about":[{"href":"https:\/\/www.d-velop.de\/blog\/wp-json\/wp\/v2\/types\/post"}],"author":[{"embeddable":true,"href":"https:\/\/www.d-velop.de\/blog\/wp-json\/wp\/v2\/users\/197"}],"replies":[{"embeddable":true,"href":"https:\/\/www.d-velop.de\/blog\/wp-json\/wp\/v2\/comments?post=31280"}],"version-history":[{"count":2,"href":"https:\/\/www.d-velop.de\/blog\/wp-json\/wp\/v2\/posts\/31280\/revisions"}],"predecessor-version":[{"id":51621,"href":"https:\/\/www.d-velop.de\/blog\/wp-json\/wp\/v2\/posts\/31280\/revisions\/51621"}],"wp:featuredmedia":[{"embeddable":true,"href":"https:\/\/www.d-velop.de\/blog\/wp-json\/wp\/v2\/media\/31288"}],"wp:attachment":[{"href":"https:\/\/www.d-velop.de\/blog\/wp-json\/wp\/v2\/media?parent=31280"}],"wp:term":[{"taxonomy":"category","embeddable":true,"href":"https:\/\/www.d-velop.de\/blog\/wp-json\/wp\/v2\/categories?post=31280"},{"taxonomy":"post_tag","embeddable":true,"href":"https:\/\/www.d-velop.de\/blog\/wp-json\/wp\/v2\/tags?post=31280"}],"curies":[{"name":"wp","href":"https:\/\/api.w.org\/{rel}","templated":true}]}}