{"id":31749,"date":"2022-05-31T07:30:00","date_gmt":"2022-05-31T05:30:00","guid":{"rendered":"https:\/\/www.d-velop.de\/blog\/?p=31749"},"modified":"2023-03-06T12:10:14","modified_gmt":"2023-03-06T11:10:14","slug":"joey-kelly","status":"publish","type":"post","link":"https:\/\/www.d-velop.de\/blog\/digitaler-wandel\/joey-kelly\/","title":{"rendered":"&#8222;Ich leide nur im letzten Drittel&#8220; &#8211; Joey Kelly \u00fcber digitalen Wandel der Musikbranche, pers\u00f6nlichen Wandel &#038; Tipps zum Mindset im B\u00fcro"},"content":{"rendered":"\n<p>Ein inspirierendes Interview mit Joey Kelly liegt hinter uns. Freut euch auf Einblicke, wie Joey Kelly den digitalen Wandel in der Musikbranche wahrgenommen hat, warum das Kelly Family Comeback ohne diesen Wandel nicht zustande gekommen w\u00e4re, hilfreiche Tipps zur Mitarbeitermotivation und was es wirklich braucht, um erfolgreich zu sein &#8211; privat und beruflich! <\/p>\n\n\n\n<h2 class=\"wp-block-heading\"><span class=\"ez-toc-section\" id=\"joey-kelly-ueber-den-digitalen-wandel-in-der-musikbranche\"><\/span>Joey Kelly \u00fcber den digitalen Wandel in der Musikbranche <span class=\"ez-toc-section-end\"><\/span><\/h2>\n\n\n\n<p><strong><em>d.velop blog: <\/em><\/strong><em>Der Nachname Kelly ist nach wie vor eng mit dem Thema Musik verbunden. Es gibt und gab einen digitalen Wandel in der Musikbranche. Wie hast du diesen Wandel wahrgenommen?<\/em><\/p>\n\n\n\n<p><strong>Joey Kelly:<\/strong> Wenn ich die letzten 40 Jahre zur\u00fcckblicke, wie wir als Kelly Family damals angefangen haben &#8211; Ende der 70er Jahre &#8211; als meine Eltern noch gelebt haben, dann erinnere ich mich vor allem daran, dass wir sehr viel auf der Stra\u00dfe gespielt haben. Die Stra\u00dfe war unsere B\u00fchne. Es gab damals sehr viele H\u00f6hen und Tiefen. So ist die Musikbranche. <\/p>\n\n\n\n<h3 class=\"wp-block-heading\">Von Stra\u00dfenmusik, LPs, Kassetten \u00fcber CDs bis hin zu Streaming<\/h3>\n\n\n\n<p>Viele glauben, dass sich nur durch Covid in den letzten zwei Jahren sehr viel gewandelt hat. Digitale Formate haben Einzug gehalten. Die Ver\u00e4nderungen in der Musikbranche, aber auch in jeder anderen Branche, haben sich jedoch durch die letzten 20-30 Jahre gezogen. <\/p>\n\n\n\n<h3 class=\"wp-block-heading\">Eine kleine Reise in die Vergangenheit<\/h3>\n\n\n\n<p>Damals, in den 70er-Jahren hat man noch Singles, LPs verkauft. In den 80er-Jahren Kassetten. Dann kamen CDs in den 90er-Jahren, deren Verkauf einen gro\u00dfen Markt er\u00f6ffnete, bis vor ein paar Jahren. Und jetzt geht der CD-Verkauf Richtung null. Jetzt wird gestreamt. <\/p>\n\n\n\n<figure class=\"wp-block-pullquote\"><blockquote><p>Wenn man als Musiker nicht mit der Zeit gegangen ist, hat man nat\u00fcrlich ein ganz gro\u00dfes Problem in der Entwicklung in der Musikbranche.<\/p><cite>Joey Kelly<\/cite><\/blockquote><\/figure>\n\n\n\n<h3 class=\"wp-block-heading\">Die 90er: Bravo und MTV auf dem Vormarsch<\/h3>\n\n\n\n<p>In den 90er Jahre war Print die Plattform f\u00fcr Musiker:innen wie Bon Jovi, die Kelly Family und auch die Backstreet Boys. Print war die Nummer eins. Denken wir an die Bravo! Die Bravo Zeitung hatte eine Auflage von \u00fcber einer Million und die Bravo hat man damals gesammelt, man hat sie nicht weggeschmissen. Die Bravo war eine Plattform, die bis zu 10 Millionen Kids und auch Erwachsene erreicht hat. Ich habe mir selbst noch im Alter von 25 Jahren die Bravo angeschaut. Da war ja f\u00fcr jeden etwas Spannendes drin. Es gab unter anderem eine Seite mit Rock und Heavy Metal, Techno und alles bunt gemischt.<\/p>\n\n\n\n<figure class=\"wp-block-image size-full is-resized\"><a href=\" https:\/\/www.altezeitschriften.de\/3260-large_default\/bravo-nr20-9-mai-1996-i-love-the-kelly-family.jpg\"><img loading=\"lazy\" decoding=\"async\" src=\"https:\/\/www.d-velop.de\/blog\/wp-content\/uploads\/2022\/05\/kelly-family-bravo.jpg\" alt=\"\" class=\"wp-image-31936\" width=\"800\" height=\"800\" srcset=\"https:\/\/www.d-velop.de\/blog\/wp-content\/uploads\/2022\/05\/kelly-family-bravo.jpg 800w, https:\/\/www.d-velop.de\/blog\/wp-content\/uploads\/2022\/05\/kelly-family-bravo-600x600.jpg 600w, https:\/\/www.d-velop.de\/blog\/wp-content\/uploads\/2022\/05\/kelly-family-bravo-210x210.jpg 210w, https:\/\/www.d-velop.de\/blog\/wp-content\/uploads\/2022\/05\/kelly-family-bravo-768x768.jpg 768w\" sizes=\"auto, (max-width: 800px) 100vw, 800px\" \/><\/a><figcaption class=\"wp-element-caption\">Bravo Ausgabe 9. Mai 1996 | Quelle: <a href=\"https:\/\/www.altezeitschriften.de\/3260-large_default\/bravo-nr20-9-mai-1996-i-love-the-kelly-family.jpg\">altezeitschriften.de<\/a><\/figcaption><\/figure>\n\n\n\n<h3 class=\"wp-block-heading\">MTV als der Musiksender der 80er und 90er Jahre<\/h3>\n\n\n\n<p>&#8222;MTV Fernsehen&#8220;, sag ich nur. Der wichtigste und gr\u00f6\u00dfte Sender in der Musikbranche in den 80er und 90er Jahren. Heute ist dieser nicht mehr existent. Er ist heute gar keine Plattform f\u00fcr irgendeine Musikband mehr. Wenn du fr\u00fcher einen Auftritt bei MTV erhalten hast, warst du angekommen. Die haben deinen Videoclip vier, f\u00fcnf Wochen f\u00fcnfmal am Tag gespielt und das hat Platten verkauft wie H\u00f6lle. Damit hat man die Hallen gef\u00fcllt. In Deutschland gab es noch zudem VIVA. Das gibt es alles gar nicht mehr. Das ist alles over.<\/p>\n\n\n\n<h2 class=\"wp-block-heading\"><span class=\"ez-toc-section\" id=\"comeback-der-kelly-family-dank-des-digitalen-wandels\"><\/span>Comeback der Kelly Family dank des digitalen Wandels<span class=\"ez-toc-section-end\"><\/span><\/h2>\n\n\n\n<h3 class=\"wp-block-heading\">Facebook Posting sorgt f\u00fcr volle Hallen beim Kelly Family Comeback 2017<\/h3>\n\n\n\n<p>Wir haben 2006 als Kelly Family offiziell erst einmal einen Break gemacht und sind genau zehn, elf Jahre sp\u00e4ter wieder gestartet. Am 19. Mai 2017 haben wir das erste Konzert in Dortmund gespielt, in der Westfalenhalle. Keiner wusste, ob uns zehn Jahre sp\u00e4ter jemand besuchen wird. Es gab auch keine Plattenfirmen, die daran geglaubt haben oder Veranstalter. Das Ganze lief so: Wir haben entschieden, okay, wir probieren ein Konzert in Dortmund in der Westfalenhalle. Da hat mein Bruder vor meinen Augen, mit seinem Smartphone, ein Posting auf Facebook abgesetzt und das Konzert war innerhalb von 17 Minuten mit 14.000 Leuten ausverkauft. Das zweite und dritte Konzert, welche bis zu diesem Zeitpunkt einfach nur optioniert waren, waren durch zwei Postings wieder ausverkauft. Das Erste in einer halben Stunde, das zweite in zwei Stunden. Das h\u00e4tten wir wirklich nicht f\u00fcr m\u00f6glich gehalten. <\/p>\n\n\n\n<figure class=\"wp-block-pullquote\"><blockquote><p>Die Kelly Family verdankt dem digitalen Wandel ihr Comeback.<\/p><cite>Joey Kelly<\/cite><\/blockquote><\/figure>\n\n\n\n<p>Fr\u00fcher musste man, auch wenn man eine sehr bekannte Band war, trotzdem ein Marketingbudget von 20.000 DM in die Hand nehmen, um die Westfalenhalle zu f\u00fcllen. Von vornherein Anzeigen, Plakatierung, Radiospots, alles. Heute, wenn du in einer Band bist, die eine gro\u00dfe Fangemeinde hat, die einem folgt, bist du im stetigen Austausch mit deinen Fans. Du bist nah dran und es kostet dich rein gar nichts, deine Fangemeinde zu informieren. Letztlich hat die Kelly Family dem digitalen Wandel zu verdanken, dass wir ein Comeback gelandet haben. <\/p>\n\n\n\n<figure class=\"wp-block-image size-full\"><a href=\"https:\/\/www.d-velop.de\/blog\/wp-content\/uploads\/2022\/05\/kelly-family-comeback-2017-dortmund.jpg\"><img loading=\"lazy\" decoding=\"async\" width=\"2048\" height=\"1252\" src=\"https:\/\/www.d-velop.de\/blog\/wp-content\/uploads\/2022\/05\/kelly-family-comeback-2017-dortmund.jpg\" alt=\"\" class=\"wp-image-31941\" srcset=\"https:\/\/www.d-velop.de\/blog\/wp-content\/uploads\/2022\/05\/kelly-family-comeback-2017-dortmund.jpg 2048w, https:\/\/www.d-velop.de\/blog\/wp-content\/uploads\/2022\/05\/kelly-family-comeback-2017-dortmund-600x367.jpg 600w, https:\/\/www.d-velop.de\/blog\/wp-content\/uploads\/2022\/05\/kelly-family-comeback-2017-dortmund-1090x666.jpg 1090w, https:\/\/www.d-velop.de\/blog\/wp-content\/uploads\/2022\/05\/kelly-family-comeback-2017-dortmund-768x470.jpg 768w, https:\/\/www.d-velop.de\/blog\/wp-content\/uploads\/2022\/05\/kelly-family-comeback-2017-dortmund-1536x939.jpg 1536w, https:\/\/www.d-velop.de\/blog\/wp-content\/uploads\/2022\/05\/kelly-family-comeback-2017-dortmund-1920x1174.jpg 1920w\" sizes=\"auto, (max-width: 2048px) 100vw, 2048px\" \/><\/a><figcaption class=\"wp-element-caption\">Kelly Family Comeback Westfalenhalle Dortmund 2017 | Quelle: <a href=\"https:\/\/media04.lokalkompass.de\/article\/2017\/05\/21\/0\/9347520_XXL.jpg?1556720287\">lokalkompass.de<\/a><\/figcaption><\/figure>\n\n\n\n<h2 class=\"wp-block-heading\"><span class=\"ez-toc-section\" id=\"der-wandel-der-zielgruppe-der-kelly-family\"><\/span>Der Wandel der Zielgruppe der Kelly Family <span class=\"ez-toc-section-end\"><\/span><\/h2>\n\n\n\n<p>Wir sind 2017 mit unserer Comeback-Tour gestartet. Knapp drei Jahre, 100 Konzerte, 1,5 Millionen Zuschauer, 2  Millionen verkaufte CDs liegen hinter uns. Jetzt im Jahr 2022 stehen wir vor einer komplett neuen Herausforderung. Wir haben ein Publikum aus verschiedenen Generationen. Wir haben das Gl\u00fcck, dass die meisten unserer Fans Familien mit Kinder sind und oft die ganze Familie die Kelly Family mag. Die Oma findet die Kellys cool, die Tochter, der Mann muss auch mit auf das Konzert und jetzt kommen auch die Kids. <\/p>\n\n\n\n<h3 class=\"wp-block-heading\">Kelly Family goes TikTok<\/h3>\n\n\n\n<p>Dementsprechend geh\u00f6ren nun auch die 10- bis 20-J\u00e4hrigen zu unserer Zielgruppe, die mit der Musik der Kelly Family durch ihre Eltern aufgewachsen sind. Unser Publikum besteht also aus den Fans von fr\u00fcher, die weniger Streaming-affin sind und der jungen Generation. Genau zu dieser Herausforderung hatten wir gestern einen Termin mit unserer Plattenfirma und haben \u00fcber TikTok gesprochen. Kelly Family goes TikTok. Das h\u00e4tte man wirklich vor f\u00fcnf Jahren nicht f\u00fcr m\u00f6glich gehalten. Gut, TikTok gab es vor f\u00fcnf Jahren nicht, aber ich h\u00e4tte niemals gedacht, dass wir mal so etwas machen. Wir k\u00e4mpfen darum, in der digitalen Welt dabei zu sein. Und wir haben dieser digitalen Welt auch sehr viel zu verdanken. Denn nur dank der digitalen Welt hat die Kelly Family ein Comeback hingelegt, ohne, dass ein Investment get\u00e4tigt werden musste. Es gab keinerlei Risiko. Das ist gro\u00dfartig.<\/p>\n\n\n\n<h2 class=\"wp-block-heading\"><span class=\"ez-toc-section\" id=\"joey-kelly-ueber-seinen-ganz-persoenlichen-wandel\"><\/span>Joey Kelly \u00fcber seinen ganz pers\u00f6nlichen Wandel<span class=\"ez-toc-section-end\"><\/span><\/h2>\n\n\n\n<p><em><strong>d.velop blog:<\/strong> An dieser Stelle k\u00f6nnten wir das Interview schon beenden, denn diese Antwort war fantastisch und sehr ausf\u00fchrlich. Vielen Dank daf\u00fcr. Uns interessiert nat\u00fcrlich aber auch dein ganz pers\u00f6nlicher Wandel. Du hast dich von der Musik als Hauptbusiness abgewandt und bist in eine andere Richtung gegangen. Warum? Was hat den Ausschlag gegeben?<\/em><\/p>\n\n\n\n<p><strong>Joey Kelly: <\/strong>Ja, also zum einen bin ich Musiker. Dar\u00fcber hinaus habe ich die Ehre, seit 23 Jahren die Kelly Family Management GmbH als Gesch\u00e4ftsf\u00fchrer f\u00fchren zu d\u00fcrfen. Das ist eine Vertrauenssache, die ich von meinen Geschwistern erhalten habe. Das ist gro\u00dfartig. Da bin ich wirklich stolz drauf, dass ich das machen darf. <\/p>\n\n\n<div class=\"wp-block-image\">\n<figure class=\"aligncenter size-full\"><a href=\"https:\/\/www.d-velop.de\/blog\/wp-content\/uploads\/2022\/05\/joey-kelly-ausdauersportler-scaled.jpg\"><img loading=\"lazy\" decoding=\"async\" width=\"2560\" height=\"1707\" src=\"https:\/\/www.d-velop.de\/blog\/wp-content\/uploads\/2022\/05\/joey-kelly-ausdauersportler-scaled.jpg\" alt=\"\" class=\"wp-image-31932\" srcset=\"https:\/\/www.d-velop.de\/blog\/wp-content\/uploads\/2022\/05\/joey-kelly-ausdauersportler-scaled.jpg 2560w, https:\/\/www.d-velop.de\/blog\/wp-content\/uploads\/2022\/05\/joey-kelly-ausdauersportler-600x400.jpg 600w, https:\/\/www.d-velop.de\/blog\/wp-content\/uploads\/2022\/05\/joey-kelly-ausdauersportler-1090x727.jpg 1090w, https:\/\/www.d-velop.de\/blog\/wp-content\/uploads\/2022\/05\/joey-kelly-ausdauersportler-768x512.jpg 768w, https:\/\/www.d-velop.de\/blog\/wp-content\/uploads\/2022\/05\/joey-kelly-ausdauersportler-1536x1024.jpg 1536w, https:\/\/www.d-velop.de\/blog\/wp-content\/uploads\/2022\/05\/joey-kelly-ausdauersportler-2048x1365.jpg 2048w, https:\/\/www.d-velop.de\/blog\/wp-content\/uploads\/2022\/05\/joey-kelly-ausdauersportler-1920x1280.jpg 1920w\" sizes=\"auto, (max-width: 2560px) 100vw, 2560px\" \/><\/a><\/figure><\/div>\n\n\n<h3 class=\"wp-block-heading\">Von der Musik zum Extremsport<\/h3>\n\n\n\n<p>Die zweite Geschichte ist der Sport, das Abenteuer, Adventure und diese ganze Challenge. Dies verfolge ich seit \u00fcber 25 Jahren. Den Sport habe ich in den 90er Jahren &#8211; genau genommen 1996 f\u00fcr mich entdeckt, als optimalen Ausgleich zu diesem, sag ich mal, sehr bewegten Beruf als Musiker. Denn im Musikbusiness erlebt man H\u00f6hen und Tiefen. Bei jeder neuen Platte, jeder neuen Tour, fragt man sich, ob es erfolgreich wird. Geht die Platte auf Nummer eins? Schafft man Goldplatten? Was auch immer. All diese Fragen. <\/p>\n\n\n\n<figure class=\"wp-block-pullquote\"><blockquote><p>Der Sport ist ein Ventil f\u00fcr mich. Er ist ein Ausgleich. Er gibt mir Kraft. Zudem gef\u00e4llt mir einfach die Challenge, die Herausforderung.<\/p><cite>Joey Kelly<\/cite><\/blockquote><\/figure>\n\n\n\n<p>In den letzten 25 Jahren habe ich 50 Marathons, 30 Ultra Marathons, zehn W\u00fcsten-L\u00e4ufe, viermal den Race Across America, 13 Iron Mans und viele, viele, viele andere Wettk\u00e4mpfe absolviert. Ich habe Deutschland zweimal ohne Geld durchquert und und und. Mir macht das Spa\u00df. Es ist aber auch eine Art Challenge mit mir selbst. <\/p>\n\n\n\n<figure class=\"wp-block-image size-large\"><img loading=\"lazy\" decoding=\"async\" width=\"1090\" height=\"727\" src=\"https:\/\/www.d-velop.de\/blog\/wp-content\/uploads\/2022\/05\/joey-kelly-gruene-band-1090x727.jpg\" alt=\"\" class=\"wp-image-31929\" srcset=\"https:\/\/www.d-velop.de\/blog\/wp-content\/uploads\/2022\/05\/joey-kelly-gruene-band-1090x727.jpg 1090w, https:\/\/www.d-velop.de\/blog\/wp-content\/uploads\/2022\/05\/joey-kelly-gruene-band-600x400.jpg 600w, https:\/\/www.d-velop.de\/blog\/wp-content\/uploads\/2022\/05\/joey-kelly-gruene-band-768x512.jpg 768w, https:\/\/www.d-velop.de\/blog\/wp-content\/uploads\/2022\/05\/joey-kelly-gruene-band-1536x1024.jpg 1536w, https:\/\/www.d-velop.de\/blog\/wp-content\/uploads\/2022\/05\/joey-kelly-gruene-band.jpg 1800w\" sizes=\"auto, (max-width: 1090px) 100vw, 1090px\" \/><figcaption class=\"wp-element-caption\">Joey &amp; Luke Kelly Bulli Challenge \u2013 Von Berlin nach Peking ohne Geld \u2013 nur mit Spenden | National Geographic<\/figcaption><\/figure>\n\n\n\n<h3 class=\"wp-block-heading\">Sich immer wieder aufs Neue herausfordern&#8230;<\/h3>\n\n\n\n<p>Vor elf Jahren ging ich von Wilhelmshaven zur Zugspitze, 900 Kilometer ohne Verpflegung und ohne Geld. Also wirklich Survival. Angekommen bin ich nach knapp 18 Tagen. Es war gro\u00dfartig, fantastisch. Dann habe ich mir das Gleiche vor vier Jahren wieder angetan. Allerdings war der Anspruch an mich selbst ein anderer, ich wollte einfach schneller sein. Ich wusste, dass ich mehr Erfahrung habe. Ich wusste, dass ich mich mit dem Thema auseinandergesetzt habe &#8211; nicht nur mit dem Ultrasport, sondern auch dem Survival &#8211; also starte ich ohne Garantie, aber mit der Hoffnung, dass es besser wird. Und es war so: Ich war nach 15 Tagen im Ziel. Und so geht es immer weiter. <\/p>\n\n\n\n<h3 class=\"wp-block-heading\">Neue Wege gehen statt Aufh\u00f6ren &#8211; auch in Zeiten von Covid<\/h3>\n\n\n\n<p>Die letzten zwei Jahre waren ebenfalls eine Challenge. Aufgrund von Covid war fast jeder Marathon und jede Challenge verlegt oder abgesagt. Der Nordpol Marathon, den ich eigentlich die letzten zwei Jahre machen wollte, ist aufgrund der Situation verlegt worden. Also geht man neue Wege. F\u00fcr mich ist Aufh\u00f6ren keine Option. Sich selbst zu sagen &#8222;Okay, jetzt mache ich einfach nur eine gro\u00dfe Pause und warte, bis alles wieder gut wird.&#8220; Nein, das ist nichts f\u00fcr mich. Also habe ich mir eine eigene Challenge in Deutschland gestaltet. Diese konnte ich machen, ohne, dass ich eingeschr\u00e4nkt war durch Reiseregulierungen oder andere Auflagen. Eine Challenge, die ich selbst mit einem Team produzierte. In dem Fall wurde ich durch Stern TV unterst\u00fctzt und es ist ein Buch f\u00fcr National Geographic dabei entstanden.<\/p>\n\n\n\n<h2 class=\"wp-block-heading\"><span class=\"ez-toc-section\" id=\"challenge-accepted-das-gruene-band-%e2%80%93-von-der-ostsee-bis-zur-tschechei\"><\/span>Challenge accepted: das gr\u00fcne Band &#8211; von der Ostsee bis zur Tschechei<span class=\"ez-toc-section-end\"><\/span><\/h2>\n\n\n\n<p>Die Challenge war die ehemalige innere deutsche Grenze, das gr\u00fcne Band von der Ostsee bis an die Tschechei. 1400 Kilometer. Nicht nur jeden Tag mindestens 42 Kilometer abrocken und diese Strecke erleben, eine historische Strecke f\u00fcr die deutsche Geschichte, sondern auch jeden Tag organisiert von drei Journalisten, die ich an Bord als Team eingebaut habe. Zeitzeugen, die mich quasi jeden Tag begleitet haben und ein paar Stunden von Dingen berichtet haben, die passiert sind, als die W\u00e4nde noch standen. Von West, aber auch von Ost. Das war noch fantastischer, als ich es mir je h\u00e4tte vorstellen k\u00f6nnen. Es ist einfach eine gro\u00dfartige Geschichte. Ein paar Spitzenpolitiker und Prominente waren auch dabei. Das Zusammenspiel aus Historie und Challenge, verbunden mit der Natur, war fantastisch.<\/p>\n\n\n\n<div class=\"wp-block-group is-style-info-explanation\"><div class=\"wp-block-group__inner-container is-layout-flow wp-block-group-is-layout-flow\">\n<p>&#8222;Das <strong>gr\u00fcne Band <\/strong>ist das l\u00e4ngste Biotop in Europa, mit fast 1400 Kilometer und 150 Naturschutzgebieten und hat eine tolle Tierlandschaft. Aufgrund der jahrzehntelangen Sperre hat sich die Natur auf dieser Strecke stark entfaltet.&#8220;<\/p>\n<\/div><\/div>\n\n\n\n<h2 class=\"wp-block-heading\"><span class=\"ez-toc-section\" id=\"joey-kelly-lebt-fuer-den-moment-des-ankommens\"><\/span>Joey Kelly lebt f\u00fcr den Moment des Ankommens<span class=\"ez-toc-section-end\"><\/span><\/h2>\n\n\n\n<p><em><strong>d.velop blog: <\/strong>Du sagst, das macht Spa\u00df und du sagst, es ist eine Leidenschaft. Aber warum tut man sich diesen Schmerz dabei an?<\/em><\/p>\n\n\n\n<p><strong>Joey Kelly: <\/strong>Also ich leide meistens nur in dem letzten Drittel. Die letzten 30 Prozent sind nur Kampf und Qual und Kopf und Mindset und vor allem der Gedanke, nicht aufzugeben. Ich lebe f\u00fcr den Moment des Ankommens. Ein Beispiel: Als ich die Zugspitze nach 18 Tagen geschafft habe, von Wilhelmshaven zur Zugspitze, die letzten 10 Meter, allein f\u00fcr diese 10 Meter und f\u00fcr dieses Ankommen, diesen Moment, dass man seine Grenzen erreicht und \u00fcber diese hinaus gegangen ist, sodass man G\u00e4nsehaut bekommt, hat es sich gelohnt. Von diesen Momenten ern\u00e4hre ich mich. Von diesem Erfolg, von diesem Ergebnis.<\/p>\n\n\n\n<figure class=\"wp-block-pullquote\"><blockquote><p>Ich qu\u00e4le mich 18 Tage, aber ern\u00e4hre mich davon mein ganzes Leben.<\/p><cite>Joey kelly<\/cite><\/blockquote><\/figure>\n\n\n\n<p><strong><em>d.v<\/em><\/strong><em><strong>elop blog:<\/strong> Das hei\u00dft, f\u00fcr dich ist das Ankommen das Ziel? Andere sagen ja, der Weg ist das Ziel. Und ob und wann man ankommt und wie schnell, spiele gar keine Rolle.<\/em><\/p>\n\n\n\n<p><strong>Joey Kelly:<\/strong> Also der Weg ist das Ziel ist sicherlich ein gutes Motto. Es gibt so Leute, die quasi sagen &#8222;Ja, ich wei\u00df nicht genau, was ich will.&#8220; Ich sage dann: &#8222;Mach irgendwas. Der Weg ist auch das Ziel.&#8220; Dieser Ansatz ist auch ein gutes Konzept, aber f\u00fcr mich kommt nicht ankommen nicht infrage. Wie Churchill sagte: &#8222;Never ever, ever ever, give up.&#8220; Und es hat bisher auch immer geklappt. Ich habe jede Challenge, jeden Wettkampf absolviert. Manchmal bin ich auch mittendrin, nennen wir es &#8222;geplatzt&#8220;. Ich habe die Kraft, die ich ben\u00f6tige, untersch\u00e4tzt, habe dann vielleicht nicht optimal die Energie aufgeteilt. Der Wettkampf war dann doch viel brutaler und h\u00e4rter als ich gedacht habe oder wetterbedingt war es noch hei\u00dfer oder es gab viel Sturm oder whatever. Trotz aller Widrigkeiten bin ich immer angekommen.<\/p>\n\n\n<div class=\"wp-block-image\">\n<figure class=\"aligncenter size-full is-resized\"><a href=\"https:\/\/www.d-velop.de\/blog\/wp-content\/uploads\/2022\/05\/joey-kelly-zieleinlauf.jpg\"><img loading=\"lazy\" decoding=\"async\" src=\"https:\/\/www.d-velop.de\/blog\/wp-content\/uploads\/2022\/05\/joey-kelly-zieleinlauf.jpg\" alt=\"\" class=\"wp-image-31930\" width=\"840\" height=\"599\" srcset=\"https:\/\/www.d-velop.de\/blog\/wp-content\/uploads\/2022\/05\/joey-kelly-zieleinlauf.jpg 2102w, https:\/\/www.d-velop.de\/blog\/wp-content\/uploads\/2022\/05\/joey-kelly-zieleinlauf-600x428.jpg 600w, https:\/\/www.d-velop.de\/blog\/wp-content\/uploads\/2022\/05\/joey-kelly-zieleinlauf-1090x778.jpg 1090w, https:\/\/www.d-velop.de\/blog\/wp-content\/uploads\/2022\/05\/joey-kelly-zieleinlauf-768x548.jpg 768w, https:\/\/www.d-velop.de\/blog\/wp-content\/uploads\/2022\/05\/joey-kelly-zieleinlauf-1536x1096.jpg 1536w, https:\/\/www.d-velop.de\/blog\/wp-content\/uploads\/2022\/05\/joey-kelly-zieleinlauf-2048x1461.jpg 2048w, https:\/\/www.d-velop.de\/blog\/wp-content\/uploads\/2022\/05\/joey-kelly-zieleinlauf-1920x1370.jpg 1920w\" sizes=\"auto, (max-width: 840px) 100vw, 840px\" \/><\/a><\/figure><\/div>\n\n\n<p><em><strong>d.velop blog:<\/strong> Gab es jemals irgendeine Situation, irgendeine Challenge, wo du aufgegeben hast?<\/em><\/p>\n\n\n\n<p><strong>Joey Kelly:<\/strong> Nein, es gab bis jetzt kein Challenge von \u00fcber 100 Challenges in den letzten 25 Jahren, bei der ich aufgegeben habe. Nein, das kam wirklich bis jetzt nicht infrage. M\u00f6glicherweise in Zukunft, wenn ich mich irgendwo schwer verletzen sollte, dann geht es nicht. Allerdings habe ich auch bereits einen Ironman mit dem gebrochenem Schl\u00fcsselbein gefinished. Ich war oft wirklich so k\u00f6rperlich hin, Schmerzen an den Beinen, die F\u00fc\u00dfe kaputt oder offen und trotzdem ging es weiter.<\/p>\n\n\n\n<h2 class=\"wp-block-heading\"><span class=\"ez-toc-section\" id=\"das-joey-kelly-mindset-im-buero\"><\/span>Das Joey Kelly Mindset im B\u00fcro?! <span class=\"ez-toc-section-end\"><\/span><\/h2>\n\n\n\n<p><em><strong>d.velop blog: <\/strong>Du hast gerade vom Mindset gesprochen. Wenn wir das versuchen, auf den Kontext, in dem wir unterwegs sind, herunterzubrechen: Unternehmen, Menschen, die im B\u00fcro sitzen, am Computer arbeiten, vielleicht ganz andere Herausforderungen, andere Challenges haben. Wie kann ich mehr Widerstandskraft entwickeln, um die Herausforderungen zu l\u00f6sen? Sogenannte Resilienz. Kannst du das auf die Dinge projizieren, die dich antreiben? Wie kann ich das transferieren, wenn ich den ganzen Tag am Computer sitze, mich aber genauso f\u00fchle, unter Druck und voller Schmerz?<\/em><\/p>\n\n\n\n<p><strong>Joey Kelly:<\/strong> Ja, die Frage, die sich stellt, ist: Wie motiviere ich mich? Ich glaube, es ist wichtig einen Beruf auszu\u00fcben, den man als Berufung empfindet. Wenn du in deinem Beruf Erfolg haben willst, dann muss es auch etwas sein, das mit Leidenschaft verbunden ist, f\u00fcr das man brennt. Und trotzdem gibt es den Alltag im Job. Bei mir findet auch nicht jeden Tag ein Zieleinlauf statt. Wenn ich gleich nach Frankfurt fahren muss und im Stau stehe, weil ich heute Abend mit Stern TV vier Tage drehe, dann ist es auch keine Freude. <\/p>\n\n\n\n<figure class=\"wp-block-pullquote\"><blockquote><p>Ich bin selbstst\u00e4ndig, ich habe eine Steuerpr\u00fcfung alle zwei Jahre. Das ist auch keine Freude, aber das geh\u00f6rt dazu. Es kommt auf das Ergebnis an.<\/p><cite>Joey Kelly<\/cite><\/blockquote><\/figure>\n\n\n\n<p><em><strong>d.velop blog:<\/strong> Es gibt da eine ganz tolle Software, die kann da helfen.<\/em><\/p>\n\n\n\n<p><strong>Joey Kelly: <\/strong>Wenn man Unternehmer ist, muss man halt auch viel, sage ich mal &#8222;Drecksarbeit&#8220; machen, damit man ein  gutes Ergebnis erh\u00e4lt. Wir produzieren momentan f\u00fcnf verschiedene Dokus. Deshalb telefoniere ich jeden Tag stundenlang nur f\u00fcr die Organisation. Angefangen von dem Projekt, dass Kelly Family Schiff aufs Wasser zu legen oder den Kelly Bus nach Madrid zu fahren. Das wird quasi eine Doku \u00fcber die Kelly Family History. Ein weiteres aktuelles Beispiel: Ich mache in sechs Wochen die Panamericana. Dieses Projekt ist schon seit zwei Jahren in der Organisation. Allein die ganze Organisation, die Fahrzeuge, die dort oben stehen m\u00fcssen, bis es beginnt. Erst dann f\u00e4ngt das Abenteuer an.<\/p>\n\n\n\n<h3 class=\"wp-block-heading\">Ein Team, das fetzt, als Erfolgsfaktor<\/h3>\n\n\n\n<p>Um erfolgreich zu sein, ist insbesondere eins sehr wichtig: ein geiles Team. Mit Leuten zu arbeiten, die einfach fetzen. Neben dem Team ist die Vorbereitung essenziell. Die Vorbereitung, f\u00fcr alles, was ich tue, ist die halbe Miete, finde ich. Auf den Punkt gebracht: Gute Vorbereitung, ein starkes Mindset und der Wille gemeinsam im Team Dinge stemmen zu wollen. <\/p>\n\n\n\n<h2 class=\"wp-block-heading\"><span class=\"ez-toc-section\" id=\"das-erfolgsrezept-der-mitarbeitermotivation-nach-joey-kelly\"><\/span>Das Erfolgsrezept der Mitarbeitermotivation nach Joey Kelly<span class=\"ez-toc-section-end\"><\/span><\/h2>\n\n\n\n<p><em><strong>d.velop blog:<\/strong> Das hei\u00dft, du arbeitest auch mit Leuten im Team zusammen? Was w\u00fcrdest du einem Unternehmen oder einer Unternehmensleitung raten, wie k\u00f6nnen sie denn ihre Mitarbeiter motivieren? Wie k\u00f6nnen sie daf\u00fcr sorgen, dass die auch unter Belastung agieren k\u00f6nnen und dass sie dabei auch Spa\u00df daran haben?<\/em><\/p>\n\n\n\n<p><strong>Joey Kelly:<\/strong> Ich finde es wichtig, dass in dem Unternehmen, in dem man arbeitet, eine<strong> gute Stimmung<\/strong> herrscht. Denn die Stimmung, finde ich, macht so 50 Prozent der Motivation aus. Durch Stimmung steigt die Motivation, Ziele zu schaffen. Neben guter Stimmung ist ein <strong>respektvolles Miteinander<\/strong> notwendig: Ein guter Ton, sodass sich die Leute einfach wohlf\u00fchlen. Zudem sollte man den Menschen um sich herum immer das <strong>Gef\u00fchl geben, dass sie gebraucht werden<\/strong>: &#8222;Ohne dich kommen wir nicht so weit.&#8220; Au\u00dferdem ist <strong>Vertrauen <\/strong>unfassbar wichtig, die Sicherheit, dass man sich auf jemanden auch verlassen kann. Ich habe zus\u00e4tzlich zum Betrieb der Kelly Family noch eine Mannschaft von neun Leuten. Ich bin nicht der Chef, ich bin nur zust\u00e4ndig, dass auch alles l\u00e4uft. Wir arbeiten auf <strong>Augenh\u00f6he<\/strong>. Ich habe ein Team, auf das ich mich hundertprozentig verlassen kann, wo wir gemeinsam wirklich als Team dem Thema &#8222;No Limits im Business&#8220; nachgehen.<\/p>\n\n\n\n<figure class=\"wp-block-image size-full\"><a href=\"https:\/\/www.d-velop.de\/blog\/wp-content\/uploads\/2022\/05\/joey-kelly-tipps-mitarbeitermotivation.png\"><img loading=\"lazy\" decoding=\"async\" width=\"2000\" height=\"1025\" src=\"https:\/\/www.d-velop.de\/blog\/wp-content\/uploads\/2022\/05\/joey-kelly-tipps-mitarbeitermotivation.png\" alt=\"\" class=\"wp-image-31925\" srcset=\"https:\/\/www.d-velop.de\/blog\/wp-content\/uploads\/2022\/05\/joey-kelly-tipps-mitarbeitermotivation.png 2000w, https:\/\/www.d-velop.de\/blog\/wp-content\/uploads\/2022\/05\/joey-kelly-tipps-mitarbeitermotivation-600x308.png 600w, https:\/\/www.d-velop.de\/blog\/wp-content\/uploads\/2022\/05\/joey-kelly-tipps-mitarbeitermotivation-1090x559.png 1090w, https:\/\/www.d-velop.de\/blog\/wp-content\/uploads\/2022\/05\/joey-kelly-tipps-mitarbeitermotivation-768x394.png 768w, https:\/\/www.d-velop.de\/blog\/wp-content\/uploads\/2022\/05\/joey-kelly-tipps-mitarbeitermotivation-1536x787.png 1536w, https:\/\/www.d-velop.de\/blog\/wp-content\/uploads\/2022\/05\/joey-kelly-tipps-mitarbeitermotivation-1920x984.png 1920w\" sizes=\"auto, (max-width: 2000px) 100vw, 2000px\" \/><\/a><\/figure>\n\n\n\n<h3 class=\"wp-block-heading\">Egal, ob W\u00fcstenlauf oder B\u00fcro, es braucht \u00e4hnliche Skills.<\/h3>\n\n\n\n<p>Der Vergleich zwischen einem W\u00fcstenlauf, einem Marathon, einem Iron Man und jemandem, der beruflich Gas gibt, ist zu 100 Prozent m\u00f6glich. Du brauchst Ausdauer, egal, was du tust. Du brauchst <strong>Disziplin, Mut, Leidenschaft, Passion<\/strong> und <strong>Ziele<\/strong>. Also, es ist alles eins zu eins vergleichbar. Deswegen sage ich immer:  <\/p>\n\n\n\n<figure class=\"wp-block-pullquote\"><blockquote><p>Das Leben ist ein Marathon.<\/p><cite>Joey Kelly<\/cite><\/blockquote><\/figure>\n\n\n\n<p>Letztlich muss man auch gar keine Marathons laufen. Das ist ein Hobby, das ich gerne aus\u00fcbe. Trotzdem sollte man nicht vergessen, dass Gesundheit wichtig ist und das schafft man \u00fcber Bewegung und Ern\u00e4hrung. Da hat man dann einfach mehr Energie, aber Menschen m\u00fcssen keine Marathons laufen. Ein Marathon ist schon so viel, dass es nicht mehr gesund ist &#8211; und das sage ICH, aber ein bisschen Bewegung ist wichtig. Bewegung ist einfach ein guter Ausgleich.<\/p>\n\n\n\n<h2 class=\"wp-block-heading\"><span class=\"ez-toc-section\" id=\"auch-ein-joey-kelly-hat-aengste\"><\/span>Auch ein Joey Kelly hat \u00c4ngste<span class=\"ez-toc-section-end\"><\/span><\/h2>\n\n\n\n<p><em><strong>d.velop blog: <\/strong>Wenn man dich in der \u00d6ffentlichkeit erlebt, dann ist es immer so oder wirkt es immer so: Der Joey Kelly, der kann alles, der schafft alles, was er sich vornimmt und gibt niemals auf. Das sagst du ja auch. Gibt es irgendwas wovor du wirklich Angst hast, was du dich nicht trauen w\u00fcrdest, was du nicht machen w\u00fcrdest?<\/em><\/p>\n\n\n\n<p><strong>Joey Kelly:<\/strong> Genug. Ich k\u00f6nnte mir zum Beispiel nie vorstellen, Tieftauchen auszu\u00fcben. Oder H\u00f6hlen. Dort bekomme ich \u00c4ngste, da denke ich, ich komme hier nie wieder raus oder ersaufe dort. Oder Base Jumping. Es gibt sehr viele Sportarten, die mich wirklich \u00e4ngstigen, wo ich denke &#8222;Wow, das ist crazy.&#8220; Das ist so au\u00dfer Kontrolle, dass man wirklich nicht wei\u00df, ob man noch lange lebt oder so. <\/p>\n\n\n\n<p>Ansonsten Angst habe ich eigentlich nicht und mir macht das einfach Spa\u00df, mit Leuten zu arbeiten. Ich bin jemand, der Leute liebt und ich mag einfach People und ich mag, wenn man zusammen ein Projekt angeht. <\/p>\n\n\n\n<h2 class=\"wp-block-heading\"><span class=\"ez-toc-section\" id=\"das-geschaeftsmodell-von-joey-kelly-give-ten-take-one\"><\/span>Das Gesch\u00e4ftsmodell von Joey Kelly: Give ten, take one. <span class=\"ez-toc-section-end\"><\/span><\/h2>\n\n\n\n<p>Es gibt ein Gesch\u00e4ftsmodell, das ich nur empfehlen kann. Wenn du als Unternehmer halt quasi oder als Mitarbeiter oder egal was, wenn du wachsen willst und willst Leute f\u00fcr dich halt quasi gewinnen und willst dann halt beruflich so dastehen, dass man dich nur noch empfiehlt und du dich vor Arbeit nicht mehr retten kannst oder Auftr\u00e4ge. \u201eMehr geben als nehmen!\u201c Das hei\u00dft, auf Englisch geht man sogar einen Schritt weiter und sagt \u201eGive ten, take one.\u201c Also gib zehn, nimm eins. <\/p>\n\n\n\n<h3 class=\"wp-block-heading\">Es kommt auf den langfristigen Erfolg an<\/h3>\n\n\n\n<p>Der einzige wahre Erfolg im Leben und im Business, finde ich, ist der langfristige Erfolg. Dieser Erfolg entsteht durch das Investment in mein Team, mein Unternehmen, meine Partner, meine Kunden, meine Familie, meine Freunde und diesen mit Fairness und Loyalit\u00e4t zu begegnen. <\/p>\n\n\n\n<figure class=\"wp-block-pullquote\"><blockquote><p>Die Werte zu leben, die wir jetzt in den letzten zwei Jahren wieder verst\u00e4rkt erfahren haben, darauf kommt es an. Auch im Business.<\/p><cite>Joey kelly<\/cite><\/blockquote><\/figure>\n\n\n\n<p>Durch die Lockdowns haben wir erkannt: Wer ist wirklich f\u00fcr mich da, wenn es hart auf hart kommt? Wer ist meine Familie? Diese Fragen sind aktueller, denn je. <\/p>\n\n\n\n<p>Um diesen langfristigen Erfolg im Business zu sichern, muss man mehr geben als nehmen. Nur so kann man wachsen. Solltest du hingegen jemand sein, der schnelles Business machen will und auf schnelles Geld aus ist, hinterl\u00e4sst du eine negative Spur hinter dir. Wie weit soll das gehen? Wir sind heute in der digitalen Welt. Transparenz ist zu 100 Prozent vorhanden. Keiner kann sich im Business verstecken. Das ist vorbei. Du kannst nicht nach Frankreich gehen wie fr\u00fcher und keiner wei\u00df, wo du herkommst. Nein, wir sind \u00fcberall auf der ganzen Welt. <\/p>\n\n\n\n<p><em><strong>d.velop blog: <\/strong>Ich h\u00e4tte noch 1000 Fragen, aber ich glaube, das ist ein sehr, sehr sch\u00f6nes Schlusswort auch f\u00fcr dieses Interview. Ich kann nur sagen, vielen herzlichen Dank f\u00fcr die tiefen, herzlichen und offenen Eindr\u00fccke.<\/em><\/p>\n","protected":false},"excerpt":{"rendered":"<p>Ein inspirierendes Interview mit Joey Kelly liegt hinter uns. Freut euch auf Einblicke, wie Joey Kelly den digitalen Wandel in [&hellip;]<\/p>\n","protected":false},"author":182,"featured_media":32020,"comment_status":"open","ping_status":"closed","sticky":false,"template":"","format":"standard","meta":{"footnotes":"","beyondwords_generate_audio":"","beyondwords_project_id":"","beyondwords_content_id":"","beyondwords_preview_token":"","beyondwords_player_content":"","beyondwords_player_style":"","beyondwords_language_id":"","beyondwords_title_voice_id":"","beyondwords_body_voice_id":"","beyondwords_summary_voice_id":"","beyondwords_error_message":"","beyondwords_disabled":"","beyondwords_delete_content":"","beyondwords_podcast_id":"","beyondwords_hash":"","publish_post_to_speechkit":"","speechkit_hash":"","speechkit_generate_audio":"","speechkit_project_id":"","speechkit_podcast_id":"","speechkit_error_message":"","speechkit_disabled":"","speechkit_access_key":"","speechkit_error":"","speechkit_info":"","speechkit_response":"","speechkit_retries":"","speechkit_status":"","speechkit_updated_at":"","_speechkit_link":"","_speechkit_text":""},"categories":[5],"tags":[],"class_list":["post-31749","post","type-post","status-publish","format-standard","has-post-thumbnail","hentry","category-digitaler-wandel"],"acf":[],"yoast_head":"<!-- This site is optimized with the Yoast SEO Premium plugin v25.6 (Yoast SEO v25.6) - https:\/\/yoast.com\/wordpress\/plugins\/seo\/ -->\n<title>Joey Kelly \u00fcber digitalen Wandel der Musikbranche, Mindset im B\u00fcro &amp; Co.<\/title>\n<meta name=\"description\" content=\"Joey Kelly gew\u00e4hrt im Interview exklusive Einblicke zum digitalen Wandel der Musikbranche, seinen pers\u00f6nlichen Wandel und Tipps zum Mindset im B\u00fcro!\" \/>\n<meta name=\"robots\" content=\"index, follow, max-snippet:-1, max-image-preview:large, max-video-preview:-1\" \/>\n<link rel=\"canonical\" href=\"https:\/\/www.d-velop.de\/blog\/digitaler-wandel\/joey-kelly\/\" \/>\n<meta property=\"og:locale\" content=\"de_DE\" \/>\n<meta property=\"og:type\" content=\"article\" \/>\n<meta property=\"og:title\" content=\"&quot;Ich leide nur im letzten Drittel&quot; - Joey Kelly \u00fcber digitalen Wandel der Musikbranche, pers\u00f6nlichen Wandel &amp; Tipps zum Mindset im B\u00fcro\" \/>\n<meta property=\"og:description\" content=\"Joey Kelly gew\u00e4hrt im Interview exklusive Einblicke zum digitalen Wandel der Musikbranche, seinen pers\u00f6nlichen Wandel und Tipps zum Mindset im B\u00fcro!\" \/>\n<meta property=\"og:url\" content=\"https:\/\/www.d-velop.de\/blog\/digitaler-wandel\/joey-kelly\/\" \/>\n<meta property=\"og:site_name\" content=\"d.velop blog\" \/>\n<meta property=\"article:publisher\" content=\"https:\/\/www.facebook.com\/d.velop.ag\/\" \/>\n<meta property=\"article:published_time\" content=\"2022-05-31T05:30:00+00:00\" \/>\n<meta property=\"article:modified_time\" content=\"2023-03-06T11:10:14+00:00\" \/>\n<meta property=\"og:image\" content=\"https:\/\/www.d-velop.de\/blog\/wp-content\/uploads\/2022\/05\/d-velop-blog-artikel-joey-kelly-social-media.png\" \/>\n\t<meta property=\"og:image:width\" content=\"1200\" \/>\n\t<meta property=\"og:image:height\" content=\"675\" \/>\n\t<meta property=\"og:image:type\" content=\"image\/png\" \/>\n<meta name=\"author\" content=\"Joey Kelly\" \/>\n<meta name=\"twitter:card\" content=\"summary_large_image\" \/>\n<meta name=\"twitter:creator\" content=\"@d_velop\" \/>\n<meta name=\"twitter:site\" content=\"@d_velop\" \/>\n<meta name=\"twitter:label1\" content=\"Verfasst von\" \/>\n\t<meta name=\"twitter:data1\" content=\"Joey Kelly\" \/>\n\t<meta name=\"twitter:label2\" content=\"Gesch\u00e4tzte Lesezeit\" \/>\n\t<meta name=\"twitter:data2\" content=\"20\u00a0Minuten\" \/>\n<script type=\"application\/ld+json\" class=\"yoast-schema-graph\">{\"@context\":\"https:\/\/schema.org\",\"@graph\":[{\"@type\":\"Article\",\"@id\":\"https:\/\/www.d-velop.de\/blog\/digitaler-wandel\/joey-kelly\/#article\",\"isPartOf\":{\"@id\":\"https:\/\/www.d-velop.de\/blog\/digitaler-wandel\/joey-kelly\/\"},\"author\":{\"name\":\"Joey Kelly\",\"@id\":\"https:\/\/www.d-velop.de\/blog\/#\/schema\/person\/880bf717ae1fe1613690e9a2d8578943\"},\"headline\":\"&#8222;Ich leide nur im letzten Drittel&#8220; &#8211; Joey Kelly \u00fcber digitalen Wandel der Musikbranche, pers\u00f6nlichen Wandel &#038; Tipps zum Mindset im B\u00fcro\",\"datePublished\":\"2022-05-31T05:30:00+00:00\",\"dateModified\":\"2023-03-06T11:10:14+00:00\",\"mainEntityOfPage\":{\"@id\":\"https:\/\/www.d-velop.de\/blog\/digitaler-wandel\/joey-kelly\/\"},\"wordCount\":3495,\"commentCount\":0,\"publisher\":{\"@id\":\"https:\/\/www.d-velop.de\/blog\/#organization\"},\"image\":{\"@id\":\"https:\/\/www.d-velop.de\/blog\/digitaler-wandel\/joey-kelly\/#primaryimage\"},\"thumbnailUrl\":\"https:\/\/www.d-velop.de\/blog\/wp-content\/uploads\/2022\/05\/joey-kelly-im-interview-dvelop-blog.png\",\"articleSection\":[\"Digitaler Wandel\"],\"inLanguage\":\"de\",\"potentialAction\":[{\"@type\":\"CommentAction\",\"name\":\"Comment\",\"target\":[\"https:\/\/www.d-velop.de\/blog\/digitaler-wandel\/joey-kelly\/#respond\"]}]},{\"@type\":\"WebPage\",\"@id\":\"https:\/\/www.d-velop.de\/blog\/digitaler-wandel\/joey-kelly\/\",\"url\":\"https:\/\/www.d-velop.de\/blog\/digitaler-wandel\/joey-kelly\/\",\"name\":\"Joey Kelly \u00fcber digitalen Wandel der Musikbranche, Mindset im B\u00fcro & Co.\",\"isPartOf\":{\"@id\":\"https:\/\/www.d-velop.de\/blog\/#website\"},\"primaryImageOfPage\":{\"@id\":\"https:\/\/www.d-velop.de\/blog\/digitaler-wandel\/joey-kelly\/#primaryimage\"},\"image\":{\"@id\":\"https:\/\/www.d-velop.de\/blog\/digitaler-wandel\/joey-kelly\/#primaryimage\"},\"thumbnailUrl\":\"https:\/\/www.d-velop.de\/blog\/wp-content\/uploads\/2022\/05\/joey-kelly-im-interview-dvelop-blog.png\",\"datePublished\":\"2022-05-31T05:30:00+00:00\",\"dateModified\":\"2023-03-06T11:10:14+00:00\",\"description\":\"Joey Kelly gew\u00e4hrt im Interview exklusive Einblicke zum digitalen Wandel der Musikbranche, seinen pers\u00f6nlichen Wandel und Tipps zum Mindset im B\u00fcro!\",\"breadcrumb\":{\"@id\":\"https:\/\/www.d-velop.de\/blog\/digitaler-wandel\/joey-kelly\/#breadcrumb\"},\"inLanguage\":\"de\",\"potentialAction\":[{\"@type\":\"ReadAction\",\"target\":[\"https:\/\/www.d-velop.de\/blog\/digitaler-wandel\/joey-kelly\/\"]}]},{\"@type\":\"ImageObject\",\"inLanguage\":\"de\",\"@id\":\"https:\/\/www.d-velop.de\/blog\/digitaler-wandel\/joey-kelly\/#primaryimage\",\"url\":\"https:\/\/www.d-velop.de\/blog\/wp-content\/uploads\/2022\/05\/joey-kelly-im-interview-dvelop-blog.png\",\"contentUrl\":\"https:\/\/www.d-velop.de\/blog\/wp-content\/uploads\/2022\/05\/joey-kelly-im-interview-dvelop-blog.png\",\"width\":1200,\"height\":400},{\"@type\":\"BreadcrumbList\",\"@id\":\"https:\/\/www.d-velop.de\/blog\/digitaler-wandel\/joey-kelly\/#breadcrumb\",\"itemListElement\":[{\"@type\":\"ListItem\",\"position\":1,\"name\":\"Startseite\",\"item\":\"https:\/\/www.d-velop.de\/blog\/\"},{\"@type\":\"ListItem\",\"position\":2,\"name\":\"&#8222;Ich leide nur im letzten Drittel&#8220; &#8211; Joey Kelly \u00fcber digitalen Wandel der Musikbranche, pers\u00f6nlichen Wandel &#038; Tipps zum Mindset im B\u00fcro\"}]},{\"@type\":\"WebSite\",\"@id\":\"https:\/\/www.d-velop.de\/blog\/#website\",\"url\":\"https:\/\/www.d-velop.de\/blog\/\",\"name\":\"d.velop blog\",\"description\":\"Digitalisierung, Dokumentenmanagement und rund um d.velop\",\"publisher\":{\"@id\":\"https:\/\/www.d-velop.de\/blog\/#organization\"},\"potentialAction\":[{\"@type\":\"SearchAction\",\"target\":{\"@type\":\"EntryPoint\",\"urlTemplate\":\"https:\/\/www.d-velop.de\/blog\/?s={search_term_string}\"},\"query-input\":{\"@type\":\"PropertyValueSpecification\",\"valueRequired\":true,\"valueName\":\"search_term_string\"}}],\"inLanguage\":\"de\"},{\"@type\":\"Organization\",\"@id\":\"https:\/\/www.d-velop.de\/blog\/#organization\",\"name\":\"d.velop Gruppe\",\"url\":\"https:\/\/www.d-velop.de\/blog\/\",\"logo\":{\"@type\":\"ImageObject\",\"inLanguage\":\"de\",\"@id\":\"https:\/\/www.d-velop.de\/blog\/#\/schema\/logo\/image\/\",\"url\":\"https:\/\/www.d-velop.de\/blog\/wp-content\/uploads\/2018\/12\/dvelop-blog-logo-invers.jpg\",\"contentUrl\":\"https:\/\/www.d-velop.de\/blog\/wp-content\/uploads\/2018\/12\/dvelop-blog-logo-invers.jpg\",\"width\":350,\"height\":350,\"caption\":\"d.velop Gruppe\"},\"image\":{\"@id\":\"https:\/\/www.d-velop.de\/blog\/#\/schema\/logo\/image\/\"},\"sameAs\":[\"https:\/\/www.facebook.com\/d.velop.ag\/\",\"https:\/\/x.com\/d_velop\",\"https:\/\/de.linkedin.com\/company\/d-velop\",\"https:\/\/www.xing.com\/pages\/d-velopag\",\"https:\/\/www.instagram.com\/d.velop_group\/\"]},{\"@type\":\"Person\",\"@id\":\"https:\/\/www.d-velop.de\/blog\/#\/schema\/person\/880bf717ae1fe1613690e9a2d8578943\",\"name\":\"Joey Kelly\",\"image\":{\"@type\":\"ImageObject\",\"inLanguage\":\"de\",\"@id\":\"https:\/\/www.d-velop.de\/blog\/#\/schema\/person\/image\/\",\"url\":\"https:\/\/www.d-velop.de\/blog\/wp-content\/uploads\/2022\/05\/joey-kelly-dvelop-forum-210x210.png\",\"contentUrl\":\"https:\/\/www.d-velop.de\/blog\/wp-content\/uploads\/2022\/05\/joey-kelly-dvelop-forum-210x210.png\",\"caption\":\"Joey Kelly\"},\"description\":\"Ausdauersportler | Musiker | Unternehmer | Speaker\",\"sameAs\":[\"https:\/\/joeykelly.de\/\"],\"url\":\"https:\/\/www.d-velop.de\/blog\/author\/joey-kelly\/\"}]}<\/script>\n<!-- \/ Yoast SEO Premium plugin. -->","yoast_head_json":{"title":"Joey Kelly \u00fcber digitalen Wandel der Musikbranche, Mindset im B\u00fcro & Co.","description":"Joey Kelly gew\u00e4hrt im Interview exklusive Einblicke zum digitalen Wandel der Musikbranche, seinen pers\u00f6nlichen Wandel und Tipps zum Mindset im B\u00fcro!","robots":{"index":"index","follow":"follow","max-snippet":"max-snippet:-1","max-image-preview":"max-image-preview:large","max-video-preview":"max-video-preview:-1"},"canonical":"https:\/\/www.d-velop.de\/blog\/digitaler-wandel\/joey-kelly\/","og_locale":"de_DE","og_type":"article","og_title":"\"Ich leide nur im letzten Drittel\" - Joey Kelly \u00fcber digitalen Wandel der Musikbranche, pers\u00f6nlichen Wandel & Tipps zum Mindset im B\u00fcro","og_description":"Joey Kelly gew\u00e4hrt im Interview exklusive Einblicke zum digitalen Wandel der Musikbranche, seinen pers\u00f6nlichen Wandel und Tipps zum Mindset im B\u00fcro!","og_url":"https:\/\/www.d-velop.de\/blog\/digitaler-wandel\/joey-kelly\/","og_site_name":"d.velop blog","article_publisher":"https:\/\/www.facebook.com\/d.velop.ag\/","article_published_time":"2022-05-31T05:30:00+00:00","article_modified_time":"2023-03-06T11:10:14+00:00","og_image":[{"width":1200,"height":675,"url":"https:\/\/www.d-velop.de\/blog\/wp-content\/uploads\/2022\/05\/d-velop-blog-artikel-joey-kelly-social-media.png","type":"image\/png"}],"author":"Joey Kelly","twitter_card":"summary_large_image","twitter_creator":"@d_velop","twitter_site":"@d_velop","twitter_misc":{"Verfasst von":"Joey Kelly","Gesch\u00e4tzte Lesezeit":"20\u00a0Minuten"},"schema":{"@context":"https:\/\/schema.org","@graph":[{"@type":"Article","@id":"https:\/\/www.d-velop.de\/blog\/digitaler-wandel\/joey-kelly\/#article","isPartOf":{"@id":"https:\/\/www.d-velop.de\/blog\/digitaler-wandel\/joey-kelly\/"},"author":{"name":"Joey Kelly","@id":"https:\/\/www.d-velop.de\/blog\/#\/schema\/person\/880bf717ae1fe1613690e9a2d8578943"},"headline":"&#8222;Ich leide nur im letzten Drittel&#8220; &#8211; Joey Kelly \u00fcber digitalen Wandel der Musikbranche, pers\u00f6nlichen Wandel &#038; Tipps zum Mindset im B\u00fcro","datePublished":"2022-05-31T05:30:00+00:00","dateModified":"2023-03-06T11:10:14+00:00","mainEntityOfPage":{"@id":"https:\/\/www.d-velop.de\/blog\/digitaler-wandel\/joey-kelly\/"},"wordCount":3495,"commentCount":0,"publisher":{"@id":"https:\/\/www.d-velop.de\/blog\/#organization"},"image":{"@id":"https:\/\/www.d-velop.de\/blog\/digitaler-wandel\/joey-kelly\/#primaryimage"},"thumbnailUrl":"https:\/\/www.d-velop.de\/blog\/wp-content\/uploads\/2022\/05\/joey-kelly-im-interview-dvelop-blog.png","articleSection":["Digitaler Wandel"],"inLanguage":"de","potentialAction":[{"@type":"CommentAction","name":"Comment","target":["https:\/\/www.d-velop.de\/blog\/digitaler-wandel\/joey-kelly\/#respond"]}]},{"@type":"WebPage","@id":"https:\/\/www.d-velop.de\/blog\/digitaler-wandel\/joey-kelly\/","url":"https:\/\/www.d-velop.de\/blog\/digitaler-wandel\/joey-kelly\/","name":"Joey Kelly \u00fcber digitalen Wandel der Musikbranche, Mindset im B\u00fcro & Co.","isPartOf":{"@id":"https:\/\/www.d-velop.de\/blog\/#website"},"primaryImageOfPage":{"@id":"https:\/\/www.d-velop.de\/blog\/digitaler-wandel\/joey-kelly\/#primaryimage"},"image":{"@id":"https:\/\/www.d-velop.de\/blog\/digitaler-wandel\/joey-kelly\/#primaryimage"},"thumbnailUrl":"https:\/\/www.d-velop.de\/blog\/wp-content\/uploads\/2022\/05\/joey-kelly-im-interview-dvelop-blog.png","datePublished":"2022-05-31T05:30:00+00:00","dateModified":"2023-03-06T11:10:14+00:00","description":"Joey Kelly gew\u00e4hrt im Interview exklusive Einblicke zum digitalen Wandel der Musikbranche, seinen pers\u00f6nlichen Wandel und Tipps zum Mindset im B\u00fcro!","breadcrumb":{"@id":"https:\/\/www.d-velop.de\/blog\/digitaler-wandel\/joey-kelly\/#breadcrumb"},"inLanguage":"de","potentialAction":[{"@type":"ReadAction","target":["https:\/\/www.d-velop.de\/blog\/digitaler-wandel\/joey-kelly\/"]}]},{"@type":"ImageObject","inLanguage":"de","@id":"https:\/\/www.d-velop.de\/blog\/digitaler-wandel\/joey-kelly\/#primaryimage","url":"https:\/\/www.d-velop.de\/blog\/wp-content\/uploads\/2022\/05\/joey-kelly-im-interview-dvelop-blog.png","contentUrl":"https:\/\/www.d-velop.de\/blog\/wp-content\/uploads\/2022\/05\/joey-kelly-im-interview-dvelop-blog.png","width":1200,"height":400},{"@type":"BreadcrumbList","@id":"https:\/\/www.d-velop.de\/blog\/digitaler-wandel\/joey-kelly\/#breadcrumb","itemListElement":[{"@type":"ListItem","position":1,"name":"Startseite","item":"https:\/\/www.d-velop.de\/blog\/"},{"@type":"ListItem","position":2,"name":"&#8222;Ich leide nur im letzten Drittel&#8220; &#8211; Joey Kelly \u00fcber digitalen Wandel der Musikbranche, pers\u00f6nlichen Wandel &#038; Tipps zum Mindset im B\u00fcro"}]},{"@type":"WebSite","@id":"https:\/\/www.d-velop.de\/blog\/#website","url":"https:\/\/www.d-velop.de\/blog\/","name":"d.velop blog","description":"Digitalisierung, Dokumentenmanagement und rund um d.velop","publisher":{"@id":"https:\/\/www.d-velop.de\/blog\/#organization"},"potentialAction":[{"@type":"SearchAction","target":{"@type":"EntryPoint","urlTemplate":"https:\/\/www.d-velop.de\/blog\/?s={search_term_string}"},"query-input":{"@type":"PropertyValueSpecification","valueRequired":true,"valueName":"search_term_string"}}],"inLanguage":"de"},{"@type":"Organization","@id":"https:\/\/www.d-velop.de\/blog\/#organization","name":"d.velop Gruppe","url":"https:\/\/www.d-velop.de\/blog\/","logo":{"@type":"ImageObject","inLanguage":"de","@id":"https:\/\/www.d-velop.de\/blog\/#\/schema\/logo\/image\/","url":"https:\/\/www.d-velop.de\/blog\/wp-content\/uploads\/2018\/12\/dvelop-blog-logo-invers.jpg","contentUrl":"https:\/\/www.d-velop.de\/blog\/wp-content\/uploads\/2018\/12\/dvelop-blog-logo-invers.jpg","width":350,"height":350,"caption":"d.velop Gruppe"},"image":{"@id":"https:\/\/www.d-velop.de\/blog\/#\/schema\/logo\/image\/"},"sameAs":["https:\/\/www.facebook.com\/d.velop.ag\/","https:\/\/x.com\/d_velop","https:\/\/de.linkedin.com\/company\/d-velop","https:\/\/www.xing.com\/pages\/d-velopag","https:\/\/www.instagram.com\/d.velop_group\/"]},{"@type":"Person","@id":"https:\/\/www.d-velop.de\/blog\/#\/schema\/person\/880bf717ae1fe1613690e9a2d8578943","name":"Joey Kelly","image":{"@type":"ImageObject","inLanguage":"de","@id":"https:\/\/www.d-velop.de\/blog\/#\/schema\/person\/image\/","url":"https:\/\/www.d-velop.de\/blog\/wp-content\/uploads\/2022\/05\/joey-kelly-dvelop-forum-210x210.png","contentUrl":"https:\/\/www.d-velop.de\/blog\/wp-content\/uploads\/2022\/05\/joey-kelly-dvelop-forum-210x210.png","caption":"Joey Kelly"},"description":"Ausdauersportler | Musiker | Unternehmer | Speaker","sameAs":["https:\/\/joeykelly.de\/"],"url":"https:\/\/www.d-velop.de\/blog\/author\/joey-kelly\/"}]}},"_links":{"self":[{"href":"https:\/\/www.d-velop.de\/blog\/wp-json\/wp\/v2\/posts\/31749","targetHints":{"allow":["GET"]}}],"collection":[{"href":"https:\/\/www.d-velop.de\/blog\/wp-json\/wp\/v2\/posts"}],"about":[{"href":"https:\/\/www.d-velop.de\/blog\/wp-json\/wp\/v2\/types\/post"}],"author":[{"embeddable":true,"href":"https:\/\/www.d-velop.de\/blog\/wp-json\/wp\/v2\/users\/182"}],"replies":[{"embeddable":true,"href":"https:\/\/www.d-velop.de\/blog\/wp-json\/wp\/v2\/comments?post=31749"}],"version-history":[{"count":0,"href":"https:\/\/www.d-velop.de\/blog\/wp-json\/wp\/v2\/posts\/31749\/revisions"}],"wp:featuredmedia":[{"embeddable":true,"href":"https:\/\/www.d-velop.de\/blog\/wp-json\/wp\/v2\/media\/32020"}],"wp:attachment":[{"href":"https:\/\/www.d-velop.de\/blog\/wp-json\/wp\/v2\/media?parent=31749"}],"wp:term":[{"taxonomy":"category","embeddable":true,"href":"https:\/\/www.d-velop.de\/blog\/wp-json\/wp\/v2\/categories?post=31749"},{"taxonomy":"post_tag","embeddable":true,"href":"https:\/\/www.d-velop.de\/blog\/wp-json\/wp\/v2\/tags?post=31749"}],"curies":[{"name":"wp","href":"https:\/\/api.w.org\/{rel}","templated":true}]}}