{"id":32160,"date":"2022-05-31T07:29:00","date_gmt":"2022-05-31T05:29:00","guid":{"rendered":"https:\/\/www.d-velop.de\/blog\/?p=32160"},"modified":"2023-03-06T12:10:35","modified_gmt":"2023-03-06T11:10:35","slug":"mint","status":"publish","type":"post","link":"https:\/\/www.d-velop.de\/blog\/digitaler-wandel\/mint\/","title":{"rendered":"Katharina Wohlrab: Warum es so wichtig ist, M\u00e4dchen f\u00fcr Technologie zu begeistern!"},"content":{"rendered":"\n<p>Wie sieht eine Person aus, die programmiert? Eine Person, die Mathematik unterrichtet? Oder eine Person, die Chemie studiert? Ich wette, die meisten von euch haben automatisch an M\u00e4nner gedacht. Warum? So wirken Gender-Stereotypen. Eigenschaften, Jobs, sogar Farben, die stereotyp einem Gender (soziales, gelerntes Geschlecht) zugeordnet werden.<\/p>\n\n\n\n<h2 class=\"wp-block-heading\"><span class=\"ez-toc-section\" id=\"anteil-frauen-in-der-it-branche\"><\/span>Anteil Frauen in der IT-Branche<span class=\"ez-toc-section-end\"><\/span><\/h2>\n\n\n\n<p>Solche Gender-Stereotypen f\u00fchren dazu, dass der Anteil Frauen in der IT-Branche derzeit noch bei lediglich 16,6 % in Deutschland liegt.<sup>1<\/sup><\/p>\n\n\n<div class=\"wp-block-image\">\n<figure class=\"aligncenter size-full\"><a href=\"https:\/\/www.d-velop.de\/blog\/wp-content\/uploads\/2021\/07\/MINT-frauenanteil-beschaeftigte-it.png\"><img loading=\"lazy\" decoding=\"async\" width=\"2000\" height=\"885\" src=\"https:\/\/www.d-velop.de\/blog\/wp-content\/uploads\/2021\/07\/MINT-frauenanteil-beschaeftigte-it.png\" alt=\"MINT Frauenanteil Besch\u00e4ftigte IT\" class=\"wp-image-32278\" srcset=\"https:\/\/www.d-velop.de\/blog\/wp-content\/uploads\/2021\/07\/MINT-frauenanteil-beschaeftigte-it.png 2000w, https:\/\/www.d-velop.de\/blog\/wp-content\/uploads\/2021\/07\/MINT-frauenanteil-beschaeftigte-it-600x266.png 600w, https:\/\/www.d-velop.de\/blog\/wp-content\/uploads\/2021\/07\/MINT-frauenanteil-beschaeftigte-it-1090x482.png 1090w, https:\/\/www.d-velop.de\/blog\/wp-content\/uploads\/2021\/07\/MINT-frauenanteil-beschaeftigte-it-768x340.png 768w, https:\/\/www.d-velop.de\/blog\/wp-content\/uploads\/2021\/07\/MINT-frauenanteil-beschaeftigte-it-1536x680.png 1536w, https:\/\/www.d-velop.de\/blog\/wp-content\/uploads\/2021\/07\/MINT-frauenanteil-beschaeftigte-it-1920x850.png 1920w\" sizes=\"auto, (max-width: 2000px) 100vw, 2000px\" \/><\/a><\/figure><\/div>\n\n\n<p>Diesen Umstand gilt es dringend zu ver\u00e4ndern! Denn viele Jobs der Zukunft liegen in der IT-Branche, und viele dieser Jobs sind auch sehr gut bezahlt. Diese Chancen sollten wir niemanden nehmen. Zudem spitzt sich der Fachkr\u00e4ftemangel in der IT bereits seit Jahren zu. Dieser l\u00e4sst sich zuk\u00fcnftig vor allem dann schlie\u00dfen, wenn alle Geschlechter Interesse an technischen Berufen entwickeln. <\/p>\n\n\n\n<h2 class=\"wp-block-heading\"><span class=\"ez-toc-section\" id=\"maedchen-verlieren-schon-frueh-das-interesse-an-mint\"><\/span>M\u00e4dchen verlieren schon fr\u00fch das Interesse an MINT<span class=\"ez-toc-section-end\"><\/span><\/h2>\n\n\n\n<div class=\"wp-block-group is-style-info-explanation\"><div class=\"wp-block-group__inner-container is-layout-flow wp-block-group-is-layout-flow\">\n<h3 class=\"wp-block-heading\">Was bedeutet MINT?<\/h3>\n\n\n\n<p><strong>MINT<\/strong> setzt sich aus den Anfangsbuchstaben der <strong>M<\/strong>athematik, <strong>I<\/strong>nformatik, <strong>N<\/strong>aturwissenschaften und <strong>T<\/strong>echnik zusammen. Reiht man diese aneinander, ergibt sich das Wort &#8222;MINT&#8220;. Im Englischen wird der Begriff mit <strong>STEM <\/strong>abgek\u00fcrzt. Das steht f\u00fcr &#8218;<strong>S<\/strong>cience&#8216;, &#8218;<strong>T<\/strong>echnology&#8216;, &#8218;<strong>E<\/strong>ngineering&#8216; und &#8218;<strong>M<\/strong>ath&#8216;.<\/p>\n<\/div><\/div>\n\n\n\n<p>Das Interesse von M\u00e4dchen an MINT nimmt rapide ab \u2013 und zwar schon ab dem Alter von 12 Jahren.<sup>2<\/sup> <\/p>\n\n\n<div class=\"wp-block-image\">\n<figure class=\"aligncenter size-full\"><a href=\"https:\/\/www.d-velop.de\/blog\/wp-content\/uploads\/2021\/07\/MINT-alter-interessensverlust.png\"><img loading=\"lazy\" decoding=\"async\" width=\"2000\" height=\"1451\" src=\"https:\/\/www.d-velop.de\/blog\/wp-content\/uploads\/2021\/07\/MINT-alter-interessensverlust.png\" alt=\"MINT Alter Interessensverlust\" class=\"wp-image-32276\" srcset=\"https:\/\/www.d-velop.de\/blog\/wp-content\/uploads\/2021\/07\/MINT-alter-interessensverlust.png 2000w, https:\/\/www.d-velop.de\/blog\/wp-content\/uploads\/2021\/07\/MINT-alter-interessensverlust-600x435.png 600w, https:\/\/www.d-velop.de\/blog\/wp-content\/uploads\/2021\/07\/MINT-alter-interessensverlust-1090x791.png 1090w, https:\/\/www.d-velop.de\/blog\/wp-content\/uploads\/2021\/07\/MINT-alter-interessensverlust-768x557.png 768w, https:\/\/www.d-velop.de\/blog\/wp-content\/uploads\/2021\/07\/MINT-alter-interessensverlust-1536x1114.png 1536w, https:\/\/www.d-velop.de\/blog\/wp-content\/uploads\/2021\/07\/MINT-alter-interessensverlust-1920x1393.png 1920w\" sizes=\"auto, (max-width: 2000px) 100vw, 2000px\" \/><\/a><\/figure><\/div>\n\n\n<h2 class=\"wp-block-heading\"><span class=\"ez-toc-section\" id=\"3-gruende-warum-das-interesse-von-maedchen-an-mint-frueh-sinkt\"><\/span>3 Gr\u00fcnde, warum das Interesse von M\u00e4dchen an MINT fr\u00fch sinkt <span class=\"ez-toc-section-end\"><\/span><\/h2>\n\n\n\n<p>Aber warum sinkt das Interesse bereits so fr\u00fchzeitig? Schauen wir uns die Gr\u00fcnde einmal n\u00e4her an.<\/p>\n\n\n\n<h3 class=\"wp-block-heading\">#1 Stereotypische Vorurteile und die Bildung von Genderstereotypen in der Grundschule<\/h3>\n\n\n\n<p>Als ich zur Gesch\u00e4ftsf\u00fchrung berufen wurde, hatte ich einen Termin beim Notar. Als der Notar den Raum betrat, schaute er auf meine Handtasche, sah mich an und sagte \u201eAch, ich dachte, Sie h\u00e4tten ein Schaf mitgebracht.\u201c Ich wusste in der Sekunde \u00fcberhaupt nicht, mit dieser absch\u00e4tzenden Situation umzugehen, habe unterschrieben und bin gegangen. Auf dem Weg nach Hause fragte ich mich aber: H\u00e4tte er das einen Mann gefragt? <\/p>\n\n\n\n<h4 class=\"wp-block-heading\">Wie entstehen also diese Stereotypen?<\/h4>\n\n\n\n<p>Wir machen ein kleines Gedankenexperiment. Wir stellen uns mal ein Kind namens Lola vor, Lola ist 7 und wird eingeschult. Lola schaut zu Hause gerne Paw Patrol und lernt da, dass Skye, die einzige H\u00fcndin, nie bei Abenteuern mitkommen darf, weil sie als M\u00e4dchen sowieso nichts kann. Oder Feuerwehrmann Sam, der, wie der Name schon sagt, ein Mann ist. In dieser Serie gibt es zwar FLINTA* (Frauen, Lesben, intersexuelle Menschen, nichtbin\u00e4re Menschen, trans Menschen und agender Menschen), sie haben aber keine aussagekr\u00e4ftige Rolle. Jetzt bekommen die Kinder an ihrer Grundschule das Angebot einer EDV AG und die ausf\u00fchrende Lehrkraft sagt zu den M\u00e4dchen: &#8222;Das interessiert euch ja sowieso nicht.&#8220; Lola h\u00f6rt gerne M\u00e4rchen H\u00f6rspiele und scheint auch hier langsam zu begreifen, dass die Rolle einer Frau nicht unbedingt die der Heldin ist.<\/p>\n\n\n\n<div class=\"wp-block-group is-style-info-study\"><div class=\"wp-block-group__inner-container is-layout-flow wp-block-group-is-layout-flow\">\n<p><em><strong>Exkurs:<\/strong> Der geringe Anteil an FLINTA* in technisch-wissenschaftlichen Berufen, ist allerdings kein weltweites Ph\u00e4nomen. Alle polnischen, rum\u00e4nischen und ungarischen Regionen meldeten bereits 2005 bei den technisch-wissenschaftlichen Jobs einen Frauenanteil von \u00fcber 55 %. Aber auch regional sind die Unterschiede gro\u00df. Berlin scheint mit 21,7 % Frauenanteil ein Ausnahmebundesland zu sein. W\u00e4hrend Nordrhein-Westfalen, Rheinland-Pfalz und das Saarland mit rund 13 %  Frauenanteil hinterherh\u00e4ngen. <\/em><\/p>\n<\/div><\/div>\n\n\n\n<h3 class=\"wp-block-heading\">#2 Mangelnde Aufkl\u00e4rung der Eltern<\/h3>\n\n\n\n<p>Eine Aufkl\u00e4rung der Kinder durch die Eltern findet aufgrund von Unwissenheit ebenfalls nur selten statt. Und zwar nicht mit Absicht, sondern aus Versehen. Eltern wissen oft nicht \u00fcber diese Stereotypen Bescheid, sie sind selbst so aufgewachsen, sie denken nicht dar\u00fcber nach. Kindern fehlt also genau in der Phase, in der Rollenbilder gegr\u00fcndet werden, die Aufkl\u00e4rung durch die Eltern. Und dar\u00fcber hinaus fehlt es vielen Eltern nach wie vor an Aufkl\u00e4rung \u00fcber die Bildung von Gender-Stereotypen. Ein Teufelskreis.<\/p>\n\n\n\n<h3 class=\"wp-block-heading\">#3 Wenig weibliche Vorbilder in der Tech-Welt und MINT Berufen <\/h3>\n\n\n\n<p>Wie wir am Anfang schon gesehen haben, sind die Stereotypen so verfestigt, dass die MINT-Thematiken mit M\u00e4nnern assoziiert werden und der Anteil von Frauen in der IT bei mageren 16,6 % liegt.<sup>1<\/sup> Auch im Bereich der Neugr\u00fcndungen von Start-ups \u00fcberraschen die Zahlen nicht: An der Gr\u00fcndung von innovativen Start-ups mit vorwiegend digitalen Gesch\u00e4ftsmodellen in Deutschland sind nur 15,7 Prozent Frauen in Gr\u00fcndungsteams beteiligt.<sup>3 <\/sup><\/p>\n\n\n\n<p>Eine Frau in der IT-Branche zu sein, ist nicht immer einfach, da spreche ich aus Erfahrung. Und die einzige Frau in der Vorstandsetage zu sein, kann manchmal einen enormen Druck auf einen aus\u00fcben. Vorbilder haben in unseren Leben einen riesigen Effekt. Denn solange wir keine Menschen in F\u00fchrungspositionen sehen, die so aussehen und klingen wie wir, ist es schwer zu glauben, dass wir eines Tages an ihrer Stelle sind. <\/p>\n\n\n<div class=\"wp-block-image\">\n<figure class=\"aligncenter size-full\"><a href=\"https:\/\/www.d-velop.de\/blog\/wp-content\/uploads\/2021\/07\/MINT-Ursachen-fuer-geringes-interesse-von-maedchen.png\"><img loading=\"lazy\" decoding=\"async\" width=\"2000\" height=\"2116\" src=\"https:\/\/www.d-velop.de\/blog\/wp-content\/uploads\/2021\/07\/MINT-Ursachen-fuer-geringes-interesse-von-maedchen.png\" alt=\"MINT Ursachen geringes Interesse von M\u00e4dchen\" class=\"wp-image-32281\" srcset=\"https:\/\/www.d-velop.de\/blog\/wp-content\/uploads\/2021\/07\/MINT-Ursachen-fuer-geringes-interesse-von-maedchen.png 2000w, https:\/\/www.d-velop.de\/blog\/wp-content\/uploads\/2021\/07\/MINT-Ursachen-fuer-geringes-interesse-von-maedchen-567x600.png 567w, https:\/\/www.d-velop.de\/blog\/wp-content\/uploads\/2021\/07\/MINT-Ursachen-fuer-geringes-interesse-von-maedchen-1030x1090.png 1030w, https:\/\/www.d-velop.de\/blog\/wp-content\/uploads\/2021\/07\/MINT-Ursachen-fuer-geringes-interesse-von-maedchen-768x813.png 768w, https:\/\/www.d-velop.de\/blog\/wp-content\/uploads\/2021\/07\/MINT-Ursachen-fuer-geringes-interesse-von-maedchen-1452x1536.png 1452w, https:\/\/www.d-velop.de\/blog\/wp-content\/uploads\/2021\/07\/MINT-Ursachen-fuer-geringes-interesse-von-maedchen-1936x2048.png 1936w, https:\/\/www.d-velop.de\/blog\/wp-content\/uploads\/2021\/07\/MINT-Ursachen-fuer-geringes-interesse-von-maedchen-1920x2031.png 1920w\" sizes=\"auto, (max-width: 2000px) 100vw, 2000px\" \/><\/a><\/figure><\/div>\n\n\n<h2 class=\"wp-block-heading\"><span class=\"ez-toc-section\" id=\"starre-arbeitsmodelle-senken-die-frauenquote-in-tech-jobs\"><\/span>Starre Arbeitsmodelle senken die Frauenquote in Tech-Jobs<span class=\"ez-toc-section-end\"><\/span><\/h2>\n\n\n\n<p>Wir haben 2022 und auch heute haben Frauen in der Summe noch schlechtere Aufstiegschancen und Berufsaussichten in Tech-Jobs als M\u00e4nner. Bei all den kleinen Prozentzahlen von Frauen in Tech-Berufen, sollten man doch meinen, dass die wenigen Frauen mit Kusshand genommen werden, oder? Dies ist leider bei den meisten Unternehmen noch nicht der Fall. Auf Frauen warten h\u00e4ufig befristete Vertr\u00e4ge, eine 40-Stunden-Woche und keine M\u00f6glichkeit zu Teilzeit-Arbeitsmodellen. Da  nach wie vor eher die Mutter beim Kind zu Hause bleibt und Teilzeit wieder in den Beruf einsteigt, sind Teilzeitmodelle also unentbehrlich. Au\u00dferdem geht der Trend sowieso in Richtung einer k\u00fcrzeren Woche.<sup>4<\/sup> Bereits 2019 ergab eine Umfrage des Bonner Instituts zur Zukunft der Arbeit in Kooperation mit Xing, dass junge Arbeitnehmer:innen lieber weniger arbeiten und damit auch weniger verdienen w\u00fcrden, als 40 Stunden am Arbeitsplatz zu sein. Au\u00dferdem haben sich diese befragten Personen klar zu einer orts- und zeitabh\u00e4ngigen Alternative ausgesprochen.<sup>5<\/sup> <\/p>\n\n\n\n<div class=\"wp-block-group is-style-info-study\"><div class=\"wp-block-group__inner-container is-layout-flow wp-block-group-is-layout-flow\">\n<h3 class=\"wp-block-heading\">Ma\u00dfnahmen der <strong>d.velop AG<\/strong><\/h3>\n\n\n\n<ul class=\"wp-block-list\">\n<li>Alle Ausschreibungen finden in Voll- und Teilzeit statt<\/li>\n\n\n\n<li>Ortsungebundenes Arbeiten wird jederzeit erm\u00f6glicht<\/li>\n\n\n\n<li>Genderneutrale Sprache in der gesamen Unternehmenskommunikation<\/li>\n\n\n\n<li>d.velop campus Kita<\/li>\n\n\n\n<li><a href=\"https:\/\/www.girls-day.de\/@\/Show\/d-velop-ag\/girls-do-it.2\">J\u00e4hrliche Teilnahme des Unternehmens am Girls Day<\/a><\/li>\n<\/ul>\n<\/div><\/div>\n\n\n\n<h2 class=\"wp-block-heading\"><span class=\"ez-toc-section\" id=\"3-dinge-die-die-gesellschaft-tun-kann-um-maedchen-fruehzeitig-fuer-technologie-mint-zu-begeistern\"><\/span>3 Dinge, die die Gesellschaft tun kann, um M\u00e4dchen fr\u00fchzeitig f\u00fcr Technologie &amp; MINT zu begeistern!<span class=\"ez-toc-section-end\"><\/span><\/h2>\n\n\n\n<h3 class=\"wp-block-heading\">#1 Aufkl\u00e4rung der Eltern<\/h3>\n\n\n\n<p>Wie bereits erw\u00e4hnt, fehlt Kindern in der Phase, in der Rollenbilder gegr\u00fcndet werden, Unterst\u00fctzung der Eltern. Und zwar nicht mit Absicht, sondern aus Versehen. Eltern wissen nicht \u00fcber diese Stereotypen Bescheid, sie sind selbst so aufgewachsen, es st\u00f6rt sie nicht. Viele denken \u201eMir gef\u00e4llt aber rosa und ich mag, wenn mein M\u00e4dchen sich stereotyp wie ein M\u00e4dchen verh\u00e4lt.\u201c Jedoch schr\u00e4nken sie damit die Zukunft ihres Kindes enorm ein. Dann kann das Kind n\u00e4mlich nicht \u201ealles werden\u201c und \u201ealles sein\u201c &#8211; sondern eben nur das, was es als passend zu seinem Gender kennenlernt. Nicht umsonst treten Kinder oft in die Fu\u00dfstapfen der Eltern, das Gewohnte nimmt Raum f\u00fcr Neues.<\/p>\n\n\n\n<h3 class=\"wp-block-heading\">#2 Angebote wie Tech4Girls schaffen und wahrnehmen<\/h3>\n\n\n\n<p>Ich bin Gesch\u00e4ftsf\u00fchrerin der NGO Tech4Girls, die aktiv etwas gegen den Gender Gap tut, indem sie Grundsch\u00fclerinnen in Informatik unterrichtet. <\/p>\n\n\n\n<div class=\"wp-block-group is-style-info-explanation\"><div class=\"wp-block-group__inner-container is-layout-flow wp-block-group-is-layout-flow\">\n<h3 class=\"wp-block-heading\">Katharina Wohlrab &amp; Tech4Girls<\/h3>\n\n\n\n<p>Katharina Wohlrab ist studierte Soziologin, Medieninformatikerin, Ehefrau, Hundemama, Sinnfluencerin, Autorin, Feministin, Veganerin und Gesch\u00e4ftsf\u00fchrerin von Tech4Girls. Die Vision der NGO <a href=\"https:\/\/www.tech4girls.de\/\">Tech4Girls<\/a> ist es, den Gender Gap in der Informatik zu schlie\u00dfen. Das m\u00f6chte Tech4Girls erreichen, indem sie M\u00e4dchen f\u00fcr Technologie begeistern und sie mit Programmier-F\u00e4higkeiten ausstatten, um sie bestm\u00f6glich auf die Herausforderungen der Zukunft vorzubereiten.<\/p>\n<\/div><\/div>\n\n\n\n<h4 class=\"wp-block-heading\">Was passiert, wenn man Grundsch\u00fclerinnen in Informatik unterrichtet?<\/h4>\n\n\n\n<p>Am Anfang des Halbjahres fragen wir die M\u00e4dchen zwischen 8 und 13-Jahren, was sie mal werden wollen, es kommen Antworten wie \u201eFriseurin\u201c, \u201eSchauspielerin\u201c oder \u201eTier\u00e4rztin\u201c &#8211; und wenn sie das nach ihrer Schulzeit mal werden &#8211; wunderbar. Aber k\u00f6nnen sie diese Entscheidung \u00fcberhaupt treffen, ohne zu wissen, was Expertin f\u00fcr k\u00fcnstliche Intelligenz, Cybersecurity Analystin oder Webdesignerin \u00fcberhaupt machen? Die M\u00e4dchen lernen bei uns die Programmiersprachen HTML, CSS und JavaScript und haben damit eine faire Chance in der Berufswahl. <\/p>\n\n\n\n<p>Nach dem Halbjahr fragen wir sie nochmals \u201eWas wollt ihr werden?\u201c und dann kommen Antworten wie Webdesignerin, Expertin f\u00fcr Big Data und App-Entwicklerin. Ob sie am Ende der Schullaufbahn dann tats\u00e4chlich Informatik studieren ist dahingestellt, aber auch eine Friseurin oder Tier\u00e4rztin braucht eine eigene Website. <\/p>\n\n\n\n<p>Im Moment wird Tech4Girls an 29 Grundschulen angeboten und wir haben bereits 700 M\u00e4dchen das Programmieren n\u00e4her gebracht. 700 M\u00e4dchen, die eine faire Chance in der Studien- und Berufswahl haben. 700 M\u00e4dchen, die lernen, dass eine Person, die im Tech-Bereich arbeitet, genauso eine FLINTA* wie auch ein Mann sein kann.<\/p>\n\n\n\n<h3 class=\"wp-block-heading\">#3 Frauen in technischen Studieng\u00e4ngen und F\u00fchrungspositionen<\/h3>\n\n\n\n<p>Wenn man Frauen in F\u00fchrungspositionen bringt, zeigt man, dass auch andere eine Chance haben, erfolgreich zu sein. Genauso ist es auch in technischen Studieng\u00e4ngen. Als ich Medieninformatik studiert habe, sa\u00df ich als eine von 10 Frauen in einem Studiengang mit 200 Studierenden, bei Gruppenarbeiten wurden wir zugeordnet, genauso wie in der Schule im Sportunterricht und es war furchtbar. In diesen Gruppen wurde mir dann ziemlich gerade herausgesagt, dass ich gerne das Protokoll schreiben, oder mit meinem Aussehen auch pr\u00e4sentieren. Aber Coden? Das ist was f\u00fcr M\u00e4nner.<\/p>\n\n\n\n<p>Wieso also ist es immer noch eine Ausnahme, in einem Unternehmen in einen Raum voller Programmierer:innen zu kommen? Die Gender-Vielfalt ist keine Priorit\u00e4t. Um einem Unternehmen zu helfen, sein volles Potenzial auszusch\u00f6pfen, m\u00fcssen wir die Gender-Vielfalt zu einer gesch\u00e4ftlichen Priorit\u00e4t machen. Pers\u00f6nliche Entscheidungen werden nie in einem Vakuum getroffen. Dass eine Entscheidung hin zur Gender-Vielfalt nicht nur einen emotionalen, politischen, sondern auch gesch\u00e4ftlichen Vorteil bringt, zeigt folgende Studien: <\/p>\n\n\n\n<div class=\"wp-block-group is-style-info-study\"><div class=\"wp-block-group__inner-container is-layout-flow wp-block-group-is-layout-flow\">\n<p><strong>BCG &amp; TU M\u00fcnchen: Vorteile von Frauen in F\u00fchrungspositionen<\/strong><br>Die Boston Consulting Group (BCG) und die TU M\u00fcnchen f\u00fchrten eine Studie durch, um den Zusammenhang der Anzahl der Frauen im Management und dem Erfolg eines Unternehmens zu verstehen. Die Ergebnisse zeigen, dass eine Erh\u00f6hung der Anzahl von Frauen in F\u00fchrungsteams zu mehr und besserer Innovation und verbesserter finanzieller Leistung f\u00fchrt. Zudem konnte festgestellt werden, dass die Unternehmen mit der gr\u00f6\u00dften Gendervielfalt (in denen 8 von 20 Manager:innen weiblich waren) im letzten Dreijahreszeitraum etwa 34 % ihres Umsatzes mit innovativen Produkten und Dienstleistungen erzielten.<sup>X<\/sup> Ein deutlicher Innovationsschub durch Frauen ist aber erst ab einem Frauenanteil von 15 bis 20 Prozent im Management sichtbar. Das ergab eine Erhebung, f\u00fcr die 171 Unternehmen aus Deutschland, \u00d6sterreich und der Schweiz aus verschiedenen Branchen zur Vielfalt ihrer Belegschaft und zur Innovation bei Produkten und Services befragt wurden. Unternehmen mit einem Frauenanteil in den F\u00fchrungsetagen, der \u00fcber dem genannten Schwellenwert liegt, sind deutlich innovativer. Der Umsatzanteil von innovativen Produkten lag bei den Top-Performern um durchschnittlich 35 Prozent h\u00f6her, als bei den Schlusslichtern im Hinblick auf den Frauenanteil.<\/p>\n<\/div><\/div>\n\n\n\n<p>Also, worauf noch warten? Gr\u00fcnde und M\u00f6glichkeiten, M\u00e4dchen f\u00fcr Technologien zu begeistern, gibt es genug! <\/p>\n","protected":false},"excerpt":{"rendered":"<p>Wie sieht eine Person aus, die programmiert? Eine Person, die Mathematik unterrichtet? Oder eine Person, die Chemie studiert? Ich wette, [&hellip;]<\/p>\n","protected":false},"author":185,"featured_media":32191,"comment_status":"open","ping_status":"closed","sticky":false,"template":"","format":"standard","meta":{"footnotes":"","beyondwords_generate_audio":"","beyondwords_project_id":"","beyondwords_content_id":"","beyondwords_preview_token":"","beyondwords_player_content":"","beyondwords_player_style":"","beyondwords_language_id":"","beyondwords_title_voice_id":"","beyondwords_body_voice_id":"","beyondwords_summary_voice_id":"","beyondwords_error_message":"","beyondwords_disabled":"","beyondwords_delete_content":"","beyondwords_podcast_id":"","beyondwords_hash":"","publish_post_to_speechkit":"","speechkit_hash":"","speechkit_generate_audio":"","speechkit_project_id":"","speechkit_podcast_id":"","speechkit_error_message":"","speechkit_disabled":"","speechkit_access_key":"","speechkit_error":"","speechkit_info":"","speechkit_response":"","speechkit_retries":"","speechkit_status":"","speechkit_updated_at":"","_speechkit_link":"","_speechkit_text":""},"categories":[5],"tags":[],"class_list":["post-32160","post","type-post","status-publish","format-standard","has-post-thumbnail","hentry","category-digitaler-wandel"],"acf":[],"yoast_head":"<!-- This site is optimized with the Yoast SEO Premium plugin v25.6 (Yoast SEO v25.6) - https:\/\/yoast.com\/wordpress\/plugins\/seo\/ -->\n<title>Katharina Wohlrab: Warum es wichtig ist, M\u00e4dchen f\u00fcr MINT zu begeistern!<\/title>\n<meta name=\"description\" content=\"Katharina Wohlrab (Tech4Girls) kl\u00e4rt auf, warum es so wichtig ist, M\u00e4dchen fr\u00fch f\u00fcr MINT F\u00e4cher und Technologie zu begeistern und verr\u00e4t, wie es gelingt.\" \/>\n<meta name=\"robots\" content=\"index, follow, max-snippet:-1, max-image-preview:large, max-video-preview:-1\" \/>\n<link rel=\"canonical\" href=\"https:\/\/www.d-velop.de\/blog\/digitaler-wandel\/mint\/\" \/>\n<meta property=\"og:locale\" content=\"de_DE\" \/>\n<meta property=\"og:type\" content=\"article\" \/>\n<meta property=\"og:title\" content=\"Katharina Wohlrab: Warum es so wichtig ist, M\u00e4dchen f\u00fcr Technologie zu begeistern!\" \/>\n<meta property=\"og:description\" content=\"Katharina Wohlrab (Tech4Girls) kl\u00e4rt auf, warum es so wichtig ist, M\u00e4dchen fr\u00fch f\u00fcr MINT F\u00e4cher und Technologie zu begeistern und verr\u00e4t, wie es gelingt.\" \/>\n<meta property=\"og:url\" content=\"https:\/\/www.d-velop.de\/blog\/digitaler-wandel\/mint\/\" \/>\n<meta property=\"og:site_name\" content=\"d.velop blog\" \/>\n<meta property=\"article:publisher\" content=\"https:\/\/www.facebook.com\/d.velop.ag\/\" \/>\n<meta property=\"article:published_time\" content=\"2022-05-31T05:29:00+00:00\" \/>\n<meta property=\"article:modified_time\" content=\"2023-03-06T11:10:35+00:00\" \/>\n<meta property=\"og:image\" content=\"https:\/\/www.d-velop.de\/blog\/wp-content\/uploads\/2022\/05\/d-velop-blog-artikel-mint-social-media.png\" \/>\n\t<meta property=\"og:image:width\" content=\"1200\" \/>\n\t<meta property=\"og:image:height\" content=\"675\" \/>\n\t<meta property=\"og:image:type\" content=\"image\/png\" \/>\n<meta name=\"author\" content=\"Katharina Wohlrab\" \/>\n<meta name=\"twitter:card\" content=\"summary_large_image\" \/>\n<meta name=\"twitter:creator\" content=\"@d_velop\" \/>\n<meta name=\"twitter:site\" content=\"@d_velop\" \/>\n<meta name=\"twitter:label1\" content=\"Verfasst von\" \/>\n\t<meta name=\"twitter:data1\" content=\"Katharina Wohlrab\" \/>\n\t<meta name=\"twitter:label2\" content=\"Gesch\u00e4tzte Lesezeit\" \/>\n\t<meta name=\"twitter:data2\" content=\"10\u00a0Minuten\" \/>\n<script type=\"application\/ld+json\" class=\"yoast-schema-graph\">{\"@context\":\"https:\/\/schema.org\",\"@graph\":[{\"@type\":\"Article\",\"@id\":\"https:\/\/www.d-velop.de\/blog\/digitaler-wandel\/mint\/#article\",\"isPartOf\":{\"@id\":\"https:\/\/www.d-velop.de\/blog\/digitaler-wandel\/mint\/\"},\"author\":{\"name\":\"Katharina Wohlrab\",\"@id\":\"https:\/\/www.d-velop.de\/blog\/#\/schema\/person\/d4bce770747142020940de86f31b942a\"},\"headline\":\"Katharina Wohlrab: Warum es so wichtig ist, M\u00e4dchen f\u00fcr Technologie zu begeistern!\",\"datePublished\":\"2022-05-31T05:29:00+00:00\",\"dateModified\":\"2023-03-06T11:10:35+00:00\",\"mainEntityOfPage\":{\"@id\":\"https:\/\/www.d-velop.de\/blog\/digitaler-wandel\/mint\/\"},\"wordCount\":1785,\"commentCount\":0,\"publisher\":{\"@id\":\"https:\/\/www.d-velop.de\/blog\/#organization\"},\"image\":{\"@id\":\"https:\/\/www.d-velop.de\/blog\/digitaler-wandel\/mint\/#primaryimage\"},\"thumbnailUrl\":\"https:\/\/www.d-velop.de\/blog\/wp-content\/uploads\/2022\/05\/katharina-wohlrab-beitragsbild-d-velop-blog.png\",\"articleSection\":[\"Digitaler Wandel\"],\"inLanguage\":\"de\",\"potentialAction\":[{\"@type\":\"CommentAction\",\"name\":\"Comment\",\"target\":[\"https:\/\/www.d-velop.de\/blog\/digitaler-wandel\/mint\/#respond\"]}]},{\"@type\":\"WebPage\",\"@id\":\"https:\/\/www.d-velop.de\/blog\/digitaler-wandel\/mint\/\",\"url\":\"https:\/\/www.d-velop.de\/blog\/digitaler-wandel\/mint\/\",\"name\":\"Katharina Wohlrab: Warum es wichtig ist, M\u00e4dchen f\u00fcr MINT zu begeistern!\",\"isPartOf\":{\"@id\":\"https:\/\/www.d-velop.de\/blog\/#website\"},\"primaryImageOfPage\":{\"@id\":\"https:\/\/www.d-velop.de\/blog\/digitaler-wandel\/mint\/#primaryimage\"},\"image\":{\"@id\":\"https:\/\/www.d-velop.de\/blog\/digitaler-wandel\/mint\/#primaryimage\"},\"thumbnailUrl\":\"https:\/\/www.d-velop.de\/blog\/wp-content\/uploads\/2022\/05\/katharina-wohlrab-beitragsbild-d-velop-blog.png\",\"datePublished\":\"2022-05-31T05:29:00+00:00\",\"dateModified\":\"2023-03-06T11:10:35+00:00\",\"description\":\"Katharina Wohlrab (Tech4Girls) kl\u00e4rt auf, warum es so wichtig ist, M\u00e4dchen fr\u00fch f\u00fcr MINT F\u00e4cher und Technologie zu begeistern und verr\u00e4t, wie es gelingt.\",\"breadcrumb\":{\"@id\":\"https:\/\/www.d-velop.de\/blog\/digitaler-wandel\/mint\/#breadcrumb\"},\"inLanguage\":\"de\",\"potentialAction\":[{\"@type\":\"ReadAction\",\"target\":[\"https:\/\/www.d-velop.de\/blog\/digitaler-wandel\/mint\/\"]}]},{\"@type\":\"ImageObject\",\"inLanguage\":\"de\",\"@id\":\"https:\/\/www.d-velop.de\/blog\/digitaler-wandel\/mint\/#primaryimage\",\"url\":\"https:\/\/www.d-velop.de\/blog\/wp-content\/uploads\/2022\/05\/katharina-wohlrab-beitragsbild-d-velop-blog.png\",\"contentUrl\":\"https:\/\/www.d-velop.de\/blog\/wp-content\/uploads\/2022\/05\/katharina-wohlrab-beitragsbild-d-velop-blog.png\",\"width\":1200,\"height\":400},{\"@type\":\"BreadcrumbList\",\"@id\":\"https:\/\/www.d-velop.de\/blog\/digitaler-wandel\/mint\/#breadcrumb\",\"itemListElement\":[{\"@type\":\"ListItem\",\"position\":1,\"name\":\"Startseite\",\"item\":\"https:\/\/www.d-velop.de\/blog\/\"},{\"@type\":\"ListItem\",\"position\":2,\"name\":\"Katharina Wohlrab: Warum es so wichtig ist, M\u00e4dchen f\u00fcr Technologie zu begeistern!\"}]},{\"@type\":\"WebSite\",\"@id\":\"https:\/\/www.d-velop.de\/blog\/#website\",\"url\":\"https:\/\/www.d-velop.de\/blog\/\",\"name\":\"d.velop blog\",\"description\":\"Digitalisierung, Dokumentenmanagement und rund um d.velop\",\"publisher\":{\"@id\":\"https:\/\/www.d-velop.de\/blog\/#organization\"},\"potentialAction\":[{\"@type\":\"SearchAction\",\"target\":{\"@type\":\"EntryPoint\",\"urlTemplate\":\"https:\/\/www.d-velop.de\/blog\/?s={search_term_string}\"},\"query-input\":{\"@type\":\"PropertyValueSpecification\",\"valueRequired\":true,\"valueName\":\"search_term_string\"}}],\"inLanguage\":\"de\"},{\"@type\":\"Organization\",\"@id\":\"https:\/\/www.d-velop.de\/blog\/#organization\",\"name\":\"d.velop Gruppe\",\"url\":\"https:\/\/www.d-velop.de\/blog\/\",\"logo\":{\"@type\":\"ImageObject\",\"inLanguage\":\"de\",\"@id\":\"https:\/\/www.d-velop.de\/blog\/#\/schema\/logo\/image\/\",\"url\":\"https:\/\/www.d-velop.de\/blog\/wp-content\/uploads\/2018\/12\/dvelop-blog-logo-invers.jpg\",\"contentUrl\":\"https:\/\/www.d-velop.de\/blog\/wp-content\/uploads\/2018\/12\/dvelop-blog-logo-invers.jpg\",\"width\":350,\"height\":350,\"caption\":\"d.velop Gruppe\"},\"image\":{\"@id\":\"https:\/\/www.d-velop.de\/blog\/#\/schema\/logo\/image\/\"},\"sameAs\":[\"https:\/\/www.facebook.com\/d.velop.ag\/\",\"https:\/\/x.com\/d_velop\",\"https:\/\/de.linkedin.com\/company\/d-velop\",\"https:\/\/www.xing.com\/pages\/d-velopag\",\"https:\/\/www.instagram.com\/d.velop_group\/\"]},{\"@type\":\"Person\",\"@id\":\"https:\/\/www.d-velop.de\/blog\/#\/schema\/person\/d4bce770747142020940de86f31b942a\",\"name\":\"Katharina Wohlrab\",\"image\":{\"@type\":\"ImageObject\",\"inLanguage\":\"de\",\"@id\":\"https:\/\/www.d-velop.de\/blog\/#\/schema\/person\/image\/\",\"url\":\"https:\/\/www.d-velop.de\/blog\/wp-content\/uploads\/2022\/05\/katharina-wohlrab-dvelop-forum-210x210.png\",\"contentUrl\":\"https:\/\/www.d-velop.de\/blog\/wp-content\/uploads\/2022\/05\/katharina-wohlrab-dvelop-forum-210x210.png\",\"caption\":\"Katharina Wohlrab\"},\"description\":\"Gesch\u00e4ftsf\u00fchrerin | Mental Health Aktivistin | Autorin | Speakerin\",\"sameAs\":[\"https:\/\/www.tech4girls.de\/\",\"https:\/\/www.linkedin.com\/in\/katharina-wohlrab-a302a0a3\/\"],\"url\":\"https:\/\/www.d-velop.de\/blog\/author\/katharina-wohlrab\/\"}]}<\/script>\n<!-- \/ Yoast SEO Premium plugin. -->","yoast_head_json":{"title":"Katharina Wohlrab: Warum es wichtig ist, M\u00e4dchen f\u00fcr MINT zu begeistern!","description":"Katharina Wohlrab (Tech4Girls) kl\u00e4rt auf, warum es so wichtig ist, M\u00e4dchen fr\u00fch f\u00fcr MINT F\u00e4cher und Technologie zu begeistern und verr\u00e4t, wie es gelingt.","robots":{"index":"index","follow":"follow","max-snippet":"max-snippet:-1","max-image-preview":"max-image-preview:large","max-video-preview":"max-video-preview:-1"},"canonical":"https:\/\/www.d-velop.de\/blog\/digitaler-wandel\/mint\/","og_locale":"de_DE","og_type":"article","og_title":"Katharina Wohlrab: Warum es so wichtig ist, M\u00e4dchen f\u00fcr Technologie zu begeistern!","og_description":"Katharina Wohlrab (Tech4Girls) kl\u00e4rt auf, warum es so wichtig ist, M\u00e4dchen fr\u00fch f\u00fcr MINT F\u00e4cher und Technologie zu begeistern und verr\u00e4t, wie es gelingt.","og_url":"https:\/\/www.d-velop.de\/blog\/digitaler-wandel\/mint\/","og_site_name":"d.velop blog","article_publisher":"https:\/\/www.facebook.com\/d.velop.ag\/","article_published_time":"2022-05-31T05:29:00+00:00","article_modified_time":"2023-03-06T11:10:35+00:00","og_image":[{"width":1200,"height":675,"url":"https:\/\/www.d-velop.de\/blog\/wp-content\/uploads\/2022\/05\/d-velop-blog-artikel-mint-social-media.png","type":"image\/png"}],"author":"Katharina Wohlrab","twitter_card":"summary_large_image","twitter_creator":"@d_velop","twitter_site":"@d_velop","twitter_misc":{"Verfasst von":"Katharina Wohlrab","Gesch\u00e4tzte Lesezeit":"10\u00a0Minuten"},"schema":{"@context":"https:\/\/schema.org","@graph":[{"@type":"Article","@id":"https:\/\/www.d-velop.de\/blog\/digitaler-wandel\/mint\/#article","isPartOf":{"@id":"https:\/\/www.d-velop.de\/blog\/digitaler-wandel\/mint\/"},"author":{"name":"Katharina Wohlrab","@id":"https:\/\/www.d-velop.de\/blog\/#\/schema\/person\/d4bce770747142020940de86f31b942a"},"headline":"Katharina Wohlrab: Warum es so wichtig ist, M\u00e4dchen f\u00fcr Technologie zu begeistern!","datePublished":"2022-05-31T05:29:00+00:00","dateModified":"2023-03-06T11:10:35+00:00","mainEntityOfPage":{"@id":"https:\/\/www.d-velop.de\/blog\/digitaler-wandel\/mint\/"},"wordCount":1785,"commentCount":0,"publisher":{"@id":"https:\/\/www.d-velop.de\/blog\/#organization"},"image":{"@id":"https:\/\/www.d-velop.de\/blog\/digitaler-wandel\/mint\/#primaryimage"},"thumbnailUrl":"https:\/\/www.d-velop.de\/blog\/wp-content\/uploads\/2022\/05\/katharina-wohlrab-beitragsbild-d-velop-blog.png","articleSection":["Digitaler Wandel"],"inLanguage":"de","potentialAction":[{"@type":"CommentAction","name":"Comment","target":["https:\/\/www.d-velop.de\/blog\/digitaler-wandel\/mint\/#respond"]}]},{"@type":"WebPage","@id":"https:\/\/www.d-velop.de\/blog\/digitaler-wandel\/mint\/","url":"https:\/\/www.d-velop.de\/blog\/digitaler-wandel\/mint\/","name":"Katharina Wohlrab: Warum es wichtig ist, M\u00e4dchen f\u00fcr MINT zu begeistern!","isPartOf":{"@id":"https:\/\/www.d-velop.de\/blog\/#website"},"primaryImageOfPage":{"@id":"https:\/\/www.d-velop.de\/blog\/digitaler-wandel\/mint\/#primaryimage"},"image":{"@id":"https:\/\/www.d-velop.de\/blog\/digitaler-wandel\/mint\/#primaryimage"},"thumbnailUrl":"https:\/\/www.d-velop.de\/blog\/wp-content\/uploads\/2022\/05\/katharina-wohlrab-beitragsbild-d-velop-blog.png","datePublished":"2022-05-31T05:29:00+00:00","dateModified":"2023-03-06T11:10:35+00:00","description":"Katharina Wohlrab (Tech4Girls) kl\u00e4rt auf, warum es so wichtig ist, M\u00e4dchen fr\u00fch f\u00fcr MINT F\u00e4cher und Technologie zu begeistern und verr\u00e4t, wie es gelingt.","breadcrumb":{"@id":"https:\/\/www.d-velop.de\/blog\/digitaler-wandel\/mint\/#breadcrumb"},"inLanguage":"de","potentialAction":[{"@type":"ReadAction","target":["https:\/\/www.d-velop.de\/blog\/digitaler-wandel\/mint\/"]}]},{"@type":"ImageObject","inLanguage":"de","@id":"https:\/\/www.d-velop.de\/blog\/digitaler-wandel\/mint\/#primaryimage","url":"https:\/\/www.d-velop.de\/blog\/wp-content\/uploads\/2022\/05\/katharina-wohlrab-beitragsbild-d-velop-blog.png","contentUrl":"https:\/\/www.d-velop.de\/blog\/wp-content\/uploads\/2022\/05\/katharina-wohlrab-beitragsbild-d-velop-blog.png","width":1200,"height":400},{"@type":"BreadcrumbList","@id":"https:\/\/www.d-velop.de\/blog\/digitaler-wandel\/mint\/#breadcrumb","itemListElement":[{"@type":"ListItem","position":1,"name":"Startseite","item":"https:\/\/www.d-velop.de\/blog\/"},{"@type":"ListItem","position":2,"name":"Katharina Wohlrab: Warum es so wichtig ist, M\u00e4dchen f\u00fcr Technologie zu begeistern!"}]},{"@type":"WebSite","@id":"https:\/\/www.d-velop.de\/blog\/#website","url":"https:\/\/www.d-velop.de\/blog\/","name":"d.velop blog","description":"Digitalisierung, Dokumentenmanagement und rund um d.velop","publisher":{"@id":"https:\/\/www.d-velop.de\/blog\/#organization"},"potentialAction":[{"@type":"SearchAction","target":{"@type":"EntryPoint","urlTemplate":"https:\/\/www.d-velop.de\/blog\/?s={search_term_string}"},"query-input":{"@type":"PropertyValueSpecification","valueRequired":true,"valueName":"search_term_string"}}],"inLanguage":"de"},{"@type":"Organization","@id":"https:\/\/www.d-velop.de\/blog\/#organization","name":"d.velop Gruppe","url":"https:\/\/www.d-velop.de\/blog\/","logo":{"@type":"ImageObject","inLanguage":"de","@id":"https:\/\/www.d-velop.de\/blog\/#\/schema\/logo\/image\/","url":"https:\/\/www.d-velop.de\/blog\/wp-content\/uploads\/2018\/12\/dvelop-blog-logo-invers.jpg","contentUrl":"https:\/\/www.d-velop.de\/blog\/wp-content\/uploads\/2018\/12\/dvelop-blog-logo-invers.jpg","width":350,"height":350,"caption":"d.velop Gruppe"},"image":{"@id":"https:\/\/www.d-velop.de\/blog\/#\/schema\/logo\/image\/"},"sameAs":["https:\/\/www.facebook.com\/d.velop.ag\/","https:\/\/x.com\/d_velop","https:\/\/de.linkedin.com\/company\/d-velop","https:\/\/www.xing.com\/pages\/d-velopag","https:\/\/www.instagram.com\/d.velop_group\/"]},{"@type":"Person","@id":"https:\/\/www.d-velop.de\/blog\/#\/schema\/person\/d4bce770747142020940de86f31b942a","name":"Katharina Wohlrab","image":{"@type":"ImageObject","inLanguage":"de","@id":"https:\/\/www.d-velop.de\/blog\/#\/schema\/person\/image\/","url":"https:\/\/www.d-velop.de\/blog\/wp-content\/uploads\/2022\/05\/katharina-wohlrab-dvelop-forum-210x210.png","contentUrl":"https:\/\/www.d-velop.de\/blog\/wp-content\/uploads\/2022\/05\/katharina-wohlrab-dvelop-forum-210x210.png","caption":"Katharina Wohlrab"},"description":"Gesch\u00e4ftsf\u00fchrerin | Mental Health Aktivistin | Autorin | Speakerin","sameAs":["https:\/\/www.tech4girls.de\/","https:\/\/www.linkedin.com\/in\/katharina-wohlrab-a302a0a3\/"],"url":"https:\/\/www.d-velop.de\/blog\/author\/katharina-wohlrab\/"}]}},"_links":{"self":[{"href":"https:\/\/www.d-velop.de\/blog\/wp-json\/wp\/v2\/posts\/32160","targetHints":{"allow":["GET"]}}],"collection":[{"href":"https:\/\/www.d-velop.de\/blog\/wp-json\/wp\/v2\/posts"}],"about":[{"href":"https:\/\/www.d-velop.de\/blog\/wp-json\/wp\/v2\/types\/post"}],"author":[{"embeddable":true,"href":"https:\/\/www.d-velop.de\/blog\/wp-json\/wp\/v2\/users\/185"}],"replies":[{"embeddable":true,"href":"https:\/\/www.d-velop.de\/blog\/wp-json\/wp\/v2\/comments?post=32160"}],"version-history":[{"count":1,"href":"https:\/\/www.d-velop.de\/blog\/wp-json\/wp\/v2\/posts\/32160\/revisions"}],"predecessor-version":[{"id":34700,"href":"https:\/\/www.d-velop.de\/blog\/wp-json\/wp\/v2\/posts\/32160\/revisions\/34700"}],"wp:featuredmedia":[{"embeddable":true,"href":"https:\/\/www.d-velop.de\/blog\/wp-json\/wp\/v2\/media\/32191"}],"wp:attachment":[{"href":"https:\/\/www.d-velop.de\/blog\/wp-json\/wp\/v2\/media?parent=32160"}],"wp:term":[{"taxonomy":"category","embeddable":true,"href":"https:\/\/www.d-velop.de\/blog\/wp-json\/wp\/v2\/categories?post=32160"},{"taxonomy":"post_tag","embeddable":true,"href":"https:\/\/www.d-velop.de\/blog\/wp-json\/wp\/v2\/tags?post=32160"}],"curies":[{"name":"wp","href":"https:\/\/api.w.org\/{rel}","templated":true}]}}