{"id":32880,"date":"2023-05-15T10:52:04","date_gmt":"2023-05-15T08:52:04","guid":{"rendered":"https:\/\/www.d-velop.de\/blog\/?p=32880"},"modified":"2025-06-11T13:58:54","modified_gmt":"2025-06-11T11:58:54","slug":"lieferkettengesetz","status":"publish","type":"post","link":"https:\/\/www.d-velop.de\/blog\/branchenprozesse\/lieferkettengesetz\/","title":{"rendered":"Menschenrechte durch Lieferkettengesetz sch\u00fctzen &#8211; Das gilt es f\u00fcr Unternehmen zu beachten!"},"content":{"rendered":"\n<p data-beyondwords-marker=\"9f8f2dff-189d-4c1a-9652-cb52f7c01b9e\">Obst aus S\u00fcdeuropa, Kaffee aus Brasilien oder Kleidung aus Asien \u2013 der weltweite Wirtschaftsmarkt boomt. Jedes Land profitiert von den Erzeugnissen anderer L\u00e4nder, sodass in den vergangenen Jahrzehnten erfolgreiche Handelsbeziehungen aufgebaut wurden. Was dabei allerdings in den Hintergrund r\u00fcckt? Die unterschiedlichen Arbeitsbedingungen und Menschenrechte vor Ort. Nicht in allen L\u00e4ndern gibt es f\u00fcr Arbeitnehmer Schutz vor Ausbeutung. Die Folge sind Menschenrechtsverletzungen. Hier setzt das Lieferkettengesetz an. Es verlangt von Firmen nicht nur eine transparente und ethische Gestaltung ihrer globalen Lieferketten, sondern fordert auch einen verantwortungsbewussten Umgang mit Menschenrechten und Umweltstandards.<\/p>\n\n\n\n<h2 data-beyondwords-marker=\"5657d6d9-ec9f-4c55-aa05-3d497e2c877c\" class=\"wp-block-heading\"><span class=\"ez-toc-section\" id=\"deutsches-lieferkettengesetz-zur-einhaltung-von-menschenrechten\"><\/span>Deutsches Lieferkettengesetz zur Einhaltung von Menschenrechten<span class=\"ez-toc-section-end\"><\/span><\/h2>\n\n\n\n<p data-beyondwords-marker=\"946596a8-2669-4b84-8a93-6bc8c2b37ed0\">Dies hat nun ein Ende: Zum 1. Januar 2023 ist ein deutsches Lieferkettengesetz (<a href=\"https:\/\/www.csr-in-deutschland.de\/DE\/Wirtschaft-Menschenrechte\/Gesetz-ueber-die-unternehmerischen-Sorgfaltspflichten-in-Lieferketten\/gesetz-ueber-die-unternehmerischen-sorgfaltspflichten-in-lieferketten.html\" target=\"_blank\" rel=\"noreferrer noopener\">LkS<\/a><a href=\"https:\/\/www.csr-in-deutschland.de\/DE\/Wirtschaft-Menschenrechte\/Gesetz-ueber-die-unternehmerischen-Sorgfaltspflichten-in-Lieferketten\/gesetz-ueber-die-unternehmerischen-sorgfaltspflichten-in-lieferketten.html\">G<\/a>) in Kraft getreten. Mit dem Gesetz wird erstmals die unternehmerische Verantwortung f\u00fcr die Einhaltung von Menschenrechten in den Lieferketten geregelt. Von der Produktion \u00fcber den Transport bis zum Handel von Waren \u2013 alle an der Wertsch\u00f6pfungskette beteiligten deutschen Firmen m\u00fcssen seit Jahresbeginn konkrete Sorgfaltspflichten zur Achtung von Menschenrechten umsetzen. Ein europ\u00e4isches Lieferkettengesetz, das noch 2023 verabschiedet werden k\u00f6nnte, orientiert sich eng an der deutschen Variante. Wie die Sorgfaltspflichten im LkSG-Gesetzestext aussehen und wie sie sich auf die einzelnen Branchen auswirken, erkl\u00e4ren wir im Beitrag.<\/p>\n\n\n\n<div data-beyondwords-marker=\"9db272f8-d115-4c8e-b656-31bbc4bb1c31\" class=\"wp-block-group is-style-info-explanation\"><div class=\"wp-block-group__inner-container is-layout-constrained wp-block-group-is-layout-constrained\">\n<h2 data-beyondwords-marker=\"902cbd6c-a5b5-46df-903a-e5e6748a4d90\" class=\"wp-block-heading\" id=\"h-was-ist-das-lieferkettengesetz-und-wozu-dient-es\"><span class=\"ez-toc-section\" id=\"was-ist-das-lieferkettengesetz-und-wozu-dient-es\"><\/span>Was ist das Lieferkettengesetz und wozu dient es?<span class=\"ez-toc-section-end\"><\/span><\/h2>\n\n\n\n<p data-beyondwords-marker=\"ced88111-1ce4-4e51-86d6-e5982183496e\">Das neue Lieferkettengesetz regelt erstmals verbindlich die Verantwortung deutscher Unternehmen f\u00fcr den Schutz von Menschenrechten in globalen Lieferketten. <\/p>\n<\/div><\/div>\n\n\n\n<p data-beyondwords-marker=\"a0a9dd9b-05bc-454f-8d22-9abce6db3742\">Das Gesetz wurde nach Abschluss des parlamentarischen Verfahrens am 22. Juli 2021 im Bundesgesetzblatt ver\u00f6ffentlicht und gilt zun\u00e4chst f\u00fcr Unternehmen mit mindestens 3.000 Arbeitnehmer:innen. Ab 2024 sind auch Unternehmen mit mindestens 1.000 Besch\u00e4ftigten in der Pflicht.<\/p>\n\n\n\n<h3 data-beyondwords-marker=\"81884100-dfaf-42e2-8136-3c733cef0313\" class=\"wp-block-heading\">LkSG: mehr Gerechtigkeit f\u00fcr Arbeitskr\u00e4fte weltweit<\/h3>\n\n\n\n<p data-beyondwords-marker=\"700f9fd3-46ee-4b17-98d4-34342df59908\">Den Hauptfokus legt der LkSG-Text auf mehr Gerechtigkeit f\u00fcr Arbeitskr\u00e4fte weltweit. Er soll die Opfer von Menschenrechtsverletzungen und die gesamte Zivilgesellschaft st\u00e4rken. Das Lieferkettengesetz, auch Lieferkettensorgfaltspflichtengesetz genannt, legt Anforderungen an ein verantwortliches Management von Lieferketten f\u00fcr Unternehmen fest und verbessert somit die internationale Menschenrechtslage. Unternehmen erhalten einen klaren gesetzlichen Rahmen zur Erf\u00fcllung der menschenrechtlichen Sorgfaltspflichten.<\/p>\n\n\n\n<h3 data-beyondwords-marker=\"d33782db-d0af-4c07-bebc-44808338b20b\" class=\"wp-block-heading\">Beispiel aus der Praxis f\u00fcr das Lieferkettengesetz<\/h3>\n\n\n\n<p data-beyondwords-marker=\"d274e871-9173-4f9b-b18a-023e63fd7710\">Ein Beispiel f\u00fcr die Anwendung des Lieferkettengesetzes in der Praxis k\u00f6nnte sein, dass ein deutscher Einzelh\u00e4ndler verpflichtet ist, sicherzustellen, dass die Arbeitsbedingungen auf den Farmen, von denen er seinen Kaffee bezieht, den Mindeststandards entsprechen und keine Kinderarbeit stattfindet. Der H\u00e4ndler m\u00fcsste gegebenenfalls Ma\u00dfnahmen ergreifen, um seinen im Lieferkettengesetz festgeschriebenen Sorgfaltspflichten nachzukommen, um diese Standards zu erreichen und sicherzustellen, dass seine Lieferanten diese einhalten.<\/p>\n\n\n\n<h2 data-beyondwords-marker=\"077a7528-fdbe-4158-9140-7968f184360f\" class=\"wp-block-heading\" id=\"h-das-sind-die-5-sorgfaltspflichten-fur-unternehmen-im-rahmen-des-lieferkettengesetzes\"><span class=\"ez-toc-section\" id=\"das-sind-die-5-sorgfaltspflichten-fuer-unternehmen-im-rahmen-des-lieferkettengesetzes\"><\/span>Das sind die 5 Sorgfaltspflichten f\u00fcr Unternehmen im Rahmen des Lieferkettengesetzes<span class=\"ez-toc-section-end\"><\/span><\/h2>\n\n\n\n<p data-beyondwords-marker=\"48c7c054-0318-4fd3-b516-cd37c8369b3f\">Wirtschaftsunternehmen sind nun verpflichtet, sich langfristig mit der Einhaltung des Lieferkettengesetzes zu befassen. Im <a href=\"https:\/\/www.csr-in-deutschland.de\/DE\/Wirtschaft-Menschenrechte\/NAP\/nap.html\" data-type=\"URL\" data-id=\"https:\/\/www.csr-in-deutschland.de\/DE\/Wirtschaft-Menschenrechte\/NAP\/nap.html\" target=\"_blank\" rel=\"noreferrer noopener\">Nationalen Aktionsplan Wirtschaft und Menschenrechte<\/a> (NAP) sind f\u00fcnf Kernelemente der Sorgfaltspflicht beschrieben, die deutsche Unternehmen zuk\u00fcnftig umsetzen m\u00fcssen.<\/p>\n\n\n\n<figure data-beyondwords-marker=\"b6be4097-3a69-4995-9f83-6fde666e838f\" class=\"wp-block-image size-large\"><a href=\"https:\/\/www.d-velop.de\/blog\/wp-content\/uploads\/2022\/06\/sorgfaltspflichten-lieferkettengesetz-scaled.jpg\" target=\"_blank\" rel=\"noopener\"><img loading=\"lazy\" decoding=\"async\" width=\"1090\" height=\"367\" src=\"https:\/\/www.d-velop.de\/blog\/wp-content\/uploads\/2022\/06\/sorgfaltspflichten-lieferkettengesetz-1090x367.jpg\" alt=\"Sorgfaltspflichten des Lieferkettengesetzes\" class=\"wp-image-32882\" srcset=\"https:\/\/www.d-velop.de\/blog\/wp-content\/uploads\/2022\/06\/sorgfaltspflichten-lieferkettengesetz-1090x367.jpg 1090w, https:\/\/www.d-velop.de\/blog\/wp-content\/uploads\/2022\/06\/sorgfaltspflichten-lieferkettengesetz-600x202.jpg 600w, https:\/\/www.d-velop.de\/blog\/wp-content\/uploads\/2022\/06\/sorgfaltspflichten-lieferkettengesetz-768x259.jpg 768w, https:\/\/www.d-velop.de\/blog\/wp-content\/uploads\/2022\/06\/sorgfaltspflichten-lieferkettengesetz-1536x518.jpg 1536w, https:\/\/www.d-velop.de\/blog\/wp-content\/uploads\/2022\/06\/sorgfaltspflichten-lieferkettengesetz-2048x690.jpg 2048w, https:\/\/www.d-velop.de\/blog\/wp-content\/uploads\/2022\/06\/sorgfaltspflichten-lieferkettengesetz-1920x647.jpg 1920w\" sizes=\"auto, (max-width: 1090px) 100vw, 1090px\" \/><\/a><\/figure>\n\n\n\n<h3 data-beyondwords-marker=\"a03609a5-0b1b-4c6d-9578-aa11a8928eb7\" class=\"wp-block-heading\" id=\"h-1-sorgfaltspflicht-verantwortung-anerkennen\">1. Sorgfaltspflicht: Verantwortung anerkennen<\/h3>\n\n\n\n<p data-beyondwords-marker=\"e39cb068-051c-4b73-8eeb-a099a3549776\">Das <a href=\"https:\/\/www.d-velop.de\/blog\/branchenprozesse\/lieferkettensorgfaltspflichtengesetz\/\">Lieferkettensorgfaltspflichtengesetz<\/a> sieht vor, dass Unternehmen eine <a data-type=\"URL\" data-id=\"https:\/\/www.csr-in-deutschland.de\/DE\/Wirtschaft-Menschenrechte\/NAP\/Ueber-den-NAP\/Originalfassung-des-NAP\/originalfassung-des-nap.html#Grundsatzerklaerung\" href=\"https:\/\/www.csr-in-deutschland.de\/DE\/Wirtschaft-Menschenrechte\/NAP\/Ueber-den-NAP\/Originalfassung-des-NAP\/originalfassung-des-nap.html#Grundsatzerklaerung\" target=\"_blank\" rel=\"noreferrer noopener\">Grundsatzerkl\u00e4rung<\/a> \u00fcber ihre Menschenrechts\u00adstrategie abgeben. Diese Erkl\u00e4rung sollte von der Unternehmensf\u00fchrung verabschiedet und intern wie extern kommuniziert werden. Die Inhalte der Grundsatzerkl\u00e4rung sehen wie folgt aus:<\/p>\n\n\n\n<ul data-beyondwords-marker=\"6dbfd9e0-cc22-4316-80ff-616067675ca8\" class=\"wp-block-list\">\n<li data-beyondwords-marker=\"52fe0370-5c2d-4b63-a831-8f11eee6b9ee\">Ergebnisse der Risikoanalyse zu umweltbezogenen und menschenrechtlichen Risiken<\/li>\n\n\n\n<li data-beyondwords-marker=\"6a4e9e66-a3b2-4618-8a1d-89c7e3c348d2\">Ma\u00dfnahmen zur Pr\u00e4vention und Abhilfe<\/li>\n\n\n\n<li data-beyondwords-marker=\"753b61a1-a769-4bc3-8dee-49ebbea1228d\">Verfahrensbeschreibung, wie die Sorgfaltspflichten eingehalten werden<\/li>\n\n\n\n<li data-beyondwords-marker=\"99bd9f85-39ba-45e8-a902-d3bf81b2404d\">Benennung eines Menschenrechtsbeauftragten<\/li>\n\n\n\n<li data-beyondwords-marker=\"86a4bbd8-df6b-48d4-9d47-7c676e84ee7c\">Festlegung klarer Verantwortlichkeiten<\/li>\n\n\n\n<li data-beyondwords-marker=\"c714694d-40ef-4bd5-a64d-8a14c7f4a694\">Ausblick \u00fcber geplante Pr\u00e4ventionsma\u00dfnahmen<\/li>\n<\/ul>\n\n\n\n<p data-beyondwords-marker=\"fca4f3f5-f5b8-4207-b721-7985a8996400\">Ziel ist es, dass Unternehmen ihre Menschenrechtsstrategie allen Stakeholdern gegen\u00fcber offenlegen. Dabei sind auch die Erwartungen an die eigenen Besch\u00e4ftigten und Lieferanten in der Lieferkette zu adressieren.<\/p>\n\n\n\n<h3 data-beyondwords-marker=\"c50f4ffb-54d8-41e4-bf79-6367b9dc0713\" class=\"wp-block-heading\" id=\"h-2-sorgfaltspflicht-risiken-ermitteln\">2. Sorgfaltspflicht: Risiken ermitteln<\/h3>\n\n\n\n<p data-beyondwords-marker=\"122bdcf1-ecc5-4539-911a-21390c1dd5a0\">Wie in der Grundsatzerkl\u00e4rung aufgef\u00fchrt, m\u00fcssen Unternehmen im ersten Schritt eine Risikoanalyse durchf\u00fchren. Das bedeutet: Sie m\u00fcssen transparent aufzeigen, wie ihre Produktions-, Transport- oder Handelslieferketten aussehen und welche menschenrechtlichen und umweltbezogenen Risiken sich dahinter verbergen. Dazu z\u00e4hlen auch die Gesch\u00e4ftsbereiche der Zulieferer. Innerhalb der Analyse m\u00f6glicher Risiken muss unterschieden werden zwischen Auswirkungen,<\/p>\n\n\n\n<ul data-beyondwords-marker=\"9c844014-ca00-4fe2-8020-1c6c4cc6b706\" class=\"wp-block-list\">\n<li data-beyondwords-marker=\"ea49aa77-72b0-4fef-83e0-2edd9bf6b447\">die direkt vom Unternehmen verursacht werden,<\/li>\n\n\n\n<li data-beyondwords-marker=\"f80b066c-d060-4465-9a22-a58b3e45697e\">die durch Vertragsbeziehungen zum Beispiel mit Lieferanten entstehen, oder<\/li>\n\n\n\n<li data-beyondwords-marker=\"9f1e3b16-6119-4fe9-bd27-848933cc8d3b\">die durch vielschichtige Gesch\u00e4ftsbeziehungen ohne direkte Vertragsregelung, wie bei einer Vielzahl von Zwischenh\u00e4ndlern, eintreten.<\/li>\n<\/ul>\n\n\n\n<h3 data-beyondwords-marker=\"99f0023f-ba35-48dd-aa84-bef1ae05b2e3\" class=\"wp-block-heading\" id=\"h-3-sorgfaltspflicht-risiken-minimieren\">3. Sorgfaltspflicht: Risiken minimieren<\/h3>\n\n\n\n<p data-beyondwords-marker=\"4aa3b335-d0ad-4783-8333-69840291d5ce\">Im zweiten Schritt treffen Wirtschaftsunternehmen auf Grundlage der Risikoanalyse geeignete pr\u00e4ventive Ma\u00dfnahmen, um Verst\u00f6\u00dfen vorzubeugen.<\/p>\n\n\n\n<ul data-beyondwords-marker=\"946284f7-ec68-41d0-8fa2-6dcd490e3fa9\" class=\"wp-block-list\">\n<li data-beyondwords-marker=\"f7d69ea1-7e96-419a-bff4-ee7ae088693b\">Vereinbarung entsprechender vertraglicher Menschenrechtsklauseln mit direkten Zulieferern<\/li>\n\n\n\n<li data-beyondwords-marker=\"e61cf66e-2bfd-4c67-b416-82f985d4a0d3\">Umsetzung von geeigneten Beschaffungsstrategien<\/li>\n\n\n\n<li data-beyondwords-marker=\"a68f679b-e2c0-4ba6-864a-958e997fba39\">Durchf\u00fchrung von Schulungen f\u00fcr Besch\u00e4ftigte sowie Zulieferer<\/li>\n\n\n\n<li data-beyondwords-marker=\"1b834acd-0345-4132-8050-8a649e8de19f\">Regelm\u00e4\u00dfige Kontrollma\u00dfnahmen gegen\u00fcber allen Stakeholdern<\/li>\n<\/ul>\n\n\n\n<p data-beyondwords-marker=\"7656a132-dee2-43a3-9cf0-fcaeb5fdbaa4\">Sollte in der Lieferkette oder am eigenen Standort die Sorgfaltspflicht verletzt werden, muss das Unternehmen umgehend f\u00fcr dessen Beendigung bzw. Minimierung sorgen &#8211; auch im Falle einer in der Vergangenheit erfolgten Menschenrechtsverletzung.<\/p>\n\n\n\n<p data-beyondwords-marker=\"9e81115d-93d7-4223-902a-b328b103765e\">Unter stetiger Beobachtung stehen zudem die Zulieferer in den Lieferketten. Sollte herauskommen, dass sie Menschenrechte missachtet haben, zum Beispiel in der Produktion von Waren, w\u00e4hrend des Transports von Wirtschaftsg\u00fctern oder im direkten Handel, muss das Unternehmen sofort aktiv werden und Sanktionen aussprechen.<\/p>\n\n\n\n<h3 data-beyondwords-marker=\"0a3b7a55-c779-40c3-9ff6-805464194500\" class=\"wp-block-heading\" id=\"h-4-sorgfaltspflicht-informieren-und-berichten\">4. Sorgfaltspflicht: Informieren und berichten<\/h3>\n\n\n\n<p data-beyondwords-marker=\"c264fadf-ed88-40cd-aa20-f94415e555dd\">Eine Berichterstattung ist zur Einhaltung der Sorgfaltspflichten zwingend notwendig. Alle Ma\u00dfnahmen und Verletzungen rund um den LkSG-Gesetzestext m\u00fcssen fortlaufend dokumentiert werden. In einem j\u00e4hrlichen Bericht an das <a href=\"https:\/\/www.bafa.de\/DE\/Lieferketten\/Ueberblick\/ueberblick_node.html;jsessionid=014CFDF82CF445A43EEE99E9453AC67A.1_cid378\" target=\"_blank\" rel=\"noreferrer noopener\">Bundesamt f\u00fcr Wirtschaft und Au\u00dfenkontrolle<\/a> (BAFA) gibt das Unternehmen Auskunft dar\u00fcber,<\/p>\n\n\n\n<ul data-beyondwords-marker=\"9a2b273c-ea72-482c-865c-9e679fafb88c\" class=\"wp-block-list\">\n<li data-beyondwords-marker=\"f2aa8317-10e9-4152-9ef0-f6f50bc53627\">ob und welche menschenrechtlichen und umweltbezogenen Risiken ermittelt wurden,<\/li>\n\n\n\n<li data-beyondwords-marker=\"292c28bb-41e4-44d7-9f41-529da8cefc35\">mit welchen Ma\u00dfnahmen sie die Sorgfaltspflicht erf\u00fcllt haben,<\/li>\n\n\n\n<li data-beyondwords-marker=\"ef890895-1863-49ff-a2b6-be456d077adb\">wie sie die Auswirkungen und die Wirksamkeit dieser Ma\u00dfnahmen bewerten,<\/li>\n\n\n\n<li data-beyondwords-marker=\"44f14ab3-dd44-4454-8675-7f02a9a4c40b\">ob eine weiterf\u00fchrende Pr\u00e4vention f\u00fcr zuk\u00fcnftige F\u00e4lle abgeleitet wurde.<\/li>\n<\/ul>\n\n\n\n<p data-beyondwords-marker=\"c0bf68b1-0ed0-4a9a-9e89-9d9739b1b6f0\">Die Abgabe der Dokumentation an das BAFA erfolgt sp\u00e4testens vier Monate nach Ende des Gesch\u00e4ftsjahres. Der Bericht muss zudem auf der Unternehmenswebseite f\u00fcr mindestens sieben Jahre \u00f6ffentlich zug\u00e4nglich sein.<\/p>\n\n\n\n<h3 data-beyondwords-marker=\"5997fecb-29b6-4dee-ba19-c2bc11c31b55\" class=\"wp-block-heading\" id=\"h-5-sorgfaltspflicht-beschwerden-ermoglichen\">5. Sorgfaltspflicht: Beschwerden erm\u00f6glichen<\/h3>\n\n\n\n<p data-beyondwords-marker=\"ff462b24-91a5-4bc6-9eb3-664297ad2b73\">Nicht zu vergessen: Unternehmen m\u00fcssen im Rahmen des Lieferkettengesetzes auch ein Beschwerdeverfahren einrichten. Dieses richtet sich an alle beteiligten Stakeholder, die unmittelbar von einer Menschenrechtsverletzung betroffen sind bzw. an diejenigen, die Kenntnis von potenziellen oder tats\u00e4chlichen Verletzungen haben. Um ein wirksames Beschwerdesystem zu etablieren, sollte das Unternehmen bei der Gestaltung des Beschwerdemanagements mit seinen Besch\u00e4ftigten und Zulieferern im Austausch stehen. Das Verfahren soll f\u00fcr alle Stakeholder zug\u00e4nglich, transparent und fair sein.<\/p>\n\n\n\n<h2 data-beyondwords-marker=\"762e53bf-f4ff-49b0-9484-56188741b6f6\" class=\"wp-block-heading\" id=\"h-was-passiert-wenn-unternehmen-die-sorgfaltspflichten-nicht-einhalten\"><span class=\"ez-toc-section\" id=\"was-passiert-wenn-unternehmen-die-sorgfaltspflichten-nicht-einhalten\"><\/span>Was passiert, wenn Unternehmen die Sorgfaltspflichten nicht einhalten?<span class=\"ez-toc-section-end\"><\/span><\/h2>\n\n\n\n<p data-beyondwords-marker=\"9fc17df0-f651-472f-b0ab-7a0d238b63f6\">Kommen Unternehmen ihren gesetzlichen Pflichten nicht nach, k\u00f6nnen Bu\u00dfgelder verh\u00e4ngt werden. Sie belaufen sich auf bis zu 8 Millionen Euro oder betragen bis zu zwei Prozent des weltweiten Jahresumsatzes. Dabei gilt der umsatz\u00adbezogene Bu\u00dfgeldrahmen nur f\u00fcr Unternehmen mit mehr als 400 Millionen Euro Jahresumsatz. Au\u00dferdem ist es m\u00f6glich, dass Unternehmen ab einer bestimmten Bu\u00dfgeldh\u00f6he von der Vergabe \u00f6ffentlicher Auftr\u00e4ge ausgeschlossen werden. <\/p>\n\n\n\n<h3 data-beyondwords-marker=\"29a90df0-c5d1-4c58-8645-44b46cd11bcd\" class=\"wp-block-heading\">BAFA \u00fcberwacht das Lieferkettenmanagement<\/h3>\n\n\n\n<p data-beyondwords-marker=\"fa7b5fd3-1bfa-42ed-b278-1de08a2d1ec2\">Das BAFA \u00fcberwacht zuk\u00fcnftig die Produktionsabl\u00e4ufe und das Lieferkettenmanagement deutscher Unternehmen. Es besitzt umf\u00e4ngliche Kontrollbefugnisse gegen\u00fcber den Wirtschaftsunternehmen, wie zum Beispiel Gesch\u00e4ftsr\u00e4ume zu betreten, Unterlagen einzusehen und Ausk\u00fcnfte zu verlangen. Zur Unterst\u00fctzung der Firmen entwickelt und ver\u00f6ffentlicht das BAFA regelm\u00e4\u00dfig Handreichungen. Diese Hilfestellungen finden Unternehmen auf der offiziellen <a href=\"https:\/\/www.bafa.de\/DE\/Lieferketten\/lieferketten_node.html\" target=\"_blank\" rel=\"noreferrer noopener\">BAFA-Webseite<\/a>.<\/p>\n\n\n\n<h2 data-beyondwords-marker=\"a9b0aa35-640b-499d-a6cc-8c90415ef9d0\" class=\"wp-block-heading\" id=\"h-wie-wirkt-sich-ein-europaisches-lieferkettengesetz-auf-die-branchen-produktion-logistik-und-handel-aus\"><span class=\"ez-toc-section\" id=\"wie-wirkt-sich-ein-europaeisches-lieferkettengesetz-auf-die-branchen-produktion-logistik-und-handel-aus\"><\/span>Wie wirkt sich ein europ\u00e4isches Lieferkettengesetz auf die Branchen Produktion, Logistik und Handel aus?<span class=\"ez-toc-section-end\"><\/span><\/h2>\n\n\n\n<p data-beyondwords-marker=\"4a323a22-52f8-477f-ad36-b298eac345b7\">Wirtschaftsunternehmen aus der produzierenden Industrie, dem Transportwesen oder dem Handel stehen vor gro\u00dfen Herausforderungen, das Lieferkettensorgfaltspflichtengesetz vorbildlich und einwandfrei umzusetzen. Oftmals reichen die Handelsbeziehungen in diesen Branchen so tief, dass Lieferketten enorm lang und undurchsichtiger sind. Denn nicht mit allen Zulieferern und Zwischenh\u00e4ndlern existieren direkte Vertragsverbindungen. Umso wichtiger ist es f\u00fcr Produktions-, Logistik- und Handelsunternehmen, klare Strukturen und transparente Dokumentationen zu schaffen.<\/p>\n\n\n\n<figure data-beyondwords-marker=\"59f27324-788f-403f-8c12-3c424620a3bb\" class=\"wp-block-image size-large\"><a href=\"https:\/\/www.d-velop.de\/blog\/wp-content\/uploads\/2022\/06\/lieferkettengesetz-kreislauf-branchen.jpg\" target=\"_blank\" rel=\"noopener\"><img loading=\"lazy\" decoding=\"async\" width=\"1090\" height=\"845\" src=\"https:\/\/www.d-velop.de\/blog\/wp-content\/uploads\/2022\/06\/lieferkettengesetz-kreislauf-branchen-1090x845.jpg\" alt=\"Die Grafik illustriert das neue Gesetz zur \u00dcberwachung der Lieferantenkette und zeigt einen Kreislauf zwischen Industrie, Logistik und Handel\" class=\"wp-image-32881\" srcset=\"https:\/\/www.d-velop.de\/blog\/wp-content\/uploads\/2022\/06\/lieferkettengesetz-kreislauf-branchen-1090x845.jpg 1090w, https:\/\/www.d-velop.de\/blog\/wp-content\/uploads\/2022\/06\/lieferkettengesetz-kreislauf-branchen-600x465.jpg 600w, https:\/\/www.d-velop.de\/blog\/wp-content\/uploads\/2022\/06\/lieferkettengesetz-kreislauf-branchen-768x595.jpg 768w, https:\/\/www.d-velop.de\/blog\/wp-content\/uploads\/2022\/06\/lieferkettengesetz-kreislauf-branchen-1536x1190.jpg 1536w, https:\/\/www.d-velop.de\/blog\/wp-content\/uploads\/2022\/06\/lieferkettengesetz-kreislauf-branchen-1920x1488.jpg 1920w, https:\/\/www.d-velop.de\/blog\/wp-content\/uploads\/2022\/06\/lieferkettengesetz-kreislauf-branchen.jpg 2000w\" sizes=\"auto, (max-width: 1090px) 100vw, 1090px\" \/><\/a><\/figure>\n\n\n\n<h2 data-beyondwords-marker=\"f56c763a-8b7f-4e7f-b322-969af368ec57\" class=\"wp-block-heading\" id=\"h-industrie-ohne-eigenverantwortung-produktion-in-billiglohnlandern\"><span class=\"ez-toc-section\" id=\"industrie-ohne-eigenverantwortung-produktion-in-billiglohnlaendern\"><\/span>Industrie ohne Eigenverantwortung: Produktion in Billiglohnl\u00e4ndern<span class=\"ez-toc-section-end\"><\/span><\/h2>\n\n\n\n<p data-beyondwords-marker=\"ea56977c-ec0f-412d-9bbc-ece8b85c0895\">Die bereits beschriebenen f\u00fcnf<strong> <\/strong>Sorgfaltspflichten, die das Lieferkettengesetz umfasst, zielen auf eines ab: mehr Verantwortung f\u00fcr eine faire Produktion. Aber warum ist das Lieferkettengesetz so relevant f\u00fcr Unternehmen, insbesondere in der Produktion?<\/p>\n\n\n\n<p data-beyondwords-marker=\"410cfbf4-047e-456d-b744-ec8c40b3698e\">Der einfache Grund: Das eigenverantwortliche Handeln der Unternehmen hat in der Vergangenheit nicht hinreichend funktioniert. Heutiger Standard ist es, den ganzen Produktionsprozess oder Teile der Produktion ins Ausland auszulagern. Dabei findet die Auslagerung insbesondere in Entwicklungsl\u00e4ndern statt, in denen die Produktion als solche oftmals lediglich einen Bruchteil dessen kostet, was in L\u00e4ndern, wie der Bundesrepublik Deutschland, im Standard f\u00fcr die Produktion gezahlt werden muss. In Entwicklungsl\u00e4ndern laufen Produktionen in den meisten F\u00e4llen unter schlechten Bedingungen ab, sowohl f\u00fcr die Arbeiter:innen als auch f\u00fcr die Umwelt.<\/p>\n\n\n\n<h3 data-beyondwords-marker=\"fe6bd54f-3a3a-41de-b668-e14af33eb8f4\" class=\"wp-block-heading\">Selbstverpflichtung zur Sorgfalt reichte in der Vergangenheit nicht aus<\/h3>\n\n\n\n<p data-beyondwords-marker=\"136a6446-f52b-4447-bbd8-9b582d6d49f8\">Ab dem Jahr 2024 werden rund 2.890 Unternehmen von dem Lieferkettengesetz betroffen sein, die mindestens 1.000 Mitarbeiter:innen besch\u00e4ftigen. Und warum? Weil eine Selbstverpflichtung zur Sorgfalt in der Vergangenheit nicht ausreichend war. Menschenrechte und die Umwelt werden durch die ausgelagerte Produktion gef\u00e4hrdet. Die fehlende Sorgfalt, aber auch die daraus resultierende fehlende Hinterfragung der eigenen Produktions- und Lieferketten soll durch den LkSG-Gesetzestext gesch\u00e4rft werden sowie die Sozialstandards und den Umweltfaktor erf\u00fcllen:<\/p>\n\n\n\n<ul data-beyondwords-marker=\"9a6561e8-5c57-44c0-9643-fe808181b712\" class=\"wp-block-list\">\n<li data-beyondwords-marker=\"840c9616-9bbf-494e-bd72-328f6cca82fc\">Arbeitsbedingungen<\/li>\n\n\n\n<li data-beyondwords-marker=\"c5ba666b-a877-4a2f-92e6-2ab86fd098b6\">Gesundheit<\/li>\n\n\n\n<li data-beyondwords-marker=\"e9a6b27f-c889-413d-baeb-2191fd22bce6\">Menschenrechte<\/li>\n\n\n\n<li data-beyondwords-marker=\"376da1b8-5526-4c28-8610-0a2782e2f902\">Sicherheit<\/li>\n\n\n\n<li data-beyondwords-marker=\"751087b4-e695-434c-a356-81b72f95e48c\">Umwelt<\/li>\n<\/ul>\n\n\n\n<h3 data-beyondwords-marker=\"1ba4033a-3006-4684-99dd-de78613b7629\" class=\"wp-block-heading\">Was bedeutet das LkSG f\u00fcr die Produktion? Was passiert bei Nicht-Einhaltung der Vorgaben?<\/h3>\n\n\n\n<p data-beyondwords-marker=\"307e6f28-832a-4f3a-b833-089ae906f077\">Um die Erf\u00fcllung der Sozialstandards in der Produktion zu gew\u00e4hrleisten, m\u00fcssen die Sorgfaltspflichten eingehalten werden. Gesamte Lieferketten m\u00fcssen hinterfragt und analysiert werden. Dies bedeutet f\u00fcr alle betroffenen Unternehmen in jedem Fall einen Mehraufwand, den sie leisten m\u00fcssen, um keine Sanktionen bei Nicht-Einhaltung oder Nicht-Umsetzung der Sorgfaltspflichten bef\u00fcrchten zu m\u00fcssen. Unterm Strich bedeutet das eine umfangreiche Offenlegung und Hinterfragung von teils seit Jahrzehnten bestehenden Lieferketten, deren Rechtskonformit\u00e4t sie nun gew\u00e4hrleisten und gegebenenfalls mit entsprechenden Gegenma\u00dfnahmen anpassen m\u00fcssen. Dazu z\u00e4hlen auch Aufl\u00f6sungen oder Neugestaltungen der Lieferketten und Produktionsprozesse.<\/p>\n\n\n\n<h2 data-beyondwords-marker=\"5590ce4e-3bb7-45cb-9e83-4ff9dc54efe5\" class=\"wp-block-heading\"><span class=\"ez-toc-section\" id=\"die-weltweite-logistikbranche\"><\/span>Die weltweite Logistikbranche<span class=\"ez-toc-section-end\"><\/span><\/h2>\n\n\n\n<p data-beyondwords-marker=\"aca6e371-c9de-40c0-a789-5c46e445a2dc\">Durch ein deutsches Lieferkettengesetz, verabschiedet im Bundestag, tragen auch Logistikunternehmen eine gro\u00dfe Verantwortung zum Schutz der Menschenrechte sowie von Arbeits- und Umweltbedingungen entlang der Supply Chain. Das Europ\u00e4ische Parlament hat ebenfalls Leitlinien f\u00fcr ein EU-Lieferkettengesetz erarbeitet, dessen Einf\u00fchrung angesichts der deutschen Einf\u00fchrung nur noch Formsache sein d\u00fcrfte. Die Einf\u00fchrung auf EU-Ebene w\u00fcrde wiederum die Wettbewerbsgleichheit f\u00fcr deutsche Logistiker wiederherstellen.<\/p>\n\n\n\n<figure data-beyondwords-marker=\"48e6dc0a-d20f-4522-868b-a2068f10856e\" class=\"wp-block-embed is-type-video is-provider-youtube wp-block-embed-youtube wp-embed-aspect-16-9 wp-has-aspect-ratio\"><div class=\"wp-block-embed__wrapper\">\n<iframe loading=\"lazy\" title=\"Interview mit d.velop - Auswirkungen des Lieferkettensorgfaltsgesetzes auf die IT\" width=\"900\" height=\"506\" src=\"https:\/\/www.youtube.com\/embed\/xHsHz3r1BSU?feature=oembed&#038;enablejsapi=1&#038;origin=https:\/\/www.d-velop.de\" frameborder=\"0\" allow=\"accelerometer; autoplay; clipboard-write; encrypted-media; gyroscope; picture-in-picture; web-share\" allowfullscreen><\/iframe>\n<\/div><\/figure>\n\n\n\n<h3 data-beyondwords-marker=\"b5232fff-555d-49df-b242-cfeae275098c\" class=\"wp-block-heading\">Welche Herausforderungen kommen nun auf die Logistik zu?<\/h3>\n\n\n\n<p data-beyondwords-marker=\"b37cb5a3-a598-46bb-bea8-657985a6aece\">Die gr\u00f6\u00dfte Herausforderung wird die mangelnde Transparenz in den Lieferketten sein. Das beginnt damit, dass die Anzahl der an der Supply Chain beteiligten Transport- unternehmen viel gr\u00f6\u00dfer ist als im produzierenden Bereich und sich zudem h\u00e4ufiger wechseln kann. Logistiker konzentrieren sich aufgrund Termin- und Kostendruck nicht auf wenige Sub-Dienstleister, sondern bedienen sich einem breiteren Netzwerk. Sich \u00fcber deren Arbeitsbedingungen zu informieren, erfordert nicht nur Zeit, sondern leistungsf\u00e4hige IT-Systeme, um diese Informationen f\u00fcr Analysen aufzunehmen und entsprechend zu monitoren.<\/p>\n\n\n\n<h3 data-beyondwords-marker=\"cabefbcb-a740-4b84-b247-d199ae8fd0b9\" class=\"wp-block-heading\">Gestaltungsm\u00f6glichkeiten zur Risikominimierung erarbeiten<\/h3>\n\n\n\n<p data-beyondwords-marker=\"17fa35b7-e8a6-43d7-9a1d-8d87c4bbfeb1\">Ferner wird es notwendig sein, sich nach der Ermittlung von Verst\u00f6\u00dfen gegen\u00fcber den Partnern vertraglich abzusichern sowie Gestaltungsm\u00f6glichkeiten zur Risikominimierung und vorsorgliche Regelungen zu erarbeiten. Damit d\u00fcrften von den f\u00fcnf Sorgfaltspflichten die Risikoanalyse und das Risikomanagement noch die anspruchsvollsten sein, eine Grundsatzerkl\u00e4rung ist hingegen schnell definiert.<\/p>\n\n\n\n<p data-beyondwords-marker=\"949ade77-d30d-4733-a70f-3fe4657e37d9\">Sind die Mechanismen erst einmal installiert und ist das Bewusstsein gesch\u00e4rft, ist die Initiierung eines Beschwerdeverfahrens und deren Dokumentation zur Erf\u00fcllung der Berichtspflicht ein Abfallprozess.<\/p>\n\n\n\n<h3 data-beyondwords-marker=\"888ef6c9-3103-4db8-9781-634717227be1\" class=\"wp-block-heading\">Wo liegen die Chancen f\u00fcr die Logistik durch das LkSG?<\/h3>\n\n\n\n<p data-beyondwords-marker=\"5088a674-acdf-4e20-a9a7-c874de309a07\">Mit der Umsetzung der Verpflichtungen im Lieferkettengesetz-Text bietet sich f\u00fcr die Logistiker eine sehr gute Gelegenheit, die eigene positive Wahrnehmung des Unternehmens der ethischen und \u00f6kologisch orientierten Allgemeinheit gegen\u00fcber zu st\u00e4rken und die W\u00fcnsche der Verladerwirtschaft (B2B) sowie der Endkonsument:innen (B2C) zu erf\u00fcllen.<\/p>\n\n\n\n<h3 data-beyondwords-marker=\"cb2c29d3-462f-45b1-87b1-ff9126f9f0a9\" class=\"wp-block-heading\">Transparenz gegen den Wettbewerbsdruck<\/h3>\n\n\n\n<p data-beyondwords-marker=\"7d33b201-0004-4a46-a3f8-d2559601a6c8\">Dar\u00fcber hinaus treibt das Gesetz die eigenen Bem\u00fchungen in Sachen Nachhaltigkeit, vor allem auch im Umgang mit der Umwelt, gewinnbringend voran, und die gewonnene Transparenz wird permanent Kosten- und Optimierungspotentiale aufzeigen. Diese Transparenz sollte genutzt werden, um den sich stetig ver\u00e4ndernden Wettbewerbsdruck, dem vor allem Logistiker ausgesetzt sind, entgegenzuwirken.<\/p>\n\n\n\n<p data-beyondwords-marker=\"4789c23d-3f05-4956-b30d-f19fcd643312\">Sich den Herausforderungen des Lieferkettengesetzes zu stellen, seinen Pflichten nachzukommen und kompetente Partner bei der Umsetzung hinzuziehen, bringen Logistiker dazu, zukunftsf\u00e4hig zu bleiben.<\/p>\n\n\n\n<h2 data-beyondwords-marker=\"9a2359e4-acd2-4f91-a47a-1d34b8a403d1\" class=\"wp-block-heading\" id=\"h-das-lieferkettengesetz-und-die-auswirkungen-auf-den-handel\"><span class=\"ez-toc-section\" id=\"das-lieferkettengesetz-und-die-auswirkungen-auf-den-handel\"><\/span>Das Lieferkettengesetz und die Auswirkungen auf den Handel<span class=\"ez-toc-section-end\"><\/span><\/h2>\n\n\n\n<p data-beyondwords-marker=\"c58c6b98-d747-4ebd-950e-c930a3e6753c\">Eines der offensichtlichsten Segmente, auf die das Gesetz f\u00fcr die Lieferantenkette eine Auswirkung haben wird, ist der Handel. Schlie\u00dflich steht dieser an deren Ende und zudem in direkter Verbindung zu den Konsument:innen. Und die sind es auch, die letztendlich die produzierten G\u00fcter erwerben. Das Bewusstsein der Konsument:innen ist beim Kauf von Produkten gr\u00f6\u00dfer als noch vor einigen Jahren. Kunden schauen genauer hin, ob es sich bei den Produkten um fair gehandelte G\u00fcter handelt, oder wie die Produktionsbedingungen sind. Viele achten beim Kauf von Bekleidungsst\u00fccken auf das Etikett und bei bestimmten Produktionsl\u00e4ndern wird zweimal \u00fcberlegt, ob die Hose oder das Shirt tats\u00e4chlich im Einkaufskorb landet.<\/p>\n\n\n\n<h3 data-beyondwords-marker=\"6e87d746-934b-4fc2-b27c-e1279c140724\" class=\"wp-block-heading\">Fair Trade wird immer wichtiger<\/h3>\n\n\n\n<p data-beyondwords-marker=\"0f99462e-285c-4196-a699-6cc685166203\">2020 haben Verbraucher:innen <a data-type=\"URL\" data-id=\"https:\/\/euc-word-edit.officeapps.live.com\/we\/Umsatz- und Absatzzahlen - Zahlen und Fakten zum Fairen Handel in Deutschland - Fairer Handel - Forum Fairer Handel (forum-fairer-handel.de)\" href=\"https:\/\/euc-word-edit.officeapps.live.com\/we\/Umsatz- und Absatzzahlen - Zahlen und Fakten zum Fairen Handel in Deutschland - Fairer Handel - Forum Fairer Handel (forum-fairer-handel.de)\" target=\"_blank\" rel=\"noreferrer noopener\">rund 1,8 Milliarden Euro<\/a> f\u00fcr fair gehandelte Produkte in Deutschland ausgegeben. Der Gro\u00dfteil davon war mit 78% fair gehandelte Lebensmittel, gefolgt von Kaffee und S\u00fcdfr\u00fcchten. Mit einem Anteil von etwa 10% kommen dann fair gehandelte Textilien. Das Augenmerk auf den gesamten Produktions- sowie Lieferkettenprozess ist bei den Verbrauchern in den Fokus ger\u00fcckt. Zertifizierungen und Siegel zum Thema Nachhaltigkeit und Arbeitsbedingungen nehmen zu und haben auf die Verbraucher einen Einfluss.<\/p>\n\n\n\n<h3 data-beyondwords-marker=\"788a1eb9-b4cb-4267-a295-216f08b10ac6\" class=\"wp-block-heading\"><strong>Deutsches Lieferkettengesetz: Handel st\u00e4rkt seine eigene Reputation<\/strong><\/h3>\n\n\n\n<p data-beyondwords-marker=\"94d2151f-fb84-4c6c-925b-fb17aaa2518d\">Langfristig gesehen, muss sich jede:r H\u00e4ndler:in mit dem deutschen Lieferkettengesetz besch\u00e4ftigen. Unabh\u00e4ngig davon, dass sie dazu verpflichtet sind und erhebliche Strafen drohen, k\u00f6nnen H\u00e4ndler:innen durch zu Vorbildern avancieren und durch das LkSG ihre eigene Reputation und Handelsmarke st\u00e4rken. Schlie\u00dflich sind sie es, die letztendlich mit den G\u00fctern und deren Produktionsgeschehen in Verbindung gebracht werden. Juristisch gesehen sind sie am besten greifbar und k\u00f6nnen belangt werden, wenn die Artikel aus ihrem Sortiment nicht den gesetzlichen Anforderungen \u00fcbereinstimmen.<\/p>\n\n\n\n<h3 data-beyondwords-marker=\"8871984f-9903-4088-a970-47086cb4292d\" class=\"wp-block-heading\">Forderung nach Stufenverantwortung auf EU-Ebene<\/h3>\n\n\n\n<p data-beyondwords-marker=\"ba15ee91-bf45-4dba-b8b1-e1b7f90e4eae\">Der organisatorische Aufwand, der sich daraus f\u00fcr den Handel ergibt, ist enorm. So warnte j\u00fcngst Handelspr\u00e4sident Josef Sanktjohanser in einem Schreiben an EU-Kommissionspr\u00e4sidentin Ursula von der Leyen, dass das Lieferkettengesetz weite Teile des Mittelstandes ma\u00dflos \u00fcberfordern w\u00fcrde. \u201eMittelst\u00e4ndische Einzelh\u00e4ndler sind schlicht nicht in der Lage, ihre gesamten Lieferketten bis hin zum Sub-Sub-Subunternehmer des Herstellers am anderen Ende der Welt rechtssicher zu \u00fcberwachen\u201c, hei\u00dft es. \u201eHier muss dringend nachgebessert werden, indem zumindest auch auf EU-Ebene das im deutschen Gesetz verankerte Prinzip einer Stufenverantwortung angewendet wird.\u201c<\/p>\n\n\n\n<p data-beyondwords-marker=\"9d079551-c6b6-4dab-bf3b-b21d9a440949\">F\u00fcr den Handel wird das Lieferkettengesetz also zu einem Spagat. Da ist der enorme Aufwand einerseits, der allerdings durch die <a href=\"https:\/\/www.d-velop.de\/blog\/digitaler-wandel\/was-ist-digitalisierung\/\">Digitalisierung<\/a> interner Prozesse verringert werden kann. Auf der anderen Seite d\u00fcrften Kunden, deren Fokus auf faire Produktions- und Arbeitsbedingungen zunimmt, das Gesetz als einen gro\u00dfen Gewinn wahrnehmen.<\/p>\n\n\n\n<div data-beyondwords-marker=\"516f29fb-fbf4-428f-aba6-03a6b163076f\" class=\"wp-block-group is-style-info-explanation\"><div class=\"wp-block-group__inner-container is-layout-flow wp-block-group-is-layout-flow\">\n<h4 data-beyondwords-marker=\"74764fd4-4b7c-43ba-a441-385b7f44a71e\" class=\"wp-block-heading\" id=\"h-mehr-informationen-zur-digitalisierung-im-handel\">Mehr Informationen zur <strong>Digitalisierung im Handel<\/strong>. <\/h4>\n\n\n\n\t<div data-beyondwords-marker=\"ba5b7301-a78f-41d7-9697-8e893d39bd8c\" class=\"wp-block-buttons\">\n\t\t<div class=\"wp-block-button is-style-outline\">\n\t\t\t<a class=\"wp-block-button__link\" href=\"https:\/\/www.d-velop.de\/branchen\/handel?utm_campaign=Sonstiges+-+d.velop+BLOG+-+01%2F2018&#038;utm_source=intern-blog-ger&#038;utm_medium=blogpost-lieferkettengesetz&#038;utm_content=button\" target=\"\">Mehr erfahren<\/a>\t\t<\/div>\n\t<\/div>\n\n\t<\/div><\/div>\n\n\n\n<h2 data-beyondwords-marker=\"488320e6-db77-4f61-9e94-835f8dd07556\" class=\"wp-block-heading\"><span class=\"ez-toc-section\" id=\"lieferkettengesetz-zusammenfassung\"><\/span>Lieferkettengesetz: Zusammenfassung<span class=\"ez-toc-section-end\"><\/span><\/h2>\n\n\n\n<p data-beyondwords-marker=\"c7c4d1e0-b2b9-4268-9db9-5484705afe73\">Produktion, Logistik oder Handel \u2013 Das Lieferkettengesetz stellt eine deutliche Ver\u00e4nderung f\u00fcr diese drei Branchen dar. Einen gro\u00dfen Einfluss auf die Produktions- und Lieferketten hat neben dem Gesetz auch die aktuelle weltpolitische Lage. Fakt ist allerdings, dass sich Unternehmen aus diesen drei Bereichen auf gravierende Ver\u00e4nderungen einstellen und diese Herausforderung annehmen m\u00fcssen.<\/p>\n\n\n\n<p data-beyondwords-marker=\"f9c58de0-e43b-4db8-a249-5e810b6555a2\">Unbestreitbar wird es f\u00fcr viele, gerade auch mittelst\u00e4ndische Unternehmen, ein wahrer Kraftakt werden, die Anforderungen des Gesetzes umzusetzen und zu erf\u00fcllen. F\u00fcr einige bedeutet es aber auch eine positive Ver\u00e4nderung, sei es lediglich f\u00fcr den Gewinn neuer Partner, Kunden oder auch Mitarbeiter. Aber auch f\u00fcr die Positionierung als <a href=\"https:\/\/www.d-velop.de\/blog\/digitaler-wandel\/nachhaltigkeit-unternehmen\/\">nachhaltiges Unternehmen<\/a>, das sich seiner gesellschaftlichen Verantwortung bewusst ist.<\/p>\n\n\n\n<hr data-beyondwords-marker=\"58b76d76-fd84-4030-a80d-34b6f28a4309\" class=\"wp-block-separator has-alpha-channel-opacity is-style-wide\"\/>\n\n\n\n<h3 data-beyondwords-marker=\"307c336b-7f59-4815-ba48-51c2d9ae3c27\" class=\"wp-block-heading\" id=\"h-haufige-fragen-zum-lieferkettengesetz\">H\u00e4ufige Fragen zum Lieferkettengesetz<\/h3>\n\n\n\n<div data-beyondwords-marker=\"e553f3bb-cf49-48ef-8eb9-92292ad34f87\" class=\"schema-faq wp-block-yoast-faq-block\"><div class=\"schema-faq-section\" id=\"faq-question-1684139911154\"><strong class=\"schema-faq-question\">Was besagt das Lieferkettengesetz?<\/strong> <p class=\"schema-faq-answer\">Das Lieferkettengesetz verpflichtet gro\u00dfe Unternehmen seit Januar 2023 dazu, entlang ihrer gesamten Lieferkette Sorgfaltspflichten f\u00fcr Menschenrechte und Umwelt einzuhalten und Verst\u00f6\u00dfe zu verhindern. Ansonsten drohen empfindliche Bu\u00dfgelder.<\/p> <\/div> <div class=\"schema-faq-section\" id=\"faq-question-1684139922114\"><strong class=\"schema-faq-question\">Wer f\u00e4llt unter das Lieferkettengesetz?<\/strong> <p class=\"schema-faq-answer\">Das Lieferkettengesetz in Deutschland gilt f\u00fcr Unternehmen mit mehr als 3000 Mitarbeitern, die ihren Hauptsitz in Deutschland haben. Ab 2024 kommen Unternehmen hinzu, die mehr als 1000 Mitarbeiter haben.<\/p> <\/div> <div class=\"schema-faq-section\" id=\"faq-question-1684139930411\"><strong class=\"schema-faq-question\">Welche Ma\u00dfnahmen umfasst das Lieferkettengesetz?<\/strong> <p class=\"schema-faq-answer\">Das Lieferkettengesetz verpflichtet Unternehmen ab einer bestimmten Gr\u00f6\u00dfe dazu, menschenrechtliche und umweltbezogene Sorgfaltspflichten in ihren globalen Lieferketten einzuhalten. Dazu geh\u00f6ren unter anderem die Einf\u00fchrung eines Risikomanagementsystems, die \u00dcberpr\u00fcfung der Lieferanten und die M\u00f6glichkeit f\u00fcr Betroffene, bei Verst\u00f6\u00dfen gegen ihre Rechte zu klagen.<\/p> <\/div> <div class=\"schema-faq-section\" id=\"faq-question-1684139943280\"><strong class=\"schema-faq-question\">F\u00fcr welche Branchen gilt das Lieferkettengesetz?<\/strong> <p class=\"schema-faq-answer\">Das Lieferkettengesetz betrifft insbesondere Unternehmen aus den Branchen Transport, Textil, Elektronik, Nahrungsmittel, Bergbau und Rohstoffe.<\/p> <\/div> <\/div>\n","protected":false},"excerpt":{"rendered":"<p>Obst aus S\u00fcdeuropa, Kaffee aus Brasilien oder Kleidung aus Asien \u2013 der weltweite Wirtschaftsmarkt boomt. Jedes Land profitiert von den [&hellip;]<\/p>\n","protected":false},"author":164,"featured_media":32899,"comment_status":"open","ping_status":"closed","sticky":false,"template":"","format":"standard","meta":{"footnotes":"","beyondwords_generate_audio":"1","beyondwords_project_id":"23937","beyondwords_content_id":"aab760f3-fe3a-42e9-9d81-d047836b74d3","beyondwords_preview_token":"4ae7f553-1668-4ed2-b335-f3c9a65707f0","beyondwords_player_content":"","beyondwords_player_style":"","beyondwords_language_id":"","beyondwords_title_voice_id":"","beyondwords_body_voice_id":"","beyondwords_summary_voice_id":"","beyondwords_error_message":"","beyondwords_disabled":"1","beyondwords_delete_content":"","beyondwords_podcast_id":"aab760f3-fe3a-42e9-9d81-d047836b74d3","beyondwords_hash":"","publish_post_to_speechkit":"","speechkit_hash":"","speechkit_generate_audio":"","speechkit_project_id":"","speechkit_podcast_id":"","speechkit_error_message":"","speechkit_disabled":"","speechkit_access_key":"","speechkit_error":"","speechkit_info":"","speechkit_response":"","speechkit_retries":"","speechkit_status":"","speechkit_updated_at":"","_speechkit_link":"","_speechkit_text":""},"categories":[6],"tags":[6507,6510,6506],"class_list":["post-32880","post","type-post","status-publish","format-standard","has-post-thumbnail","hentry","category-branchenprozesse","tag-handel","tag-industrie","tag-logistik"],"acf":[],"yoast_head":"<!-- This site is optimized with the Yoast SEO Premium plugin v25.6 (Yoast SEO v25.6) - https:\/\/yoast.com\/wordpress\/plugins\/seo\/ -->\n<title>Lieferkettengesetz: Inhalt, \u00c4nderungen und Geltungsbereich<\/title>\n<meta name=\"description\" content=\"Was ist das Lieferkettengesetz? \u2714 F\u00fcr wen gilt es? \u2714 Welche Konsequenzen hat es f\u00fcr Unternehmen \u2714 Das Wichtigste zum LkSG im \u00dcberblick \u25b6\" \/>\n<meta name=\"robots\" content=\"index, follow, max-snippet:-1, max-image-preview:large, max-video-preview:-1\" \/>\n<link rel=\"canonical\" href=\"https:\/\/www.d-velop.de\/blog\/branchenprozesse\/lieferkettengesetz\/\" \/>\n<meta property=\"og:locale\" content=\"de_DE\" \/>\n<meta property=\"og:type\" content=\"article\" \/>\n<meta property=\"og:title\" content=\"Menschenrechte durch Lieferkettengesetz sch\u00fctzen - Das gilt es f\u00fcr Unternehmen zu beachten!\" \/>\n<meta property=\"og:description\" content=\"Das Lieferkettengesetz tritt in Kraft. Was Unternehmen aus Produktion, Logistik und Handel beachten m\u00fcssen und welche Sorgfaltspflichten einzuhalten sind \u25b6\" \/>\n<meta property=\"og:url\" content=\"https:\/\/www.d-velop.de\/blog\/branchenprozesse\/lieferkettengesetz\/\" \/>\n<meta property=\"og:site_name\" content=\"d.velop blog\" \/>\n<meta property=\"article:publisher\" content=\"https:\/\/www.facebook.com\/d.velop.ag\/\" \/>\n<meta property=\"article:published_time\" content=\"2023-05-15T08:52:04+00:00\" \/>\n<meta property=\"article:modified_time\" content=\"2025-06-11T11:58:54+00:00\" \/>\n<meta property=\"og:image\" content=\"https:\/\/www.d-velop.de\/blog\/wp-content\/uploads\/2022\/06\/d-velop-blog-artikel-lieferkettengesetz-social-media.png\" \/>\n\t<meta property=\"og:image:width\" content=\"1200\" \/>\n\t<meta property=\"og:image:height\" content=\"628\" \/>\n\t<meta property=\"og:image:type\" content=\"image\/png\" \/>\n<meta name=\"author\" content=\"Maike Kalin\" \/>\n<meta name=\"twitter:card\" content=\"summary_large_image\" \/>\n<meta name=\"twitter:creator\" content=\"@d_velop\" \/>\n<meta name=\"twitter:site\" content=\"@d_velop\" \/>\n<meta name=\"twitter:label1\" content=\"Verfasst von\" \/>\n\t<meta name=\"twitter:data1\" content=\"Maike Kalin\" \/>\n\t<meta name=\"twitter:label2\" content=\"Gesch\u00e4tzte Lesezeit\" \/>\n\t<meta name=\"twitter:data2\" content=\"15\u00a0Minuten\" \/>\n<script type=\"application\/ld+json\" class=\"yoast-schema-graph\">{\"@context\":\"https:\/\/schema.org\",\"@graph\":[{\"@type\":\"Article\",\"@id\":\"https:\/\/www.d-velop.de\/blog\/branchenprozesse\/lieferkettengesetz\/#article\",\"isPartOf\":{\"@id\":\"https:\/\/www.d-velop.de\/blog\/branchenprozesse\/lieferkettengesetz\/\"},\"author\":{\"name\":\"Maike Kalin\",\"@id\":\"https:\/\/www.d-velop.de\/blog\/#\/schema\/person\/23fbb40ea49badbe1353c3bfacb5ebe7\"},\"headline\":\"Menschenrechte durch Lieferkettengesetz sch\u00fctzen &#8211; Das gilt es f\u00fcr Unternehmen zu beachten!\",\"datePublished\":\"2023-05-15T08:52:04+00:00\",\"dateModified\":\"2025-06-11T11:58:54+00:00\",\"mainEntityOfPage\":{\"@id\":\"https:\/\/www.d-velop.de\/blog\/branchenprozesse\/lieferkettengesetz\/\"},\"wordCount\":2672,\"commentCount\":0,\"publisher\":{\"@id\":\"https:\/\/www.d-velop.de\/blog\/#organization\"},\"image\":{\"@id\":\"https:\/\/www.d-velop.de\/blog\/branchenprozesse\/lieferkettengesetz\/#primaryimage\"},\"thumbnailUrl\":\"https:\/\/www.d-velop.de\/blog\/wp-content\/uploads\/2022\/06\/beitragsbild-lieferkettengesetz.jpg\",\"keywords\":[\"Handel\",\"Industrie\",\"Logistik\"],\"articleSection\":[\"Transformation von Branchen &amp; M\u00e4rkten\"],\"inLanguage\":\"de\",\"potentialAction\":[{\"@type\":\"CommentAction\",\"name\":\"Comment\",\"target\":[\"https:\/\/www.d-velop.de\/blog\/branchenprozesse\/lieferkettengesetz\/#respond\"]}]},{\"@type\":[\"WebPage\",\"FAQPage\"],\"@id\":\"https:\/\/www.d-velop.de\/blog\/branchenprozesse\/lieferkettengesetz\/\",\"url\":\"https:\/\/www.d-velop.de\/blog\/branchenprozesse\/lieferkettengesetz\/\",\"name\":\"Lieferkettengesetz: Inhalt, \u00c4nderungen und Geltungsbereich\",\"isPartOf\":{\"@id\":\"https:\/\/www.d-velop.de\/blog\/#website\"},\"primaryImageOfPage\":{\"@id\":\"https:\/\/www.d-velop.de\/blog\/branchenprozesse\/lieferkettengesetz\/#primaryimage\"},\"image\":{\"@id\":\"https:\/\/www.d-velop.de\/blog\/branchenprozesse\/lieferkettengesetz\/#primaryimage\"},\"thumbnailUrl\":\"https:\/\/www.d-velop.de\/blog\/wp-content\/uploads\/2022\/06\/beitragsbild-lieferkettengesetz.jpg\",\"datePublished\":\"2023-05-15T08:52:04+00:00\",\"dateModified\":\"2025-06-11T11:58:54+00:00\",\"description\":\"Was ist das Lieferkettengesetz? \u2714 F\u00fcr wen gilt es? \u2714 Welche Konsequenzen hat es f\u00fcr Unternehmen \u2714 Das Wichtigste zum LkSG im \u00dcberblick \u25b6\",\"breadcrumb\":{\"@id\":\"https:\/\/www.d-velop.de\/blog\/branchenprozesse\/lieferkettengesetz\/#breadcrumb\"},\"mainEntity\":[{\"@id\":\"https:\/\/www.d-velop.de\/blog\/branchenprozesse\/lieferkettengesetz\/#faq-question-1684139911154\"},{\"@id\":\"https:\/\/www.d-velop.de\/blog\/branchenprozesse\/lieferkettengesetz\/#faq-question-1684139922114\"},{\"@id\":\"https:\/\/www.d-velop.de\/blog\/branchenprozesse\/lieferkettengesetz\/#faq-question-1684139930411\"},{\"@id\":\"https:\/\/www.d-velop.de\/blog\/branchenprozesse\/lieferkettengesetz\/#faq-question-1684139943280\"}],\"inLanguage\":\"de\",\"potentialAction\":[{\"@type\":\"ReadAction\",\"target\":[\"https:\/\/www.d-velop.de\/blog\/branchenprozesse\/lieferkettengesetz\/\"]}]},{\"@type\":\"ImageObject\",\"inLanguage\":\"de\",\"@id\":\"https:\/\/www.d-velop.de\/blog\/branchenprozesse\/lieferkettengesetz\/#primaryimage\",\"url\":\"https:\/\/www.d-velop.de\/blog\/wp-content\/uploads\/2022\/06\/beitragsbild-lieferkettengesetz.jpg\",\"contentUrl\":\"https:\/\/www.d-velop.de\/blog\/wp-content\/uploads\/2022\/06\/beitragsbild-lieferkettengesetz.jpg\",\"width\":2000,\"height\":666,\"caption\":\"Beitragsbild Lieferkettengesetz\"},{\"@type\":\"BreadcrumbList\",\"@id\":\"https:\/\/www.d-velop.de\/blog\/branchenprozesse\/lieferkettengesetz\/#breadcrumb\",\"itemListElement\":[{\"@type\":\"ListItem\",\"position\":1,\"name\":\"Startseite\",\"item\":\"https:\/\/www.d-velop.de\/blog\/\"},{\"@type\":\"ListItem\",\"position\":2,\"name\":\"Menschenrechte durch Lieferkettengesetz sch\u00fctzen &#8211; Das gilt es f\u00fcr Unternehmen zu beachten!\"}]},{\"@type\":\"WebSite\",\"@id\":\"https:\/\/www.d-velop.de\/blog\/#website\",\"url\":\"https:\/\/www.d-velop.de\/blog\/\",\"name\":\"d.velop blog\",\"description\":\"Digitalisierung, Dokumentenmanagement und rund um d.velop\",\"publisher\":{\"@id\":\"https:\/\/www.d-velop.de\/blog\/#organization\"},\"potentialAction\":[{\"@type\":\"SearchAction\",\"target\":{\"@type\":\"EntryPoint\",\"urlTemplate\":\"https:\/\/www.d-velop.de\/blog\/?s={search_term_string}\"},\"query-input\":{\"@type\":\"PropertyValueSpecification\",\"valueRequired\":true,\"valueName\":\"search_term_string\"}}],\"inLanguage\":\"de\"},{\"@type\":\"Organization\",\"@id\":\"https:\/\/www.d-velop.de\/blog\/#organization\",\"name\":\"d.velop Gruppe\",\"url\":\"https:\/\/www.d-velop.de\/blog\/\",\"logo\":{\"@type\":\"ImageObject\",\"inLanguage\":\"de\",\"@id\":\"https:\/\/www.d-velop.de\/blog\/#\/schema\/logo\/image\/\",\"url\":\"https:\/\/www.d-velop.de\/blog\/wp-content\/uploads\/2018\/12\/dvelop-blog-logo-invers.jpg\",\"contentUrl\":\"https:\/\/www.d-velop.de\/blog\/wp-content\/uploads\/2018\/12\/dvelop-blog-logo-invers.jpg\",\"width\":350,\"height\":350,\"caption\":\"d.velop Gruppe\"},\"image\":{\"@id\":\"https:\/\/www.d-velop.de\/blog\/#\/schema\/logo\/image\/\"},\"sameAs\":[\"https:\/\/www.facebook.com\/d.velop.ag\/\",\"https:\/\/x.com\/d_velop\",\"https:\/\/de.linkedin.com\/company\/d-velop\",\"https:\/\/www.xing.com\/pages\/d-velopag\",\"https:\/\/www.instagram.com\/d.velop_group\/\"]},{\"@type\":\"Person\",\"@id\":\"https:\/\/www.d-velop.de\/blog\/#\/schema\/person\/23fbb40ea49badbe1353c3bfacb5ebe7\",\"name\":\"Maike Kalin\",\"image\":{\"@type\":\"ImageObject\",\"inLanguage\":\"de\",\"@id\":\"https:\/\/www.d-velop.de\/blog\/#\/schema\/person\/image\/\",\"url\":\"https:\/\/www.d-velop.de\/blog\/wp-content\/uploads\/2022\/01\/maike-lampe-d-velop-152x150.jpg\",\"contentUrl\":\"https:\/\/www.d-velop.de\/blog\/wp-content\/uploads\/2022\/01\/maike-lampe-d-velop-152x150.jpg\",\"caption\":\"Maike Kalin\"},\"description\":\"Senior Online Marketing Managerin\",\"sameAs\":[\"https:\/\/www.d-velop.de\",\"https:\/\/www.linkedin.com\/in\/maike-lampe-68701b206\/\"],\"url\":\"https:\/\/www.d-velop.de\/blog\/author\/maike-lampe\/\"},{\"@type\":\"Question\",\"@id\":\"https:\/\/www.d-velop.de\/blog\/branchenprozesse\/lieferkettengesetz\/#faq-question-1684139911154\",\"position\":1,\"url\":\"https:\/\/www.d-velop.de\/blog\/branchenprozesse\/lieferkettengesetz\/#faq-question-1684139911154\",\"name\":\"Was besagt das Lieferkettengesetz?\",\"answerCount\":1,\"acceptedAnswer\":{\"@type\":\"Answer\",\"text\":\"Das Lieferkettengesetz verpflichtet gro\u00dfe Unternehmen seit Januar 2023 dazu, entlang ihrer gesamten Lieferkette Sorgfaltspflichten f\u00fcr Menschenrechte und Umwelt einzuhalten und Verst\u00f6\u00dfe zu verhindern. Ansonsten drohen empfindliche Bu\u00dfgelder.\",\"inLanguage\":\"de\"},\"inLanguage\":\"de\"},{\"@type\":\"Question\",\"@id\":\"https:\/\/www.d-velop.de\/blog\/branchenprozesse\/lieferkettengesetz\/#faq-question-1684139922114\",\"position\":2,\"url\":\"https:\/\/www.d-velop.de\/blog\/branchenprozesse\/lieferkettengesetz\/#faq-question-1684139922114\",\"name\":\"Wer f\u00e4llt unter das Lieferkettengesetz?\",\"answerCount\":1,\"acceptedAnswer\":{\"@type\":\"Answer\",\"text\":\"Das Lieferkettengesetz in Deutschland gilt f\u00fcr Unternehmen mit mehr als 3000 Mitarbeitern, die ihren Hauptsitz in Deutschland haben. Ab 2024 kommen Unternehmen hinzu, die mehr als 1000 Mitarbeiter haben.\",\"inLanguage\":\"de\"},\"inLanguage\":\"de\"},{\"@type\":\"Question\",\"@id\":\"https:\/\/www.d-velop.de\/blog\/branchenprozesse\/lieferkettengesetz\/#faq-question-1684139930411\",\"position\":3,\"url\":\"https:\/\/www.d-velop.de\/blog\/branchenprozesse\/lieferkettengesetz\/#faq-question-1684139930411\",\"name\":\"Welche Ma\u00dfnahmen umfasst das Lieferkettengesetz?\",\"answerCount\":1,\"acceptedAnswer\":{\"@type\":\"Answer\",\"text\":\"Das Lieferkettengesetz verpflichtet Unternehmen ab einer bestimmten Gr\u00f6\u00dfe dazu, menschenrechtliche und umweltbezogene Sorgfaltspflichten in ihren globalen Lieferketten einzuhalten. Dazu geh\u00f6ren unter anderem die Einf\u00fchrung eines Risikomanagementsystems, die \u00dcberpr\u00fcfung der Lieferanten und die M\u00f6glichkeit f\u00fcr Betroffene, bei Verst\u00f6\u00dfen gegen ihre Rechte zu klagen.\",\"inLanguage\":\"de\"},\"inLanguage\":\"de\"},{\"@type\":\"Question\",\"@id\":\"https:\/\/www.d-velop.de\/blog\/branchenprozesse\/lieferkettengesetz\/#faq-question-1684139943280\",\"position\":4,\"url\":\"https:\/\/www.d-velop.de\/blog\/branchenprozesse\/lieferkettengesetz\/#faq-question-1684139943280\",\"name\":\"F\u00fcr welche Branchen gilt das Lieferkettengesetz?\",\"answerCount\":1,\"acceptedAnswer\":{\"@type\":\"Answer\",\"text\":\"Das Lieferkettengesetz betrifft insbesondere Unternehmen aus den Branchen Transport, Textil, Elektronik, Nahrungsmittel, Bergbau und Rohstoffe.\",\"inLanguage\":\"de\"},\"inLanguage\":\"de\"}]}<\/script>\n<!-- \/ Yoast SEO Premium plugin. -->","yoast_head_json":{"title":"Lieferkettengesetz: Inhalt, \u00c4nderungen und Geltungsbereich","description":"Was ist das Lieferkettengesetz? \u2714 F\u00fcr wen gilt es? \u2714 Welche Konsequenzen hat es f\u00fcr Unternehmen \u2714 Das Wichtigste zum LkSG im \u00dcberblick \u25b6","robots":{"index":"index","follow":"follow","max-snippet":"max-snippet:-1","max-image-preview":"max-image-preview:large","max-video-preview":"max-video-preview:-1"},"canonical":"https:\/\/www.d-velop.de\/blog\/branchenprozesse\/lieferkettengesetz\/","og_locale":"de_DE","og_type":"article","og_title":"Menschenrechte durch Lieferkettengesetz sch\u00fctzen - Das gilt es f\u00fcr Unternehmen zu beachten!","og_description":"Das Lieferkettengesetz tritt in Kraft. Was Unternehmen aus Produktion, Logistik und Handel beachten m\u00fcssen und welche Sorgfaltspflichten einzuhalten sind \u25b6","og_url":"https:\/\/www.d-velop.de\/blog\/branchenprozesse\/lieferkettengesetz\/","og_site_name":"d.velop blog","article_publisher":"https:\/\/www.facebook.com\/d.velop.ag\/","article_published_time":"2023-05-15T08:52:04+00:00","article_modified_time":"2025-06-11T11:58:54+00:00","og_image":[{"width":1200,"height":628,"url":"https:\/\/www.d-velop.de\/blog\/wp-content\/uploads\/2022\/06\/d-velop-blog-artikel-lieferkettengesetz-social-media.png","type":"image\/png"}],"author":"Maike Kalin","twitter_card":"summary_large_image","twitter_creator":"@d_velop","twitter_site":"@d_velop","twitter_misc":{"Verfasst von":"Maike Kalin","Gesch\u00e4tzte Lesezeit":"15\u00a0Minuten"},"schema":{"@context":"https:\/\/schema.org","@graph":[{"@type":"Article","@id":"https:\/\/www.d-velop.de\/blog\/branchenprozesse\/lieferkettengesetz\/#article","isPartOf":{"@id":"https:\/\/www.d-velop.de\/blog\/branchenprozesse\/lieferkettengesetz\/"},"author":{"name":"Maike Kalin","@id":"https:\/\/www.d-velop.de\/blog\/#\/schema\/person\/23fbb40ea49badbe1353c3bfacb5ebe7"},"headline":"Menschenrechte durch Lieferkettengesetz sch\u00fctzen &#8211; Das gilt es f\u00fcr Unternehmen zu beachten!","datePublished":"2023-05-15T08:52:04+00:00","dateModified":"2025-06-11T11:58:54+00:00","mainEntityOfPage":{"@id":"https:\/\/www.d-velop.de\/blog\/branchenprozesse\/lieferkettengesetz\/"},"wordCount":2672,"commentCount":0,"publisher":{"@id":"https:\/\/www.d-velop.de\/blog\/#organization"},"image":{"@id":"https:\/\/www.d-velop.de\/blog\/branchenprozesse\/lieferkettengesetz\/#primaryimage"},"thumbnailUrl":"https:\/\/www.d-velop.de\/blog\/wp-content\/uploads\/2022\/06\/beitragsbild-lieferkettengesetz.jpg","keywords":["Handel","Industrie","Logistik"],"articleSection":["Transformation von Branchen &amp; M\u00e4rkten"],"inLanguage":"de","potentialAction":[{"@type":"CommentAction","name":"Comment","target":["https:\/\/www.d-velop.de\/blog\/branchenprozesse\/lieferkettengesetz\/#respond"]}]},{"@type":["WebPage","FAQPage"],"@id":"https:\/\/www.d-velop.de\/blog\/branchenprozesse\/lieferkettengesetz\/","url":"https:\/\/www.d-velop.de\/blog\/branchenprozesse\/lieferkettengesetz\/","name":"Lieferkettengesetz: Inhalt, \u00c4nderungen und Geltungsbereich","isPartOf":{"@id":"https:\/\/www.d-velop.de\/blog\/#website"},"primaryImageOfPage":{"@id":"https:\/\/www.d-velop.de\/blog\/branchenprozesse\/lieferkettengesetz\/#primaryimage"},"image":{"@id":"https:\/\/www.d-velop.de\/blog\/branchenprozesse\/lieferkettengesetz\/#primaryimage"},"thumbnailUrl":"https:\/\/www.d-velop.de\/blog\/wp-content\/uploads\/2022\/06\/beitragsbild-lieferkettengesetz.jpg","datePublished":"2023-05-15T08:52:04+00:00","dateModified":"2025-06-11T11:58:54+00:00","description":"Was ist das Lieferkettengesetz? \u2714 F\u00fcr wen gilt es? \u2714 Welche Konsequenzen hat es f\u00fcr Unternehmen \u2714 Das Wichtigste zum LkSG im \u00dcberblick \u25b6","breadcrumb":{"@id":"https:\/\/www.d-velop.de\/blog\/branchenprozesse\/lieferkettengesetz\/#breadcrumb"},"mainEntity":[{"@id":"https:\/\/www.d-velop.de\/blog\/branchenprozesse\/lieferkettengesetz\/#faq-question-1684139911154"},{"@id":"https:\/\/www.d-velop.de\/blog\/branchenprozesse\/lieferkettengesetz\/#faq-question-1684139922114"},{"@id":"https:\/\/www.d-velop.de\/blog\/branchenprozesse\/lieferkettengesetz\/#faq-question-1684139930411"},{"@id":"https:\/\/www.d-velop.de\/blog\/branchenprozesse\/lieferkettengesetz\/#faq-question-1684139943280"}],"inLanguage":"de","potentialAction":[{"@type":"ReadAction","target":["https:\/\/www.d-velop.de\/blog\/branchenprozesse\/lieferkettengesetz\/"]}]},{"@type":"ImageObject","inLanguage":"de","@id":"https:\/\/www.d-velop.de\/blog\/branchenprozesse\/lieferkettengesetz\/#primaryimage","url":"https:\/\/www.d-velop.de\/blog\/wp-content\/uploads\/2022\/06\/beitragsbild-lieferkettengesetz.jpg","contentUrl":"https:\/\/www.d-velop.de\/blog\/wp-content\/uploads\/2022\/06\/beitragsbild-lieferkettengesetz.jpg","width":2000,"height":666,"caption":"Beitragsbild Lieferkettengesetz"},{"@type":"BreadcrumbList","@id":"https:\/\/www.d-velop.de\/blog\/branchenprozesse\/lieferkettengesetz\/#breadcrumb","itemListElement":[{"@type":"ListItem","position":1,"name":"Startseite","item":"https:\/\/www.d-velop.de\/blog\/"},{"@type":"ListItem","position":2,"name":"Menschenrechte durch Lieferkettengesetz sch\u00fctzen &#8211; Das gilt es f\u00fcr Unternehmen zu beachten!"}]},{"@type":"WebSite","@id":"https:\/\/www.d-velop.de\/blog\/#website","url":"https:\/\/www.d-velop.de\/blog\/","name":"d.velop blog","description":"Digitalisierung, Dokumentenmanagement und rund um d.velop","publisher":{"@id":"https:\/\/www.d-velop.de\/blog\/#organization"},"potentialAction":[{"@type":"SearchAction","target":{"@type":"EntryPoint","urlTemplate":"https:\/\/www.d-velop.de\/blog\/?s={search_term_string}"},"query-input":{"@type":"PropertyValueSpecification","valueRequired":true,"valueName":"search_term_string"}}],"inLanguage":"de"},{"@type":"Organization","@id":"https:\/\/www.d-velop.de\/blog\/#organization","name":"d.velop Gruppe","url":"https:\/\/www.d-velop.de\/blog\/","logo":{"@type":"ImageObject","inLanguage":"de","@id":"https:\/\/www.d-velop.de\/blog\/#\/schema\/logo\/image\/","url":"https:\/\/www.d-velop.de\/blog\/wp-content\/uploads\/2018\/12\/dvelop-blog-logo-invers.jpg","contentUrl":"https:\/\/www.d-velop.de\/blog\/wp-content\/uploads\/2018\/12\/dvelop-blog-logo-invers.jpg","width":350,"height":350,"caption":"d.velop Gruppe"},"image":{"@id":"https:\/\/www.d-velop.de\/blog\/#\/schema\/logo\/image\/"},"sameAs":["https:\/\/www.facebook.com\/d.velop.ag\/","https:\/\/x.com\/d_velop","https:\/\/de.linkedin.com\/company\/d-velop","https:\/\/www.xing.com\/pages\/d-velopag","https:\/\/www.instagram.com\/d.velop_group\/"]},{"@type":"Person","@id":"https:\/\/www.d-velop.de\/blog\/#\/schema\/person\/23fbb40ea49badbe1353c3bfacb5ebe7","name":"Maike Kalin","image":{"@type":"ImageObject","inLanguage":"de","@id":"https:\/\/www.d-velop.de\/blog\/#\/schema\/person\/image\/","url":"https:\/\/www.d-velop.de\/blog\/wp-content\/uploads\/2022\/01\/maike-lampe-d-velop-152x150.jpg","contentUrl":"https:\/\/www.d-velop.de\/blog\/wp-content\/uploads\/2022\/01\/maike-lampe-d-velop-152x150.jpg","caption":"Maike Kalin"},"description":"Senior Online Marketing Managerin","sameAs":["https:\/\/www.d-velop.de","https:\/\/www.linkedin.com\/in\/maike-lampe-68701b206\/"],"url":"https:\/\/www.d-velop.de\/blog\/author\/maike-lampe\/"},{"@type":"Question","@id":"https:\/\/www.d-velop.de\/blog\/branchenprozesse\/lieferkettengesetz\/#faq-question-1684139911154","position":1,"url":"https:\/\/www.d-velop.de\/blog\/branchenprozesse\/lieferkettengesetz\/#faq-question-1684139911154","name":"Was besagt das Lieferkettengesetz?","answerCount":1,"acceptedAnswer":{"@type":"Answer","text":"Das Lieferkettengesetz verpflichtet gro\u00dfe Unternehmen seit Januar 2023 dazu, entlang ihrer gesamten Lieferkette Sorgfaltspflichten f\u00fcr Menschenrechte und Umwelt einzuhalten und Verst\u00f6\u00dfe zu verhindern. Ansonsten drohen empfindliche Bu\u00dfgelder.","inLanguage":"de"},"inLanguage":"de"},{"@type":"Question","@id":"https:\/\/www.d-velop.de\/blog\/branchenprozesse\/lieferkettengesetz\/#faq-question-1684139922114","position":2,"url":"https:\/\/www.d-velop.de\/blog\/branchenprozesse\/lieferkettengesetz\/#faq-question-1684139922114","name":"Wer f\u00e4llt unter das Lieferkettengesetz?","answerCount":1,"acceptedAnswer":{"@type":"Answer","text":"Das Lieferkettengesetz in Deutschland gilt f\u00fcr Unternehmen mit mehr als 3000 Mitarbeitern, die ihren Hauptsitz in Deutschland haben. Ab 2024 kommen Unternehmen hinzu, die mehr als 1000 Mitarbeiter haben.","inLanguage":"de"},"inLanguage":"de"},{"@type":"Question","@id":"https:\/\/www.d-velop.de\/blog\/branchenprozesse\/lieferkettengesetz\/#faq-question-1684139930411","position":3,"url":"https:\/\/www.d-velop.de\/blog\/branchenprozesse\/lieferkettengesetz\/#faq-question-1684139930411","name":"Welche Ma\u00dfnahmen umfasst das Lieferkettengesetz?","answerCount":1,"acceptedAnswer":{"@type":"Answer","text":"Das Lieferkettengesetz verpflichtet Unternehmen ab einer bestimmten Gr\u00f6\u00dfe dazu, menschenrechtliche und umweltbezogene Sorgfaltspflichten in ihren globalen Lieferketten einzuhalten. Dazu geh\u00f6ren unter anderem die Einf\u00fchrung eines Risikomanagementsystems, die \u00dcberpr\u00fcfung der Lieferanten und die M\u00f6glichkeit f\u00fcr Betroffene, bei Verst\u00f6\u00dfen gegen ihre Rechte zu klagen.","inLanguage":"de"},"inLanguage":"de"},{"@type":"Question","@id":"https:\/\/www.d-velop.de\/blog\/branchenprozesse\/lieferkettengesetz\/#faq-question-1684139943280","position":4,"url":"https:\/\/www.d-velop.de\/blog\/branchenprozesse\/lieferkettengesetz\/#faq-question-1684139943280","name":"F\u00fcr welche Branchen gilt das Lieferkettengesetz?","answerCount":1,"acceptedAnswer":{"@type":"Answer","text":"Das Lieferkettengesetz betrifft insbesondere Unternehmen aus den Branchen Transport, Textil, Elektronik, Nahrungsmittel, Bergbau und Rohstoffe.","inLanguage":"de"},"inLanguage":"de"}]}},"_links":{"self":[{"href":"https:\/\/www.d-velop.de\/blog\/wp-json\/wp\/v2\/posts\/32880","targetHints":{"allow":["GET"]}}],"collection":[{"href":"https:\/\/www.d-velop.de\/blog\/wp-json\/wp\/v2\/posts"}],"about":[{"href":"https:\/\/www.d-velop.de\/blog\/wp-json\/wp\/v2\/types\/post"}],"author":[{"embeddable":true,"href":"https:\/\/www.d-velop.de\/blog\/wp-json\/wp\/v2\/users\/164"}],"replies":[{"embeddable":true,"href":"https:\/\/www.d-velop.de\/blog\/wp-json\/wp\/v2\/comments?post=32880"}],"version-history":[{"count":2,"href":"https:\/\/www.d-velop.de\/blog\/wp-json\/wp\/v2\/posts\/32880\/revisions"}],"predecessor-version":[{"id":56026,"href":"https:\/\/www.d-velop.de\/blog\/wp-json\/wp\/v2\/posts\/32880\/revisions\/56026"}],"wp:featuredmedia":[{"embeddable":true,"href":"https:\/\/www.d-velop.de\/blog\/wp-json\/wp\/v2\/media\/32899"}],"wp:attachment":[{"href":"https:\/\/www.d-velop.de\/blog\/wp-json\/wp\/v2\/media?parent=32880"}],"wp:term":[{"taxonomy":"category","embeddable":true,"href":"https:\/\/www.d-velop.de\/blog\/wp-json\/wp\/v2\/categories?post=32880"},{"taxonomy":"post_tag","embeddable":true,"href":"https:\/\/www.d-velop.de\/blog\/wp-json\/wp\/v2\/tags?post=32880"}],"curies":[{"name":"wp","href":"https:\/\/api.w.org\/{rel}","templated":true}]}}