{"id":32884,"date":"2022-06-17T08:24:47","date_gmt":"2022-06-17T06:24:47","guid":{"rendered":"https:\/\/www.d-velop.de\/blog\/?p=32884"},"modified":"2025-05-14T08:39:03","modified_gmt":"2025-05-14T06:39:03","slug":"digitalisierung-personalmanagement","status":"publish","type":"post","link":"https:\/\/www.d-velop.de\/blog\/digitaler-wandel\/digitalisierung-personalmanagement\/","title":{"rendered":"[Interview] Prof. Dr. Peter M. Wald zur Digitalisierung im Personalmanagement"},"content":{"rendered":"\n<p>Das Personalmanagement wird noch digitaler, als es heute schon ist. Personaler:innen stehen aufgrund der Digitalisierung und dem stetigen Wandel der Arbeitswelt vor neuen Chancen, aber auch vor vielen Herausforderungen. Wir haben nachgefragt: Personalmanagement-Experte und HR-Blogger Prof. Dr. Peter M. Wald von der HTWK Leipzig teilt uns im aktuellen Interview seine Sichtweise zur <strong>Digitalisierung im Personalmanagement<\/strong> mit und gibt konkrete Tipps, worauf HR-Verantwortliche jetzt achten sollten.<\/p>\n\n\n\n<h2 class=\"wp-block-heading\"><span class=\"ez-toc-section\" id=\"aktuelle-herausforderungen-im-personalmanagement\"><\/span>Aktuelle Herausforderungen im Personalmanagement<span class=\"ez-toc-section-end\"><\/span><\/h2>\n\n\n\n<h3 class=\"wp-block-heading\" id=\"h-was-sind-aus-ihrer-sicht-derzeit-die-grossten-herausforderungen-im-personalmanagement\">Was sind aus Ihrer Sicht derzeit die gr\u00f6\u00dften Herausforderungen im Personalmanagement?<\/h3>\n\n\n\n<p><strong>Prof. Dr. Peter M. Wald:<\/strong> Von entscheidender Bedeutung ist und bleibt die gezielte Bindung der Mitarbeiter:innen. Gebundene Mitarbeiter:innen sind engagierter, unterst\u00fctzen einander und zeigen eine h\u00f6here Ver\u00e4nderungsbereitschaft. Sie k\u00f6nnen auf Netzwerke innerhalb und au\u00dferhalb der Unternehmen zur\u00fcckgreifen und somit als Botschafter des Arbeitgebers agieren. Damit beeinflussen sie letztlich auch, wie die Unternehmen die anderen Herausforderungen, die Personalentwicklung sowie das interne und das externe Recruiting neuer Mitarbeiter:innen bew\u00e4ltigen. Mitarbeiter:innenbindung, -entwicklung und Recruiting sind ma\u00dfgeblich f\u00fcr den k\u00fcnftigen wirtschaftlichen Erfolg. Voraussetzung daf\u00fcr ist es jedoch, die Beziehung zwischen Mitarbeiter:innen und Unternehmen k\u00fcnftig neu zu denken, d.h. Mitarbeiter:innen st\u00e4rker an betrieblichen Entscheidungen zu beteiligen und die Arbeitsbedingungen aller Mitarbeiter:innen &#8211; d.h. auch die der <a href=\"https:\/\/leipzig-hrm-blog.blogspot.com\/2022\/03\/es-braucht-ein-digital-workplace.html\">Deskless-Worker<\/a> &#8211; weiter gezielt zu flexibilisieren. Hier kommt es k\u00fcnftig nicht auf die Ma\u00dfnahmen an sich, sondern immer darauf an, wie diese von den Mitarbeiter:innen erlebt werden.<\/p>\n\n\n<div class=\"wp-block-image\">\n<figure data-wp-context=\"{&quot;imageId&quot;:&quot;69f55ff9eba97&quot;}\" data-wp-interactive=\"core\/image\" class=\"aligncenter size-full wp-lightbox-container\"><img loading=\"lazy\" decoding=\"async\" width=\"2000\" height=\"1678\" data-wp-class--hide=\"state.isContentHidden\" data-wp-class--show=\"state.isContentVisible\" data-wp-init=\"callbacks.setButtonStyles\" data-wp-on-async--click=\"actions.showLightbox\" data-wp-on-async--load=\"callbacks.setButtonStyles\" data-wp-on-async-window--resize=\"callbacks.setButtonStyles\" src=\"https:\/\/www.d-velop.de\/blog\/wp-content\/uploads\/2022\/06\/Digitalisierung-personalmanagement-funktionen.png\" alt=\"Funktionen Personalmanagement Digitalisierung\" class=\"wp-image-32887\" srcset=\"https:\/\/www.d-velop.de\/blog\/wp-content\/uploads\/2022\/06\/Digitalisierung-personalmanagement-funktionen.png 2000w, https:\/\/www.d-velop.de\/blog\/wp-content\/uploads\/2022\/06\/Digitalisierung-personalmanagement-funktionen-600x503.png 600w, https:\/\/www.d-velop.de\/blog\/wp-content\/uploads\/2022\/06\/Digitalisierung-personalmanagement-funktionen-1090x915.png 1090w, https:\/\/www.d-velop.de\/blog\/wp-content\/uploads\/2022\/06\/Digitalisierung-personalmanagement-funktionen-768x644.png 768w, https:\/\/www.d-velop.de\/blog\/wp-content\/uploads\/2022\/06\/Digitalisierung-personalmanagement-funktionen-1536x1289.png 1536w, https:\/\/www.d-velop.de\/blog\/wp-content\/uploads\/2022\/06\/Digitalisierung-personalmanagement-funktionen-1920x1611.png 1920w\" sizes=\"auto, (max-width: 2000px) 100vw, 2000px\" \/><button\n\t\t\tclass=\"lightbox-trigger\"\n\t\t\ttype=\"button\"\n\t\t\taria-haspopup=\"dialog\"\n\t\t\taria-label=\"Bild vergr\u00f6\u00dfern: Funktionen Personalmanagement Digitalisierung\"\n\t\t\tdata-wp-init=\"callbacks.initTriggerButton\"\n\t\t\tdata-wp-on-async--click=\"actions.showLightbox\"\n\t\t\tdata-wp-style--right=\"state.imageButtonRight\"\n\t\t\tdata-wp-style--top=\"state.imageButtonTop\"\n\t\t>\n\t\t\t<svg xmlns=\"http:\/\/www.w3.org\/2000\/svg\" width=\"12\" height=\"12\" fill=\"none\" viewBox=\"0 0 12 12\">\n\t\t\t\t<path fill=\"#fff\" d=\"M2 0a2 2 0 0 0-2 2v2h1.5V2a.5.5 0 0 1 .5-.5h2V0H2Zm2 10.5H2a.5.5 0 0 1-.5-.5V8H0v2a2 2 0 0 0 2 2h2v-1.5ZM8 12v-1.5h2a.5.5 0 0 0 .5-.5V8H12v2a2 2 0 0 1-2 2H8Zm2-12a2 2 0 0 1 2 2v2h-1.5V2a.5.5 0 0 0-.5-.5H8V0h2Z\" \/>\n\t\t\t<\/svg>\n\t\t<\/button><\/figure><\/div>\n\n\n<h2 class=\"wp-block-heading\"><span class=\"ez-toc-section\" id=\"vorteile-der-digitalisierung-fuer-das-personalmanagement\"><\/span>Vorteile der Digitalisierung f\u00fcr das Personalmanagement<span class=\"ez-toc-section-end\"><\/span><\/h2>\n\n\n\n<h3 class=\"wp-block-heading\" id=\"h-wo-sehen-sie-die-zentralen-vorteile-der-digitalisierung-fur-das-personalmanagement-welche-teilbereiche-profitieren-aus-ihrer-sicht-besonders\">Wo sehen Sie die zentralen Vorteile der Digitalisierung f\u00fcr das Personalmanagement? Welche Teilbereiche profitieren aus Ihrer Sicht besonders?<\/h3>\n\n\n\n<p><strong>Prof. Dr. Peter M. Wald:<\/strong> Die Nutzung digitaler Hilfsmittel und Prozesse kann dem Personalmanagement Freir\u00e4ume f\u00fcr die Beziehungsarbeit und f\u00fcr kreative Aufgaben verschaffen. Dies passiert jedoch nicht im Selbstlauf, sondern bedarf einer entsprechenden strategischen Ausrichtung von HR und der zunehmenden Anwendung neuer Paradigmen und Arbeitsweisen in den Prozessen des Personalmanagements. Bekannterma\u00dfen konzentrierte sich die Digitalisierung in den letzten Jahren auf das Recruiting, erreicht aber zunehmend auch die anderen Prozesse, wie den Personaleinsatz und die Kommunikation sowie die Personalentwicklung. Hier stehen wir jedoch in vielen F\u00e4llen aber erst am Anfang einer gezielten <a href=\"https:\/\/www.d-velop.de\/blog\/digitaler-wandel\/was-ist-digitalisierung\/\">Digitalisierung<\/a>, die dann auch eine st\u00e4rkere Einbeziehung der Mitarbeiter:innen m\u00f6glich und zum Teil erforderlich macht.<\/p>\n\n\n\n<h2 class=\"wp-block-heading\"><span class=\"ez-toc-section\" id=\"nachhaltigkeit-im-hr-kontext\"><\/span>Nachhaltigkeit im HR-Kontext<span class=\"ez-toc-section-end\"><\/span><\/h2>\n\n\n\n<h3 class=\"wp-block-heading\" id=\"h-digitalisierung-und-nachhaltigkeit-gehen-oftmals-hand-in-hand-muss-hr-heute-nachhaltig-sein-und-was-bedeutet-nachhaltigkeit-im-hr-kontext-fur-sie\">Digitalisierung und Nachhaltigkeit gehen oftmals Hand in Hand: Muss HR heute nachhaltig sein? Und was bedeutet Nachhaltigkeit im HR-Kontext f\u00fcr Sie?<\/h3>\n\n\n\n<p><strong>Prof. Dr. Peter M. Wald:<\/strong> Ja, sollten sie unbedingt. Nachhaltige Personalentscheidungen werden k\u00fcnftig bedeutsamer. Die Digitalisierung bringt hier nicht nur neue M\u00f6glichkeiten zum bewussteren Umgang mit Ressourcen mit sich, sondern erm\u00f6glicht auch fundiertere strategische Entscheidungen. Ich denke hier zum Beispiel auch an Fragen der Berufsausbildung und der Personalentwicklung. Dabei sehe ich Nachhaltigkeit im HR-Kontext stets in ihrer \u00f6kologischen, wirtschaftlichen und sozialen Dimension. Nachhaltige Entscheidungen beispielsweise bei Fragen des Recruitings und bei der Mitarbeiter:innenbindung bestimmen den k\u00fcnftigen Unternehmenserfolg weit st\u00e4rker als bisher.<\/p>\n\n\n\n<div class=\"wp-block-group is-style-cta-whitepaper\"><div class=\"wp-block-group__inner-container is-layout-flow wp-block-group-is-layout-flow\">\n<p><strong>Ramp-Up zu digitalen HR-Prozessen und mehr Erfolg bei den jungen Talenten<\/strong><\/p>\n\n\n\n\t<div class=\"wp-block-buttons\">\n\t\t<div class=\"wp-block-button is-style-outline\">\n\t\t\t<a class=\"wp-block-button__link\" href=\"https:\/\/2429121.fs1.hubspotusercontent-na1.net\/hubfs\/2429121\/DMS\/Whitepaper-Ramp-Up-Personalwesen.pdf?utm_source=intern-blog-ger&#038;utm_medium=blogpost-digitalisierung-personalmanagement&#038;utm_campaign=Sonstiges+-+d.velop+BLOG+-+01%2F2018&#038;utm_content=button\" target=\"_blank\">Jetzt lesen<\/a>\t\t<\/div>\n\t<\/div>\n\n\t<\/div><\/div>\n\n\n\n<h2 class=\"wp-block-heading\"><span class=\"ez-toc-section\" id=\"aktuelle-erwartungen-an-arbeitgeber\"><\/span>Aktuelle Erwartungen an Arbeitgeber<span class=\"ez-toc-section-end\"><\/span><\/h2>\n\n\n\n<h3 class=\"wp-block-heading\" id=\"h-welche-erwartungen-anforderungen-an-einen-modernen-arbeitgeber-haben-die-arbeitnehmer-heutzutage\">Welche Erwartungen\/Anforderungen an einen modernen Arbeitgeber haben die Arbeitnehmer heutzutage?<\/h3>\n\n\n\n<p><strong>Prof. Dr. Peter M. Wald:<\/strong> Es geht darum, dass sich Mitarbeiterinnen und Mitarbeiter weit st\u00e4rker als bisher einbezogen und auch \u201eernst genommen f\u00fchlen\u201c, sie zum Beispiel Zeit und Ort der Arbeit, aber auch die Zusammensetzung von Teams und die Form der F\u00fchrung weitgehend selbst bestimmen k\u00f6nnen. Hier gilt es, mithilfe digitaler Arbeitsmittel die n\u00f6tigen Informationen zur Verf\u00fcgung zu stellen und Mitsprache dadurch m\u00f6glich zu machen. Die neuen, oft digitalen, Hilfsmittel am Arbeitsplatz m\u00fcssen dabei immer hinsichtlich ihrer spezifischen Wirkungen auf die Employee Experience betrachtet und entsprechend gestaltet werden.<\/p>\n\n\n\n<h2 class=\"wp-block-heading\"><span class=\"ez-toc-section\" id=\"der-arbeitsplatz-der-zukunft\"><\/span>Der Arbeitsplatz der Zukunft<span class=\"ez-toc-section-end\"><\/span><\/h2>\n\n\n\n<h3 class=\"wp-block-heading\" id=\"h-wie-wurden-sie-den-arbeitsplatz-der-zukunft-beschreiben\">Wie w\u00fcrden Sie den Arbeitsplatz der Zukunft beschreiben?<\/h3>\n\n\n\n<p><strong>Prof. Dr. Peter M. Wald:<\/strong> Der Arbeitsplatz der Zukunft bietet gleicherma\u00dfen breite Entlastung von Routineaufgaben, offeriert vielf\u00e4ltige Kommunikations- und Lernm\u00f6glichkeiten, aber auch neue Gestaltungsr\u00e4ume. Die k\u00fcnftig erreichbare weitgehende Autonomie sowie die neuen M\u00f6glichkeiten zur Partizipation und Kollaboration m\u00fcssen &#8211; mittels einer entsprechenden Gestaltung &#8211; durch die Mitarbeiter:innen kenntlich gemacht und verdeutlicht werden, um Sinn und Nutzen zu stiften. Dies schlie\u00dft auch die umfassenderen M\u00f6glichkeiten zum informellen und sozialen Lernen sowie Angebote zur Erhaltung und F\u00f6rderung der physischen und mentalen Gesundheit ein.<\/p>\n\n\n<div class=\"wp-block-image\">\n<figure data-wp-context=\"{&quot;imageId&quot;:&quot;69f55ff9ed55b&quot;}\" data-wp-interactive=\"core\/image\" class=\"aligncenter size-full wp-lightbox-container\"><img loading=\"lazy\" decoding=\"async\" width=\"2000\" height=\"1010\" data-wp-class--hide=\"state.isContentHidden\" data-wp-class--show=\"state.isContentVisible\" data-wp-init=\"callbacks.setButtonStyles\" data-wp-on-async--click=\"actions.showLightbox\" data-wp-on-async--load=\"callbacks.setButtonStyles\" data-wp-on-async-window--resize=\"callbacks.setButtonStyles\" src=\"https:\/\/www.d-velop.de\/blog\/wp-content\/uploads\/2022\/06\/Digitalisierung-personalmanagement-Arbeitsplatz-zukunft-1.png\" alt=\"Arbeitsplatz der Zukunft Digitalisierung Personalmanagement\" class=\"wp-image-32888\" srcset=\"https:\/\/www.d-velop.de\/blog\/wp-content\/uploads\/2022\/06\/Digitalisierung-personalmanagement-Arbeitsplatz-zukunft-1.png 2000w, https:\/\/www.d-velop.de\/blog\/wp-content\/uploads\/2022\/06\/Digitalisierung-personalmanagement-Arbeitsplatz-zukunft-1-600x303.png 600w, https:\/\/www.d-velop.de\/blog\/wp-content\/uploads\/2022\/06\/Digitalisierung-personalmanagement-Arbeitsplatz-zukunft-1-1090x550.png 1090w, https:\/\/www.d-velop.de\/blog\/wp-content\/uploads\/2022\/06\/Digitalisierung-personalmanagement-Arbeitsplatz-zukunft-1-768x388.png 768w, https:\/\/www.d-velop.de\/blog\/wp-content\/uploads\/2022\/06\/Digitalisierung-personalmanagement-Arbeitsplatz-zukunft-1-1536x776.png 1536w, https:\/\/www.d-velop.de\/blog\/wp-content\/uploads\/2022\/06\/Digitalisierung-personalmanagement-Arbeitsplatz-zukunft-1-1920x970.png 1920w\" sizes=\"auto, (max-width: 2000px) 100vw, 2000px\" \/><button\n\t\t\tclass=\"lightbox-trigger\"\n\t\t\ttype=\"button\"\n\t\t\taria-haspopup=\"dialog\"\n\t\t\taria-label=\"Bild vergr\u00f6\u00dfern: Arbeitsplatz der Zukunft Digitalisierung Personalmanagement\"\n\t\t\tdata-wp-init=\"callbacks.initTriggerButton\"\n\t\t\tdata-wp-on-async--click=\"actions.showLightbox\"\n\t\t\tdata-wp-style--right=\"state.imageButtonRight\"\n\t\t\tdata-wp-style--top=\"state.imageButtonTop\"\n\t\t>\n\t\t\t<svg xmlns=\"http:\/\/www.w3.org\/2000\/svg\" width=\"12\" height=\"12\" fill=\"none\" viewBox=\"0 0 12 12\">\n\t\t\t\t<path fill=\"#fff\" d=\"M2 0a2 2 0 0 0-2 2v2h1.5V2a.5.5 0 0 1 .5-.5h2V0H2Zm2 10.5H2a.5.5 0 0 1-.5-.5V8H0v2a2 2 0 0 0 2 2h2v-1.5ZM8 12v-1.5h2a.5.5 0 0 0 .5-.5V8H12v2a2 2 0 0 1-2 2H8Zm2-12a2 2 0 0 1 2 2v2h-1.5V2a.5.5 0 0 0-.5-.5H8V0h2Z\" \/>\n\t\t\t<\/svg>\n\t\t<\/button><\/figure><\/div>\n\n\n<h2 class=\"wp-block-heading\"><span class=\"ez-toc-section\" id=\"akzeptanz-fuer-neue-software-in-der-belegschaft\"><\/span>Akzeptanz f\u00fcr neue Software in der Belegschaft<span class=\"ez-toc-section-end\"><\/span><\/h2>\n\n\n\n<h3 class=\"wp-block-heading\" id=\"h-wie-schafft-man-als-personaler-in-den-spagat-zwischen-hr-transformation-und-akzeptanz-fur-neue-softwarelosungen-und-tools-in-der-belegschaft\">Wie schafft man als Personaler:in den Spagat zwischen HR-Transformation und Akzeptanz f\u00fcr neue Softwarel\u00f6sungen und Tools in der Belegschaft?<\/h3>\n\n\n\n<p><strong>Prof. Dr. Peter M. Wald:<\/strong> Es geht verst\u00e4rkt darum, selbst als Vorbild zu agieren. Es wird k\u00fcnftig nahezu keine Aufgabe im Personalkontext geben, die ohne digitale Hilfsmittel zu bew\u00e4ltigen sind. Personaler werden sich die notwendigen digitalen Kompetenzen umfassend aneignen oder diese ausbauen m\u00fcssen, um diese digitalen Hilfsmittel einsetzen, bewerten, aber auch deren Entwicklung beeinflussen zu k\u00f6nnen. Das Personalmanagement muss sich bewusst sein, dass es heute und in Zukunft inmitten des Spannungsfelds zwischen Technik, Organisation und Mensch steht und hier als L\u00f6sungsgestalter und -lieferant gefragt ist.<\/p>\n\n\n\n<hr class=\"wp-block-separator has-css-opacity\"\/>\n\n\n\n<h2 class=\"wp-block-heading\"><span class=\"ez-toc-section\" id=\"das-konzept-der-demut\"><\/span>Das Konzept der DEMut<span class=\"ez-toc-section-end\"><\/span><\/h2>\n\n\n\n<h3 class=\"wp-block-heading\" id=\"h-wenn-sie-jungen-personaler-innen-drei-tipps-fur-die-zukunft-geben-mussten-welche-waren-das\">Wenn Sie jungen Personaler:innen drei Tipps f\u00fcr die Zukunft geben m\u00fcssten, welche w\u00e4ren das?<\/h3>\n\n\n\n<p>Prof. Dr. Peter M. Wald: Junge Personaler:innen sollten \u00fcber DEMut verf\u00fcgen:<\/p>\n\n\n\n<p><strong>D <\/strong>&#8211; f\u00fcr ausgepr\u00e4gte digitale Kompetenzen<br><strong>E <\/strong>&#8211; f\u00fcr Empathie<br><strong>Mut <\/strong>&#8211; f\u00fcr den Mut, Neues zu entwickeln, zu experimentieren und dabei auch Fehler zu machen.<\/p>\n\n\n\n<p>Junge Personaler:innen m\u00fcssen sich zu jeder Zeit auf die Mitarbeiter:innen und deren Erwartungen einlassen k\u00f6nnen.<\/p>\n\n\n\n<h2 class=\"wp-block-heading\"><span class=\"ez-toc-section\" id=\"zukuenftige-trends-im-personalmanagement\"><\/span>Zuk\u00fcnftige Trends im Personalmanagement<span class=\"ez-toc-section-end\"><\/span><\/h2>\n\n\n\n<h3 class=\"wp-block-heading\" id=\"h-ein-kurzer-ausblick-mit-welchen-trends-konnen-personaler-innen-in-zukunft-rechnen\">Ein kurzer Ausblick: Mit welchen Trends k\u00f6nnen Personaler:innen in Zukunft rechnen?<\/h3>\n\n\n\n<p><strong>Prof. Dr. Peter M. Wald:<\/strong> Personaler:innen sollten stets die Performance des Unternehmens im Blick haben. Es wird zu einer st\u00e4rkeren Individualisierung der Leistungen von HR f\u00fcr die Mitarbeiter:innen kommen. Die Personalarbeit wird in diesem Zusammenhang auf die zunehmenden Forderungen nach Transparenz und Begr\u00fcndung der Leistungen &#8211; auch mit einem entsprechenden Zahlenwerk &#8211; reagieren m\u00fcssen. Dies wird zunehmend auch die Personalauswahl und -entwicklung, aber auch die Gestaltung der Arbeitsbedingungen betreffen, die st\u00e4rker interdisziplin\u00e4r und wissenschaftlich fundiert erfolgen muss. Dabei gilt es, die Chancen, aber auch die Risiken von Augmentierung und Virtualisierung zu nutzen bzw. zu ber\u00fccksichtigen. Damit k\u00f6nnen durchaus auch die anspruchsvollen Aufgaben eines glaubw\u00fcrdigen Vermittlers und Schiedsrichters bei Konflikten verbunden sein.<\/p>\n","protected":false},"excerpt":{"rendered":"<p>Das Personalmanagement wird noch digitaler, als es heute schon ist. Personaler:innen stehen aufgrund der Digitalisierung und dem stetigen Wandel der [&hellip;]<\/p>\n","protected":false},"author":187,"featured_media":32898,"comment_status":"open","ping_status":"closed","sticky":false,"template":"","format":"standard","meta":{"footnotes":"","beyondwords_generate_audio":"","beyondwords_project_id":"","beyondwords_content_id":"","beyondwords_preview_token":"","beyondwords_player_content":"","beyondwords_player_style":"","beyondwords_language_id":"","beyondwords_title_voice_id":"","beyondwords_body_voice_id":"","beyondwords_summary_voice_id":"","beyondwords_error_message":"","beyondwords_disabled":"","beyondwords_delete_content":"","beyondwords_podcast_id":"","beyondwords_hash":"","publish_post_to_speechkit":"","speechkit_hash":"","speechkit_generate_audio":"","speechkit_project_id":"","speechkit_podcast_id":"","speechkit_error_message":"","speechkit_disabled":"","speechkit_access_key":"","speechkit_error":"","speechkit_info":"","speechkit_response":"","speechkit_retries":"","speechkit_status":"","speechkit_updated_at":"","_speechkit_link":"","_speechkit_text":""},"categories":[5],"tags":[6493],"class_list":["post-32884","post","type-post","status-publish","format-standard","has-post-thumbnail","hentry","category-digitaler-wandel","tag-fokus-mitarbeiterkommunikation"],"acf":[],"yoast_head":"<!-- This site is optimized with the Yoast SEO Premium plugin v25.6 (Yoast SEO v25.6) - https:\/\/yoast.com\/wordpress\/plugins\/seo\/ -->\n<title>Prof. Dr. Peter M. Wald zur Digitalisierung im Personalmanagement<\/title>\n<meta name=\"description\" content=\"Zum Thema Digitalisierung im Personalmanagement spricht Prof. Dr. Peter M. Wald mit uns im Interview und teilt uns seine Sichtweise \u25b6\ufe0f\" \/>\n<meta name=\"robots\" content=\"index, follow, max-snippet:-1, max-image-preview:large, max-video-preview:-1\" \/>\n<link rel=\"canonical\" href=\"https:\/\/www.d-velop.de\/blog\/digitaler-wandel\/digitalisierung-personalmanagement\/\" \/>\n<meta property=\"og:locale\" content=\"de_DE\" \/>\n<meta property=\"og:type\" content=\"article\" \/>\n<meta property=\"og:title\" content=\"[Interview] Prof. Dr. Peter M. Wald zur Digitalisierung im Personalmanagement\" \/>\n<meta property=\"og:description\" content=\"Zum Thema Digitalisierung im Personalmanagement spricht Prof. Dr. Peter M. Wald mit uns im Interview und teilt uns seine Sichtweise \u25b6\ufe0f\" \/>\n<meta property=\"og:url\" content=\"https:\/\/www.d-velop.de\/blog\/digitaler-wandel\/digitalisierung-personalmanagement\/\" \/>\n<meta property=\"og:site_name\" content=\"d.velop blog\" \/>\n<meta property=\"article:publisher\" content=\"https:\/\/www.facebook.com\/d.velop.ag\/\" \/>\n<meta property=\"article:published_time\" content=\"2022-06-17T06:24:47+00:00\" \/>\n<meta property=\"article:modified_time\" content=\"2025-05-14T06:39:03+00:00\" \/>\n<meta property=\"og:image\" content=\"https:\/\/www.d-velop.de\/blog\/wp-content\/uploads\/2022\/06\/d-velop-blog-artikel-Digitalisierung-personalmanagement-social-media.png\" \/>\n\t<meta property=\"og:image:width\" content=\"1200\" \/>\n\t<meta property=\"og:image:height\" content=\"675\" \/>\n\t<meta property=\"og:image:type\" content=\"image\/png\" \/>\n<meta name=\"author\" content=\"Prof. Dr. Peter M. Wald\" \/>\n<meta name=\"twitter:card\" content=\"summary_large_image\" \/>\n<meta name=\"twitter:creator\" content=\"@d_velop\" \/>\n<meta name=\"twitter:site\" content=\"@d_velop\" \/>\n<meta name=\"twitter:label1\" content=\"Verfasst von\" \/>\n\t<meta name=\"twitter:data1\" content=\"Prof. Dr. Peter M. Wald\" \/>\n\t<meta name=\"twitter:label2\" content=\"Gesch\u00e4tzte Lesezeit\" \/>\n\t<meta name=\"twitter:data2\" content=\"6\u00a0Minuten\" \/>\n<script type=\"application\/ld+json\" class=\"yoast-schema-graph\">{\"@context\":\"https:\/\/schema.org\",\"@graph\":[{\"@type\":\"Article\",\"@id\":\"https:\/\/www.d-velop.de\/blog\/digitaler-wandel\/digitalisierung-personalmanagement\/#article\",\"isPartOf\":{\"@id\":\"https:\/\/www.d-velop.de\/blog\/digitaler-wandel\/digitalisierung-personalmanagement\/\"},\"author\":{\"name\":\"Prof. Dr. Peter M. Wald\",\"@id\":\"https:\/\/www.d-velop.de\/blog\/#\/schema\/person\/9c7ded4049214f10ac4a536a3401bc42\"},\"headline\":\"[Interview] Prof. Dr. Peter M. Wald zur Digitalisierung im Personalmanagement\",\"datePublished\":\"2022-06-17T06:24:47+00:00\",\"dateModified\":\"2025-05-14T06:39:03+00:00\",\"mainEntityOfPage\":{\"@id\":\"https:\/\/www.d-velop.de\/blog\/digitaler-wandel\/digitalisierung-personalmanagement\/\"},\"wordCount\":1079,\"commentCount\":0,\"publisher\":{\"@id\":\"https:\/\/www.d-velop.de\/blog\/#organization\"},\"image\":{\"@id\":\"https:\/\/www.d-velop.de\/blog\/digitaler-wandel\/digitalisierung-personalmanagement\/#primaryimage\"},\"thumbnailUrl\":\"https:\/\/www.d-velop.de\/blog\/wp-content\/uploads\/2022\/06\/beitragsbild-Digitalisierung-personalmanagement.png\",\"keywords\":[\"Mitarbeiterkommunikation\"],\"articleSection\":[\"Digitaler Wandel\"],\"inLanguage\":\"de\",\"potentialAction\":[{\"@type\":\"CommentAction\",\"name\":\"Comment\",\"target\":[\"https:\/\/www.d-velop.de\/blog\/digitaler-wandel\/digitalisierung-personalmanagement\/#respond\"]}]},{\"@type\":\"WebPage\",\"@id\":\"https:\/\/www.d-velop.de\/blog\/digitaler-wandel\/digitalisierung-personalmanagement\/\",\"url\":\"https:\/\/www.d-velop.de\/blog\/digitaler-wandel\/digitalisierung-personalmanagement\/\",\"name\":\"Prof. Dr. Peter M. Wald zur Digitalisierung im Personalmanagement\",\"isPartOf\":{\"@id\":\"https:\/\/www.d-velop.de\/blog\/#website\"},\"primaryImageOfPage\":{\"@id\":\"https:\/\/www.d-velop.de\/blog\/digitaler-wandel\/digitalisierung-personalmanagement\/#primaryimage\"},\"image\":{\"@id\":\"https:\/\/www.d-velop.de\/blog\/digitaler-wandel\/digitalisierung-personalmanagement\/#primaryimage\"},\"thumbnailUrl\":\"https:\/\/www.d-velop.de\/blog\/wp-content\/uploads\/2022\/06\/beitragsbild-Digitalisierung-personalmanagement.png\",\"datePublished\":\"2022-06-17T06:24:47+00:00\",\"dateModified\":\"2025-05-14T06:39:03+00:00\",\"description\":\"Zum Thema Digitalisierung im Personalmanagement spricht Prof. Dr. Peter M. Wald mit uns im Interview und teilt uns seine Sichtweise \u25b6\ufe0f\",\"breadcrumb\":{\"@id\":\"https:\/\/www.d-velop.de\/blog\/digitaler-wandel\/digitalisierung-personalmanagement\/#breadcrumb\"},\"inLanguage\":\"de\",\"potentialAction\":[{\"@type\":\"ReadAction\",\"target\":[\"https:\/\/www.d-velop.de\/blog\/digitaler-wandel\/digitalisierung-personalmanagement\/\"]}]},{\"@type\":\"ImageObject\",\"inLanguage\":\"de\",\"@id\":\"https:\/\/www.d-velop.de\/blog\/digitaler-wandel\/digitalisierung-personalmanagement\/#primaryimage\",\"url\":\"https:\/\/www.d-velop.de\/blog\/wp-content\/uploads\/2022\/06\/beitragsbild-Digitalisierung-personalmanagement.png\",\"contentUrl\":\"https:\/\/www.d-velop.de\/blog\/wp-content\/uploads\/2022\/06\/beitragsbild-Digitalisierung-personalmanagement.png\",\"width\":2000,\"height\":666,\"caption\":\"H\u00e4nde sch\u00fctteln\"},{\"@type\":\"BreadcrumbList\",\"@id\":\"https:\/\/www.d-velop.de\/blog\/digitaler-wandel\/digitalisierung-personalmanagement\/#breadcrumb\",\"itemListElement\":[{\"@type\":\"ListItem\",\"position\":1,\"name\":\"Startseite\",\"item\":\"https:\/\/www.d-velop.de\/blog\/\"},{\"@type\":\"ListItem\",\"position\":2,\"name\":\"[Interview] Prof. Dr. Peter M. Wald zur Digitalisierung im Personalmanagement\"}]},{\"@type\":\"WebSite\",\"@id\":\"https:\/\/www.d-velop.de\/blog\/#website\",\"url\":\"https:\/\/www.d-velop.de\/blog\/\",\"name\":\"d.velop blog\",\"description\":\"Digitalisierung, Dokumentenmanagement und rund um d.velop\",\"publisher\":{\"@id\":\"https:\/\/www.d-velop.de\/blog\/#organization\"},\"potentialAction\":[{\"@type\":\"SearchAction\",\"target\":{\"@type\":\"EntryPoint\",\"urlTemplate\":\"https:\/\/www.d-velop.de\/blog\/?s={search_term_string}\"},\"query-input\":{\"@type\":\"PropertyValueSpecification\",\"valueRequired\":true,\"valueName\":\"search_term_string\"}}],\"inLanguage\":\"de\"},{\"@type\":\"Organization\",\"@id\":\"https:\/\/www.d-velop.de\/blog\/#organization\",\"name\":\"d.velop Gruppe\",\"url\":\"https:\/\/www.d-velop.de\/blog\/\",\"logo\":{\"@type\":\"ImageObject\",\"inLanguage\":\"de\",\"@id\":\"https:\/\/www.d-velop.de\/blog\/#\/schema\/logo\/image\/\",\"url\":\"https:\/\/www.d-velop.de\/blog\/wp-content\/uploads\/2018\/12\/dvelop-blog-logo-invers.jpg\",\"contentUrl\":\"https:\/\/www.d-velop.de\/blog\/wp-content\/uploads\/2018\/12\/dvelop-blog-logo-invers.jpg\",\"width\":350,\"height\":350,\"caption\":\"d.velop Gruppe\"},\"image\":{\"@id\":\"https:\/\/www.d-velop.de\/blog\/#\/schema\/logo\/image\/\"},\"sameAs\":[\"https:\/\/www.facebook.com\/d.velop.ag\/\",\"https:\/\/x.com\/d_velop\",\"https:\/\/de.linkedin.com\/company\/d-velop\",\"https:\/\/www.xing.com\/pages\/d-velopag\",\"https:\/\/www.instagram.com\/d.velop_group\/\"]},{\"@type\":\"Person\",\"@id\":\"https:\/\/www.d-velop.de\/blog\/#\/schema\/person\/9c7ded4049214f10ac4a536a3401bc42\",\"name\":\"Prof. Dr. Peter M. Wald\",\"image\":{\"@type\":\"ImageObject\",\"inLanguage\":\"de\",\"@id\":\"https:\/\/www.d-velop.de\/blog\/#\/schema\/person\/image\/\",\"url\":\"https:\/\/www.d-velop.de\/blog\/wp-content\/uploads\/2022\/06\/Peter-wald-autor-210x210.png\",\"contentUrl\":\"https:\/\/www.d-velop.de\/blog\/wp-content\/uploads\/2022\/06\/Peter-wald-autor-210x210.png\",\"caption\":\"Prof. Dr. Peter M. Wald\"},\"description\":\"Professor f\u00fcr Personalmanagement\",\"sameAs\":[\"https:\/\/leipzig-hrm-blog.blogspot.com\/\",\"https:\/\/www.linkedin.com\/in\/peter-m-wald-797a422\/\"],\"url\":\"https:\/\/www.d-velop.de\/blog\/author\/peter-wald\/\"}]}<\/script>\n<!-- \/ Yoast SEO Premium plugin. -->","yoast_head_json":{"title":"Prof. Dr. Peter M. Wald zur Digitalisierung im Personalmanagement","description":"Zum Thema Digitalisierung im Personalmanagement spricht Prof. Dr. Peter M. Wald mit uns im Interview und teilt uns seine Sichtweise \u25b6\ufe0f","robots":{"index":"index","follow":"follow","max-snippet":"max-snippet:-1","max-image-preview":"max-image-preview:large","max-video-preview":"max-video-preview:-1"},"canonical":"https:\/\/www.d-velop.de\/blog\/digitaler-wandel\/digitalisierung-personalmanagement\/","og_locale":"de_DE","og_type":"article","og_title":"[Interview] Prof. Dr. Peter M. Wald zur Digitalisierung im Personalmanagement","og_description":"Zum Thema Digitalisierung im Personalmanagement spricht Prof. Dr. Peter M. Wald mit uns im Interview und teilt uns seine Sichtweise \u25b6\ufe0f","og_url":"https:\/\/www.d-velop.de\/blog\/digitaler-wandel\/digitalisierung-personalmanagement\/","og_site_name":"d.velop blog","article_publisher":"https:\/\/www.facebook.com\/d.velop.ag\/","article_published_time":"2022-06-17T06:24:47+00:00","article_modified_time":"2025-05-14T06:39:03+00:00","og_image":[{"width":1200,"height":675,"url":"https:\/\/www.d-velop.de\/blog\/wp-content\/uploads\/2022\/06\/d-velop-blog-artikel-Digitalisierung-personalmanagement-social-media.png","type":"image\/png"}],"author":"Prof. Dr. Peter M. Wald","twitter_card":"summary_large_image","twitter_creator":"@d_velop","twitter_site":"@d_velop","twitter_misc":{"Verfasst von":"Prof. Dr. Peter M. Wald","Gesch\u00e4tzte Lesezeit":"6\u00a0Minuten"},"schema":{"@context":"https:\/\/schema.org","@graph":[{"@type":"Article","@id":"https:\/\/www.d-velop.de\/blog\/digitaler-wandel\/digitalisierung-personalmanagement\/#article","isPartOf":{"@id":"https:\/\/www.d-velop.de\/blog\/digitaler-wandel\/digitalisierung-personalmanagement\/"},"author":{"name":"Prof. Dr. Peter M. Wald","@id":"https:\/\/www.d-velop.de\/blog\/#\/schema\/person\/9c7ded4049214f10ac4a536a3401bc42"},"headline":"[Interview] Prof. Dr. Peter M. Wald zur Digitalisierung im Personalmanagement","datePublished":"2022-06-17T06:24:47+00:00","dateModified":"2025-05-14T06:39:03+00:00","mainEntityOfPage":{"@id":"https:\/\/www.d-velop.de\/blog\/digitaler-wandel\/digitalisierung-personalmanagement\/"},"wordCount":1079,"commentCount":0,"publisher":{"@id":"https:\/\/www.d-velop.de\/blog\/#organization"},"image":{"@id":"https:\/\/www.d-velop.de\/blog\/digitaler-wandel\/digitalisierung-personalmanagement\/#primaryimage"},"thumbnailUrl":"https:\/\/www.d-velop.de\/blog\/wp-content\/uploads\/2022\/06\/beitragsbild-Digitalisierung-personalmanagement.png","keywords":["Mitarbeiterkommunikation"],"articleSection":["Digitaler Wandel"],"inLanguage":"de","potentialAction":[{"@type":"CommentAction","name":"Comment","target":["https:\/\/www.d-velop.de\/blog\/digitaler-wandel\/digitalisierung-personalmanagement\/#respond"]}]},{"@type":"WebPage","@id":"https:\/\/www.d-velop.de\/blog\/digitaler-wandel\/digitalisierung-personalmanagement\/","url":"https:\/\/www.d-velop.de\/blog\/digitaler-wandel\/digitalisierung-personalmanagement\/","name":"Prof. Dr. Peter M. Wald zur Digitalisierung im Personalmanagement","isPartOf":{"@id":"https:\/\/www.d-velop.de\/blog\/#website"},"primaryImageOfPage":{"@id":"https:\/\/www.d-velop.de\/blog\/digitaler-wandel\/digitalisierung-personalmanagement\/#primaryimage"},"image":{"@id":"https:\/\/www.d-velop.de\/blog\/digitaler-wandel\/digitalisierung-personalmanagement\/#primaryimage"},"thumbnailUrl":"https:\/\/www.d-velop.de\/blog\/wp-content\/uploads\/2022\/06\/beitragsbild-Digitalisierung-personalmanagement.png","datePublished":"2022-06-17T06:24:47+00:00","dateModified":"2025-05-14T06:39:03+00:00","description":"Zum Thema Digitalisierung im Personalmanagement spricht Prof. Dr. Peter M. Wald mit uns im Interview und teilt uns seine Sichtweise \u25b6\ufe0f","breadcrumb":{"@id":"https:\/\/www.d-velop.de\/blog\/digitaler-wandel\/digitalisierung-personalmanagement\/#breadcrumb"},"inLanguage":"de","potentialAction":[{"@type":"ReadAction","target":["https:\/\/www.d-velop.de\/blog\/digitaler-wandel\/digitalisierung-personalmanagement\/"]}]},{"@type":"ImageObject","inLanguage":"de","@id":"https:\/\/www.d-velop.de\/blog\/digitaler-wandel\/digitalisierung-personalmanagement\/#primaryimage","url":"https:\/\/www.d-velop.de\/blog\/wp-content\/uploads\/2022\/06\/beitragsbild-Digitalisierung-personalmanagement.png","contentUrl":"https:\/\/www.d-velop.de\/blog\/wp-content\/uploads\/2022\/06\/beitragsbild-Digitalisierung-personalmanagement.png","width":2000,"height":666,"caption":"H\u00e4nde sch\u00fctteln"},{"@type":"BreadcrumbList","@id":"https:\/\/www.d-velop.de\/blog\/digitaler-wandel\/digitalisierung-personalmanagement\/#breadcrumb","itemListElement":[{"@type":"ListItem","position":1,"name":"Startseite","item":"https:\/\/www.d-velop.de\/blog\/"},{"@type":"ListItem","position":2,"name":"[Interview] Prof. Dr. Peter M. Wald zur Digitalisierung im Personalmanagement"}]},{"@type":"WebSite","@id":"https:\/\/www.d-velop.de\/blog\/#website","url":"https:\/\/www.d-velop.de\/blog\/","name":"d.velop blog","description":"Digitalisierung, Dokumentenmanagement und rund um d.velop","publisher":{"@id":"https:\/\/www.d-velop.de\/blog\/#organization"},"potentialAction":[{"@type":"SearchAction","target":{"@type":"EntryPoint","urlTemplate":"https:\/\/www.d-velop.de\/blog\/?s={search_term_string}"},"query-input":{"@type":"PropertyValueSpecification","valueRequired":true,"valueName":"search_term_string"}}],"inLanguage":"de"},{"@type":"Organization","@id":"https:\/\/www.d-velop.de\/blog\/#organization","name":"d.velop Gruppe","url":"https:\/\/www.d-velop.de\/blog\/","logo":{"@type":"ImageObject","inLanguage":"de","@id":"https:\/\/www.d-velop.de\/blog\/#\/schema\/logo\/image\/","url":"https:\/\/www.d-velop.de\/blog\/wp-content\/uploads\/2018\/12\/dvelop-blog-logo-invers.jpg","contentUrl":"https:\/\/www.d-velop.de\/blog\/wp-content\/uploads\/2018\/12\/dvelop-blog-logo-invers.jpg","width":350,"height":350,"caption":"d.velop Gruppe"},"image":{"@id":"https:\/\/www.d-velop.de\/blog\/#\/schema\/logo\/image\/"},"sameAs":["https:\/\/www.facebook.com\/d.velop.ag\/","https:\/\/x.com\/d_velop","https:\/\/de.linkedin.com\/company\/d-velop","https:\/\/www.xing.com\/pages\/d-velopag","https:\/\/www.instagram.com\/d.velop_group\/"]},{"@type":"Person","@id":"https:\/\/www.d-velop.de\/blog\/#\/schema\/person\/9c7ded4049214f10ac4a536a3401bc42","name":"Prof. Dr. Peter M. Wald","image":{"@type":"ImageObject","inLanguage":"de","@id":"https:\/\/www.d-velop.de\/blog\/#\/schema\/person\/image\/","url":"https:\/\/www.d-velop.de\/blog\/wp-content\/uploads\/2022\/06\/Peter-wald-autor-210x210.png","contentUrl":"https:\/\/www.d-velop.de\/blog\/wp-content\/uploads\/2022\/06\/Peter-wald-autor-210x210.png","caption":"Prof. Dr. Peter M. Wald"},"description":"Professor f\u00fcr Personalmanagement","sameAs":["https:\/\/leipzig-hrm-blog.blogspot.com\/","https:\/\/www.linkedin.com\/in\/peter-m-wald-797a422\/"],"url":"https:\/\/www.d-velop.de\/blog\/author\/peter-wald\/"}]}},"_links":{"self":[{"href":"https:\/\/www.d-velop.de\/blog\/wp-json\/wp\/v2\/posts\/32884","targetHints":{"allow":["GET"]}}],"collection":[{"href":"https:\/\/www.d-velop.de\/blog\/wp-json\/wp\/v2\/posts"}],"about":[{"href":"https:\/\/www.d-velop.de\/blog\/wp-json\/wp\/v2\/types\/post"}],"author":[{"embeddable":true,"href":"https:\/\/www.d-velop.de\/blog\/wp-json\/wp\/v2\/users\/187"}],"replies":[{"embeddable":true,"href":"https:\/\/www.d-velop.de\/blog\/wp-json\/wp\/v2\/comments?post=32884"}],"version-history":[{"count":2,"href":"https:\/\/www.d-velop.de\/blog\/wp-json\/wp\/v2\/posts\/32884\/revisions"}],"predecessor-version":[{"id":55754,"href":"https:\/\/www.d-velop.de\/blog\/wp-json\/wp\/v2\/posts\/32884\/revisions\/55754"}],"wp:featuredmedia":[{"embeddable":true,"href":"https:\/\/www.d-velop.de\/blog\/wp-json\/wp\/v2\/media\/32898"}],"wp:attachment":[{"href":"https:\/\/www.d-velop.de\/blog\/wp-json\/wp\/v2\/media?parent=32884"}],"wp:term":[{"taxonomy":"category","embeddable":true,"href":"https:\/\/www.d-velop.de\/blog\/wp-json\/wp\/v2\/categories?post=32884"},{"taxonomy":"post_tag","embeddable":true,"href":"https:\/\/www.d-velop.de\/blog\/wp-json\/wp\/v2\/tags?post=32884"}],"curies":[{"name":"wp","href":"https:\/\/api.w.org\/{rel}","templated":true}]}}