{"id":37798,"date":"2023-02-02T17:13:40","date_gmt":"2023-02-02T16:13:40","guid":{"rendered":"https:\/\/www.d-velop.de\/blog\/?p=37798"},"modified":"2025-06-11T13:55:50","modified_gmt":"2025-06-11T11:55:50","slug":"agile-verwaltung","status":"publish","type":"post","link":"https:\/\/www.d-velop.de\/blog\/branchenprozesse\/agile-verwaltung\/","title":{"rendered":"Agile Verwaltung: Erfolgsfaktoren fu\u0308r die Digitalisierung im o\u0308ffentlichen Dienst"},"content":{"rendered":"\n<p>Die agile Verwaltung ist vermutlich die einzige M\u00f6glichkeit, die Herausforderungen des Gesetzgebers zu erf\u00fcllen und die Verwaltungsprozesse zu verschlanken, zu beschleunigen und transparenter zu gestalten.&nbsp;Aber was genau ist unter agiler Verwaltung zu verstehen und muss eine Verwaltung \u00fcberhaupt agil sein? Diese Fragen beantworten wir im Blog und im Video <a href=\"#Video_Expertengesprach_agile_Verwaltung\">Expertengespr\u00e4ch zum Thema agile Verwaltung<\/a>.<\/p>\n\n\n\n<h2 class=\"wp-block-heading\" id=\"h-was-bedeutet-agile-verwaltung\"><span class=\"ez-toc-section\" id=\"was-bedeutet-agile-verwaltung\"><\/span>Was bedeutet agile Verwaltung?<span class=\"ez-toc-section-end\"><\/span><\/h2>\n\n\n\n<p>Die agile Verwaltung ist eine andere Art der Zusammenarbeit in Digitalisierungsprojekten hin zu einer werteorientierten Arbeit. Werte wie Transparenz, Mut, Vertrauen und auch Fehlerkultur r\u00fccken dabei in den Fokus.<\/p>\n\n\n\n<p>Es bedeutet aber auch, dass in letzter Konsequenz sich die Rollen der Mitarbeitenden dadurch ein St\u00fcck weit ver\u00e4ndern, da ein h\u00f6heres Ma\u00df an Eigenverantwortung und Arbeitsorganisation erforderlich ist.<\/p>\n\n\n\n<div class=\"wp-block-group is-style-info-explanation\"><div class=\"wp-block-group__inner-container is-layout-constrained wp-block-group-is-layout-constrained\">\n<h3 class=\"wp-block-heading\">Definition Agile Verwaltung<\/h3>\n\n\n\n<p>Im \u00f6ffentlichen Dienst steht agile Verwaltung f\u00fcr eine Methode, welche sich auf Flexibilit\u00e4t, schnelle Anpassung und Zusammenarbeit in Verwaltungsprozessen konzentriert. Sie verfolgt das Ziel, agile Prinzipien und Verwaltungspraktiken zu kombinieren, um so eine verbesserte Dienstleistung f\u00fcr B\u00fcrger:innen zu schaffen und eine h\u00f6here Effizienz im Verwaltungshandeln zu erreichen.<\/p>\n<\/div><\/div>\n\n\n\n<h2 class=\"wp-block-heading\"><span class=\"ez-toc-section\" id=\"darum-scheitern-digitalisierungsprojekte-in-der-oeffentlichen-verwaltung\"><\/span>Darum scheitern Digitalisierungsprojekte in der \u00f6ffentlichen Verwaltung<span class=\"ez-toc-section-end\"><\/span><\/h2>\n\n\n\n<p>Sowohl aus der Praxis als auch aus der Forschung heraus lassen sich stets die gleichen Gr\u00fcnde finden, warum <a href=\"https:\/\/www.d-velop.de\/blog\/branchenprozesse\/digitalisierung-oeffentliche-verwaltung\/\">Digitalisierungsprojekte in der \u00f6ffentlichen Verwaltung<\/a> scheitern.<\/p>\n\n\n\n<ol class=\"wp-block-list\">\n<li><strong>Unklare Anforderungen<\/strong> k\u00f6nnen dazu f\u00fchren, dass Projekte nicht effektiv geplant und umgesetzt werden<\/li>\n\n\n\n<li><strong>Schlechte Kommunikation<\/strong> und <strong>mangelnde Koordination<\/strong> zu Verz\u00f6gerungen und Fehlern f\u00fchren k\u00f6nnen<\/li>\n\n\n\n<li><strong>Personelle Ressourcen<\/strong> k\u00f6nnen dazu f\u00fchren, dass Projekte nicht ad\u00e4quat unterst\u00fctzt werden<\/li>\n\n\n\n<li><strong>Fehlendes Wissen<\/strong> oder <strong>mangelnde Expertise<\/strong> in einem bestimmten Bereich kann die Umsetzung beeintr\u00e4chtigen<\/li>\n<\/ol>\n\n\n\n<p>Um erfolgreich zu sein, m\u00fcssen \u00f6ffentliche Projekte sorgf\u00e4ltig geplant, kommuniziert und ausgef\u00fchrt werden, um sicherzustellen, dass sie den Anforderungen gerecht werden und erfolgreich abgeschlossen werden k\u00f6nnen. <\/p>\n\n\n\n<h2 class=\"wp-block-heading\"><span class=\"ez-toc-section\" id=\"agile-projekte-in-der-oeffentlichen-verwaltung\"><\/span>Agile Projekte in der \u00f6ffentlichen Verwaltung<span class=\"ez-toc-section-end\"><\/span><\/h2>\n\n\n\n<p>Was sind eigentlich die Treiber f\u00fcr Projekte in der \u00f6ffentlichen Verwaltung und wie k\u00f6nnen agile Methoden dabei helfen, solche Projekte durchzuf\u00fchren? <\/p>\n\n\n\n<h3 class=\"wp-block-heading\">Treiber f\u00fcr agile Projekte in der \u00f6ffentlichen Verwaltung<\/h3>\n\n\n\n<p>Die agile Verwaltung wird sowohl von einer Motivation getrieben, etwas f\u00fcr B\u00fcrger:innen oder die Mitarbeitenden der Organisation zu tun, als auch von gesetzlichen Vorgaben wie dem <a href=\"https:\/\/www.d-velop.de\/blog\/compliance\/onlinezugangsgesetz-2022\/\">OZG <\/a>und dem <a href=\"https:\/\/www.d-velop.de\/blog\/compliance\/e-government-gesetz\/\">E-Government-Gesetz<\/a>. Auf der einen Seite setzt sich der Gesetzgeber f\u00fcr eine moderne und transparente Verwaltung ein, auf der anderen Seite strebt die Verwaltung selbst danach, ihre Prozesse zu optimieren und den B\u00fcrger:innen einfache Zug\u00e4nge zu bieten.<\/p>\n\n\n\n<h3 class=\"wp-block-heading\">Warum sollten \u00f6ffentliche Verwaltungen auf Projektarbeit setzen?&nbsp;&nbsp;<\/h3>\n\n\n\n<p>Bei Digitalisierungsprojekten gibt es viele Gruppen mit unterschiedlichen Interessen. Aus diesem Grund werden crossfunktionale Teams gebildet, um solche Projekte umzusetzen. Es ist daher immer sinnvoll, sowohl einen Fachbereich als auch die IT einzubinden. Das Interdisziplin\u00e4re ist bei der Agilit\u00e4t wichtig: Es ist wichtig, dass alle zusammenarbeiten, gut miteinander kommunizieren und transparent sind.<\/p>\n\n\n\n<div class=\"wp-block-group is-style-cta-webinar\"><div class=\"wp-block-group__inner-container is-layout-constrained wp-block-group-is-layout-constrained\">\n<p><strong>eAkte mit d.velop documents<\/strong> \u2013 Prozessdigitalisierung in der \u00f6ffentlichen Verwaltung<\/p>\n\n\n\n\t<div class=\"wp-block-buttons\">\n\t\t<div class=\"wp-block-button is-style-outline\">\n\t\t\t<a class=\"wp-block-button__link\" href=\"https:\/\/content.d-velop.de\/webinar\/eakte-oeffentliche-verwaltung?utm_campaign=Sonstiges+-+d.velop+BLOG+-+01%2F2018&#038;utm_source=intern-blog-ger&#038;utm_medium=blogpost-agile-verwaltung&#038;utm_content=button\" target=\"_blank\">Jetzt ansehen<\/a>\t\t<\/div>\n\t<\/div>\n\n\t<\/div><\/div>\n\n\n\n<h3 class=\"wp-block-heading\">Agile Methoden sind Werkzeuge, nicht das Ziel<\/h3>\n\n\n\n<p>Da es sich bei der agilen Verwaltung um Modelle und Methoden handelt, der Fokus aber stets auf Werte gelegt wird, kann ein unterschiedliches Vorgehensmodell von Verwaltung zu Verwaltung sinnvoll sein. Agilit\u00e4t kommt aus der Softwareentwicklung und wird auf unterschiedliche Bereiche \u00fcbertragen. Verwaltungen sind in vielen Bereich \u00e4hnlich. Der Fokus liegt auf Team- und Projektarbeit, wo individuelle Vorgehensweisen wichtig sind. Durch Gespr\u00e4che mit den Menschen k\u00f6nnen gezielt Methoden ausgew\u00e4hlt werden, anstatt sie einfach anzupassen.<\/p>\n\n\n\n<p>Dabei muss jedes Team und jede Verwaltung individuell betrachtet werden und kann kein allgemeing\u00fcltiges Schema aufzeigen. Es geht vor allem darum, das Vorgehen zu organisieren.<\/p>\n\n\n\n<h3 class=\"wp-block-heading\">Welche Methoden oder Werkzeuge sind f\u00fcr das agile Arbeiten geeignet?<\/h3>\n\n\n\n<p>Ein guter Einstieg ist Kanban. Das Team steht im Mittelpunkt und es muss ein Umdenken in der Verwaltung stattfinden. Die Organisation muss im gesamten betrachtet werden, denn in Verwaltungen gibt es immer noch ein klares Hierarchiegef\u00e4lle. <\/p>\n\n\n\n<p>Es ist sehr wichtig, den Mitarbeitenden Vertrauen entgegenzubringen und ihnen den Raum zu geben, die \u201eneue Rolle\u201c zu finden und diese aktiv zu leben. Das ben\u00f6tigt Zeit und Verst\u00e4ndnis. <\/p>\n\n\n\n<h2 class=\"wp-block-heading\" id=\"h-video-expertengesprach-agile-verwaltung\"><span class=\"ez-toc-section\" id=\"video-expertengespraech-agile-verwaltung\"><\/span>Video: Expertengespra\u0308ch agile Verwaltung<span class=\"ez-toc-section-end\"><\/span><\/h2>\n\n\n\n<p>Weitere und detaillierte Einblicke in das Thema agile Verwaltung gib es im Expertengespr\u00e4ch: <\/p>\n\n\n\n<figure class=\"wp-block-embed is-type-video is-provider-youtube wp-block-embed-youtube wp-embed-aspect-16-9 wp-has-aspect-ratio\"><div class=\"wp-block-embed__wrapper\">\n<iframe loading=\"lazy\" title=\"Expertengespra\u0308ch Agile Verwaltung: Erfolgsfaktoren fu\u0308r die Digitalisierung im o\u0308ffentlichen Dienst\" width=\"900\" height=\"506\" src=\"https:\/\/www.youtube.com\/embed\/xQqoJ9ms2oE?feature=oembed\" frameborder=\"0\" allow=\"accelerometer; autoplay; clipboard-write; encrypted-media; gyroscope; picture-in-picture; web-share\" allowfullscreen><\/iframe>\n<\/div><\/figure>\n\n\n\n<div class=\"wp-block-group is-style-cta-webinar\"><div class=\"wp-block-group__inner-container is-layout-constrained wp-block-group-is-layout-constrained\">\n<p><strong>DMS als Mittelpunkt: <\/strong>Strategie-Beratung bei der Stadt D\u00fclmen<\/p>\n\n\n\n\t<div class=\"wp-block-buttons\">\n\t\t<div class=\"wp-block-button is-style-outline\">\n\t\t\t<a class=\"wp-block-button__link\" href=\"https:\/\/content.d-velop.de\/webinar-strategische-digitalisierungsberatung-stadt-duelmen?utm_campaign=Sonstiges+-+d.velop+BLOG+-+01%2F2018&#038;utm_source=intern-blog-ger&#038;utm_medium=blogpost-agile-verwaltung&#038;utm_content=button\" target=\"\">Jetzt ansehen<\/a>\t\t<\/div>\n\t<\/div>\n\n\t<\/div><\/div>\n","protected":false},"excerpt":{"rendered":"<p>Die agile Verwaltung ist vermutlich die einzige M\u00f6glichkeit, die Herausforderungen des Gesetzgebers zu erf\u00fcllen und die Verwaltungsprozesse zu verschlanken, zu [&hellip;]<\/p>\n","protected":false},"author":166,"featured_media":37811,"comment_status":"open","ping_status":"closed","sticky":false,"template":"","format":"standard","meta":{"footnotes":"","beyondwords_generate_audio":"","beyondwords_project_id":"","beyondwords_content_id":"","beyondwords_preview_token":"","beyondwords_player_content":"","beyondwords_player_style":"","beyondwords_language_id":"","beyondwords_title_voice_id":"","beyondwords_body_voice_id":"","beyondwords_summary_voice_id":"","beyondwords_error_message":"","beyondwords_disabled":"","beyondwords_delete_content":"","beyondwords_podcast_id":"","beyondwords_hash":"","publish_post_to_speechkit":"","speechkit_hash":"","speechkit_generate_audio":"","speechkit_project_id":"","speechkit_podcast_id":"","speechkit_error_message":"","speechkit_disabled":"","speechkit_access_key":"","speechkit_error":"","speechkit_info":"","speechkit_response":"","speechkit_retries":"","speechkit_status":"","speechkit_updated_at":"","_speechkit_link":"","_speechkit_text":""},"categories":[6],"tags":[128],"class_list":["post-37798","post","type-post","status-publish","format-standard","has-post-thumbnail","hentry","category-branchenprozesse","tag-oeffentliche-verwaltung"],"acf":[],"yoast_head":"<!-- This site is optimized with the Yoast SEO Premium plugin v25.6 (Yoast SEO v25.6) - https:\/\/yoast.com\/wordpress\/plugins\/seo\/ -->\n<title>Agile Verwaltung: Digitalisierung im o\u0308ffentlichen Dienst<\/title>\n<meta name=\"description\" content=\"Was bedeutet agile Verwaltung? \u2714 Muss eine Verwaltung agil sein? \u2714 Warum sollten \u00f6ffentliche Verwaltungen auf Projektarbeit setzen? \u2714\" \/>\n<meta name=\"robots\" content=\"index, follow, max-snippet:-1, max-image-preview:large, max-video-preview:-1\" \/>\n<link rel=\"canonical\" href=\"https:\/\/www.d-velop.de\/blog\/branchenprozesse\/agile-verwaltung\/\" \/>\n<meta property=\"og:locale\" content=\"de_DE\" \/>\n<meta property=\"og:type\" content=\"article\" \/>\n<meta property=\"og:title\" content=\"Agile Verwaltung: Erfolgsfaktoren fu\u0308r die Digitalisierung im o\u0308ffentlichen Dienst\" \/>\n<meta property=\"og:description\" content=\"Was bedeutet agile Verwaltung? \u2714 Muss eine Verwaltung agil sein? \u2714 Warum sollten \u00f6ffentliche Verwaltungen auf Projektarbeit setzen? \u2714\" \/>\n<meta property=\"og:url\" content=\"https:\/\/www.d-velop.de\/blog\/branchenprozesse\/agile-verwaltung\/\" \/>\n<meta property=\"og:site_name\" content=\"d.velop blog\" \/>\n<meta property=\"article:publisher\" content=\"https:\/\/www.facebook.com\/d.velop.ag\/\" \/>\n<meta property=\"article:published_time\" content=\"2023-02-02T16:13:40+00:00\" \/>\n<meta property=\"article:modified_time\" content=\"2025-06-11T11:55:50+00:00\" \/>\n<meta property=\"og:image\" content=\"https:\/\/www.d-velop.de\/blog\/wp-content\/uploads\/2023\/02\/social-sharing-agile-verwaltung.png\" \/>\n\t<meta property=\"og:image:width\" content=\"1200\" \/>\n\t<meta property=\"og:image:height\" content=\"628\" \/>\n\t<meta property=\"og:image:type\" content=\"image\/png\" \/>\n<meta name=\"author\" content=\"Timo Kreusch-Vartmann\" \/>\n<meta name=\"twitter:card\" content=\"summary_large_image\" \/>\n<meta name=\"twitter:creator\" content=\"@d_velop\" \/>\n<meta name=\"twitter:site\" content=\"@d_velop\" \/>\n<meta name=\"twitter:label1\" content=\"Verfasst von\" \/>\n\t<meta name=\"twitter:data1\" content=\"Timo Kreusch-Vartmann\" \/>\n\t<meta name=\"twitter:label2\" content=\"Gesch\u00e4tzte Lesezeit\" \/>\n\t<meta name=\"twitter:data2\" content=\"1\u00a0Minute\" \/>\n<script type=\"application\/ld+json\" class=\"yoast-schema-graph\">{\"@context\":\"https:\/\/schema.org\",\"@graph\":[{\"@type\":\"Article\",\"@id\":\"https:\/\/www.d-velop.de\/blog\/branchenprozesse\/agile-verwaltung\/#article\",\"isPartOf\":{\"@id\":\"https:\/\/www.d-velop.de\/blog\/branchenprozesse\/agile-verwaltung\/\"},\"author\":{\"name\":\"Timo Kreusch-Vartmann\",\"@id\":\"https:\/\/www.d-velop.de\/blog\/#\/schema\/person\/3e87b5c63c46f2b490ce9454fc144b3e\"},\"headline\":\"Agile Verwaltung: Erfolgsfaktoren fu\u0308r die Digitalisierung im o\u0308ffentlichen Dienst\",\"datePublished\":\"2023-02-02T16:13:40+00:00\",\"dateModified\":\"2025-06-11T11:55:50+00:00\",\"mainEntityOfPage\":{\"@id\":\"https:\/\/www.d-velop.de\/blog\/branchenprozesse\/agile-verwaltung\/\"},\"wordCount\":718,\"commentCount\":0,\"publisher\":{\"@id\":\"https:\/\/www.d-velop.de\/blog\/#organization\"},\"image\":{\"@id\":\"https:\/\/www.d-velop.de\/blog\/branchenprozesse\/agile-verwaltung\/#primaryimage\"},\"thumbnailUrl\":\"https:\/\/www.d-velop.de\/blog\/wp-content\/uploads\/2023\/02\/beitragsbild-agile-verwaltung.jpg\",\"keywords\":[\"\u00d6ffentliche Verwaltung\"],\"articleSection\":[\"Transformation von Branchen &amp; M\u00e4rkten\"],\"inLanguage\":\"de\",\"potentialAction\":[{\"@type\":\"CommentAction\",\"name\":\"Comment\",\"target\":[\"https:\/\/www.d-velop.de\/blog\/branchenprozesse\/agile-verwaltung\/#respond\"]}]},{\"@type\":\"WebPage\",\"@id\":\"https:\/\/www.d-velop.de\/blog\/branchenprozesse\/agile-verwaltung\/\",\"url\":\"https:\/\/www.d-velop.de\/blog\/branchenprozesse\/agile-verwaltung\/\",\"name\":\"Agile Verwaltung: Digitalisierung im o\u0308ffentlichen Dienst\",\"isPartOf\":{\"@id\":\"https:\/\/www.d-velop.de\/blog\/#website\"},\"primaryImageOfPage\":{\"@id\":\"https:\/\/www.d-velop.de\/blog\/branchenprozesse\/agile-verwaltung\/#primaryimage\"},\"image\":{\"@id\":\"https:\/\/www.d-velop.de\/blog\/branchenprozesse\/agile-verwaltung\/#primaryimage\"},\"thumbnailUrl\":\"https:\/\/www.d-velop.de\/blog\/wp-content\/uploads\/2023\/02\/beitragsbild-agile-verwaltung.jpg\",\"datePublished\":\"2023-02-02T16:13:40+00:00\",\"dateModified\":\"2025-06-11T11:55:50+00:00\",\"description\":\"Was bedeutet agile Verwaltung? \u2714 Muss eine Verwaltung agil sein? \u2714 Warum sollten \u00f6ffentliche Verwaltungen auf Projektarbeit setzen? \u2714\",\"breadcrumb\":{\"@id\":\"https:\/\/www.d-velop.de\/blog\/branchenprozesse\/agile-verwaltung\/#breadcrumb\"},\"inLanguage\":\"de\",\"potentialAction\":[{\"@type\":\"ReadAction\",\"target\":[\"https:\/\/www.d-velop.de\/blog\/branchenprozesse\/agile-verwaltung\/\"]}]},{\"@type\":\"ImageObject\",\"inLanguage\":\"de\",\"@id\":\"https:\/\/www.d-velop.de\/blog\/branchenprozesse\/agile-verwaltung\/#primaryimage\",\"url\":\"https:\/\/www.d-velop.de\/blog\/wp-content\/uploads\/2023\/02\/beitragsbild-agile-verwaltung.jpg\",\"contentUrl\":\"https:\/\/www.d-velop.de\/blog\/wp-content\/uploads\/2023\/02\/beitragsbild-agile-verwaltung.jpg\",\"width\":2000,\"height\":666,\"caption\":\"Beitragsbild Agile Verwaltung\"},{\"@type\":\"BreadcrumbList\",\"@id\":\"https:\/\/www.d-velop.de\/blog\/branchenprozesse\/agile-verwaltung\/#breadcrumb\",\"itemListElement\":[{\"@type\":\"ListItem\",\"position\":1,\"name\":\"Startseite\",\"item\":\"https:\/\/www.d-velop.de\/blog\/\"},{\"@type\":\"ListItem\",\"position\":2,\"name\":\"Agile Verwaltung: Erfolgsfaktoren fu\u0308r die Digitalisierung im o\u0308ffentlichen Dienst\"}]},{\"@type\":\"WebSite\",\"@id\":\"https:\/\/www.d-velop.de\/blog\/#website\",\"url\":\"https:\/\/www.d-velop.de\/blog\/\",\"name\":\"d.velop blog\",\"description\":\"Digitalisierung, Dokumentenmanagement und rund um d.velop\",\"publisher\":{\"@id\":\"https:\/\/www.d-velop.de\/blog\/#organization\"},\"potentialAction\":[{\"@type\":\"SearchAction\",\"target\":{\"@type\":\"EntryPoint\",\"urlTemplate\":\"https:\/\/www.d-velop.de\/blog\/?s={search_term_string}\"},\"query-input\":{\"@type\":\"PropertyValueSpecification\",\"valueRequired\":true,\"valueName\":\"search_term_string\"}}],\"inLanguage\":\"de\"},{\"@type\":\"Organization\",\"@id\":\"https:\/\/www.d-velop.de\/blog\/#organization\",\"name\":\"d.velop Gruppe\",\"url\":\"https:\/\/www.d-velop.de\/blog\/\",\"logo\":{\"@type\":\"ImageObject\",\"inLanguage\":\"de\",\"@id\":\"https:\/\/www.d-velop.de\/blog\/#\/schema\/logo\/image\/\",\"url\":\"https:\/\/www.d-velop.de\/blog\/wp-content\/uploads\/2018\/12\/dvelop-blog-logo-invers.jpg\",\"contentUrl\":\"https:\/\/www.d-velop.de\/blog\/wp-content\/uploads\/2018\/12\/dvelop-blog-logo-invers.jpg\",\"width\":350,\"height\":350,\"caption\":\"d.velop Gruppe\"},\"image\":{\"@id\":\"https:\/\/www.d-velop.de\/blog\/#\/schema\/logo\/image\/\"},\"sameAs\":[\"https:\/\/www.facebook.com\/d.velop.ag\/\",\"https:\/\/x.com\/d_velop\",\"https:\/\/de.linkedin.com\/company\/d-velop\",\"https:\/\/www.xing.com\/pages\/d-velopag\",\"https:\/\/www.instagram.com\/d.velop_group\/\"]},{\"@type\":\"Person\",\"@id\":\"https:\/\/www.d-velop.de\/blog\/#\/schema\/person\/3e87b5c63c46f2b490ce9454fc144b3e\",\"name\":\"Timo Kreusch-Vartmann\",\"image\":{\"@type\":\"ImageObject\",\"inLanguage\":\"de\",\"@id\":\"https:\/\/www.d-velop.de\/blog\/#\/schema\/person\/image\/\",\"url\":\"https:\/\/www.d-velop.de\/blog\/wp-content\/uploads\/2022\/01\/timo-kreusch-vartmann-dvelop-150x150.jpg\",\"contentUrl\":\"https:\/\/www.d-velop.de\/blog\/wp-content\/uploads\/2022\/01\/timo-kreusch-vartmann-dvelop-150x150.jpg\",\"caption\":\"Timo Kreusch-Vartmann\"},\"description\":\"E-Learning Manager\",\"url\":\"https:\/\/www.d-velop.de\/blog\/author\/timo-kreusch-vartmann\/\"}]}<\/script>\n<!-- \/ Yoast SEO Premium plugin. -->","yoast_head_json":{"title":"Agile Verwaltung: Digitalisierung im o\u0308ffentlichen Dienst","description":"Was bedeutet agile Verwaltung? \u2714 Muss eine Verwaltung agil sein? \u2714 Warum sollten \u00f6ffentliche Verwaltungen auf Projektarbeit setzen? \u2714","robots":{"index":"index","follow":"follow","max-snippet":"max-snippet:-1","max-image-preview":"max-image-preview:large","max-video-preview":"max-video-preview:-1"},"canonical":"https:\/\/www.d-velop.de\/blog\/branchenprozesse\/agile-verwaltung\/","og_locale":"de_DE","og_type":"article","og_title":"Agile Verwaltung: Erfolgsfaktoren fu\u0308r die Digitalisierung im o\u0308ffentlichen Dienst","og_description":"Was bedeutet agile Verwaltung? \u2714 Muss eine Verwaltung agil sein? \u2714 Warum sollten \u00f6ffentliche Verwaltungen auf Projektarbeit setzen? \u2714","og_url":"https:\/\/www.d-velop.de\/blog\/branchenprozesse\/agile-verwaltung\/","og_site_name":"d.velop blog","article_publisher":"https:\/\/www.facebook.com\/d.velop.ag\/","article_published_time":"2023-02-02T16:13:40+00:00","article_modified_time":"2025-06-11T11:55:50+00:00","og_image":[{"width":1200,"height":628,"url":"https:\/\/www.d-velop.de\/blog\/wp-content\/uploads\/2023\/02\/social-sharing-agile-verwaltung.png","type":"image\/png"}],"author":"Timo Kreusch-Vartmann","twitter_card":"summary_large_image","twitter_creator":"@d_velop","twitter_site":"@d_velop","twitter_misc":{"Verfasst von":"Timo Kreusch-Vartmann","Gesch\u00e4tzte Lesezeit":"1\u00a0Minute"},"schema":{"@context":"https:\/\/schema.org","@graph":[{"@type":"Article","@id":"https:\/\/www.d-velop.de\/blog\/branchenprozesse\/agile-verwaltung\/#article","isPartOf":{"@id":"https:\/\/www.d-velop.de\/blog\/branchenprozesse\/agile-verwaltung\/"},"author":{"name":"Timo Kreusch-Vartmann","@id":"https:\/\/www.d-velop.de\/blog\/#\/schema\/person\/3e87b5c63c46f2b490ce9454fc144b3e"},"headline":"Agile Verwaltung: Erfolgsfaktoren fu\u0308r die Digitalisierung im o\u0308ffentlichen Dienst","datePublished":"2023-02-02T16:13:40+00:00","dateModified":"2025-06-11T11:55:50+00:00","mainEntityOfPage":{"@id":"https:\/\/www.d-velop.de\/blog\/branchenprozesse\/agile-verwaltung\/"},"wordCount":718,"commentCount":0,"publisher":{"@id":"https:\/\/www.d-velop.de\/blog\/#organization"},"image":{"@id":"https:\/\/www.d-velop.de\/blog\/branchenprozesse\/agile-verwaltung\/#primaryimage"},"thumbnailUrl":"https:\/\/www.d-velop.de\/blog\/wp-content\/uploads\/2023\/02\/beitragsbild-agile-verwaltung.jpg","keywords":["\u00d6ffentliche Verwaltung"],"articleSection":["Transformation von Branchen &amp; M\u00e4rkten"],"inLanguage":"de","potentialAction":[{"@type":"CommentAction","name":"Comment","target":["https:\/\/www.d-velop.de\/blog\/branchenprozesse\/agile-verwaltung\/#respond"]}]},{"@type":"WebPage","@id":"https:\/\/www.d-velop.de\/blog\/branchenprozesse\/agile-verwaltung\/","url":"https:\/\/www.d-velop.de\/blog\/branchenprozesse\/agile-verwaltung\/","name":"Agile Verwaltung: Digitalisierung im o\u0308ffentlichen Dienst","isPartOf":{"@id":"https:\/\/www.d-velop.de\/blog\/#website"},"primaryImageOfPage":{"@id":"https:\/\/www.d-velop.de\/blog\/branchenprozesse\/agile-verwaltung\/#primaryimage"},"image":{"@id":"https:\/\/www.d-velop.de\/blog\/branchenprozesse\/agile-verwaltung\/#primaryimage"},"thumbnailUrl":"https:\/\/www.d-velop.de\/blog\/wp-content\/uploads\/2023\/02\/beitragsbild-agile-verwaltung.jpg","datePublished":"2023-02-02T16:13:40+00:00","dateModified":"2025-06-11T11:55:50+00:00","description":"Was bedeutet agile Verwaltung? \u2714 Muss eine Verwaltung agil sein? \u2714 Warum sollten \u00f6ffentliche Verwaltungen auf Projektarbeit setzen? \u2714","breadcrumb":{"@id":"https:\/\/www.d-velop.de\/blog\/branchenprozesse\/agile-verwaltung\/#breadcrumb"},"inLanguage":"de","potentialAction":[{"@type":"ReadAction","target":["https:\/\/www.d-velop.de\/blog\/branchenprozesse\/agile-verwaltung\/"]}]},{"@type":"ImageObject","inLanguage":"de","@id":"https:\/\/www.d-velop.de\/blog\/branchenprozesse\/agile-verwaltung\/#primaryimage","url":"https:\/\/www.d-velop.de\/blog\/wp-content\/uploads\/2023\/02\/beitragsbild-agile-verwaltung.jpg","contentUrl":"https:\/\/www.d-velop.de\/blog\/wp-content\/uploads\/2023\/02\/beitragsbild-agile-verwaltung.jpg","width":2000,"height":666,"caption":"Beitragsbild Agile Verwaltung"},{"@type":"BreadcrumbList","@id":"https:\/\/www.d-velop.de\/blog\/branchenprozesse\/agile-verwaltung\/#breadcrumb","itemListElement":[{"@type":"ListItem","position":1,"name":"Startseite","item":"https:\/\/www.d-velop.de\/blog\/"},{"@type":"ListItem","position":2,"name":"Agile Verwaltung: Erfolgsfaktoren fu\u0308r die Digitalisierung im o\u0308ffentlichen Dienst"}]},{"@type":"WebSite","@id":"https:\/\/www.d-velop.de\/blog\/#website","url":"https:\/\/www.d-velop.de\/blog\/","name":"d.velop blog","description":"Digitalisierung, Dokumentenmanagement und rund um d.velop","publisher":{"@id":"https:\/\/www.d-velop.de\/blog\/#organization"},"potentialAction":[{"@type":"SearchAction","target":{"@type":"EntryPoint","urlTemplate":"https:\/\/www.d-velop.de\/blog\/?s={search_term_string}"},"query-input":{"@type":"PropertyValueSpecification","valueRequired":true,"valueName":"search_term_string"}}],"inLanguage":"de"},{"@type":"Organization","@id":"https:\/\/www.d-velop.de\/blog\/#organization","name":"d.velop Gruppe","url":"https:\/\/www.d-velop.de\/blog\/","logo":{"@type":"ImageObject","inLanguage":"de","@id":"https:\/\/www.d-velop.de\/blog\/#\/schema\/logo\/image\/","url":"https:\/\/www.d-velop.de\/blog\/wp-content\/uploads\/2018\/12\/dvelop-blog-logo-invers.jpg","contentUrl":"https:\/\/www.d-velop.de\/blog\/wp-content\/uploads\/2018\/12\/dvelop-blog-logo-invers.jpg","width":350,"height":350,"caption":"d.velop Gruppe"},"image":{"@id":"https:\/\/www.d-velop.de\/blog\/#\/schema\/logo\/image\/"},"sameAs":["https:\/\/www.facebook.com\/d.velop.ag\/","https:\/\/x.com\/d_velop","https:\/\/de.linkedin.com\/company\/d-velop","https:\/\/www.xing.com\/pages\/d-velopag","https:\/\/www.instagram.com\/d.velop_group\/"]},{"@type":"Person","@id":"https:\/\/www.d-velop.de\/blog\/#\/schema\/person\/3e87b5c63c46f2b490ce9454fc144b3e","name":"Timo Kreusch-Vartmann","image":{"@type":"ImageObject","inLanguage":"de","@id":"https:\/\/www.d-velop.de\/blog\/#\/schema\/person\/image\/","url":"https:\/\/www.d-velop.de\/blog\/wp-content\/uploads\/2022\/01\/timo-kreusch-vartmann-dvelop-150x150.jpg","contentUrl":"https:\/\/www.d-velop.de\/blog\/wp-content\/uploads\/2022\/01\/timo-kreusch-vartmann-dvelop-150x150.jpg","caption":"Timo Kreusch-Vartmann"},"description":"E-Learning Manager","url":"https:\/\/www.d-velop.de\/blog\/author\/timo-kreusch-vartmann\/"}]}},"_links":{"self":[{"href":"https:\/\/www.d-velop.de\/blog\/wp-json\/wp\/v2\/posts\/37798","targetHints":{"allow":["GET"]}}],"collection":[{"href":"https:\/\/www.d-velop.de\/blog\/wp-json\/wp\/v2\/posts"}],"about":[{"href":"https:\/\/www.d-velop.de\/blog\/wp-json\/wp\/v2\/types\/post"}],"author":[{"embeddable":true,"href":"https:\/\/www.d-velop.de\/blog\/wp-json\/wp\/v2\/users\/166"}],"replies":[{"embeddable":true,"href":"https:\/\/www.d-velop.de\/blog\/wp-json\/wp\/v2\/comments?post=37798"}],"version-history":[{"count":2,"href":"https:\/\/www.d-velop.de\/blog\/wp-json\/wp\/v2\/posts\/37798\/revisions"}],"predecessor-version":[{"id":56020,"href":"https:\/\/www.d-velop.de\/blog\/wp-json\/wp\/v2\/posts\/37798\/revisions\/56020"}],"wp:featuredmedia":[{"embeddable":true,"href":"https:\/\/www.d-velop.de\/blog\/wp-json\/wp\/v2\/media\/37811"}],"wp:attachment":[{"href":"https:\/\/www.d-velop.de\/blog\/wp-json\/wp\/v2\/media?parent=37798"}],"wp:term":[{"taxonomy":"category","embeddable":true,"href":"https:\/\/www.d-velop.de\/blog\/wp-json\/wp\/v2\/categories?post=37798"},{"taxonomy":"post_tag","embeddable":true,"href":"https:\/\/www.d-velop.de\/blog\/wp-json\/wp\/v2\/tags?post=37798"}],"curies":[{"name":"wp","href":"https:\/\/api.w.org\/{rel}","templated":true}]}}