{"id":38035,"date":"2023-02-13T16:51:47","date_gmt":"2023-02-13T15:51:47","guid":{"rendered":"https:\/\/www.d-velop.de\/blog\/?p=38035"},"modified":"2025-05-14T14:58:53","modified_gmt":"2025-05-14T12:58:53","slug":"digitalstadt","status":"publish","type":"post","link":"https:\/\/www.d-velop.de\/blog\/branchenprozesse\/digitalstadt\/","title":{"rendered":"Thomas Spieker, CDO der Digitalstadt Ahaus, im Interview"},"content":{"rendered":"\n<p data-beyondwords-marker=\"377acd9d-4140-471f-a8a2-f28986b47367\">Thomas Spieker, seit 2019 Chief Digital Officer (CDO) der Stadt Ahaus, gew\u00e4hrte bei den d.velop public sector days 2022 in Berlin einen Einblick hinter die Digitalisierungs-Kulissen der Stadt Ahaus. Die Stadt im westlichen M\u00fcnsterland z\u00e4hlt mittlerweile 40.000 Einwohner:innen. Die zentrale Frage im Vortrag von Thomas Spieker lautete: Was macht die Stadt Ahaus zu einer Digitalstadt?<\/p>\n\n\n\n<div data-beyondwords-marker=\"9ab560c7-1695-41b3-86a7-8339f7018f93\" class=\"wp-block-group is-style-info-explanation\"><div class=\"wp-block-group__inner-container is-layout-constrained wp-block-group-is-layout-constrained\"><div class=\"wp-block-image is-resized is-style-rounded\">\n<figure data-beyondwords-marker=\"4c8b5e80-7c86-4779-ac93-61d18c61da10\" class=\"alignleft size-thumbnail\"><img loading=\"lazy\" decoding=\"async\" width=\"210\" height=\"210\" src=\"https:\/\/www.d-velop.de\/blog\/wp-content\/uploads\/2023\/02\/thomas-spieker-210x210.jpg\" alt=\"Bild zeigt Thomas Spieker\" class=\"wp-image-38082\" srcset=\"https:\/\/www.d-velop.de\/blog\/wp-content\/uploads\/2023\/02\/thomas-spieker-210x210.jpg 210w, https:\/\/www.d-velop.de\/blog\/wp-content\/uploads\/2023\/02\/thomas-spieker-600x600.jpg 600w, https:\/\/www.d-velop.de\/blog\/wp-content\/uploads\/2023\/02\/thomas-spieker-768x768.jpg 768w, https:\/\/www.d-velop.de\/blog\/wp-content\/uploads\/2023\/02\/thomas-spieker.jpg 1024w\" sizes=\"auto, (max-width: 210px) 100vw, 210px\" \/><\/figure><\/div>\n\n\n<p data-beyondwords-marker=\"f7c7216c-7f25-4240-a326-0aa1d64a1894\"><strong>Mehr \u00fcber Thomas Spieker<\/strong><br>Thomas Spieker sorgt als CDO der Stadt Ahaus zum einen f\u00fcr die ganzheitliche Digitalisierung der Verwaltung; zum anderen widmet er sich dem Thema Smart City. Bei der Stadt Ahaus gibt es zahlreiche Digitalisierungsvorhaben und Smart City-Projekte, mit denen der CDO t\u00e4glich zu tun hat.<\/p>\n<\/div><\/div>\n\n\n\n<h2 data-beyondwords-marker=\"f6419243-56ef-44ac-a3dc-1cdd8f530ad8\" class=\"wp-block-heading\" id=\"h-die-digitalstadt-ahaus\"><span class=\"ez-toc-section\" id=\"die-digitalstadt-ahaus\"><\/span>Die Digitalstadt Ahaus<span class=\"ez-toc-section-end\"><\/span><\/h2>\n\n\n\n<p data-beyondwords-marker=\"4054bbb3-0937-44d4-b518-70dd8a1ea9e0\"><strong>d.velop: Sie bezeichnen die Stadt Ahaus als Digitalstadt \u2013 warum?<\/strong><\/p>\n\n\n\n<p data-beyondwords-marker=\"f988f08d-8db1-4290-bb64-a5efa13bf291\"><strong>Thomas Spieker:<\/strong> Ehrlich gesagt kann ich mir vorstellen, viele denken, warum ist er auch so dreist und nennt sich einfach Digitalstadt. Es gibt es zwei Wahrheiten: Die eine Wahrheit ist ein Softwareunternehmen, welches in Ahaus ans\u00e4ssig ist und seit 35 Jahren die Digitalisierung erfahrbar macht. In der Stadt selbst gibt es viele digitale Showcases. Dies f\u00fchrt dazu, dass die Stadt digital bzw. als Digitalstadt wahrgenommen wird. Die zweite Wahrheit ist, dass das Rathaus, vor allem die B\u00fcrgermeisterin, aber auch die Politik und die Verwaltung in der Vergangenheit einige wichtige Entscheidungen getroffen haben. Dies f\u00fchrt dazu, dass die Verwaltung auf einem \u201edurchaus guten Weg\u201c ist.<\/p>\n\n\n\n<h2 data-beyondwords-marker=\"1d60fc29-ca54-4bc6-bf8b-c67917e12ad2\" class=\"wp-block-heading\" id=\"h-verbesserungsbedarf-bei-gesetzen-zur-digitalen-transformation\"><span class=\"ez-toc-section\" id=\"verbesserungsbedarf-bei-gesetzen-zur-digitalen-transformation\"><\/span>Verbesserungsbedarf bei Gesetzen zur digitalen Transformation<span class=\"ez-toc-section-end\"><\/span><\/h2>\n\n\n\n<p data-beyondwords-marker=\"ce75da41-1344-47cd-ba1a-a4fb56727035\"><strong>d.velop: Gelingt Ihrer Meinung nach durch neue Gesetze die digitale Transformation in der Kommunalverwaltung?<\/strong><\/p>\n\n\n\n<p data-beyondwords-marker=\"24724477-ca07-4aa6-a1d2-34ee97388c26\"><strong>Thomas Spieker:<\/strong> Wenn ich an das Rathaus denke, muss ich ganz ehrlich sagen, sehe ich eine alte Fabrikhalle in einem sehr schlechten Zustand. Ein marodes Geb\u00e4ude. Die Bausubstanz ist schlecht. W\u00e4re ich B\u00fcrger:in, w\u00fcrde ich dort nicht hereingehen wollen. Es l\u00e4dt nicht wirklich ein.<\/p>\n\n\n\n<p data-beyondwords-marker=\"faf5121b-7686-40b3-91ea-4228f7c83920\"><strong>d.velop: Warum ist das so?<\/strong><\/p>\n\n\n\n<p data-beyondwords-marker=\"18b38e23-1387-485e-9068-6ca8903970f9\"><strong>Thomas Spieker: <\/strong>Es sind die Erfahrungen aus den Jahren als CDO und auch aus der Zeit in der Verwaltung. Der Bund und die L\u00e4nder sind gut darin, Gesetze zu machen. Die Frage ist nur, ob die Gesetze gut sind. Viele von uns haben durch das <a href=\"https:\/\/www.d-velop.de\/blog\/compliance\/onlinezugangsgesetz-2022\/\">OZG<\/a> eine h\u00f6here Sensibilit\u00e4t entwickelt. Man wei\u00df mehr \u00fcber die <a href=\"https:\/\/www.d-velop.de\/blog\/digitaler-wandel\/was-ist-digitalisierung\/\">Digitalisierung<\/a>, man musste sich auch viel intensiver damit auseinandersetzen. Aber das OZG hat wenig mit Digitalisierung und der digitalen Transformation zu tun. Es schafft immer neue Portale, neue bunte Frontends, wo die B\u00fcrger:innen wieder ihre Daten eingeben k\u00f6nnen. Man schaut \u00fcberhaupt nicht auf den gesamten Prozess: <\/p>\n\n\n\n<ul data-beyondwords-marker=\"09ccfdef-ada8-41c4-83ae-bd933307cda8\" class=\"wp-block-list\">\n<li data-beyondwords-marker=\"0021baee-75c6-4451-b6aa-22c3d2e4caa1\">Wie werden die Daten weiterverarbeitet? <\/li>\n\n\n\n<li data-beyondwords-marker=\"e518b285-b8bc-4551-9be2-69336847e4f1\">Werden sie automatisiert verarbeitet? <\/li>\n\n\n\n<li data-beyondwords-marker=\"834bbacd-be52-41a6-96c2-b4e629565249\">Gibt es dort eine k\u00fcnstliche Intelligenz oder Automatisierung? <\/li>\n<\/ul>\n\n\n\n<p data-beyondwords-marker=\"9cb9a397-5afa-4095-a8a0-b0cb0bb8de83\">Aber auch die Infrastruktur geht man an dieser Stelle gar nicht an. Ich habe vom OZG 2.0 geh\u00f6rt und ich habe die Bef\u00fcrchtung, das wird nicht unbedingt besser. Wir haben gro\u00dfe Probleme damit, einen digitalen Staat zu entwickeln. Denn wir haben keine zentrale ID: Servicekonto NRW, Nutzerkonto Mecklenburg-Vorpommern, Bund-ID kommt nun auch. Das alles ist noch nicht wirklich zu Ende gedacht. Auch die Gesetze, die dahinterstehen, funktionieren in der digitalen Welt leider \u00fcberhaupt nicht. Und damit gehen nat\u00fcrlich auch die f\u00f6deralen Strukturen einher. F\u00f6derale Strukturen sind sehr gut, weil sie regionale Unterschiede gut abbilden. Aber es muss trotzdem m\u00f6glich sein, dass man zentrale Vorgaben mindestens auf Landes- oder sogar auf Bundesebene macht. Denn Digitalisierung hei\u00dft Standardisierung. Es h\u00e4ngt stark damit zusammen, dass es keine richtige Vision vom Rathaus der Zukunft gibt.<\/p>\n\n\n\n<h2 data-beyondwords-marker=\"d3bedcbb-556a-44df-af41-725940f0f468\" class=\"wp-block-heading\" id=\"h-fehlende-ubergreifende-vision-und-strategie-in-der-verwaltung\"><span class=\"ez-toc-section\" id=\"fehlende-uebergreifende-vision-und-strategie-in-der-verwaltung\"><\/span>Fehlende \u00fcbergreifende Vision und Strategie in der Verwaltung<span class=\"ez-toc-section-end\"><\/span><\/h2>\n\n\n\n<p data-beyondwords-marker=\"e79b9c09-d4c3-49e1-8d0d-99ac9f37c5cd\"><strong>d.velop: Fehlt bei der Digitalisierung der Verwaltung nur die Vision oder auch die Strategie?<\/strong><\/p>\n\n\n\n<p data-beyondwords-marker=\"ee8acf62-3d1f-4670-aa86-6d04ff97e8b9\"><strong>Thomas Spieker:<\/strong> Es fehlt an der konkreten Vision und Strategie. Strategie, wie man die Digitalisierung auch im \u00f6ffentlichen Dienst vorantreiben kann. Digitalminister Wissing hat die Digitalstrategie der Bundesregierung vorgestellt. Er hat ganz zu Beginn gesagt: \u201eWir wollen keine Visionen aufstellen, wir wollen keine Zielbilder aufstellen, wir wollen konkrete L\u00f6sungen. 2025, das ist \u00fcber\u00fcbermorgen. Wir wollen die Haushalte und Unternehmen zu 50 % an Glasfaser anschlie\u00dfen.\u201c Und da habe ich mir gedacht: Das habe ich schon mal geh\u00f6rt. Der n\u00e4chste Punkt war, Verwaltungsdienstleistungen sollen mithilfe einer digitalen Identit\u00e4t beantragt werden k\u00f6nnen. Das habe ich auch schon mal geh\u00f6rt. Der dritte Punkt war: Die elektronische Patientenakte soll in 80 % der F\u00e4lle genutzt werden. Ich wei\u00df, der Ahauser Gesundheitsminister Jens Spahn hat vor vielen Jahren auch schon dar\u00fcber gesprochen. Der letzte Punkt ist der Datenschutz: Dieser ist sowohl ein Problem als auch ein Segen. Hier brauchen wir ein St\u00fcck Pragmatismus.<\/p>\n\n\n\n<p data-beyondwords-marker=\"271c82ac-db9d-42bd-a93e-cb3564f5c71b\">W\u00e4hrend der Corona-Pandemie hatten wir in Ahaus viele Teststellen, die app-basiert digital betrieben und organisiert wurden. Ein Softwareunternehmen aus Ahaus hat eine M\u00f6glichkeit geschaffen, den Personalausweis zu hinterlegen, sprich: ein Foto von seinem Ausweis zu machen. Jedes Mal, wenn man in die Teststelle gefahren ist, hat man sein Smartphone vorgezeigt. Der Ausweis wurde gezeigt und dann konnte man durchfahren und sich testen lassen. Irgendwann hat jemand gemeint, das ginge nicht. Es sei nur ein Foto, das kann irgendjemand gemacht haben. Das verbieten wir. Der Personalausweis muss wieder gezeigt werden, wie bisher. Ganz analog. Ich glaube, man muss sich hier die Frage stellen, wie wahrscheinlich ist es eigentlich, dass jemand meinen Personalausweis stiehlt, dann in der App den Personalausweis hinterlegt, zu einer Teststelle f\u00e4hrt und in meinem Namen einen Test macht. Soll hei\u00dfen: Angst und Bedenken beherrschen die Diskussion. Davon m\u00fcssen wir wegkommen.<\/p>\n\n\n\n<h2 data-beyondwords-marker=\"68ad7d39-c038-49d5-b3ef-700fcf1fb821\" class=\"wp-block-heading\" id=\"h-einflussnahme-von-kommunen-auf-gesetze-zur-digitalisierung\"><span class=\"ez-toc-section\" id=\"einflussnahme-von-kommunen-auf-gesetze-zur-digitalisierung\"><\/span>Einflussnahme von Kommunen auf Gesetze zur Digitalisierung<span class=\"ez-toc-section-end\"><\/span><\/h2>\n\n\n\n<p data-beyondwords-marker=\"2dc86f06-4fee-41da-a157-06e4851672b5\"><strong>d.velop: K\u00f6nnen die Kommunen die Gesetze und die vorgegebenen Richtungen der Digitalisierung \u00fcberhaupt beeinflussen?<\/strong><\/p>\n\n\n\n<p data-beyondwords-marker=\"e48ed646-fbcb-4b49-8342-473a482c7088\"><strong>Thomas Spieker:<\/strong> Wir alle stehen vor einem Berg der Herausforderung. Und wir alle haben die gleichen Probleme, die gleichen Herausforderungen. Viele Dinge, die ich gerade dargelegt habe, k\u00f6nnen wir auch nur bedingt beeinflussen. Gerade Kommunalverwaltungen h\u00e4ngen sehr stark davon ab, wie Gesetze gemacht werden und was uns zur Verf\u00fcgung gestellt wird. Und deswegen m\u00f6chte ich jetzt einen Blick darauf werfen, was wir in Ahaus tun und was wir beeinflussen k\u00f6nnen.<\/p>\n\n\n\n<p data-beyondwords-marker=\"5e5e783b-3f1d-4dd9-936b-89b022ba4bd8\">Wir m\u00fcssen Strukturen ver\u00e4ndern. Ein Beispiel ist auch die Rolle des CDOs, die in Ahaus vor vier Jahren geschaffen und vor drei Jahren das erste Mal besetzt wurde. Man braucht jemanden, der die Digitalisierung \u00fcbergeordnet betrachtet. Aber auch der Verwaltungsvorstand als Top-Management in einer Kommunalverwaltung braucht digitale Kompetenzen. Es gibt eine:n Stadtplanerin, es gibt eine:n Juristin\/Juristen, es gibt vielleicht eine:n Sozialdezernenten, aber in welchem Verwaltungsvorstand gibt es denn eine:n digital kompetente:n Manager:in, der\/die alles \u00fcberblickt, sich auskennt und vielleicht auch Dinge vorantreibt? Habe ich bisher nur in den seltensten F\u00e4llen geh\u00f6rt.<\/p>\n\n\n\n<h2 data-beyondwords-marker=\"4427ee9a-04ce-415c-8a66-f0f01903cdee\" class=\"wp-block-heading\" id=\"h-digitalisierungskompetenzen-von-verwaltungen\"><span class=\"ez-toc-section\" id=\"digitalisierungskompetenzen-von-verwaltungen\"><\/span>Digitalisierungskompetenzen von Verwaltungen<span class=\"ez-toc-section-end\"><\/span><\/h2>\n\n\n\n<p data-beyondwords-marker=\"5e2b2870-4c42-42aa-9f99-e0efd518dc41\"><strong>d.velop: Wie digitalisierungsaffin sind heutzutage die Verwaltungen?<\/strong><\/p>\n\n\n\n<p data-beyondwords-marker=\"081ba09c-3157-46eb-af3c-12972ff370a0\"><strong>Thomas Spieker:<\/strong> Ein wichtiger Punkt sind die Digitalisierungskompetenzen. Die Verwaltungen werden sich fundamental ver\u00e4ndern. An dieser Stelle ist wichtig, dass wir darauf vorbereitet werden. Wir m\u00fcssen unsere Kolleginnen und Kollegen digital kompetenter machen, sie weiterentwickeln. Wir m\u00fcssen zuk\u00fcnftig digital kompetente Personen einstellen. Gerade F\u00fchrungskr\u00e4fte m\u00fcssen nicht nur fachlich gut, sondern auch digital affin sein. Und damit meine ich jetzt nicht unbedingt die Anwendung von IT, sondern auch das Thema Datenethik, Kommunikationsf\u00e4higkeit in einer digitalisierten Arbeitswelt, pers\u00f6nliche Kompetenzen, die es dazu braucht und noch vieles mehr. Das Problem ist die Kultur und der Blick auf die Prozesse. Die NASA hat einen Meteoriten abgeschossen. Da werden wir wohl Verwaltungsdigitalisierung k\u00f6nnen. Das Problem liegt nicht in der Technik. Das Mindset der Menschen in der Verwaltung muss sich grundlegend ver\u00e4ndern.<\/p>\n\n\n\n<p data-beyondwords-marker=\"c4513640-51b5-47f1-9c88-4b0d09999bc2\">Release often, Release early ist ein Leitsatz der Softwareentwicklung. Diese Hands-on-Mentalit\u00e4t m\u00fcssen auch wir reinbekommen. Aktuell generieren wir reale Testf\u00e4lle und entwickeln die Software stetig weiter. Wir in der Verwaltung denken, wir m\u00fcssen zuerst alle Bedenken ausr\u00e4umen und dann k\u00f6nnen wir es ver\u00f6ffentlichen. Das wird in einer digitalen Verwaltung nicht funktionieren.<\/p>\n\n\n\n<h2 data-beyondwords-marker=\"e62a5521-59b9-465d-8512-9fa80057acc8\" class=\"wp-block-heading\" id=\"h-die-rolle-des-cdos\"><span class=\"ez-toc-section\" id=\"die-rolle-des-cdos\"><\/span>Die Rolle des CDOs<span class=\"ez-toc-section-end\"><\/span><\/h2>\n\n\n\n<p data-beyondwords-marker=\"46dd2ee1-5f08-4a8b-87a6-2e73c32db1fd\"><strong>d.velop: Welche Rolle spielt dabei der Chief Digital Officer in einer Verwaltung?<\/strong><\/p>\n\n\n\n<p data-beyondwords-marker=\"7c931403-a683-40d2-8703-b59797693e9e\"><strong>Thomas Spieker:<\/strong> Die Rolle des CDOs kann ich nur empfehlen. Nicht nur aus den eigenen Erfahrungen, sondern auch aus den Entwicklungen, die es in Ahaus gegeben hat. Die Rolle des CDOs muss in jeder Kommune besetzt sein. Ob sie CDO hei\u00dft oder Digitalisierungsbeauftragter, das ist nicht so wichtig. Die Aufgabe? Koordinieren und die wichtigen Fachleute zu den unterschiedlichsten Themen zusammenbringen. Das C in CDO steht auch f\u00fcr Chief. Das hei\u00dft, ein CDO muss auch die M\u00f6glichkeit haben, Entscheidungen zu treffen, voranzugehen und die angesprochene <a href=\"https:\/\/www.d-velop.de\/blog\/digitaler-wandel\/digitalisierungsstrategie\/\">Digitalisierungsstrategie<\/a> auch durchzusetzen. Auch, was die Organisation und Struktur angeht: Diese Position muss in der Verwaltung ein Gewicht haben. Sie muss nah bei der B\u00fcrgermeisterin bzw. beim B\u00fcrgermeister sein, beim Verwaltungsvorstand \u2013 ganz nah bei der Politik. Wenn wir in der Verwaltung die Organisation soweit digitalisiert haben, also das Mindset und den Kulturwandel abgeschlossen haben, dann schafft sich der CDO ein St\u00fcck weit auch selbst ab. Denn dann macht es einfach jede und jeder und es braucht dann keinen Ansto\u00df mehr von au\u00dfen.<\/p>\n\n\n\n<h2 data-beyondwords-marker=\"5fbcd0dc-2ace-4ca1-93a8-e3f73c4651fb\" class=\"wp-block-heading\" id=\"h-digitalisierung-bei-der-digitalstadt-ahaus\"><span class=\"ez-toc-section\" id=\"digitalisierung-bei-der-digitalstadt-ahaus\"><\/span>Digitalisierung bei der Digitalstadt Ahaus<span class=\"ez-toc-section-end\"><\/span><\/h2>\n\n\n\n<p data-beyondwords-marker=\"28f4be85-81e4-4792-9457-023daaa4940d\"><strong>d.velop: Wie gehen Sie bei der Stadt Ahaus konkret an die Digitalisierung heran?<\/strong><\/p>\n\n\n\n<p data-beyondwords-marker=\"4f164596-bf29-4a0d-99f3-5fc0d93e2602\"><strong>Thomas Spieker:<\/strong> Die Digitalisierung ist eine riesige Aufgabe. Wir haben ganz viele einzelne Bausteine. Doch es muss auch jemanden geben, der das nachher wieder zusammensetzt. Seit 2018 haben wir in Ahaus eine Digitalisierungsstrategie. Sie enth\u00e4lt ein grunds\u00e4tzliches Statement: Wir haben uns \u00fcberlegt, was wir konkret unter der Digitalisierung verstehen und welchen Mehrwert wir f\u00fcr die B\u00fcrgerinnen und B\u00fcrger der Stadt schaffen wollen. Es geht darum, moderne Technologien und moderne Dienstleistungen zu erbringen. Es gibt konkrete Ziele, die dort genannt wurden: Moderne Dienstleistung. Als Stadt wollen wir f\u00fcr Touristen und Touristinnen attraktiv sein; aber auch ein moderner Arbeitgeber sein. Dort gibt es insgesamt vier Handlungsfelder, die wir konkret festgelegt haben. Sie beziehen sich bewusst stark auch auf die Verwaltung:<\/p>\n\n\n\n<ol data-beyondwords-marker=\"be8bd47a-a4a9-4320-ab0c-c843ffab3f7b\" class=\"wp-block-list\">\n<li data-beyondwords-marker=\"d2c71284-71e9-492e-b822-e8726ee3a2e4\">eAkte<\/li>\n\n\n\n<li data-beyondwords-marker=\"104b49a2-fe11-404a-9ddd-e1aea524fe2c\">Online-Dienstleistungen (eGovernment)<\/li>\n\n\n\n<li data-beyondwords-marker=\"2efc3aa3-1cac-45c6-88c4-aa6608adfbd8\">Change Management (als begleitender Baustein)<\/li>\n\n\n\n<li data-beyondwords-marker=\"f8227831-dc48-4ec3-a4da-31a8d9a0bbe1\">Prozess- und Wissensmanagement (als begleitender Baustein)<\/li>\n<\/ol>\n\n\n\n<p data-beyondwords-marker=\"41588438-a409-4c49-935c-d939b1355e5d\">Die erste <a href=\"https:\/\/www.d-velop.de\/software\/digitale-akte\/e-akte\">eAkte<\/a> wurde in Ahaus 2007 im Steuerbereich eingef\u00fchrt. Aktuell ist die Stadt Ahaus dabei, die <a href=\"https:\/\/www.d-velop.de\/software\/digitale-akte\/bauakte\">Bauakte<\/a> komplett digital abzubilden. Die Stadtplanungsakte und die Elternbeitragsakte sind gerade fl\u00e4chendeckend abgeschlossen. Der <a href=\"https:\/\/www.d-velop.de\/blog\/prozesse-gestalten\/aktenplan-erstellen-so-funktionierts-im-digitalen-zeitalter\/\">Aktenplan<\/a> ebenfalls.<\/p>\n\n\n\n<p data-beyondwords-marker=\"b4f89442-8c1e-4c75-9e8f-2c966e63d7e5\">Ich betone: Es geht hier nicht um Akten, sondern darum, dass wir unsere Daten ohne <a href=\"https:\/\/www.d-velop.de\/blog\/prozesse-gestalten\/medienbrueche\/\">Medienbr\u00fcche<\/a> und digital weiterverarbeiten. Wir m\u00fcssen uns vom Gedankengut her komplett vom Papier trennen. Wir m\u00fcssen komplett von der Struktur einer Akte wegkommen \u2013 daf\u00fcr dienen <a href=\"https:\/\/www.d-velop.de\/blog\/prozesse-gestalten\/workflow-management\/\">Workflows<\/a>. Einzelne Workflows sind schon jetzt im Einsatz. Das sind ad hoc Workflows, solche im Bereich <a href=\"https:\/\/www.d-velop.de\/blog\/compliance\/bundesreisekostengesetz\/\">Dienstreise<\/a>, Reisekosten oder auch beim On- und Offboarding. Denn die Daten, die wir erhalten, wollen wir direkt weiterverarbeiten.<\/p>\n\n\n\n<div data-beyondwords-marker=\"83a3ee1b-abb2-4264-a35e-aa7fda40acb2\" class=\"wp-block-group is-style-cta-webinar\"><div class=\"wp-block-group__inner-container is-layout-flow wp-block-group-is-layout-flow\">\n<p data-beyondwords-marker=\"26c481c8-c775-41e4-aa34-f83af6a8f258\"><strong>Prozessdigitalisierung &amp; eAkte<\/strong>:\u200b Potenziale erkennen am Beispiel\u200b eines Bestellvorgangs<\/p>\n\n\n\n\t<div data-beyondwords-marker=\"69c957b1-f719-431b-bd8a-cb85ae487753\" class=\"wp-block-buttons\">\n\t\t<div class=\"wp-block-button is-style-outline\">\n\t\t\t<a class=\"wp-block-button__link\" href=\"https:\/\/content.d-velop.de\/eakte-und-prozessdigitalisierung?utm_campaign=Sonstiges+-+d.velop+BLOG+-+01%2F2018&#038;utm_source=intern-blog-ger&#038;utm_medium=blogpost-digitalstadt&#038;utm_content=button\" target=\"\">Jetzt ansehen<\/a>\t\t<\/div>\n\t<\/div>\n\n\t<\/div><\/div>\n\n\n\n<p data-beyondwords-marker=\"fb5fc30c-970f-4d8b-8b12-2b178f245103\">Der n\u00e4chste Schritt ist die Vernetzung: Der B\u00fcrger erh\u00e4lt direkt bei Antragseingang die Statusmitteilung, die Daten werden automatisiert verarbeitet und auch eine direkte bidirektionale Kommunikation wird somit erm\u00f6glicht. Im Bereich <a href=\"https:\/\/www.d-velop.de\/blog\/compliance\/e-government-gesetz\/\">E-Government<\/a> setzt die Stadt Ahaus Online-Antr\u00e4ge ein. Beim Thema Formularserver sind wir ebenfalls sehr aktiv: Wir haben schon immer ganz bewusst versucht, die minimalste Menge an Daten einzugeben, um den Weg f\u00fcr die B\u00fcrger:innen so einfach wie m\u00f6glich zu machen.<\/p>\n\n\n\n<p data-beyondwords-marker=\"64837acc-efa5-40e0-8ea6-54fb6e74cd1f\">Mit 40.000 Einwohnern:innen und knapp 250 bis 300 Kollegen:innen im Rathaus ist Ahaus eine verh\u00e4ltnism\u00e4\u00dfig kleine Kommune. Wir haben nicht die Ressourcen und die Zeit, jede einzelne Dienstleistung selbst zu entwickeln. Deswegen setzen wir auch auf EfA-Leistungen. Und genauso ist das beim Thema Portale: Das Wirtschaftsserviceportal und das Beteiligungsportal in Nordrhein-Westfalen haben wir bereits im Einsatz. Weitere werden folgen, wie zum Beispiel das Bauportal. Wir wollen Mehrwerte f\u00fcr die B\u00fcrger:innen sowie Unternehmen in der Stadt schaffen und ein B\u00fcrgerserviceportal einrichten. Dort k\u00f6nnen wir bidirektional direkt mit den B\u00fcrgern:innen kommunizieren bzw. die B\u00fcrger:innen mit uns.<\/p>\n\n\n\n<h2 data-beyondwords-marker=\"8fbf2f14-ea98-4092-8960-3e8bc5b0014a\" class=\"wp-block-heading\" id=\"h-die-relevanz-von-change-management\"><span class=\"ez-toc-section\" id=\"die-relevanz-von-change-management\"><\/span>Die Relevanz von Change-Management<span class=\"ez-toc-section-end\"><\/span><\/h2>\n\n\n\n<p data-beyondwords-marker=\"fd581ecf-e42c-456d-a628-148a5594f5f5\"><strong>d.velop: Warum ist das Thema Change-Management in Zeiten der Digitalisierung so wichtig?<\/strong><\/p>\n\n\n\n<p data-beyondwords-marker=\"1ae06fe6-feab-497c-b72e-022c1a6d8148\"><strong>Thomas Spieker:<\/strong> Wir in Ahaus wollen Zeichen setzen, die auch ein St\u00fcck weit f\u00fcr den Kulturwandel stehen. Seit etwa zwei Jahren haben wir Digitallotsen. Aktuell sind es insgesamt 25 Digitallotsen, die zun\u00e4chst ausgebildet wurden. Das hei\u00dft, sie haben in einer Fortbildung einen Crashkurs im Bereich Digitalisierung, <a href=\"https:\/\/www.d-velop.de\/blog\/digitaler-wandel\/change-management\/\">Change-Management<\/a>, Prozessmanagement bekommen. Sie tauschen sich regelm\u00e4\u00dfig mit mir aus. Sie unterst\u00fctzen die Kolleginnen und Kollegen bei diesem Berg an Herausforderungen im Zusammenhang mit der Digitalisierung und arbeiten ganz konkret an Projekten mit. Im Idealfall werden wir einfach alle Digitallotsen oder bilden alle Digitallotsen aus. Gemeinsam mit den Digitallotsen entwickeln wir Fortbildungskonzepte: Wir bieten Workshops, Videos und Tutorials an. Auch schulen wir unsere F\u00fchrungskr\u00e4fte. Diese haben an Workshops zum Thema digitalisierte Arbeitswelt teilgenommen und sind gerade dabei, auch eine <a href=\"https:\/\/www.d-velop.de\/blog\/branchenprozesse\/e-learning-plattform\/\">E-Learning-Plattform<\/a> einzurichten. Wir bieten auch ein Social Intranet: Denn wir sind als Kommunalverwaltung im Stadtgebiet verstreut. Wir haben Kolleginnen und Kollegen, welche keinen PC-Arbeitsplatz haben. Diese wollen wir in einer Social-Intranet-App miteinander verbinden. Dort wollen wir auch Inhalte anbieten, um Digitalkompetenzen in unserer Verwaltung weiterzubringen. Wir wollen \u00fcber das Thema Digitalisierung informieren, aber auch \u00fcber viele andere Themen, die im Verwaltungsalltag interessant sind.<\/p>\n\n\n\n<h2 data-beyondwords-marker=\"66300907-a361-4acd-91ff-50d4cd5ab483\" class=\"wp-block-heading\" id=\"h-zusammenarbeit-von-fachbereichen\"><span class=\"ez-toc-section\" id=\"zusammenarbeit-von-fachbereichen\"><\/span>Zusammenarbeit von Fachbereichen<span class=\"ez-toc-section-end\"><\/span><\/h2>\n\n\n\n<p data-beyondwords-marker=\"8b8d76e9-3a58-43b9-bab4-40923a10e842\"><strong>d.velop: Hat sich auch die Zusammenarbeit zwischen den Fachbereichen bei der Stadt Ahaus ge\u00e4ndert?<\/strong><\/p>\n\n\n\n<p data-beyondwords-marker=\"d3bc5ff0-8eab-4ea5-9331-f3fb179e5496\"><strong>Thomas Spieker:<\/strong> Ja, ein weiteres Projekt ist das Thema Open Space. Ich glaube, der eine oder andere arbeitet im Gro\u00dfraumb\u00fcro und kennt das. Ich selbst bin dort auch gro\u00df geworden und vermisse es. Denn in Ahaus gibt es noch die klassischen Zellb\u00fcrostrukturen, wo man immer brav anklopfen muss, wenn man mit jemandem sprechen m\u00f6chte. Und zuf\u00e4llige Kommunikation gibt es dort gar nicht. Aufgrund eines Raumbedarfs haben wir uns \u00fcberlegt, ein Open Space einzurichten. <\/p>\n\n\n\n<p data-beyondwords-marker=\"9fdbcea6-26e5-47d7-992e-2d984b4be5fb\">Was ist das Besondere daran? Wir haben uns \u00fcberlegt, bei welchem Thema gibt es eigentlich mehrere Fachbereiche, die wirklich zusammenarbeiten, die viel enger zusammensitzen m\u00fcssten, wo vielleicht auch die zuf\u00e4llige Kommunikation eine Rolle spielt? Und da sind wir auf das Thema Schule gekommen. Als Schultr\u00e4ger haben wir fachliche Anforderungen. Wir haben auch IT-Anforderungen in der Schul-ID. Stichwort: Digitalpakt. Und wir haben bei uns in der Immobilienwirtschaft geb\u00e4udetechnische Anforderungen. Und diese Fachbereiche werden wir komplett hierarchiefrei vereinen: keine Einzelb\u00fcros, sondern alle zusammen auf einer Fl\u00e4che. Wir haben Workshops durchgef\u00fchrt und geschaut, wie sie zusammenarbeiten, wie sie allein arbeiten und wie sie das Homeoffice mit Au\u00dferhausterminen kombinieren. Derzeit sind wir dabei, eine Fl\u00e4che zu schaffen, wo die Bereiche k\u00fcnftig gemeinsam zusammenarbeiten und sehr stark auch in Projekten denken sollten; nicht mehr in Fachbereichsstrukturen.<\/p>\n\n\n\n<h2 data-beyondwords-marker=\"721729e2-3ef3-452d-a07f-4f53ba934e80\" class=\"wp-block-heading\" id=\"h-digitale-losungen-der-stadt-ahaus\"><span class=\"ez-toc-section\" id=\"digitale-loesungen-der-stadt-ahaus\"><\/span>Digitale L\u00f6sungen der Stadt Ahaus<span class=\"ez-toc-section-end\"><\/span><\/h2>\n\n\n\n<p data-beyondwords-marker=\"b4f7069b-bcea-44b4-a9ff-a894ce1b9279\"><strong>d.velop: Welche L\u00f6sungen setzen Sie bei der Stadt Ahaus konkret ein?<\/strong><\/p>\n\n\n\n<p data-beyondwords-marker=\"960fa13b-ede9-4f42-936b-51fb86635ae3\"><strong>Thomas Spieker: <\/strong>Wir haben aktuell eine <strong>Fundsachen-Versteigerung<\/strong> eingerichtet. Viele kennen das sicherlich aus ihrer eigenen Heimatstadt. Da gibt es am Rathausplatz eine Versteigerung, aber w\u00e4hrend der Corona-Pandemie war das nicht mehr m\u00f6glich und wir haben es online gemacht.<\/p>\n\n\n\n<p data-beyondwords-marker=\"dc838c68-3420-458e-8243-c4477f0c9193\">Unser <strong>digitaler Stadtgutschein<\/strong> ist seit 2019 im Einsatz. Man erh\u00e4lt ihn sowohl in Papierform als auch digital. Was komplett digital ist, ist die Abrechnung im Hintergrund. Diese erfolgt komplett automatisiert. <\/p>\n\n\n\n<p data-beyondwords-marker=\"00ad89cb-ad12-4620-a680-c1fd7b2c1f44\">Wir haben auch ein <strong>Matching-Tool<\/strong>. Es wird f\u00fcr Sch\u00fclerinnen und Sch\u00fcler eingesetzt, die kurz vor einer Ausbildung oder vor einem Schulabschluss stehen. Die Sch\u00fcler:innen k\u00f6nnen in dieser App angeben, was ihre Vorlieben und Interessen sind. Am Ende erhalten sie Unternehmen aus Ahaus aufgelistet, welche sie per Knopfdruck kontaktieren k\u00f6nnen. Die Daten sind automatisiert hinterlegt: Stichwort zentrale ID. Auf diese Art k\u00f6nnen sie sich einen Ausbildungsplatz aussuchen.<\/p>\n\n\n\n<p data-beyondwords-marker=\"3288efb2-af17-4b2a-b45e-2b3fa39acdbe\">Wir haben seit ungef\u00e4hr zwei Jahren ein <strong>Ahaus-Quiz<\/strong>. Das findet jeden Abend um 20:40 statt. Zehn Fragen, ca. 1000 Menschen, je nach Gewinn, nehmen jeden Abend daran teil. Der digitale Gutschein kommt von den Einzelh\u00e4ndlern, von den Gastronomiebetrieben und von der lokalen Wirtschaft. Dies ist eine direkte Wirtschaftsf\u00f6rderung, direkte F\u00f6rderung des lokalen Einzelhandels. Die Gutscheine sind zeitlich befristet: Die Menschen m\u00fcssen am n\u00e4chsten oder \u00fcbern\u00e4chsten Tag in die Stadt kommen und den Gutschein einl\u00f6sen.<\/p>\n\n\n\n<p data-beyondwords-marker=\"53103c53-35d1-4403-b9e2-a8b74ef4e1da\">Auch haben wir mehrere <strong>Sharing-Systeme<\/strong> im Einsatz: Bike-Sharing, Ruderboot-Sharing und ein Spielger\u00e4te-Sharing, alles komplett administrationslos. Man nimmt einfach das Smartphone, scannt einen QR-Code ab und das Schloss des Fahrrads oder eines Verleih-Schranks \u00f6ffnet sich automatisiert. Alles funktioniert ohne gro\u00dfen Aufwand.<\/p>\n\n\n\n<p data-beyondwords-marker=\"573793b2-8a82-433a-8833-1518d9a669a1\"><strong>d.velop: Wenn Sie k\u00f6nnten, was w\u00fcrden Sie sich w\u00fcnschen?<\/strong><\/p>\n\n\n\n<p data-beyondwords-marker=\"c6c9e0c8-ba5f-4000-a1f6-334c58a94e5a\"><strong>Thomas Spieker:<\/strong> Wir haben zu Beginn festgestellt, dass vieles noch nicht ganz so rosig ist. Wir m\u00fcssen immer darauf dr\u00e4ngen, damit sich viele Dinge grunds\u00e4tzlich ver\u00e4ndern, damit wir wirklich die digitale Verwaltung, das Rathaus der Zukunft, eines Tages auch im \u00f6ffentlichen Dienst erleben. Die zentrale ID ist ein Aspekt, der auch vom Bund und vom Land kommen muss. Das ist einer der zentralen Schl\u00fcssel, warum Digitalisierung funktionieren kann. Denn die dargestellten L\u00f6sungen funktionieren alle nur so gut, weil sie an eine zentrale ID gekn\u00fcpft sind. Und das ist nicht nur Authentifizierung, das sind Wallet-Eintr\u00e4ge, Payment und Kommunikation. Jeder von uns sollte im Idealfall jeden Tag seine zentrale staatliche ID nutzen, um sich zum Beispiel einen Mietwagen zu leihen, ein Hotel zu buchen, um sich ein Bier in der Kneipe zu holen, aber auch um Verwaltungsleistungen zu beantragen. Nur so wird es zuk\u00fcnftig funktionieren.<\/p>\n\n\n\n<div data-beyondwords-marker=\"a488670c-651d-45ee-b92d-56ddb96dd107\" class=\"wp-block-group is-style-cta-whitepaper\"><div class=\"wp-block-group__inner-container is-layout-constrained wp-block-group-is-layout-constrained\">\n<p data-beyondwords-marker=\"c6c40532-7566-47b3-95c2-f582b83d6b45\">PRAXIS-BERICHTE ZUR EAKTE<\/p>\n\n\n\n<h3 data-beyondwords-marker=\"1b77a151-4eba-4fa4-a3fb-2a794dbc7887\" class=\"wp-block-heading\" id=\"h-5-organisationen-berichten-von-ihrem-weg-zur-modernen-verwaltung\">5 Organisationen berichten von ihrem Weg zur modernen Verwaltung<\/h3>\n\n\n\n\t<div data-beyondwords-marker=\"bbdebfd0-1b03-4067-a417-cee17ea3647e\" class=\"wp-block-buttons\">\n\t\t<div class=\"wp-block-button is-style-outline\">\n\t\t\t<a class=\"wp-block-button__link\" href=\"https:\/\/whitepaper.d-velop.de\/referenzguide-oeffentlicher-dienst?utm_campaign=Sonstiges+-+d.velop+BLOG+-+01%2F2018&#038;utm_source=intern-blog-ger&#038;utm_medium=blogpost-digitalstadt&#038;utm_content=button\" target=\"_blank\">Jetzt lesen<\/a>\t\t<\/div>\n\t<\/div>\n\n\t<\/div><\/div>\n\n\n\n<h2 data-beyondwords-marker=\"574fbc37-a559-44d9-8fdf-ca06dc024006\" class=\"wp-block-heading\" id=\"h-disruption-verstehen\"><span class=\"ez-toc-section\" id=\"disruption-verstehen\"><\/span>Disruption verstehen<span class=\"ez-toc-section-end\"><\/span><\/h2>\n\n\n\n<p data-beyondwords-marker=\"489a438e-0310-4007-a810-de72bba5834e\">Disruption ist ein wichtiger Begriff. Wir m\u00fcssen alte Prozesse \u00fcber Bord werfen. Man ist an Recht und Gesetz gebunden. Aber man muss sich \u00fcberlegen, wie w\u00fcrde eigentlich eine Verwaltung aussehen, wenn ich jetzt den Auftrag bek\u00e4me, eine neue Verwaltung aufzubauen. Sie w\u00fcrde garantiert komplett digital funktionieren. Bei allen Ver\u00e4nderungsschmerzen, bei allen Transformationsprozessen, die auch notwendig sind, muss man dar\u00fcber nachdenken. Die jetzige Verwaltung ergibt keinen Sinn mehr. Sie ist in der Form nicht notwendig. Wir verarbeiten Informationen, daf\u00fcr haben wir Software, wir versuchen irgendwelche Beitr\u00e4ge oder Leistungen auszurechnen. Wir sollten uns aber vielmehr auf Stadtplanung, Mobilit\u00e4tsplanung, Klimaschutz und Energie fokussieren. All das sind Themen, worum wir uns eigentlich k\u00fcmmern m\u00fcssen. Den Rest, das macht die Digitalisierung, das macht die Software f\u00fcr uns.<\/p>\n\n\n\n<h2 data-beyondwords-marker=\"a28bd6cc-2a08-46dc-999e-92fd476a46b6\" class=\"wp-block-heading\" id=\"h-vortrag-von-thomas-spieker-zur-digitalstadt-ahaus-im-video\"><span class=\"ez-toc-section\" id=\"vortrag-von-thomas-spieker-zur-digitalstadt-ahaus-im-video\"><\/span>Vortrag von Thomas Spieker zur Digitalstadt Ahaus im Video<span class=\"ez-toc-section-end\"><\/span><\/h2>\n\n\n\n<figure data-beyondwords-marker=\"3de1cc8e-e264-405b-a5c8-56d033553c82\" class=\"wp-block-embed is-type-video is-provider-youtube wp-block-embed-youtube wp-embed-aspect-16-9 wp-has-aspect-ratio\"><div class=\"wp-block-embed__wrapper\">\n<iframe loading=\"lazy\" title=\"Making of Digitalstadt Ahaus | d.velop\" width=\"900\" height=\"506\" src=\"https:\/\/www.youtube.com\/embed\/v6uQYsVbWtA?feature=oembed\" frameborder=\"0\" allow=\"accelerometer; autoplay; clipboard-write; encrypted-media; gyroscope; picture-in-picture; web-share\" referrerpolicy=\"strict-origin-when-cross-origin\" allowfullscreen><\/iframe>\n<\/div><\/figure>\n","protected":false},"excerpt":{"rendered":"<p>Thomas Spieker, seit 2019 Chief Digital Officer (CDO) der Stadt Ahaus, gew\u00e4hrte bei den d.velop public sector days 2022 in [&hellip;]<\/p>\n","protected":false},"author":70,"featured_media":38098,"comment_status":"open","ping_status":"closed","sticky":false,"template":"","format":"standard","meta":{"footnotes":"","beyondwords_generate_audio":"1","beyondwords_project_id":"23937","beyondwords_content_id":"d595ce3a-ace7-4946-b8e5-3dcc0d6ee7a9","beyondwords_preview_token":"786a07d7-5867-441c-95a3-1201dea19e97","beyondwords_player_content":"","beyondwords_player_style":"","beyondwords_language_id":"","beyondwords_title_voice_id":"","beyondwords_body_voice_id":"","beyondwords_summary_voice_id":"","beyondwords_error_message":"","beyondwords_disabled":"1","beyondwords_delete_content":"","beyondwords_podcast_id":"d595ce3a-ace7-4946-b8e5-3dcc0d6ee7a9","beyondwords_hash":"","publish_post_to_speechkit":"","speechkit_hash":"","speechkit_generate_audio":"","speechkit_project_id":"","speechkit_podcast_id":"","speechkit_error_message":"","speechkit_disabled":"","speechkit_access_key":"","speechkit_error":"","speechkit_info":"","speechkit_response":"","speechkit_retries":"","speechkit_status":"","speechkit_updated_at":"","_speechkit_link":"","_speechkit_text":""},"categories":[6],"tags":[128],"class_list":["post-38035","post","type-post","status-publish","format-standard","has-post-thumbnail","hentry","category-branchenprozesse","tag-oeffentliche-verwaltung"],"acf":[],"yoast_head":"<!-- This site is optimized with the Yoast SEO Premium plugin v25.6 (Yoast SEO v25.6) - https:\/\/yoast.com\/wordpress\/plugins\/seo\/ -->\n<title>Thomas Spieker, CDO der Digitalstadt Ahaus, im Interview<\/title>\n<meta name=\"description\" content=\"Thomas Spieker, CDO Stadt Ahaus, beantwortet im Interview ausf\u00fchrlich die Frage: Was macht die Stadt Ahaus zu einer Digitalstadt? \u25b6\" \/>\n<meta name=\"robots\" content=\"index, follow, max-snippet:-1, max-image-preview:large, max-video-preview:-1\" \/>\n<link rel=\"canonical\" href=\"https:\/\/www.d-velop.de\/blog\/branchenprozesse\/digitalstadt\/\" \/>\n<meta property=\"og:locale\" content=\"de_DE\" \/>\n<meta property=\"og:type\" content=\"article\" \/>\n<meta property=\"og:title\" content=\"Thomas Spieker, CDO der Digitalstadt Ahaus, im Interview\" \/>\n<meta property=\"og:description\" content=\"Thomas Spieker, CDO Stadt Ahaus, beantwortet im Interview ausf\u00fchrlich die Frage: Was macht die Stadt Ahaus zu einer Digitalstadt? \u25b6\" \/>\n<meta property=\"og:url\" content=\"https:\/\/www.d-velop.de\/blog\/branchenprozesse\/digitalstadt\/\" \/>\n<meta property=\"og:site_name\" content=\"d.velop blog\" \/>\n<meta property=\"article:publisher\" content=\"https:\/\/www.facebook.com\/d.velop.ag\/\" \/>\n<meta property=\"article:published_time\" content=\"2023-02-13T15:51:47+00:00\" \/>\n<meta property=\"article:modified_time\" content=\"2025-05-14T12:58:53+00:00\" \/>\n<meta property=\"og:image\" content=\"https:\/\/www.d-velop.de\/blog\/wp-content\/uploads\/2023\/02\/thomas-spieker-digitalstadt-ahaus.jpg\" \/>\n\t<meta property=\"og:image:width\" content=\"1919\" \/>\n\t<meta property=\"og:image:height\" content=\"668\" \/>\n\t<meta property=\"og:image:type\" content=\"image\/jpeg\" \/>\n<meta name=\"author\" content=\"d.velop blog\" \/>\n<meta name=\"twitter:card\" content=\"summary_large_image\" \/>\n<meta name=\"twitter:creator\" content=\"@marvin.kronenfeld@d-velop.de\" \/>\n<meta name=\"twitter:site\" content=\"@d_velop\" \/>\n<meta name=\"twitter:label1\" content=\"Verfasst von\" \/>\n\t<meta name=\"twitter:data1\" content=\"d.velop blog\" \/>\n\t<meta name=\"twitter:label2\" content=\"Gesch\u00e4tzte Lesezeit\" \/>\n\t<meta name=\"twitter:data2\" content=\"1\u00a0Minute\" \/>\n<script type=\"application\/ld+json\" class=\"yoast-schema-graph\">{\"@context\":\"https:\/\/schema.org\",\"@graph\":[{\"@type\":\"Article\",\"@id\":\"https:\/\/www.d-velop.de\/blog\/branchenprozesse\/digitalstadt\/#article\",\"isPartOf\":{\"@id\":\"https:\/\/www.d-velop.de\/blog\/branchenprozesse\/digitalstadt\/\"},\"author\":{\"name\":\"d.velop blog\",\"@id\":\"https:\/\/www.d-velop.de\/blog\/#\/schema\/person\/f123b8f175d12c019d486b10c9b0050e\"},\"headline\":\"Thomas Spieker, CDO der Digitalstadt Ahaus, im Interview\",\"datePublished\":\"2023-02-13T15:51:47+00:00\",\"dateModified\":\"2025-05-14T12:58:53+00:00\",\"mainEntityOfPage\":{\"@id\":\"https:\/\/www.d-velop.de\/blog\/branchenprozesse\/digitalstadt\/\"},\"wordCount\":3022,\"commentCount\":0,\"publisher\":{\"@id\":\"https:\/\/www.d-velop.de\/blog\/#organization\"},\"image\":{\"@id\":\"https:\/\/www.d-velop.de\/blog\/branchenprozesse\/digitalstadt\/#primaryimage\"},\"thumbnailUrl\":\"https:\/\/www.d-velop.de\/blog\/wp-content\/uploads\/2023\/02\/thomas-spieker-digitalstadt-ahaus.jpg\",\"keywords\":[\"\u00d6ffentliche Verwaltung\"],\"articleSection\":[\"Transformation von Branchen &amp; M\u00e4rkten\"],\"inLanguage\":\"de\",\"potentialAction\":[{\"@type\":\"CommentAction\",\"name\":\"Comment\",\"target\":[\"https:\/\/www.d-velop.de\/blog\/branchenprozesse\/digitalstadt\/#respond\"]}]},{\"@type\":\"WebPage\",\"@id\":\"https:\/\/www.d-velop.de\/blog\/branchenprozesse\/digitalstadt\/\",\"url\":\"https:\/\/www.d-velop.de\/blog\/branchenprozesse\/digitalstadt\/\",\"name\":\"Thomas Spieker, CDO der Digitalstadt Ahaus, im Interview\",\"isPartOf\":{\"@id\":\"https:\/\/www.d-velop.de\/blog\/#website\"},\"primaryImageOfPage\":{\"@id\":\"https:\/\/www.d-velop.de\/blog\/branchenprozesse\/digitalstadt\/#primaryimage\"},\"image\":{\"@id\":\"https:\/\/www.d-velop.de\/blog\/branchenprozesse\/digitalstadt\/#primaryimage\"},\"thumbnailUrl\":\"https:\/\/www.d-velop.de\/blog\/wp-content\/uploads\/2023\/02\/thomas-spieker-digitalstadt-ahaus.jpg\",\"datePublished\":\"2023-02-13T15:51:47+00:00\",\"dateModified\":\"2025-05-14T12:58:53+00:00\",\"description\":\"Thomas Spieker, CDO Stadt Ahaus, beantwortet im Interview ausf\u00fchrlich die Frage: Was macht die Stadt Ahaus zu einer Digitalstadt? \u25b6\",\"breadcrumb\":{\"@id\":\"https:\/\/www.d-velop.de\/blog\/branchenprozesse\/digitalstadt\/#breadcrumb\"},\"inLanguage\":\"de\",\"potentialAction\":[{\"@type\":\"ReadAction\",\"target\":[\"https:\/\/www.d-velop.de\/blog\/branchenprozesse\/digitalstadt\/\"]}]},{\"@type\":\"ImageObject\",\"inLanguage\":\"de\",\"@id\":\"https:\/\/www.d-velop.de\/blog\/branchenprozesse\/digitalstadt\/#primaryimage\",\"url\":\"https:\/\/www.d-velop.de\/blog\/wp-content\/uploads\/2023\/02\/thomas-spieker-digitalstadt-ahaus.jpg\",\"contentUrl\":\"https:\/\/www.d-velop.de\/blog\/wp-content\/uploads\/2023\/02\/thomas-spieker-digitalstadt-ahaus.jpg\",\"width\":1919,\"height\":668},{\"@type\":\"BreadcrumbList\",\"@id\":\"https:\/\/www.d-velop.de\/blog\/branchenprozesse\/digitalstadt\/#breadcrumb\",\"itemListElement\":[{\"@type\":\"ListItem\",\"position\":1,\"name\":\"Startseite\",\"item\":\"https:\/\/www.d-velop.de\/blog\/\"},{\"@type\":\"ListItem\",\"position\":2,\"name\":\"Thomas Spieker, CDO der Digitalstadt Ahaus, im Interview\"}]},{\"@type\":\"WebSite\",\"@id\":\"https:\/\/www.d-velop.de\/blog\/#website\",\"url\":\"https:\/\/www.d-velop.de\/blog\/\",\"name\":\"d.velop blog\",\"description\":\"Digitalisierung, Dokumentenmanagement und rund um d.velop\",\"publisher\":{\"@id\":\"https:\/\/www.d-velop.de\/blog\/#organization\"},\"potentialAction\":[{\"@type\":\"SearchAction\",\"target\":{\"@type\":\"EntryPoint\",\"urlTemplate\":\"https:\/\/www.d-velop.de\/blog\/?s={search_term_string}\"},\"query-input\":{\"@type\":\"PropertyValueSpecification\",\"valueRequired\":true,\"valueName\":\"search_term_string\"}}],\"inLanguage\":\"de\"},{\"@type\":\"Organization\",\"@id\":\"https:\/\/www.d-velop.de\/blog\/#organization\",\"name\":\"d.velop Gruppe\",\"url\":\"https:\/\/www.d-velop.de\/blog\/\",\"logo\":{\"@type\":\"ImageObject\",\"inLanguage\":\"de\",\"@id\":\"https:\/\/www.d-velop.de\/blog\/#\/schema\/logo\/image\/\",\"url\":\"https:\/\/www.d-velop.de\/blog\/wp-content\/uploads\/2018\/12\/dvelop-blog-logo-invers.jpg\",\"contentUrl\":\"https:\/\/www.d-velop.de\/blog\/wp-content\/uploads\/2018\/12\/dvelop-blog-logo-invers.jpg\",\"width\":350,\"height\":350,\"caption\":\"d.velop Gruppe\"},\"image\":{\"@id\":\"https:\/\/www.d-velop.de\/blog\/#\/schema\/logo\/image\/\"},\"sameAs\":[\"https:\/\/www.facebook.com\/d.velop.ag\/\",\"https:\/\/x.com\/d_velop\",\"https:\/\/de.linkedin.com\/company\/d-velop\",\"https:\/\/www.xing.com\/pages\/d-velopag\",\"https:\/\/www.instagram.com\/d.velop_group\/\"]},{\"@type\":\"Person\",\"@id\":\"https:\/\/www.d-velop.de\/blog\/#\/schema\/person\/f123b8f175d12c019d486b10c9b0050e\",\"name\":\"d.velop blog\",\"image\":{\"@type\":\"ImageObject\",\"inLanguage\":\"de\",\"@id\":\"https:\/\/www.d-velop.de\/blog\/#\/schema\/person\/image\/\",\"url\":\"https:\/\/www.d-velop.de\/blog\/wp-content\/uploads\/2018\/12\/dvelop-blog-logo-invers-150x150.jpg\",\"contentUrl\":\"https:\/\/www.d-velop.de\/blog\/wp-content\/uploads\/2018\/12\/dvelop-blog-logo-invers-150x150.jpg\",\"caption\":\"d.velop blog\"},\"sameAs\":[\"http:\/\/www.d-velop.de\/blog\",\"https:\/\/www.linkedin.com\/company\/d.velop-ag\/\",\"https:\/\/x.com\/marvin.kronenfeld@d-velop.de\"],\"url\":\"https:\/\/www.d-velop.de\/blog\/author\/d-velop-blog\/\"}]}<\/script>\n<!-- \/ Yoast SEO Premium plugin. -->","yoast_head_json":{"title":"Thomas Spieker, CDO der Digitalstadt Ahaus, im Interview","description":"Thomas Spieker, CDO Stadt Ahaus, beantwortet im Interview ausf\u00fchrlich die Frage: Was macht die Stadt Ahaus zu einer Digitalstadt? \u25b6","robots":{"index":"index","follow":"follow","max-snippet":"max-snippet:-1","max-image-preview":"max-image-preview:large","max-video-preview":"max-video-preview:-1"},"canonical":"https:\/\/www.d-velop.de\/blog\/branchenprozesse\/digitalstadt\/","og_locale":"de_DE","og_type":"article","og_title":"Thomas Spieker, CDO der Digitalstadt Ahaus, im Interview","og_description":"Thomas Spieker, CDO Stadt Ahaus, beantwortet im Interview ausf\u00fchrlich die Frage: Was macht die Stadt Ahaus zu einer Digitalstadt? \u25b6","og_url":"https:\/\/www.d-velop.de\/blog\/branchenprozesse\/digitalstadt\/","og_site_name":"d.velop blog","article_publisher":"https:\/\/www.facebook.com\/d.velop.ag\/","article_published_time":"2023-02-13T15:51:47+00:00","article_modified_time":"2025-05-14T12:58:53+00:00","og_image":[{"width":1919,"height":668,"url":"https:\/\/www.d-velop.de\/blog\/wp-content\/uploads\/2023\/02\/thomas-spieker-digitalstadt-ahaus.jpg","type":"image\/jpeg"}],"author":"d.velop blog","twitter_card":"summary_large_image","twitter_creator":"@marvin.kronenfeld@d-velop.de","twitter_site":"@d_velop","twitter_misc":{"Verfasst von":"d.velop blog","Gesch\u00e4tzte Lesezeit":"1\u00a0Minute"},"schema":{"@context":"https:\/\/schema.org","@graph":[{"@type":"Article","@id":"https:\/\/www.d-velop.de\/blog\/branchenprozesse\/digitalstadt\/#article","isPartOf":{"@id":"https:\/\/www.d-velop.de\/blog\/branchenprozesse\/digitalstadt\/"},"author":{"name":"d.velop blog","@id":"https:\/\/www.d-velop.de\/blog\/#\/schema\/person\/f123b8f175d12c019d486b10c9b0050e"},"headline":"Thomas Spieker, CDO der Digitalstadt Ahaus, im Interview","datePublished":"2023-02-13T15:51:47+00:00","dateModified":"2025-05-14T12:58:53+00:00","mainEntityOfPage":{"@id":"https:\/\/www.d-velop.de\/blog\/branchenprozesse\/digitalstadt\/"},"wordCount":3022,"commentCount":0,"publisher":{"@id":"https:\/\/www.d-velop.de\/blog\/#organization"},"image":{"@id":"https:\/\/www.d-velop.de\/blog\/branchenprozesse\/digitalstadt\/#primaryimage"},"thumbnailUrl":"https:\/\/www.d-velop.de\/blog\/wp-content\/uploads\/2023\/02\/thomas-spieker-digitalstadt-ahaus.jpg","keywords":["\u00d6ffentliche Verwaltung"],"articleSection":["Transformation von Branchen &amp; M\u00e4rkten"],"inLanguage":"de","potentialAction":[{"@type":"CommentAction","name":"Comment","target":["https:\/\/www.d-velop.de\/blog\/branchenprozesse\/digitalstadt\/#respond"]}]},{"@type":"WebPage","@id":"https:\/\/www.d-velop.de\/blog\/branchenprozesse\/digitalstadt\/","url":"https:\/\/www.d-velop.de\/blog\/branchenprozesse\/digitalstadt\/","name":"Thomas Spieker, CDO der Digitalstadt Ahaus, im Interview","isPartOf":{"@id":"https:\/\/www.d-velop.de\/blog\/#website"},"primaryImageOfPage":{"@id":"https:\/\/www.d-velop.de\/blog\/branchenprozesse\/digitalstadt\/#primaryimage"},"image":{"@id":"https:\/\/www.d-velop.de\/blog\/branchenprozesse\/digitalstadt\/#primaryimage"},"thumbnailUrl":"https:\/\/www.d-velop.de\/blog\/wp-content\/uploads\/2023\/02\/thomas-spieker-digitalstadt-ahaus.jpg","datePublished":"2023-02-13T15:51:47+00:00","dateModified":"2025-05-14T12:58:53+00:00","description":"Thomas Spieker, CDO Stadt Ahaus, beantwortet im Interview ausf\u00fchrlich die Frage: Was macht die Stadt Ahaus zu einer Digitalstadt? \u25b6","breadcrumb":{"@id":"https:\/\/www.d-velop.de\/blog\/branchenprozesse\/digitalstadt\/#breadcrumb"},"inLanguage":"de","potentialAction":[{"@type":"ReadAction","target":["https:\/\/www.d-velop.de\/blog\/branchenprozesse\/digitalstadt\/"]}]},{"@type":"ImageObject","inLanguage":"de","@id":"https:\/\/www.d-velop.de\/blog\/branchenprozesse\/digitalstadt\/#primaryimage","url":"https:\/\/www.d-velop.de\/blog\/wp-content\/uploads\/2023\/02\/thomas-spieker-digitalstadt-ahaus.jpg","contentUrl":"https:\/\/www.d-velop.de\/blog\/wp-content\/uploads\/2023\/02\/thomas-spieker-digitalstadt-ahaus.jpg","width":1919,"height":668},{"@type":"BreadcrumbList","@id":"https:\/\/www.d-velop.de\/blog\/branchenprozesse\/digitalstadt\/#breadcrumb","itemListElement":[{"@type":"ListItem","position":1,"name":"Startseite","item":"https:\/\/www.d-velop.de\/blog\/"},{"@type":"ListItem","position":2,"name":"Thomas Spieker, CDO der Digitalstadt Ahaus, im Interview"}]},{"@type":"WebSite","@id":"https:\/\/www.d-velop.de\/blog\/#website","url":"https:\/\/www.d-velop.de\/blog\/","name":"d.velop blog","description":"Digitalisierung, Dokumentenmanagement und rund um d.velop","publisher":{"@id":"https:\/\/www.d-velop.de\/blog\/#organization"},"potentialAction":[{"@type":"SearchAction","target":{"@type":"EntryPoint","urlTemplate":"https:\/\/www.d-velop.de\/blog\/?s={search_term_string}"},"query-input":{"@type":"PropertyValueSpecification","valueRequired":true,"valueName":"search_term_string"}}],"inLanguage":"de"},{"@type":"Organization","@id":"https:\/\/www.d-velop.de\/blog\/#organization","name":"d.velop Gruppe","url":"https:\/\/www.d-velop.de\/blog\/","logo":{"@type":"ImageObject","inLanguage":"de","@id":"https:\/\/www.d-velop.de\/blog\/#\/schema\/logo\/image\/","url":"https:\/\/www.d-velop.de\/blog\/wp-content\/uploads\/2018\/12\/dvelop-blog-logo-invers.jpg","contentUrl":"https:\/\/www.d-velop.de\/blog\/wp-content\/uploads\/2018\/12\/dvelop-blog-logo-invers.jpg","width":350,"height":350,"caption":"d.velop Gruppe"},"image":{"@id":"https:\/\/www.d-velop.de\/blog\/#\/schema\/logo\/image\/"},"sameAs":["https:\/\/www.facebook.com\/d.velop.ag\/","https:\/\/x.com\/d_velop","https:\/\/de.linkedin.com\/company\/d-velop","https:\/\/www.xing.com\/pages\/d-velopag","https:\/\/www.instagram.com\/d.velop_group\/"]},{"@type":"Person","@id":"https:\/\/www.d-velop.de\/blog\/#\/schema\/person\/f123b8f175d12c019d486b10c9b0050e","name":"d.velop blog","image":{"@type":"ImageObject","inLanguage":"de","@id":"https:\/\/www.d-velop.de\/blog\/#\/schema\/person\/image\/","url":"https:\/\/www.d-velop.de\/blog\/wp-content\/uploads\/2018\/12\/dvelop-blog-logo-invers-150x150.jpg","contentUrl":"https:\/\/www.d-velop.de\/blog\/wp-content\/uploads\/2018\/12\/dvelop-blog-logo-invers-150x150.jpg","caption":"d.velop blog"},"sameAs":["http:\/\/www.d-velop.de\/blog","https:\/\/www.linkedin.com\/company\/d.velop-ag\/","https:\/\/x.com\/marvin.kronenfeld@d-velop.de"],"url":"https:\/\/www.d-velop.de\/blog\/author\/d-velop-blog\/"}]}},"_links":{"self":[{"href":"https:\/\/www.d-velop.de\/blog\/wp-json\/wp\/v2\/posts\/38035","targetHints":{"allow":["GET"]}}],"collection":[{"href":"https:\/\/www.d-velop.de\/blog\/wp-json\/wp\/v2\/posts"}],"about":[{"href":"https:\/\/www.d-velop.de\/blog\/wp-json\/wp\/v2\/types\/post"}],"author":[{"embeddable":true,"href":"https:\/\/www.d-velop.de\/blog\/wp-json\/wp\/v2\/users\/70"}],"replies":[{"embeddable":true,"href":"https:\/\/www.d-velop.de\/blog\/wp-json\/wp\/v2\/comments?post=38035"}],"version-history":[{"count":2,"href":"https:\/\/www.d-velop.de\/blog\/wp-json\/wp\/v2\/posts\/38035\/revisions"}],"predecessor-version":[{"id":55795,"href":"https:\/\/www.d-velop.de\/blog\/wp-json\/wp\/v2\/posts\/38035\/revisions\/55795"}],"wp:featuredmedia":[{"embeddable":true,"href":"https:\/\/www.d-velop.de\/blog\/wp-json\/wp\/v2\/media\/38098"}],"wp:attachment":[{"href":"https:\/\/www.d-velop.de\/blog\/wp-json\/wp\/v2\/media?parent=38035"}],"wp:term":[{"taxonomy":"category","embeddable":true,"href":"https:\/\/www.d-velop.de\/blog\/wp-json\/wp\/v2\/categories?post=38035"},{"taxonomy":"post_tag","embeddable":true,"href":"https:\/\/www.d-velop.de\/blog\/wp-json\/wp\/v2\/tags?post=38035"}],"curies":[{"name":"wp","href":"https:\/\/api.w.org\/{rel}","templated":true}]}}