{"id":39970,"date":"2023-04-25T09:16:14","date_gmt":"2023-04-25T07:16:14","guid":{"rendered":"https:\/\/www.d-velop.de\/blog\/?p=39970"},"modified":"2025-05-07T09:42:29","modified_gmt":"2025-05-07T07:42:29","slug":"digitalisierung-von-verwaltungsprozessen","status":"publish","type":"post","link":"https:\/\/www.d-velop.de\/blog\/branchenprozesse\/digitalisierung-von-verwaltungsprozessen\/","title":{"rendered":"Ganzheitliche Digitalisierung von Verwaltungsprozessen"},"content":{"rendered":"\n<p>Die fortschreitende Digitalisierung hat in den letzten Jahren auch vor der Verwaltung nicht Halt gemacht. Doch was bedeutet die Digitalisierung von Verwaltungsprozessen genau und wie sieht das Ganze in der Praxis aus? Dar\u00fcber berichtetet Andreas Schreiber vom Kommunalservice Mecklenburg A\u00f6R (KSM) in seinem Vortrag bei den d.velop public sector days 2022 (<a href=\"#Video_Digitalisierung_von_Verwaltungsprozessen\">zum Video des Vortrags<\/a>). Er ist bei der KSM in Schwerin f\u00fcr die kommunalen Tr\u00e4ger verantwortlich. Im Unternehmensverbund begleiten die KSM und die SIS (Schweriner IT- und Servicegesellschaft mbh) die Digitalisierung der kommunalen Kunden und Tr\u00e4ger in Westmecklenburg.&nbsp;<\/p>\n\n\n\n<p>F\u00fcr seinen Vortrag nutzt Andreas Schreiber das Beispiel der Landeshauptstadt Schwerin und des Landkreises Ludwiglust Parchim. Die zentralen Fragestellungen sind: Wie k\u00f6nnte man den Kommunen ganzheitliche Verwaltungsprozesse anbieten? Und wie kann der Prozess vom Eingang bis zum Ausgang der Bescheide gemeinsam besser optimiert werden?<\/p>\n\n\n\n<h2 class=\"wp-block-heading\" id=\"h-die-bedeutung-der-digitalisierung-von-verwaltungsprozessen\"><span class=\"ez-toc-section\" id=\"die-bedeutung-der-digitalisierung-von-verwaltungsprozessen\"><\/span>Die Bedeutung der Digitalisierung von Verwaltungsprozessen<span class=\"ez-toc-section-end\"><\/span><\/h2>\n\n\n\n<figure class=\"wp-block-pullquote\"><blockquote><p>Die Daten sollen laufen, nicht die B\u00fcrger, hat ein Altkanzler gesagt. Eines der herausragendsten Gesetze derzeit ist das <a href=\"https:\/\/www.d-velop.de\/blog\/compliance\/onlinezugangsgesetz-2022\/\">Onlinezugangsgesetz<\/a>, welches demn\u00e4chst wom\u00f6glich noch mit dem <a href=\"https:\/\/www.d-velop.de\/blog\/compliance\/registermodernisierungsgesetz\/\">Registermodernisierungsgesetz<\/a> (RegMog) \u00fcberlagert wird.<\/p><cite>Andreas Schreiber<\/cite><\/blockquote><\/figure>\n\n\n\n<p>Dabei handelt es sich um zwei wichtige Gesetze, die Verwaltungsprozesse in Zukunft komplett neu erm\u00f6glichen. Dem m\u00fcssen sich die Kommunen und kommunalen IT-Dienstleister stellen, um den Herausforderungen gerecht zu werden. Derzeit gibt es jedoch keine kommunale Leistung, die bundesweit in allen Kommunen online zur Verf\u00fcgung steht. <\/p>\n\n\n\n<p>Die Landeshauptstadt Schwerin hat als Erste die Online-Antragstellung f\u00fcr Baugenehmigung implementiert. Der Landkreis Ludwigslust Parchim wird die Erfahrung von Schwerin nutzen, sodass die Fachbereiche n\u00e4her zusammengebracht werden k\u00f6nnen. Nach diesem Prinzip k\u00f6nnen \u00e4hnliche oder gleiche Prozessabl\u00e4ufe auch in der Kommunalverwaltung etabliert und ein gemeinsamer Vorteil f\u00fcr die B\u00fcrger:innen erreicht werden.<\/p>\n\n\n\n<h2 class=\"wp-block-heading\"><span class=\"ez-toc-section\" id=\"der-implementierungsprozess-eines-online-services\"><\/span>Der Implementierungsprozess eines Online-Services<span class=\"ez-toc-section-end\"><\/span><\/h2>\n\n\n\n<p>Mit der Einf\u00fchrung eines Online-Services zur Digitalisierung von Verwaltungsprozessen wird zuerst die <a href=\"https:\/\/www.d-velop.de\/software\/digitale-akte\/e-akte\" target=\"_blank\" rel=\"noreferrer noopener\">eAkte<\/a> im Fachbereich der Verwaltung eingef\u00fchrt, entweder mit oder ohne Anbindung an das <a href=\"https:\/\/www.d-velop.de\/software\/fachverfahren\" target=\"_blank\" rel=\"noreferrer noopener\">Fachverfahren<\/a>. Danach wird der elektronische Posteingang des Online-Service angeschlossen. Die KSM hat zusammen mit anderen Organisationen definiert, welche Anforderungen ein <a href=\"https:\/\/www.d-velop.de\/blog\/digitaler-wandel\/dms-definition\/\" target=\"_blank\" rel=\"noreferrer noopener\">Dokumentenmanagement-System<\/a> erf\u00fcllen sollte, um Leistungen in das Fachverfahren oder in die eAkte zu integrieren. <\/p>\n\n\n\n<div class=\"wp-block-group is-style-cta-webinar\"><div class=\"wp-block-group__inner-container is-layout-constrained wp-block-group-is-layout-constrained\">\n<h3 class=\"wp-block-heading\" id=\"h-die-prozessmanagement-software-der-d-velop-platform\">Die Prozessmanagement Software der d.velop platform<\/h3>\n\n\n\n\t<div class=\"wp-block-buttons\">\n\t\t<div class=\"wp-block-button is-style-outline\">\n\t\t\t<a class=\"wp-block-button__link\" href=\"https:\/\/content.d-velop.de\/webinar-prozessmanagement?utm_campaign=Sonstiges+-+d.velop+BLOG+-+01%2F2018&#038;utm_source=intern-blog-ger&#038;utm_medium=blogpost-digitalisierung-von-verwaltungsprozessen&#038;utm_content=button\" target=\"_blank\">Jetzt ansehen<\/a>\t\t<\/div>\n\t<\/div>\n\n\t<\/div><\/div>\n\n\n\n<p>Der Anspruch der KSM ist, nicht nur die Leistungen der Kommune bereitzustellen, sondern auch Leistungen des Zolls, des Bundes und des Landes \u2013 sogenannte verwaltungsferne Leistungen &#8211; zu b\u00fcndeln.<\/p>\n\n\n\n<figure class=\"wp-block-pullquote\"><blockquote><p>Wir m\u00fcssen gemeinsam Online-Systeme bereitstellen und Akten definieren. Mein Wunsch w\u00e4re, dass wir in Zukunft zu mehr Standardisierung, mehr gemeinsamen Dokumentenarten kommen, sodass wir uns auch untereinander gut austauschen k\u00f6nnen.<\/p><cite>Andreas Schreiber<\/cite><\/blockquote><\/figure>\n\n\n\n<h2 class=\"wp-block-heading\"><span class=\"ez-toc-section\" id=\"video-digitalisierung-von-verwaltungsprozessen\"><\/span>Video: Digitalisierung von Verwaltungsprozessen<span class=\"ez-toc-section-end\"><\/span><\/h2>\n\n\n\n<p>Wie sieht der Weg zur ganzheitlichen Digitalisierung von Verwaltungsprozessen r\u00fcckblickend, aktuell sowie perspektivisch aus? Wie stehen die Tr\u00e4gerkommunen in Mecklenburg-Vorpommern da? Welche Herausforderungen waren zu bew\u00e4ltigen? Antworten auf diese Fragen gibt es im Vortrag.<\/p>\n\n\n\n<script src=\"https:\/\/fast.wistia.com\/embed\/medias\/bjiwg0az1p.jsonp\" async=\"\"><\/script><script src=\"https:\/\/fast.wistia.com\/assets\/external\/E-v1.js\" async=\"\"><\/script><div class=\"wistia_responsive_padding\" style=\"padding:56.25% 0 0 0;position:relative;\"><div class=\"wistia_responsive_wrapper\" style=\"height:100%;left:0;position:absolute;top:0;width:100%;\"><div class=\"wistia_embed wistia_async_bjiwg0az1p videoFoam=true\" style=\"height:100%;position:relative;width:100%\"><div class=\"wistia_swatch\" style=\"height:100%;left:0;opacity:0;overflow:hidden;position:absolute;top:0;transition:opacity 200ms;width:100%;\"><img decoding=\"async\" src=\"https:\/\/fast.wistia.com\/embed\/medias\/bjiwg0az1p\/swatch\" style=\"filter:blur(5px);height:100%;object-fit:contain;width:100%;\" alt=\"digitalisierung kommunaler prozesse\" aria-hidden=\"true\" onload=\"this.parentNode.style.opacity=1;\"><\/div><\/div><\/div><\/div>\n\n\n\n<div class=\"wp-block-group is-style-info\"><div class=\"wp-block-group__inner-container is-layout-constrained wp-block-group-is-layout-constrained\">\n<h3 class=\"wp-block-heading\" id=\"h-schaffe-mehr-freiraume-durch-prozessdigitalisierung-d-velop-process-studio\">Schaffe mehr Freir\u00e4ume durch Prozessdigitalisierung \u2013 d.velop process studio<\/h3>\n\n\n\n\t<div class=\"wp-block-buttons\">\n\t\t<div class=\"wp-block-button is-style-outline\">\n\t\t\t<a class=\"wp-block-button__link\" href=\"https:\/\/www.d-velop.de\/software\/prozessmanagement-software?utm_campaign=Sonstiges+-+d.velop+BLOG+-+01%2F2018&#038;utm_source=intern-blog-ger&#038;utm_medium=blogpost-digitalisierung-von-verwaltungsprozessen&#038;utm_content=button\" target=\"_blank\">Mehr zum d.velop process studio<\/a>\t\t<\/div>\n\t<\/div>\n\n\t<\/div><\/div>\n","protected":false},"excerpt":{"rendered":"<p>Die fortschreitende Digitalisierung hat in den letzten Jahren auch vor der Verwaltung nicht Halt gemacht. Doch was bedeutet die Digitalisierung [&hellip;]<\/p>\n","protected":false},"author":70,"featured_media":39993,"comment_status":"open","ping_status":"closed","sticky":false,"template":"","format":"standard","meta":{"footnotes":"","beyondwords_generate_audio":"","beyondwords_project_id":"","beyondwords_content_id":"","beyondwords_preview_token":"","beyondwords_player_content":"","beyondwords_player_style":"","beyondwords_language_id":"","beyondwords_title_voice_id":"","beyondwords_body_voice_id":"","beyondwords_summary_voice_id":"","beyondwords_error_message":"","beyondwords_disabled":"","beyondwords_delete_content":"","beyondwords_podcast_id":"","beyondwords_hash":"","publish_post_to_speechkit":"","speechkit_hash":"","speechkit_generate_audio":"","speechkit_project_id":"","speechkit_podcast_id":"","speechkit_error_message":"","speechkit_disabled":"","speechkit_access_key":"","speechkit_error":"","speechkit_info":"","speechkit_response":"","speechkit_retries":"","speechkit_status":"","speechkit_updated_at":"","_speechkit_link":"","_speechkit_text":""},"categories":[6],"tags":[128],"class_list":["post-39970","post","type-post","status-publish","format-standard","has-post-thumbnail","hentry","category-branchenprozesse","tag-oeffentliche-verwaltung"],"acf":[],"yoast_head":"<!-- This site is optimized with the Yoast SEO Premium plugin v25.6 (Yoast SEO v25.6) - https:\/\/yoast.com\/wordpress\/plugins\/seo\/ -->\n<title>Ganzheitliche Digitalisierung von Verwaltungsprozessen<\/title>\n<meta name=\"description\" content=\"Wie kann die Digitalisierung von Verwaltungsprozessen in Kommunen aussehen? Dazu spricht Andreas Schreiber von der KSM bei den d.velop public sector days.\" \/>\n<meta name=\"robots\" content=\"index, follow, max-snippet:-1, max-image-preview:large, max-video-preview:-1\" \/>\n<link rel=\"canonical\" href=\"https:\/\/www.d-velop.de\/blog\/branchenprozesse\/digitalisierung-von-verwaltungsprozessen\/\" \/>\n<meta property=\"og:locale\" content=\"de_DE\" \/>\n<meta property=\"og:type\" content=\"article\" \/>\n<meta property=\"og:title\" content=\"Ganzheitliche Digitalisierung von Verwaltungsprozessen\" \/>\n<meta property=\"og:description\" content=\"Wie kann die Digitalisierung von Verwaltungsprozessen in Kommunen aussehen? Dazu spricht Andreas Schreiber von der KSM bei den d.velop public sector days.\" \/>\n<meta property=\"og:url\" content=\"https:\/\/www.d-velop.de\/blog\/branchenprozesse\/digitalisierung-von-verwaltungsprozessen\/\" \/>\n<meta property=\"og:site_name\" content=\"d.velop blog\" \/>\n<meta property=\"article:publisher\" content=\"https:\/\/www.facebook.com\/d.velop.ag\/\" \/>\n<meta property=\"article:published_time\" content=\"2023-04-25T07:16:14+00:00\" \/>\n<meta property=\"article:modified_time\" content=\"2025-05-07T07:42:29+00:00\" \/>\n<meta property=\"og:image\" content=\"https:\/\/www.d-velop.de\/blog\/wp-content\/uploads\/2023\/04\/social-sharing-digitalisierung-von-verwaltungsprozessen.png\" \/>\n\t<meta property=\"og:image:width\" content=\"1200\" \/>\n\t<meta property=\"og:image:height\" content=\"628\" \/>\n\t<meta property=\"og:image:type\" content=\"image\/png\" \/>\n<meta name=\"author\" content=\"d.velop blog\" \/>\n<meta name=\"twitter:card\" content=\"summary_large_image\" \/>\n<meta name=\"twitter:creator\" content=\"@marvin.kronenfeld@d-velop.de\" \/>\n<meta name=\"twitter:site\" content=\"@d_velop\" \/>\n<meta name=\"twitter:label1\" content=\"Verfasst von\" \/>\n\t<meta name=\"twitter:data1\" content=\"d.velop blog\" \/>\n\t<meta name=\"twitter:label2\" content=\"Gesch\u00e4tzte Lesezeit\" \/>\n\t<meta name=\"twitter:data2\" content=\"3\u00a0Minuten\" \/>\n<script type=\"application\/ld+json\" class=\"yoast-schema-graph\">{\"@context\":\"https:\/\/schema.org\",\"@graph\":[{\"@type\":\"Article\",\"@id\":\"https:\/\/www.d-velop.de\/blog\/branchenprozesse\/digitalisierung-von-verwaltungsprozessen\/#article\",\"isPartOf\":{\"@id\":\"https:\/\/www.d-velop.de\/blog\/branchenprozesse\/digitalisierung-von-verwaltungsprozessen\/\"},\"author\":{\"name\":\"d.velop blog\",\"@id\":\"https:\/\/www.d-velop.de\/blog\/#\/schema\/person\/f123b8f175d12c019d486b10c9b0050e\"},\"headline\":\"Ganzheitliche Digitalisierung von Verwaltungsprozessen\",\"datePublished\":\"2023-04-25T07:16:14+00:00\",\"dateModified\":\"2025-05-07T07:42:29+00:00\",\"mainEntityOfPage\":{\"@id\":\"https:\/\/www.d-velop.de\/blog\/branchenprozesse\/digitalisierung-von-verwaltungsprozessen\/\"},\"wordCount\":480,\"commentCount\":0,\"publisher\":{\"@id\":\"https:\/\/www.d-velop.de\/blog\/#organization\"},\"image\":{\"@id\":\"https:\/\/www.d-velop.de\/blog\/branchenprozesse\/digitalisierung-von-verwaltungsprozessen\/#primaryimage\"},\"thumbnailUrl\":\"https:\/\/www.d-velop.de\/blog\/wp-content\/uploads\/2023\/04\/beitragsbild-digitalisierung-von-verwaltungsprozessen.jpg\",\"keywords\":[\"\u00d6ffentliche Verwaltung\"],\"articleSection\":[\"Transformation von Branchen &amp; M\u00e4rkten\"],\"inLanguage\":\"de\",\"potentialAction\":[{\"@type\":\"CommentAction\",\"name\":\"Comment\",\"target\":[\"https:\/\/www.d-velop.de\/blog\/branchenprozesse\/digitalisierung-von-verwaltungsprozessen\/#respond\"]}]},{\"@type\":\"WebPage\",\"@id\":\"https:\/\/www.d-velop.de\/blog\/branchenprozesse\/digitalisierung-von-verwaltungsprozessen\/\",\"url\":\"https:\/\/www.d-velop.de\/blog\/branchenprozesse\/digitalisierung-von-verwaltungsprozessen\/\",\"name\":\"Ganzheitliche Digitalisierung von Verwaltungsprozessen\",\"isPartOf\":{\"@id\":\"https:\/\/www.d-velop.de\/blog\/#website\"},\"primaryImageOfPage\":{\"@id\":\"https:\/\/www.d-velop.de\/blog\/branchenprozesse\/digitalisierung-von-verwaltungsprozessen\/#primaryimage\"},\"image\":{\"@id\":\"https:\/\/www.d-velop.de\/blog\/branchenprozesse\/digitalisierung-von-verwaltungsprozessen\/#primaryimage\"},\"thumbnailUrl\":\"https:\/\/www.d-velop.de\/blog\/wp-content\/uploads\/2023\/04\/beitragsbild-digitalisierung-von-verwaltungsprozessen.jpg\",\"datePublished\":\"2023-04-25T07:16:14+00:00\",\"dateModified\":\"2025-05-07T07:42:29+00:00\",\"description\":\"Wie kann die Digitalisierung von Verwaltungsprozessen in Kommunen aussehen? Dazu spricht Andreas Schreiber von der KSM bei den d.velop public sector days.\",\"breadcrumb\":{\"@id\":\"https:\/\/www.d-velop.de\/blog\/branchenprozesse\/digitalisierung-von-verwaltungsprozessen\/#breadcrumb\"},\"inLanguage\":\"de\",\"potentialAction\":[{\"@type\":\"ReadAction\",\"target\":[\"https:\/\/www.d-velop.de\/blog\/branchenprozesse\/digitalisierung-von-verwaltungsprozessen\/\"]}]},{\"@type\":\"ImageObject\",\"inLanguage\":\"de\",\"@id\":\"https:\/\/www.d-velop.de\/blog\/branchenprozesse\/digitalisierung-von-verwaltungsprozessen\/#primaryimage\",\"url\":\"https:\/\/www.d-velop.de\/blog\/wp-content\/uploads\/2023\/04\/beitragsbild-digitalisierung-von-verwaltungsprozessen.jpg\",\"contentUrl\":\"https:\/\/www.d-velop.de\/blog\/wp-content\/uploads\/2023\/04\/beitragsbild-digitalisierung-von-verwaltungsprozessen.jpg\",\"width\":2000,\"height\":666,\"caption\":\"Beitragsbild Digitalisierung von Verwaltungsprozessen\"},{\"@type\":\"BreadcrumbList\",\"@id\":\"https:\/\/www.d-velop.de\/blog\/branchenprozesse\/digitalisierung-von-verwaltungsprozessen\/#breadcrumb\",\"itemListElement\":[{\"@type\":\"ListItem\",\"position\":1,\"name\":\"Startseite\",\"item\":\"https:\/\/www.d-velop.de\/blog\/\"},{\"@type\":\"ListItem\",\"position\":2,\"name\":\"Ganzheitliche Digitalisierung von Verwaltungsprozessen\"}]},{\"@type\":\"WebSite\",\"@id\":\"https:\/\/www.d-velop.de\/blog\/#website\",\"url\":\"https:\/\/www.d-velop.de\/blog\/\",\"name\":\"d.velop blog\",\"description\":\"Digitalisierung, Dokumentenmanagement und rund um d.velop\",\"publisher\":{\"@id\":\"https:\/\/www.d-velop.de\/blog\/#organization\"},\"potentialAction\":[{\"@type\":\"SearchAction\",\"target\":{\"@type\":\"EntryPoint\",\"urlTemplate\":\"https:\/\/www.d-velop.de\/blog\/?s={search_term_string}\"},\"query-input\":{\"@type\":\"PropertyValueSpecification\",\"valueRequired\":true,\"valueName\":\"search_term_string\"}}],\"inLanguage\":\"de\"},{\"@type\":\"Organization\",\"@id\":\"https:\/\/www.d-velop.de\/blog\/#organization\",\"name\":\"d.velop Gruppe\",\"url\":\"https:\/\/www.d-velop.de\/blog\/\",\"logo\":{\"@type\":\"ImageObject\",\"inLanguage\":\"de\",\"@id\":\"https:\/\/www.d-velop.de\/blog\/#\/schema\/logo\/image\/\",\"url\":\"https:\/\/www.d-velop.de\/blog\/wp-content\/uploads\/2018\/12\/dvelop-blog-logo-invers.jpg\",\"contentUrl\":\"https:\/\/www.d-velop.de\/blog\/wp-content\/uploads\/2018\/12\/dvelop-blog-logo-invers.jpg\",\"width\":350,\"height\":350,\"caption\":\"d.velop Gruppe\"},\"image\":{\"@id\":\"https:\/\/www.d-velop.de\/blog\/#\/schema\/logo\/image\/\"},\"sameAs\":[\"https:\/\/www.facebook.com\/d.velop.ag\/\",\"https:\/\/x.com\/d_velop\",\"https:\/\/de.linkedin.com\/company\/d-velop\",\"https:\/\/www.xing.com\/pages\/d-velopag\",\"https:\/\/www.instagram.com\/d.velop_group\/\"]},{\"@type\":\"Person\",\"@id\":\"https:\/\/www.d-velop.de\/blog\/#\/schema\/person\/f123b8f175d12c019d486b10c9b0050e\",\"name\":\"d.velop blog\",\"image\":{\"@type\":\"ImageObject\",\"inLanguage\":\"de\",\"@id\":\"https:\/\/www.d-velop.de\/blog\/#\/schema\/person\/image\/\",\"url\":\"https:\/\/www.d-velop.de\/blog\/wp-content\/uploads\/2018\/12\/dvelop-blog-logo-invers-150x150.jpg\",\"contentUrl\":\"https:\/\/www.d-velop.de\/blog\/wp-content\/uploads\/2018\/12\/dvelop-blog-logo-invers-150x150.jpg\",\"caption\":\"d.velop blog\"},\"sameAs\":[\"http:\/\/www.d-velop.de\/blog\",\"https:\/\/www.linkedin.com\/company\/d.velop-ag\/\",\"https:\/\/x.com\/marvin.kronenfeld@d-velop.de\"],\"url\":\"https:\/\/www.d-velop.de\/blog\/author\/d-velop-blog\/\"}]}<\/script>\n<!-- \/ Yoast SEO Premium plugin. -->","yoast_head_json":{"title":"Ganzheitliche Digitalisierung von Verwaltungsprozessen","description":"Wie kann die Digitalisierung von Verwaltungsprozessen in Kommunen aussehen? Dazu spricht Andreas Schreiber von der KSM bei den d.velop public sector days.","robots":{"index":"index","follow":"follow","max-snippet":"max-snippet:-1","max-image-preview":"max-image-preview:large","max-video-preview":"max-video-preview:-1"},"canonical":"https:\/\/www.d-velop.de\/blog\/branchenprozesse\/digitalisierung-von-verwaltungsprozessen\/","og_locale":"de_DE","og_type":"article","og_title":"Ganzheitliche Digitalisierung von Verwaltungsprozessen","og_description":"Wie kann die Digitalisierung von Verwaltungsprozessen in Kommunen aussehen? Dazu spricht Andreas Schreiber von der KSM bei den d.velop public sector days.","og_url":"https:\/\/www.d-velop.de\/blog\/branchenprozesse\/digitalisierung-von-verwaltungsprozessen\/","og_site_name":"d.velop blog","article_publisher":"https:\/\/www.facebook.com\/d.velop.ag\/","article_published_time":"2023-04-25T07:16:14+00:00","article_modified_time":"2025-05-07T07:42:29+00:00","og_image":[{"width":1200,"height":628,"url":"https:\/\/www.d-velop.de\/blog\/wp-content\/uploads\/2023\/04\/social-sharing-digitalisierung-von-verwaltungsprozessen.png","type":"image\/png"}],"author":"d.velop blog","twitter_card":"summary_large_image","twitter_creator":"@marvin.kronenfeld@d-velop.de","twitter_site":"@d_velop","twitter_misc":{"Verfasst von":"d.velop blog","Gesch\u00e4tzte Lesezeit":"3\u00a0Minuten"},"schema":{"@context":"https:\/\/schema.org","@graph":[{"@type":"Article","@id":"https:\/\/www.d-velop.de\/blog\/branchenprozesse\/digitalisierung-von-verwaltungsprozessen\/#article","isPartOf":{"@id":"https:\/\/www.d-velop.de\/blog\/branchenprozesse\/digitalisierung-von-verwaltungsprozessen\/"},"author":{"name":"d.velop blog","@id":"https:\/\/www.d-velop.de\/blog\/#\/schema\/person\/f123b8f175d12c019d486b10c9b0050e"},"headline":"Ganzheitliche Digitalisierung von Verwaltungsprozessen","datePublished":"2023-04-25T07:16:14+00:00","dateModified":"2025-05-07T07:42:29+00:00","mainEntityOfPage":{"@id":"https:\/\/www.d-velop.de\/blog\/branchenprozesse\/digitalisierung-von-verwaltungsprozessen\/"},"wordCount":480,"commentCount":0,"publisher":{"@id":"https:\/\/www.d-velop.de\/blog\/#organization"},"image":{"@id":"https:\/\/www.d-velop.de\/blog\/branchenprozesse\/digitalisierung-von-verwaltungsprozessen\/#primaryimage"},"thumbnailUrl":"https:\/\/www.d-velop.de\/blog\/wp-content\/uploads\/2023\/04\/beitragsbild-digitalisierung-von-verwaltungsprozessen.jpg","keywords":["\u00d6ffentliche Verwaltung"],"articleSection":["Transformation von Branchen &amp; M\u00e4rkten"],"inLanguage":"de","potentialAction":[{"@type":"CommentAction","name":"Comment","target":["https:\/\/www.d-velop.de\/blog\/branchenprozesse\/digitalisierung-von-verwaltungsprozessen\/#respond"]}]},{"@type":"WebPage","@id":"https:\/\/www.d-velop.de\/blog\/branchenprozesse\/digitalisierung-von-verwaltungsprozessen\/","url":"https:\/\/www.d-velop.de\/blog\/branchenprozesse\/digitalisierung-von-verwaltungsprozessen\/","name":"Ganzheitliche Digitalisierung von Verwaltungsprozessen","isPartOf":{"@id":"https:\/\/www.d-velop.de\/blog\/#website"},"primaryImageOfPage":{"@id":"https:\/\/www.d-velop.de\/blog\/branchenprozesse\/digitalisierung-von-verwaltungsprozessen\/#primaryimage"},"image":{"@id":"https:\/\/www.d-velop.de\/blog\/branchenprozesse\/digitalisierung-von-verwaltungsprozessen\/#primaryimage"},"thumbnailUrl":"https:\/\/www.d-velop.de\/blog\/wp-content\/uploads\/2023\/04\/beitragsbild-digitalisierung-von-verwaltungsprozessen.jpg","datePublished":"2023-04-25T07:16:14+00:00","dateModified":"2025-05-07T07:42:29+00:00","description":"Wie kann die Digitalisierung von Verwaltungsprozessen in Kommunen aussehen? Dazu spricht Andreas Schreiber von der KSM bei den d.velop public sector days.","breadcrumb":{"@id":"https:\/\/www.d-velop.de\/blog\/branchenprozesse\/digitalisierung-von-verwaltungsprozessen\/#breadcrumb"},"inLanguage":"de","potentialAction":[{"@type":"ReadAction","target":["https:\/\/www.d-velop.de\/blog\/branchenprozesse\/digitalisierung-von-verwaltungsprozessen\/"]}]},{"@type":"ImageObject","inLanguage":"de","@id":"https:\/\/www.d-velop.de\/blog\/branchenprozesse\/digitalisierung-von-verwaltungsprozessen\/#primaryimage","url":"https:\/\/www.d-velop.de\/blog\/wp-content\/uploads\/2023\/04\/beitragsbild-digitalisierung-von-verwaltungsprozessen.jpg","contentUrl":"https:\/\/www.d-velop.de\/blog\/wp-content\/uploads\/2023\/04\/beitragsbild-digitalisierung-von-verwaltungsprozessen.jpg","width":2000,"height":666,"caption":"Beitragsbild Digitalisierung von Verwaltungsprozessen"},{"@type":"BreadcrumbList","@id":"https:\/\/www.d-velop.de\/blog\/branchenprozesse\/digitalisierung-von-verwaltungsprozessen\/#breadcrumb","itemListElement":[{"@type":"ListItem","position":1,"name":"Startseite","item":"https:\/\/www.d-velop.de\/blog\/"},{"@type":"ListItem","position":2,"name":"Ganzheitliche Digitalisierung von Verwaltungsprozessen"}]},{"@type":"WebSite","@id":"https:\/\/www.d-velop.de\/blog\/#website","url":"https:\/\/www.d-velop.de\/blog\/","name":"d.velop blog","description":"Digitalisierung, Dokumentenmanagement und rund um d.velop","publisher":{"@id":"https:\/\/www.d-velop.de\/blog\/#organization"},"potentialAction":[{"@type":"SearchAction","target":{"@type":"EntryPoint","urlTemplate":"https:\/\/www.d-velop.de\/blog\/?s={search_term_string}"},"query-input":{"@type":"PropertyValueSpecification","valueRequired":true,"valueName":"search_term_string"}}],"inLanguage":"de"},{"@type":"Organization","@id":"https:\/\/www.d-velop.de\/blog\/#organization","name":"d.velop Gruppe","url":"https:\/\/www.d-velop.de\/blog\/","logo":{"@type":"ImageObject","inLanguage":"de","@id":"https:\/\/www.d-velop.de\/blog\/#\/schema\/logo\/image\/","url":"https:\/\/www.d-velop.de\/blog\/wp-content\/uploads\/2018\/12\/dvelop-blog-logo-invers.jpg","contentUrl":"https:\/\/www.d-velop.de\/blog\/wp-content\/uploads\/2018\/12\/dvelop-blog-logo-invers.jpg","width":350,"height":350,"caption":"d.velop Gruppe"},"image":{"@id":"https:\/\/www.d-velop.de\/blog\/#\/schema\/logo\/image\/"},"sameAs":["https:\/\/www.facebook.com\/d.velop.ag\/","https:\/\/x.com\/d_velop","https:\/\/de.linkedin.com\/company\/d-velop","https:\/\/www.xing.com\/pages\/d-velopag","https:\/\/www.instagram.com\/d.velop_group\/"]},{"@type":"Person","@id":"https:\/\/www.d-velop.de\/blog\/#\/schema\/person\/f123b8f175d12c019d486b10c9b0050e","name":"d.velop blog","image":{"@type":"ImageObject","inLanguage":"de","@id":"https:\/\/www.d-velop.de\/blog\/#\/schema\/person\/image\/","url":"https:\/\/www.d-velop.de\/blog\/wp-content\/uploads\/2018\/12\/dvelop-blog-logo-invers-150x150.jpg","contentUrl":"https:\/\/www.d-velop.de\/blog\/wp-content\/uploads\/2018\/12\/dvelop-blog-logo-invers-150x150.jpg","caption":"d.velop blog"},"sameAs":["http:\/\/www.d-velop.de\/blog","https:\/\/www.linkedin.com\/company\/d.velop-ag\/","https:\/\/x.com\/marvin.kronenfeld@d-velop.de"],"url":"https:\/\/www.d-velop.de\/blog\/author\/d-velop-blog\/"}]}},"_links":{"self":[{"href":"https:\/\/www.d-velop.de\/blog\/wp-json\/wp\/v2\/posts\/39970","targetHints":{"allow":["GET"]}}],"collection":[{"href":"https:\/\/www.d-velop.de\/blog\/wp-json\/wp\/v2\/posts"}],"about":[{"href":"https:\/\/www.d-velop.de\/blog\/wp-json\/wp\/v2\/types\/post"}],"author":[{"embeddable":true,"href":"https:\/\/www.d-velop.de\/blog\/wp-json\/wp\/v2\/users\/70"}],"replies":[{"embeddable":true,"href":"https:\/\/www.d-velop.de\/blog\/wp-json\/wp\/v2\/comments?post=39970"}],"version-history":[{"count":2,"href":"https:\/\/www.d-velop.de\/blog\/wp-json\/wp\/v2\/posts\/39970\/revisions"}],"predecessor-version":[{"id":55620,"href":"https:\/\/www.d-velop.de\/blog\/wp-json\/wp\/v2\/posts\/39970\/revisions\/55620"}],"wp:featuredmedia":[{"embeddable":true,"href":"https:\/\/www.d-velop.de\/blog\/wp-json\/wp\/v2\/media\/39993"}],"wp:attachment":[{"href":"https:\/\/www.d-velop.de\/blog\/wp-json\/wp\/v2\/media?parent=39970"}],"wp:term":[{"taxonomy":"category","embeddable":true,"href":"https:\/\/www.d-velop.de\/blog\/wp-json\/wp\/v2\/categories?post=39970"},{"taxonomy":"post_tag","embeddable":true,"href":"https:\/\/www.d-velop.de\/blog\/wp-json\/wp\/v2\/tags?post=39970"}],"curies":[{"name":"wp","href":"https:\/\/api.w.org\/{rel}","templated":true}]}}