{"id":43005,"date":"2023-08-22T16:10:10","date_gmt":"2023-08-22T14:10:10","guid":{"rendered":"https:\/\/www.d-velop.de\/blog\/?p=43005"},"modified":"2025-02-24T16:48:00","modified_gmt":"2025-02-24T15:48:00","slug":"cloud-nachhaltigkeit","status":"publish","type":"post","link":"https:\/\/www.d-velop.de\/blog\/digitaler-wandel\/cloud-nachhaltigkeit\/","title":{"rendered":"Wie Cloud-Technologien helfen, den CO\u2082-Abdruck zu verringern"},"content":{"rendered":"\n<p>Die letzten acht Jahre waren die w\u00e4rmsten, die je gemessen wurden. Das ergibt die j\u00e4hrliche Analyse der globalen Durchschnittstemperaturen, seit Beginn der Aufzeichnungen im Jahr 1880, durch die <a href=\"https:\/\/www.nasa.gov\/feature\/esnt\/2022\/six-questions-to-help-you-understand-the-6th-warmest-year-on-record\/\">NASA<\/a>. \u201eWenn wir unsere Lebensweise nicht dringend \u00e4ndern, setzen wir das Leben selbst aufs Spiel\u201c, sagte der Generalsekret\u00e4r der Vereinten Nationen, Ant\u00f3nio Guterres. <\/p>\n\n\n\n<figure class=\"wp-block-pullquote\"><blockquote><p>Die Klimakrise wird von uns verursacht \u2013 und die L\u00f6sungen m\u00fcssen von uns kommen. Wir haben die Werkzeuge: Die Technologie ist auf unserer Seite.<\/p><cite>Ant\u00f3nio Guterres<\/cite><\/blockquote><\/figure>\n\n\n\n<p>Erhalte im Blogartikel einen Einblick, wie Cloud-Computing Unternehmen hilft, ihren CO\u2082-Abdruck zu verringern \u2013 am Beispiel <a href=\"https:\/\/aws.amazon.com\/de\/\">AWS<\/a>.<\/p>\n\n\n\n<h2 class=\"wp-block-heading\" id=\"h-cloud-computing-unterstutzt-bei-der-reduzierung-klimaschadlicher-co\u2082-emissionen\"><span class=\"ez-toc-section\" id=\"cloud-computing-unterstuetzt-bei-der-reduzierung-klimaschaedlicher-co%e2%82%82-emissionen\"><\/span>Cloud-Computing unterst\u00fctzt bei der Reduzierung klimasch\u00e4dlicher CO\u2082-Emissionen <span class=\"ez-toc-section-end\"><\/span><\/h2>\n\n\n\n<p><a href=\"https:\/\/www.d-velop.de\/blog\/digitaler-wandel\/cloud-computing\/\">Cloud-Computing<\/a>, also der bedarfsabh\u00e4ngige Bezug von IT-Ressourcen \u00fcber das Internet, bietet M\u00f6glichkeiten zur Bew\u00e4ltigung dieser Herausforderungen. Im Gegensatz zu On-Premises-Servern mit der dazugeh\u00f6rigen Hardware, dem Stromverbrauch und ben\u00f6tigten K\u00fchlsystemen bietet die Cloud erhebliche Kosten- und Umweltvorteile. <\/p>\n\n\n\n<h3 class=\"wp-block-heading\">Studie zeigt: Migration in die Cloud kann CO\u2082-Fu\u00dfabdruck verringern<\/h3>\n\n\n\n<p>So ergab eine <a href=\"https:\/\/d39w7f4ix9f5s9.cloudfront.net\/d1\/80\/283b833847df8ee4fe9661e0dd8f\/11061-aws-451research-advisory-bw-cloudefficiency-eu-2021-r2-final-2.pdf\">Studie von 451 Research<\/a>, dass europ\u00e4ischen Unternehmen ihren IT-CO\u2082-Fu\u00dfabdruck durch eine Migration ihrer <a href=\"https:\/\/www.d-velop.de\/themen\/it-infrastruktur\">IT-Infrastruktur<\/a> von eigenen Rechenzentren in die AWS Cloud im Durchschnitt um 80 % senken k\u00f6nnen (siehe Bild). Sobald AWS das Ziel erreicht, 100 % Energie aus erneuerbaren Quellen zu beziehen, k\u00f6nnten Unternehmen die CO\u2082-Emissionen ihrer IT-Infrastruktur sogar bis zu 96&nbsp;% reduzieren. Dieses Ziel soll bis 2025 erreicht sein.<\/p>\n\n\n\n<div class=\"wp-block-group is-style-info-study\"><div class=\"wp-block-group__inner-container is-layout-constrained wp-block-group-is-layout-constrained\">\n<figure class=\"wp-block-image size-full\"><img loading=\"lazy\" decoding=\"async\" width=\"896\" height=\"534\" src=\"https:\/\/www.d-velop.de\/blog\/wp-content\/uploads\/2023\/08\/aws-nachhaltigkeit-cloud.jpg\" alt=\"Studie Cloud Nachhaltigkeit AWS\" class=\"wp-image-43006\" srcset=\"https:\/\/www.d-velop.de\/blog\/wp-content\/uploads\/2023\/08\/aws-nachhaltigkeit-cloud.jpg 896w, https:\/\/www.d-velop.de\/blog\/wp-content\/uploads\/2023\/08\/aws-nachhaltigkeit-cloud-600x358.jpg 600w, https:\/\/www.d-velop.de\/blog\/wp-content\/uploads\/2023\/08\/aws-nachhaltigkeit-cloud-768x458.jpg 768w\" sizes=\"auto, (max-width: 896px) 100vw, 896px\" \/><\/figure>\n<\/div><\/div>\n\n\n\n<h3 class=\"wp-block-heading\">Weitere spannende Einsatzszenarien von Cloud-Computing zur Unterst\u00fctzung im Bereich Nachhaltigkeit<\/h3>\n\n\n\n<p>Unternehmen und Organisationen haben damit die M\u00f6glichkeit auf neuste Technologien, wie etwa maschinelles Lernen, zur\u00fcckzugreifen, ohne dabei selbst teuer und aufwendig eigene IT-Infrastruktur betreiben und verwalten zu m\u00fcssen. Einige Beispiele daf\u00fcr, wie Cloud-Computing effektiv genutzt werden kann, um Nachhaltigkeitsziele zu erreichen:<\/p>\n\n\n\n<ul class=\"is-style-check wp-block-list\">\n<li>Forschungsgruppen k\u00f6nnen beispielsweise Speicher- und Rechenkapazit\u00e4ten aus der Cloud abrufen und damit gemeinsam \u00fcber L\u00e4ndergrenzen hinweg an riesigen Datenmengen arbeiten, um den Klimawandel und m\u00f6gliche Folgen zu bek\u00e4mpfen. <\/li>\n\n\n\n<li>Der Einsatz von Sensoren in der Produktion kann beispielsweise den Wasser- und Energieverbrauch \u00fcberwachen.<\/li>\n\n\n\n<li>Die Nutzung der Daten f\u00fcr maschinelles Lernen kann dabei helfen den Energieverbrauch zu optimieren.<\/li>\n<\/ul>\n\n\n\n<p>Softwareunternehmen wie d.velop sind Beispiele daf\u00fcr, wie Cloud-Computing genutzt werden kann, um Nachhaltigkeitsziele zu erreichen. Durch den Einsatz von Cloud-Infrastruktur optimiert d.velop den Energieverbrauch von Cloud-Anwendungen kontinuierlich. So wird beispielsweise durch eine bedarfsgerechte Auslastung der zentralen Server-Infrastruktur der CO\u2082-Fu\u00dfabdruck von d.velop Endkunden in der Cloud reduziert.<\/p>\n\n\n\n<h2 class=\"wp-block-heading\"><span class=\"ez-toc-section\" id=\"nachhaltige-it-infrastruktur-mit-der-aws-cloud\"><\/span>Nachhaltige IT-Infrastruktur mit der AWS Cloud<span class=\"ez-toc-section-end\"><\/span><\/h2>\n\n\n\n<p>Amazon hat <a href=\"https:\/\/www.theclimatepledge.com\/de\/de\">The Climate Pledge<\/a> mitbegr\u00fcndet, um eine branchen\u00fcbergreifende Gemeinschaft aufzubauen, welche das Ziel hat, bis 2040 CO\u2082-Neutralit\u00e4t zu erreichen. Als weltweit <a href=\"https:\/\/www.aboutamazon.com\/news\/sustainability\/amazon-becomes-the-worlds-largest-corporate-purchaser-of-renewable-energy\">gr\u00f6\u00dfter Unternehmensk\u00e4ufer von erneuerbaren Energien<\/a>, m\u00f6chte Amazon den Betrieb bis 2025 zu 100 % mit erneuerbaren Energien betreiben, f\u00fcnf Jahre vor dem urspr\u00fcnglichen Ziel f\u00fcr 2030. Erst im November 2022 verk\u00fcndete AWS CEO Adam Selipsky auf der Kundenveranstaltung <a href=\"https:\/\/reinvent.awsevents.com\/\">re:Invent<\/a> die Zusage von AWS bis 2030 Wasser positiv zu sein. <a href=\"https:\/\/www.aboutamazon.com\/news\/aws\/aws-water-positive-by-2030\">Wasser positiv<\/a> zu sein bedeutet, dass AWS mehr Wasser an die Gemeinden zur\u00fcckgibt, als es im direkten Betrieb verbraucht.<\/p>\n\n\n\n<p>Mit energieeffizienten Servertechnologien, hohen Auslastungsraten, effizienten K\u00fchlsystemen und ma\u00dfgeschneiderter Hardware in den AWS Regionen sowie weiteren Optimierungsm\u00f6glichkeiten der IT-Infrastruktur in der Cloud, k\u00f6nnen zus\u00e4tzliche Emissionseinsparungen erzielt werden. Bei einer Optimierung der IT-Infrastruktur in der Cloud unterst\u00fctzt AWS Kunden mit verschiedenen Tools: <\/p>\n\n\n\n<ul class=\"is-style-check wp-block-list\">\n<li>Beispielsweise hilft das <a href=\"https:\/\/aws.amazon.com\/de\/aws-cost-management\/aws-customer-carbon-footprint-tool\/\">AWS Customer Carbon Footprint Tool<\/a> Kunden, ihren AWS CO\u2082-Fu\u00dfabdruck zu messen, berichten und zu prognostizieren. <\/li>\n\n\n\n<li>Des Weiteren unterst\u00fctzt die Nachhaltigkeits\u00e4ule in dem <a href=\"https:\/\/aws.amazon.com\/de\/architecture\/well-architected\/?wa-lens-whitepapers.sort-by=item.additionalFields.sortDate&amp;wa-lens-whitepapers.sort-order=desc&amp;wa-guidance-whitepapers.sort-by=item.additionalFields.sortDate&amp;wa-guidance-whitepapers.sort-order=desc\">AWS Well-Architected Framework<\/a> dabei, Umweltauswirkungen der Cloud-Infrastrukturen zu minimieren und bietet bew\u00e4hrte Methoden, Gestaltungsprinzipien und Anleitungen f\u00fcr nachhaltige Cloud-Architekturen.<\/li>\n<\/ul>\n\n\n\n<h2 class=\"wp-block-heading\"><span class=\"ez-toc-section\" id=\"ausblick-fuer-mehr-nachhaltigkeit-durch-cloud-computing\"><\/span>Ausblick f\u00fcr mehr Nachhaltigkeit durch Cloud-Computing<span class=\"ez-toc-section-end\"><\/span><\/h2>\n\n\n\n<p>Organisationen auf der ganzen Welt entwickeln innovative L\u00f6sungen, damit unser Planet auch f\u00fcr die n\u00e4chsten Generationen lebenswert bleibt. Programme wie die <a href=\"https:\/\/nachhaltigkeit.aboutamazon.de\/umwelt\/die-cloud\/asdi\">Amazon Sustainability Data Initiative (ASDI)<\/a> zielen darauf ab, die Nachhaltigkeitsforschung und -innovation zu beschleunigen, indem eine Vielzahl von Datens\u00e4tzen kostenlos zur Verf\u00fcgung gestellt werden. Der Zeitaufwand f\u00fcr den Erwerb und die Analyse gro\u00dfer Nachhaltigkeitsdatens\u00e4tze werden durch Daten und Tools f\u00fcr Forscher und Innovatoren reduziert.<\/p>\n\n\n\n<p>Wir freuen uns darauf, voneinander zu lernen, praktische Erfahrungen zu sammeln und zu sehen, was m\u00f6glich ist, wenn wir Technologie mit Nachhaltigkeit verbinden.<\/p>\n\n\n\n<div class=\"wp-block-group is-style-cta-webinar\"><div class=\"wp-block-group__inner-container is-layout-constrained wp-block-group-is-layout-constrained\">\n<h2 class=\"wp-block-heading\" id=\"h-cloud-migration-von-a-wie-anforderungen-bis-z-wie-ziele\"><span class=\"ez-toc-section\" id=\"%f0%9f%92%bb-cloud-migration-%e2%80%93-von-a-wie-anforderungen-bis-z-wie-ziele\"><\/span>&#x1f4bb; Cloud Migration &#8211; Von A wie Anforderungen bis Z wie Ziele<span class=\"ez-toc-section-end\"><\/span><\/h2>\n\n\n\n<script src=\"https:\/\/fast.wistia.com\/player.js\" async><\/script><script src=\"https:\/\/fast.wistia.com\/embed\/kih0unxash.js\" async type=\"module\"><\/script><style>wistia-player[media-id='kih0unxash']:not(:defined) { background: center \/ contain no-repeat url('https:\/\/fast.wistia.com\/embed\/medias\/kih0unxash\/swatch'); display: block; filter: blur(5px); padding-top:56.25%; }<\/style> <wistia-player media-id=\"kih0unxash\" aspect=\"1.7777777777777777\"><\/wistia-player>\n\n\n\n\t<div class=\"wp-block-buttons\">\n\t\t<div class=\"wp-block-button is-style-outline\">\n\t\t\t<a class=\"wp-block-button__link\" href=\"https:\/\/content.d-velop.de\/demo-dvelop-documents?utm_campaign=Sonstiges+-+d.velop+BLOG+-+01%2F2018&#038;utm_source=intern-blog-ger&#038;utm_medium=blogpost-cloud-nachhaltigkeit&#038;utm_content=button\" target=\"_blank\">Live-Demo<\/a>\t\t<\/div>\n\t<\/div>\n\n\t<\/div><\/div>\n\n\n\n<p><strong>Co-Autorin des Artikels<\/strong><\/p>\n\n\n<div class=\"wp-block-image\">\n<figure class=\"alignleft size-full is-resized\"><img loading=\"lazy\" decoding=\"async\" width=\"500\" height=\"500\" src=\"https:\/\/www.d-velop.de\/blog\/wp-content\/uploads\/2023\/09\/jennifer-georg.jpg\" alt=\"\" class=\"wp-image-43252\" style=\"width:85px;height:85px\" srcset=\"https:\/\/www.d-velop.de\/blog\/wp-content\/uploads\/2023\/09\/jennifer-georg.jpg 500w, https:\/\/www.d-velop.de\/blog\/wp-content\/uploads\/2023\/09\/jennifer-georg-210x210.jpg 210w\" sizes=\"auto, (max-width: 500px) 100vw, 500px\" \/><\/figure><\/div>\n\n\n<p> <a href=\"https:\/\/www.linkedin.com\/in\/jennifer-goerg\/\">Jennifer Goerg<\/a> ist Senior Program &amp; Account Manager bei Amazon Web Services (AWS) ) und ber\u00e4t Unternehmen im Bereich Nachhaltigkeitstransformation mit der Cloud.<\/p>\n","protected":false},"excerpt":{"rendered":"<p>Die letzten acht Jahre waren die w\u00e4rmsten, die je gemessen wurden. Das ergibt die j\u00e4hrliche Analyse der globalen Durchschnittstemperaturen, seit [&hellip;]<\/p>\n","protected":false},"author":242,"featured_media":43012,"comment_status":"closed","ping_status":"closed","sticky":false,"template":"","format":"standard","meta":{"footnotes":"","beyondwords_generate_audio":"","beyondwords_project_id":"","beyondwords_content_id":"","beyondwords_preview_token":"","beyondwords_player_content":"","beyondwords_player_style":"","beyondwords_language_id":"","beyondwords_title_voice_id":"","beyondwords_body_voice_id":"","beyondwords_summary_voice_id":"","beyondwords_error_message":"","beyondwords_disabled":"","beyondwords_delete_content":"","beyondwords_podcast_id":"","beyondwords_hash":"","publish_post_to_speechkit":"","speechkit_hash":"","speechkit_generate_audio":"","speechkit_project_id":"","speechkit_podcast_id":"","speechkit_error_message":"","speechkit_disabled":"","speechkit_access_key":"","speechkit_error":"","speechkit_info":"","speechkit_response":"","speechkit_retries":"","speechkit_status":"","speechkit_updated_at":"","_speechkit_link":"","_speechkit_text":""},"categories":[5],"tags":[6492],"class_list":["post-43005","post","type-post","status-publish","format-standard","has-post-thumbnail","hentry","category-digitaler-wandel","tag-fokus-dokumentenmanagement"],"acf":[],"yoast_head":"<!-- This site is optimized with the Yoast SEO Premium plugin v25.6 (Yoast SEO v25.6) - https:\/\/yoast.com\/wordpress\/plugins\/seo\/ -->\n<title>Wie Cloud-Technologien helfen, den CO\u2082-Abdruck zu verringern<\/title>\n<meta name=\"description\" content=\"Cloud Nachhaltigkeit: Erfahre im Artikel, wie Cloud-Computing Unternehmen hilft, ihren CO\u2082-Abdruck zu verringern, am Beispiel AWS.\" \/>\n<meta name=\"robots\" content=\"index, follow, max-snippet:-1, max-image-preview:large, max-video-preview:-1\" \/>\n<link rel=\"canonical\" href=\"https:\/\/www.d-velop.de\/blog\/digitaler-wandel\/cloud-nachhaltigkeit\/\" \/>\n<meta property=\"og:locale\" content=\"de_DE\" \/>\n<meta property=\"og:type\" content=\"article\" \/>\n<meta property=\"og:title\" content=\"Wie Cloud-Technologien helfen, den CO\u2082-Abdruck zu verringern\" \/>\n<meta property=\"og:description\" content=\"Cloud Nachhaltigkeit: Erfahre im Artikel, wie Cloud-Computing Unternehmen hilft, ihren CO\u2082-Abdruck zu verringern, am Beispiel AWS.\" \/>\n<meta property=\"og:url\" content=\"https:\/\/www.d-velop.de\/blog\/digitaler-wandel\/cloud-nachhaltigkeit\/\" \/>\n<meta property=\"og:site_name\" content=\"d.velop blog\" \/>\n<meta property=\"article:publisher\" content=\"https:\/\/www.facebook.com\/d.velop.ag\/\" \/>\n<meta property=\"article:published_time\" content=\"2023-08-22T14:10:10+00:00\" \/>\n<meta property=\"article:modified_time\" content=\"2025-02-24T15:48:00+00:00\" \/>\n<meta property=\"og:image\" content=\"https:\/\/www.d-velop.de\/blog\/wp-content\/uploads\/2023\/08\/blogartikel-beitragsbild-cloud-nachhaltigkeit.jpg\" \/>\n\t<meta property=\"og:image:width\" content=\"2000\" \/>\n\t<meta property=\"og:image:height\" content=\"666\" \/>\n\t<meta property=\"og:image:type\" content=\"image\/jpeg\" \/>\n<meta name=\"author\" content=\"Karl Oppermann\" \/>\n<meta name=\"twitter:card\" content=\"summary_large_image\" \/>\n<meta name=\"twitter:creator\" content=\"@d_velop\" \/>\n<meta name=\"twitter:site\" content=\"@d_velop\" \/>\n<meta name=\"twitter:label1\" content=\"Verfasst von\" \/>\n\t<meta name=\"twitter:data1\" content=\"Karl Oppermann\" \/>\n\t<meta name=\"twitter:label2\" content=\"Gesch\u00e4tzte Lesezeit\" \/>\n\t<meta name=\"twitter:data2\" content=\"5\u00a0Minuten\" \/>\n<script type=\"application\/ld+json\" class=\"yoast-schema-graph\">{\"@context\":\"https:\/\/schema.org\",\"@graph\":[{\"@type\":\"Article\",\"@id\":\"https:\/\/www.d-velop.de\/blog\/digitaler-wandel\/cloud-nachhaltigkeit\/#article\",\"isPartOf\":{\"@id\":\"https:\/\/www.d-velop.de\/blog\/digitaler-wandel\/cloud-nachhaltigkeit\/\"},\"author\":{\"name\":\"Karl Oppermann\",\"@id\":\"https:\/\/www.d-velop.de\/blog\/#\/schema\/person\/42521805a0f911415aea4da4075faf87\"},\"headline\":\"Wie Cloud-Technologien helfen, den CO\u2082-Abdruck zu verringern\",\"datePublished\":\"2023-08-22T14:10:10+00:00\",\"dateModified\":\"2025-02-24T15:48:00+00:00\",\"mainEntityOfPage\":{\"@id\":\"https:\/\/www.d-velop.de\/blog\/digitaler-wandel\/cloud-nachhaltigkeit\/\"},\"wordCount\":748,\"publisher\":{\"@id\":\"https:\/\/www.d-velop.de\/blog\/#organization\"},\"image\":{\"@id\":\"https:\/\/www.d-velop.de\/blog\/digitaler-wandel\/cloud-nachhaltigkeit\/#primaryimage\"},\"thumbnailUrl\":\"https:\/\/www.d-velop.de\/blog\/wp-content\/uploads\/2023\/08\/blogartikel-beitragsbild-cloud-nachhaltigkeit.jpg\",\"keywords\":[\"Dokumentenmanagement\"],\"articleSection\":[\"Digitaler Wandel\"],\"inLanguage\":\"de\"},{\"@type\":\"WebPage\",\"@id\":\"https:\/\/www.d-velop.de\/blog\/digitaler-wandel\/cloud-nachhaltigkeit\/\",\"url\":\"https:\/\/www.d-velop.de\/blog\/digitaler-wandel\/cloud-nachhaltigkeit\/\",\"name\":\"Wie Cloud-Technologien helfen, den CO\u2082-Abdruck zu verringern\",\"isPartOf\":{\"@id\":\"https:\/\/www.d-velop.de\/blog\/#website\"},\"primaryImageOfPage\":{\"@id\":\"https:\/\/www.d-velop.de\/blog\/digitaler-wandel\/cloud-nachhaltigkeit\/#primaryimage\"},\"image\":{\"@id\":\"https:\/\/www.d-velop.de\/blog\/digitaler-wandel\/cloud-nachhaltigkeit\/#primaryimage\"},\"thumbnailUrl\":\"https:\/\/www.d-velop.de\/blog\/wp-content\/uploads\/2023\/08\/blogartikel-beitragsbild-cloud-nachhaltigkeit.jpg\",\"datePublished\":\"2023-08-22T14:10:10+00:00\",\"dateModified\":\"2025-02-24T15:48:00+00:00\",\"description\":\"Cloud Nachhaltigkeit: Erfahre im Artikel, wie Cloud-Computing Unternehmen hilft, ihren CO\u2082-Abdruck zu verringern, am Beispiel AWS.\",\"breadcrumb\":{\"@id\":\"https:\/\/www.d-velop.de\/blog\/digitaler-wandel\/cloud-nachhaltigkeit\/#breadcrumb\"},\"inLanguage\":\"de\",\"potentialAction\":[{\"@type\":\"ReadAction\",\"target\":[\"https:\/\/www.d-velop.de\/blog\/digitaler-wandel\/cloud-nachhaltigkeit\/\"]}]},{\"@type\":\"ImageObject\",\"inLanguage\":\"de\",\"@id\":\"https:\/\/www.d-velop.de\/blog\/digitaler-wandel\/cloud-nachhaltigkeit\/#primaryimage\",\"url\":\"https:\/\/www.d-velop.de\/blog\/wp-content\/uploads\/2023\/08\/blogartikel-beitragsbild-cloud-nachhaltigkeit.jpg\",\"contentUrl\":\"https:\/\/www.d-velop.de\/blog\/wp-content\/uploads\/2023\/08\/blogartikel-beitragsbild-cloud-nachhaltigkeit.jpg\",\"width\":2000,\"height\":666,\"caption\":\"Beitragsbild Blogartikel Cloud Nachhaltigkeit\"},{\"@type\":\"BreadcrumbList\",\"@id\":\"https:\/\/www.d-velop.de\/blog\/digitaler-wandel\/cloud-nachhaltigkeit\/#breadcrumb\",\"itemListElement\":[{\"@type\":\"ListItem\",\"position\":1,\"name\":\"Startseite\",\"item\":\"https:\/\/www.d-velop.de\/blog\/\"},{\"@type\":\"ListItem\",\"position\":2,\"name\":\"Wie Cloud-Technologien helfen, den CO\u2082-Abdruck zu verringern\"}]},{\"@type\":\"WebSite\",\"@id\":\"https:\/\/www.d-velop.de\/blog\/#website\",\"url\":\"https:\/\/www.d-velop.de\/blog\/\",\"name\":\"d.velop blog\",\"description\":\"Digitalisierung, Dokumentenmanagement und rund um d.velop\",\"publisher\":{\"@id\":\"https:\/\/www.d-velop.de\/blog\/#organization\"},\"potentialAction\":[{\"@type\":\"SearchAction\",\"target\":{\"@type\":\"EntryPoint\",\"urlTemplate\":\"https:\/\/www.d-velop.de\/blog\/?s={search_term_string}\"},\"query-input\":{\"@type\":\"PropertyValueSpecification\",\"valueRequired\":true,\"valueName\":\"search_term_string\"}}],\"inLanguage\":\"de\"},{\"@type\":\"Organization\",\"@id\":\"https:\/\/www.d-velop.de\/blog\/#organization\",\"name\":\"d.velop Gruppe\",\"url\":\"https:\/\/www.d-velop.de\/blog\/\",\"logo\":{\"@type\":\"ImageObject\",\"inLanguage\":\"de\",\"@id\":\"https:\/\/www.d-velop.de\/blog\/#\/schema\/logo\/image\/\",\"url\":\"https:\/\/www.d-velop.de\/blog\/wp-content\/uploads\/2018\/12\/dvelop-blog-logo-invers.jpg\",\"contentUrl\":\"https:\/\/www.d-velop.de\/blog\/wp-content\/uploads\/2018\/12\/dvelop-blog-logo-invers.jpg\",\"width\":350,\"height\":350,\"caption\":\"d.velop Gruppe\"},\"image\":{\"@id\":\"https:\/\/www.d-velop.de\/blog\/#\/schema\/logo\/image\/\"},\"sameAs\":[\"https:\/\/www.facebook.com\/d.velop.ag\/\",\"https:\/\/x.com\/d_velop\",\"https:\/\/de.linkedin.com\/company\/d-velop\",\"https:\/\/www.xing.com\/pages\/d-velopag\",\"https:\/\/www.instagram.com\/d.velop_group\/\"]},{\"@type\":\"Person\",\"@id\":\"https:\/\/www.d-velop.de\/blog\/#\/schema\/person\/42521805a0f911415aea4da4075faf87\",\"name\":\"Karl Oppermann\",\"image\":{\"@type\":\"ImageObject\",\"inLanguage\":\"de\",\"@id\":\"https:\/\/www.d-velop.de\/blog\/#\/schema\/person\/image\/\",\"url\":\"https:\/\/www.d-velop.de\/blog\/wp-content\/uploads\/2023\/08\/karl-oppermann.jpg\",\"contentUrl\":\"https:\/\/www.d-velop.de\/blog\/wp-content\/uploads\/2023\/08\/karl-oppermann.jpg\",\"caption\":\"Karl Oppermann\"},\"description\":\"Senior ISV Account Manager\",\"sameAs\":[\"https:\/\/www.linkedin.com\/in\/karl-oppermann-a3ba4a171\/\"],\"url\":\"https:\/\/www.d-velop.de\/blog\/author\/karl-oppermann\/\"}]}<\/script>\n<!-- \/ Yoast SEO Premium plugin. -->","yoast_head_json":{"title":"Wie Cloud-Technologien helfen, den CO\u2082-Abdruck zu verringern","description":"Cloud Nachhaltigkeit: Erfahre im Artikel, wie Cloud-Computing Unternehmen hilft, ihren CO\u2082-Abdruck zu verringern, am Beispiel AWS.","robots":{"index":"index","follow":"follow","max-snippet":"max-snippet:-1","max-image-preview":"max-image-preview:large","max-video-preview":"max-video-preview:-1"},"canonical":"https:\/\/www.d-velop.de\/blog\/digitaler-wandel\/cloud-nachhaltigkeit\/","og_locale":"de_DE","og_type":"article","og_title":"Wie Cloud-Technologien helfen, den CO\u2082-Abdruck zu verringern","og_description":"Cloud Nachhaltigkeit: Erfahre im Artikel, wie Cloud-Computing Unternehmen hilft, ihren CO\u2082-Abdruck zu verringern, am Beispiel AWS.","og_url":"https:\/\/www.d-velop.de\/blog\/digitaler-wandel\/cloud-nachhaltigkeit\/","og_site_name":"d.velop blog","article_publisher":"https:\/\/www.facebook.com\/d.velop.ag\/","article_published_time":"2023-08-22T14:10:10+00:00","article_modified_time":"2025-02-24T15:48:00+00:00","og_image":[{"width":2000,"height":666,"url":"https:\/\/www.d-velop.de\/blog\/wp-content\/uploads\/2023\/08\/blogartikel-beitragsbild-cloud-nachhaltigkeit.jpg","type":"image\/jpeg"}],"author":"Karl Oppermann","twitter_card":"summary_large_image","twitter_creator":"@d_velop","twitter_site":"@d_velop","twitter_misc":{"Verfasst von":"Karl Oppermann","Gesch\u00e4tzte Lesezeit":"5\u00a0Minuten"},"schema":{"@context":"https:\/\/schema.org","@graph":[{"@type":"Article","@id":"https:\/\/www.d-velop.de\/blog\/digitaler-wandel\/cloud-nachhaltigkeit\/#article","isPartOf":{"@id":"https:\/\/www.d-velop.de\/blog\/digitaler-wandel\/cloud-nachhaltigkeit\/"},"author":{"name":"Karl Oppermann","@id":"https:\/\/www.d-velop.de\/blog\/#\/schema\/person\/42521805a0f911415aea4da4075faf87"},"headline":"Wie Cloud-Technologien helfen, den CO\u2082-Abdruck zu verringern","datePublished":"2023-08-22T14:10:10+00:00","dateModified":"2025-02-24T15:48:00+00:00","mainEntityOfPage":{"@id":"https:\/\/www.d-velop.de\/blog\/digitaler-wandel\/cloud-nachhaltigkeit\/"},"wordCount":748,"publisher":{"@id":"https:\/\/www.d-velop.de\/blog\/#organization"},"image":{"@id":"https:\/\/www.d-velop.de\/blog\/digitaler-wandel\/cloud-nachhaltigkeit\/#primaryimage"},"thumbnailUrl":"https:\/\/www.d-velop.de\/blog\/wp-content\/uploads\/2023\/08\/blogartikel-beitragsbild-cloud-nachhaltigkeit.jpg","keywords":["Dokumentenmanagement"],"articleSection":["Digitaler Wandel"],"inLanguage":"de"},{"@type":"WebPage","@id":"https:\/\/www.d-velop.de\/blog\/digitaler-wandel\/cloud-nachhaltigkeit\/","url":"https:\/\/www.d-velop.de\/blog\/digitaler-wandel\/cloud-nachhaltigkeit\/","name":"Wie Cloud-Technologien helfen, den CO\u2082-Abdruck zu verringern","isPartOf":{"@id":"https:\/\/www.d-velop.de\/blog\/#website"},"primaryImageOfPage":{"@id":"https:\/\/www.d-velop.de\/blog\/digitaler-wandel\/cloud-nachhaltigkeit\/#primaryimage"},"image":{"@id":"https:\/\/www.d-velop.de\/blog\/digitaler-wandel\/cloud-nachhaltigkeit\/#primaryimage"},"thumbnailUrl":"https:\/\/www.d-velop.de\/blog\/wp-content\/uploads\/2023\/08\/blogartikel-beitragsbild-cloud-nachhaltigkeit.jpg","datePublished":"2023-08-22T14:10:10+00:00","dateModified":"2025-02-24T15:48:00+00:00","description":"Cloud Nachhaltigkeit: Erfahre im Artikel, wie Cloud-Computing Unternehmen hilft, ihren CO\u2082-Abdruck zu verringern, am Beispiel AWS.","breadcrumb":{"@id":"https:\/\/www.d-velop.de\/blog\/digitaler-wandel\/cloud-nachhaltigkeit\/#breadcrumb"},"inLanguage":"de","potentialAction":[{"@type":"ReadAction","target":["https:\/\/www.d-velop.de\/blog\/digitaler-wandel\/cloud-nachhaltigkeit\/"]}]},{"@type":"ImageObject","inLanguage":"de","@id":"https:\/\/www.d-velop.de\/blog\/digitaler-wandel\/cloud-nachhaltigkeit\/#primaryimage","url":"https:\/\/www.d-velop.de\/blog\/wp-content\/uploads\/2023\/08\/blogartikel-beitragsbild-cloud-nachhaltigkeit.jpg","contentUrl":"https:\/\/www.d-velop.de\/blog\/wp-content\/uploads\/2023\/08\/blogartikel-beitragsbild-cloud-nachhaltigkeit.jpg","width":2000,"height":666,"caption":"Beitragsbild Blogartikel Cloud Nachhaltigkeit"},{"@type":"BreadcrumbList","@id":"https:\/\/www.d-velop.de\/blog\/digitaler-wandel\/cloud-nachhaltigkeit\/#breadcrumb","itemListElement":[{"@type":"ListItem","position":1,"name":"Startseite","item":"https:\/\/www.d-velop.de\/blog\/"},{"@type":"ListItem","position":2,"name":"Wie Cloud-Technologien helfen, den CO\u2082-Abdruck zu verringern"}]},{"@type":"WebSite","@id":"https:\/\/www.d-velop.de\/blog\/#website","url":"https:\/\/www.d-velop.de\/blog\/","name":"d.velop blog","description":"Digitalisierung, Dokumentenmanagement und rund um d.velop","publisher":{"@id":"https:\/\/www.d-velop.de\/blog\/#organization"},"potentialAction":[{"@type":"SearchAction","target":{"@type":"EntryPoint","urlTemplate":"https:\/\/www.d-velop.de\/blog\/?s={search_term_string}"},"query-input":{"@type":"PropertyValueSpecification","valueRequired":true,"valueName":"search_term_string"}}],"inLanguage":"de"},{"@type":"Organization","@id":"https:\/\/www.d-velop.de\/blog\/#organization","name":"d.velop Gruppe","url":"https:\/\/www.d-velop.de\/blog\/","logo":{"@type":"ImageObject","inLanguage":"de","@id":"https:\/\/www.d-velop.de\/blog\/#\/schema\/logo\/image\/","url":"https:\/\/www.d-velop.de\/blog\/wp-content\/uploads\/2018\/12\/dvelop-blog-logo-invers.jpg","contentUrl":"https:\/\/www.d-velop.de\/blog\/wp-content\/uploads\/2018\/12\/dvelop-blog-logo-invers.jpg","width":350,"height":350,"caption":"d.velop Gruppe"},"image":{"@id":"https:\/\/www.d-velop.de\/blog\/#\/schema\/logo\/image\/"},"sameAs":["https:\/\/www.facebook.com\/d.velop.ag\/","https:\/\/x.com\/d_velop","https:\/\/de.linkedin.com\/company\/d-velop","https:\/\/www.xing.com\/pages\/d-velopag","https:\/\/www.instagram.com\/d.velop_group\/"]},{"@type":"Person","@id":"https:\/\/www.d-velop.de\/blog\/#\/schema\/person\/42521805a0f911415aea4da4075faf87","name":"Karl Oppermann","image":{"@type":"ImageObject","inLanguage":"de","@id":"https:\/\/www.d-velop.de\/blog\/#\/schema\/person\/image\/","url":"https:\/\/www.d-velop.de\/blog\/wp-content\/uploads\/2023\/08\/karl-oppermann.jpg","contentUrl":"https:\/\/www.d-velop.de\/blog\/wp-content\/uploads\/2023\/08\/karl-oppermann.jpg","caption":"Karl Oppermann"},"description":"Senior ISV Account Manager","sameAs":["https:\/\/www.linkedin.com\/in\/karl-oppermann-a3ba4a171\/"],"url":"https:\/\/www.d-velop.de\/blog\/author\/karl-oppermann\/"}]}},"_links":{"self":[{"href":"https:\/\/www.d-velop.de\/blog\/wp-json\/wp\/v2\/posts\/43005","targetHints":{"allow":["GET"]}}],"collection":[{"href":"https:\/\/www.d-velop.de\/blog\/wp-json\/wp\/v2\/posts"}],"about":[{"href":"https:\/\/www.d-velop.de\/blog\/wp-json\/wp\/v2\/types\/post"}],"author":[{"embeddable":true,"href":"https:\/\/www.d-velop.de\/blog\/wp-json\/wp\/v2\/users\/242"}],"replies":[{"embeddable":true,"href":"https:\/\/www.d-velop.de\/blog\/wp-json\/wp\/v2\/comments?post=43005"}],"version-history":[{"count":2,"href":"https:\/\/www.d-velop.de\/blog\/wp-json\/wp\/v2\/posts\/43005\/revisions"}],"predecessor-version":[{"id":53693,"href":"https:\/\/www.d-velop.de\/blog\/wp-json\/wp\/v2\/posts\/43005\/revisions\/53693"}],"wp:featuredmedia":[{"embeddable":true,"href":"https:\/\/www.d-velop.de\/blog\/wp-json\/wp\/v2\/media\/43012"}],"wp:attachment":[{"href":"https:\/\/www.d-velop.de\/blog\/wp-json\/wp\/v2\/media?parent=43005"}],"wp:term":[{"taxonomy":"category","embeddable":true,"href":"https:\/\/www.d-velop.de\/blog\/wp-json\/wp\/v2\/categories?post=43005"},{"taxonomy":"post_tag","embeddable":true,"href":"https:\/\/www.d-velop.de\/blog\/wp-json\/wp\/v2\/tags?post=43005"}],"curies":[{"name":"wp","href":"https:\/\/api.w.org\/{rel}","templated":true}]}}