{"id":43647,"date":"2023-09-22T14:59:32","date_gmt":"2023-09-22T12:59:32","guid":{"rendered":"https:\/\/www.d-velop.de\/blog\/?p=43647"},"modified":"2023-09-22T14:59:45","modified_gmt":"2023-09-22T12:59:45","slug":"d-velop-tech-con","status":"publish","type":"post","link":"https:\/\/www.d-velop.de\/blog\/unternehmen\/d-velop-tech-con\/","title":{"rendered":"Innovation und Inspiration: R\u00fcckblick auf die Premiere der d.velop tech con"},"content":{"rendered":"\n<p>In der vergangenen Woche fand am <a href=\"https:\/\/www.d-velop.de\/d-velop-campus\">d.velop campus<\/a> das erste Mal die d.velop tech con statt, eine spannende Kombination aus einer internen Tech-Konferenz und einem Hackathon. Dieses zweit\u00e4gige Event brachte unsere Entwickler:innen zusammen, um die neuesten Entwicklungen und Trends in der Tech-Welt zu erkunden und gleichzeitig kreative L\u00f6sungen f\u00fcr aktuelle Herausforderungen zu finden. In diesem Artikel werfen wir einen Blick auf die Highlights des neuen Formats und teilen die wichtigsten Erkenntnisse. <\/p>\n\n\n\n<h2 class=\"wp-block-heading\" id=\"h-innovation-und-wissensaustausch-die-vortrage\"><span class=\"ez-toc-section\" id=\"innovation-und-wissensaustausch-die-vortraege\"><\/span>Innovation und Wissensaustausch: Die Vortr\u00e4ge<span class=\"ez-toc-section-end\"><\/span><\/h2>\n\n\n\n<p>Die d.velop tech con bot eine beeindruckende Auswahl an Vortr\u00e4gen zu einer Vielzahl von Themen. Von verteilten Systemen bis hin zu generativer KI (<a href=\"https:\/\/www.d-velop.de\/loesungen\/kuenstliche-intelligenz\" target=\"_blank\" rel=\"noreferrer noopener\">K\u00fcnstliche Intelligenz<\/a>) gab es f\u00fcr jede:n Teilnehmer:in etwas Interessantes zu entdecken. Ein wichtiger Schwerpunkt lag auf der Fehlerkultur, die in der IT-Welt oft vernachl\u00e4ssigt wird. Der Gedanke dahinter: Fehler sind menschlich und unvermeidlich. Es geht darum, aus ihnen zu lernen, anstatt Schuldige zu suchen und jene zu ermahnen. Diese Botschaft unterstreicht die Bedeutung eines positiven und f\u00f6rderlichen Arbeitsumfelds, in dem Innovation gedeihen kann.<\/p>\n\n\n\n<p>Ein weiterer H\u00f6hepunkt des Events war der inspirierende Vortrag mit dem Titel \u201eDiskutier nicht \u2013 male!\u201c Der Referent legte den Schwerpunkt des Vortrags auf die Bedeutung der User Experience (UX) in der Produktentwicklung. Dabei betonte er, dass selbst scheinbar minimale Verbesserungen im Design eines Produkts oder einer Anwendung einen signifikanten Einfluss auf das Endprodukt haben k\u00f6nnen. W\u00e4hrend des Vortrags wurde hervorgehoben, wie entscheidend es ist, nicht nur die rein technischen Aspekte eines Projekts zu ber\u00fccksichtigen. Auch die Bed\u00fcrfnisse und Erwartungen der Benutzer:innen m\u00fcssen im Blick behalten werden. Die Nutzerzentriertheit wurde als Schl\u00fcsselprinzip f\u00fcr den Erfolg jedes Produkts oder jeder Dienstleistung dargestellt.<\/p>\n\n\n\n<p>Insgesamt unterstrich dieser Vortrag die Tatsache, dass erfolgreiche Innovation nicht nur auf technischem Know-how beruht. Ein tiefes Verst\u00e4ndnis f\u00fcr die Bed\u00fcrfnisse und W\u00fcnsche der Benutzer:innen ist wichtig. Dieses Verst\u00e4ndnis bildet die Grundlage f\u00fcr die Entwicklung von Produkten und Dienstleistungen, die nicht nur funktional sind, sondern auch eine positive und effektive Nutzererfahrung bieten. In einer zunehmend wettbewerbsorientierten Gesch\u00e4ftswelt ist die Beachtung der User Experience somit von entscheidender Bedeutung f\u00fcr den langfristigen Erfolg eines Unternehmens.<\/p>\n\n\n\n<figure class=\"wp-block-image size-large\"><img loading=\"lazy\" decoding=\"async\" width=\"1090\" height=\"613\" src=\"https:\/\/www.d-velop.de\/blog\/wp-content\/uploads\/2023\/09\/d-velop-tech-con-teilnehmende-1090x613.jpg\" alt=\"Bild zeigt Teilnhemer:innen bei der d.velop tech con\" class=\"wp-image-43648\" srcset=\"https:\/\/www.d-velop.de\/blog\/wp-content\/uploads\/2023\/09\/d-velop-tech-con-teilnehmende-1090x613.jpg 1090w, https:\/\/www.d-velop.de\/blog\/wp-content\/uploads\/2023\/09\/d-velop-tech-con-teilnehmende-600x338.jpg 600w, https:\/\/www.d-velop.de\/blog\/wp-content\/uploads\/2023\/09\/d-velop-tech-con-teilnehmende-768x432.jpg 768w, https:\/\/www.d-velop.de\/blog\/wp-content\/uploads\/2023\/09\/d-velop-tech-con-teilnehmende.jpg 1200w\" sizes=\"auto, (max-width: 1090px) 100vw, 1090px\" \/><\/figure>\n\n\n\n<h2 class=\"wp-block-heading\" id=\"h-der-hackathon-kreativitat-und-zusammenarbeit\"><span class=\"ez-toc-section\" id=\"der-hackathon-kreativitaet-und-zusammenarbeit\"><\/span>Der Hackathon: Kreativit\u00e4t und Zusammenarbeit<span class=\"ez-toc-section-end\"><\/span><\/h2>\n\n\n\n<p>Zwischen den Vortr\u00e4gen hatten unsere Teams die Gelegenheit, ihre Kreativit\u00e4t im Rahmen eines Hackathons auszuleben. Insgesamt wurden 22 verschiedene Themen bearbeitet, die von aktuellen KI-Ans\u00e4tzen \u00fcber die Anwendung des neuen Wissens aus den Vortr\u00e4gen bis hin zu Effizienzverbesserungen im d.velop-Alltag reichten.<\/p>\n\n\n\n<p>Die Teilnehmerinnen und Teilnehmer tauchten in eine Welt der Ideen ein und arbeiteten in interdisziplin\u00e4ren Teams zusammen, um innovative L\u00f6sungen zu entwickeln. Dies f\u00f6rderte nicht nur den Wissensaustausch, sondern st\u00e4rkte auch den Teamgeist und die Zusammenarbeit.<\/p>\n\n\n\n<h2 class=\"wp-block-heading\" id=\"h-erkenntnisse-und-ausblick\"><span class=\"ez-toc-section\" id=\"erkenntnisse-und-ausblick\"><\/span>Erkenntnisse und Ausblick<span class=\"ez-toc-section-end\"><\/span><\/h2>\n\n\n\n<p>Die d.velop tech con war ein gro\u00dfer Erfolg und wird sicherlich nicht die letzte ihrer Art sein. Einige der wichtigsten Erkenntnisse, die aus dieser Veranstaltung gewonnen wurden, sind:<\/p>\n\n\n\n<ol class=\"wp-block-list\">\n<li><strong>Fehlerkultur<\/strong>: Jeder macht Fehler, und das ist in Ordnung. Der entscheidende Punkt ist, aus ihnen zu lernen und nicht nach S\u00fcndenb\u00f6cken zu suchen. Eine offene Fehlerkultur f\u00f6rdert die Innovation und den gemeinsamen Fortschritt.<\/li>\n\n\n\n<li><strong>User Experience<\/strong>: Schon kleine Schritte in der Entwicklung k\u00f6nnen das Endergebnis erheblich aufwerten. Die Ber\u00fccksichtigung der Bed\u00fcrfnisse der Benutzer:innen sollte immer im Fokus stehen.<\/li>\n\n\n\n<li><strong>Kreativit\u00e4t<\/strong>: Kreativit\u00e4t ben\u00f6tigt Raum und regelm\u00e4\u00dfige Gelegenheiten, um sich zu entfalten. Die d.velop tech con bot genau diesen Raum und f\u00f6rderte die Entstehung neuer Ideen und L\u00f6sungen.<\/li>\n<\/ol>\n\n\n\n<figure class=\"wp-block-image size-large\"><img loading=\"lazy\" decoding=\"async\" width=\"1090\" height=\"613\" src=\"https:\/\/www.d-velop.de\/blog\/wp-content\/uploads\/2023\/09\/d-velop-tech-con-teilnehmende2-1090x613.jpg\" alt=\"Bild zeigt ebenfalls die Teilnehmer:innen der d.velop tech con\" class=\"wp-image-43649\" srcset=\"https:\/\/www.d-velop.de\/blog\/wp-content\/uploads\/2023\/09\/d-velop-tech-con-teilnehmende2-1090x613.jpg 1090w, https:\/\/www.d-velop.de\/blog\/wp-content\/uploads\/2023\/09\/d-velop-tech-con-teilnehmende2-600x338.jpg 600w, https:\/\/www.d-velop.de\/blog\/wp-content\/uploads\/2023\/09\/d-velop-tech-con-teilnehmende2-768x432.jpg 768w, https:\/\/www.d-velop.de\/blog\/wp-content\/uploads\/2023\/09\/d-velop-tech-con-teilnehmende2.jpg 1200w\" sizes=\"auto, (max-width: 1090px) 100vw, 1090px\" \/><\/figure>\n\n\n\n<p>Die Planungen f\u00fcr die d.velop tech con 2024 sind bereits in vollem Gange. Das Event wird sicherlich erneut eine Plattform f\u00fcr Innovation, Zusammenarbeit und Wissensaustausch bieten.<\/p>\n\n\n\n<p>Insgesamt war die erste d.velop tech con ein voller Erfolg und hinterlie\u00df einen nachhaltigen Eindruck bei den Teilnehmenden. Die Tech-Welt ist st\u00e4ndig im Wandel. Veranstaltungen wie diese sind entscheidend, um am Zahn der Zeit zu bleiben und gleichzeitig die eigene Kreativit\u00e4t zu entfalten. Wir sind gespannt auf das, was kommt und freuen uns schon jetzt auf die Fortsetzung dieser inspirierenden Reise im Jahr 2024.<\/p>\n","protected":false},"excerpt":{"rendered":"<p>In der vergangenen Woche fand am d.velop campus das erste Mal die d.velop tech con statt, eine spannende Kombination aus [&hellip;]<\/p>\n","protected":false},"author":70,"featured_media":43652,"comment_status":"closed","ping_status":"closed","sticky":false,"template":"","format":"standard","meta":{"footnotes":"","beyondwords_generate_audio":"","beyondwords_project_id":"","beyondwords_content_id":"","beyondwords_preview_token":"","beyondwords_player_content":"","beyondwords_player_style":"","beyondwords_language_id":"","beyondwords_title_voice_id":"","beyondwords_body_voice_id":"","beyondwords_summary_voice_id":"","beyondwords_error_message":"","beyondwords_disabled":"","beyondwords_delete_content":"","beyondwords_podcast_id":"","beyondwords_hash":"","publish_post_to_speechkit":"","speechkit_hash":"","speechkit_generate_audio":"","speechkit_project_id":"","speechkit_podcast_id":"","speechkit_error_message":"","speechkit_disabled":"","speechkit_access_key":"","speechkit_error":"","speechkit_info":"","speechkit_response":"","speechkit_retries":"","speechkit_status":"","speechkit_updated_at":"","_speechkit_link":"","_speechkit_text":""},"categories":[8],"tags":[],"class_list":["post-43647","post","type-post","status-publish","format-standard","has-post-thumbnail","hentry","category-unternehmen"],"acf":[],"yoast_head":"<!-- This site is optimized with the Yoast SEO Premium plugin v25.6 (Yoast SEO v25.6) - https:\/\/yoast.com\/wordpress\/plugins\/seo\/ -->\n<title>R\u00fcckblick auf die Premiere der d.velop tech con<\/title>\n<meta name=\"description\" content=\"Entdecke die Highlights der d.velop tech con, einer spannenden Kombination aus einer internen Tech-Konferenz und einem Hackathon. Jetzt lesen\" \/>\n<meta name=\"robots\" content=\"index, follow, max-snippet:-1, max-image-preview:large, max-video-preview:-1\" \/>\n<link rel=\"canonical\" href=\"https:\/\/www.d-velop.de\/blog\/unternehmen\/d-velop-tech-con\/\" \/>\n<meta property=\"og:locale\" content=\"de_DE\" \/>\n<meta property=\"og:type\" content=\"article\" \/>\n<meta property=\"og:title\" content=\"Innovation und Inspiration: R\u00fcckblick auf die Premiere der d.velop tech con\" \/>\n<meta property=\"og:description\" content=\"Entdecke die Highlights der d.velop tech con, einer spannenden Kombination aus einer internen Tech-Konferenz und einem Hackathon. Jetzt lesen\" \/>\n<meta property=\"og:url\" content=\"https:\/\/www.d-velop.de\/blog\/unternehmen\/d-velop-tech-con\/\" \/>\n<meta property=\"og:site_name\" content=\"d.velop blog\" \/>\n<meta property=\"article:publisher\" content=\"https:\/\/www.facebook.com\/d.velop.ag\/\" \/>\n<meta property=\"article:published_time\" content=\"2023-09-22T12:59:32+00:00\" \/>\n<meta property=\"article:modified_time\" content=\"2023-09-22T12:59:45+00:00\" \/>\n<meta property=\"og:image\" content=\"https:\/\/www.d-velop.de\/blog\/wp-content\/uploads\/2023\/09\/social-sharing-grafik-d-velop-tech-con.png\" \/>\n\t<meta property=\"og:image:width\" content=\"1200\" \/>\n\t<meta property=\"og:image:height\" content=\"628\" \/>\n\t<meta property=\"og:image:type\" content=\"image\/png\" \/>\n<meta name=\"author\" content=\"d.velop blog\" \/>\n<meta name=\"twitter:card\" content=\"summary_large_image\" \/>\n<meta name=\"twitter:creator\" content=\"@marvin.kronenfeld@d-velop.de\" \/>\n<meta name=\"twitter:site\" content=\"@d_velop\" \/>\n<meta name=\"twitter:label1\" content=\"Verfasst von\" \/>\n\t<meta name=\"twitter:data1\" content=\"d.velop blog\" \/>\n\t<meta name=\"twitter:label2\" content=\"Gesch\u00e4tzte Lesezeit\" \/>\n\t<meta name=\"twitter:data2\" content=\"4\u00a0Minuten\" \/>\n<script type=\"application\/ld+json\" class=\"yoast-schema-graph\">{\"@context\":\"https:\/\/schema.org\",\"@graph\":[{\"@type\":\"Article\",\"@id\":\"https:\/\/www.d-velop.de\/blog\/unternehmen\/d-velop-tech-con\/#article\",\"isPartOf\":{\"@id\":\"https:\/\/www.d-velop.de\/blog\/unternehmen\/d-velop-tech-con\/\"},\"author\":{\"name\":\"d.velop blog\",\"@id\":\"https:\/\/www.d-velop.de\/blog\/#\/schema\/person\/f123b8f175d12c019d486b10c9b0050e\"},\"headline\":\"Innovation und Inspiration: R\u00fcckblick auf die Premiere der d.velop tech con\",\"datePublished\":\"2023-09-22T12:59:32+00:00\",\"dateModified\":\"2023-09-22T12:59:45+00:00\",\"mainEntityOfPage\":{\"@id\":\"https:\/\/www.d-velop.de\/blog\/unternehmen\/d-velop-tech-con\/\"},\"wordCount\":697,\"publisher\":{\"@id\":\"https:\/\/www.d-velop.de\/blog\/#organization\"},\"image\":{\"@id\":\"https:\/\/www.d-velop.de\/blog\/unternehmen\/d-velop-tech-con\/#primaryimage\"},\"thumbnailUrl\":\"https:\/\/www.d-velop.de\/blog\/wp-content\/uploads\/2023\/09\/beitragsbild-d-velop-tech-con.jpg\",\"articleSection\":[\"d.velop (er)leben\"],\"inLanguage\":\"de\"},{\"@type\":\"WebPage\",\"@id\":\"https:\/\/www.d-velop.de\/blog\/unternehmen\/d-velop-tech-con\/\",\"url\":\"https:\/\/www.d-velop.de\/blog\/unternehmen\/d-velop-tech-con\/\",\"name\":\"R\u00fcckblick auf die Premiere der d.velop tech con\",\"isPartOf\":{\"@id\":\"https:\/\/www.d-velop.de\/blog\/#website\"},\"primaryImageOfPage\":{\"@id\":\"https:\/\/www.d-velop.de\/blog\/unternehmen\/d-velop-tech-con\/#primaryimage\"},\"image\":{\"@id\":\"https:\/\/www.d-velop.de\/blog\/unternehmen\/d-velop-tech-con\/#primaryimage\"},\"thumbnailUrl\":\"https:\/\/www.d-velop.de\/blog\/wp-content\/uploads\/2023\/09\/beitragsbild-d-velop-tech-con.jpg\",\"datePublished\":\"2023-09-22T12:59:32+00:00\",\"dateModified\":\"2023-09-22T12:59:45+00:00\",\"description\":\"Entdecke die Highlights der d.velop tech con, einer spannenden Kombination aus einer internen Tech-Konferenz und einem Hackathon. Jetzt lesen\",\"breadcrumb\":{\"@id\":\"https:\/\/www.d-velop.de\/blog\/unternehmen\/d-velop-tech-con\/#breadcrumb\"},\"inLanguage\":\"de\",\"potentialAction\":[{\"@type\":\"ReadAction\",\"target\":[\"https:\/\/www.d-velop.de\/blog\/unternehmen\/d-velop-tech-con\/\"]}]},{\"@type\":\"ImageObject\",\"inLanguage\":\"de\",\"@id\":\"https:\/\/www.d-velop.de\/blog\/unternehmen\/d-velop-tech-con\/#primaryimage\",\"url\":\"https:\/\/www.d-velop.de\/blog\/wp-content\/uploads\/2023\/09\/beitragsbild-d-velop-tech-con.jpg\",\"contentUrl\":\"https:\/\/www.d-velop.de\/blog\/wp-content\/uploads\/2023\/09\/beitragsbild-d-velop-tech-con.jpg\",\"width\":2000,\"height\":666,\"caption\":\"Beitragsbild d.velop tech con\"},{\"@type\":\"BreadcrumbList\",\"@id\":\"https:\/\/www.d-velop.de\/blog\/unternehmen\/d-velop-tech-con\/#breadcrumb\",\"itemListElement\":[{\"@type\":\"ListItem\",\"position\":1,\"name\":\"Startseite\",\"item\":\"https:\/\/www.d-velop.de\/blog\/\"},{\"@type\":\"ListItem\",\"position\":2,\"name\":\"Innovation und Inspiration: R\u00fcckblick auf die Premiere der d.velop tech con\"}]},{\"@type\":\"WebSite\",\"@id\":\"https:\/\/www.d-velop.de\/blog\/#website\",\"url\":\"https:\/\/www.d-velop.de\/blog\/\",\"name\":\"d.velop blog\",\"description\":\"Digitalisierung, Dokumentenmanagement und rund um d.velop\",\"publisher\":{\"@id\":\"https:\/\/www.d-velop.de\/blog\/#organization\"},\"potentialAction\":[{\"@type\":\"SearchAction\",\"target\":{\"@type\":\"EntryPoint\",\"urlTemplate\":\"https:\/\/www.d-velop.de\/blog\/?s={search_term_string}\"},\"query-input\":{\"@type\":\"PropertyValueSpecification\",\"valueRequired\":true,\"valueName\":\"search_term_string\"}}],\"inLanguage\":\"de\"},{\"@type\":\"Organization\",\"@id\":\"https:\/\/www.d-velop.de\/blog\/#organization\",\"name\":\"d.velop Gruppe\",\"url\":\"https:\/\/www.d-velop.de\/blog\/\",\"logo\":{\"@type\":\"ImageObject\",\"inLanguage\":\"de\",\"@id\":\"https:\/\/www.d-velop.de\/blog\/#\/schema\/logo\/image\/\",\"url\":\"https:\/\/www.d-velop.de\/blog\/wp-content\/uploads\/2018\/12\/dvelop-blog-logo-invers.jpg\",\"contentUrl\":\"https:\/\/www.d-velop.de\/blog\/wp-content\/uploads\/2018\/12\/dvelop-blog-logo-invers.jpg\",\"width\":350,\"height\":350,\"caption\":\"d.velop Gruppe\"},\"image\":{\"@id\":\"https:\/\/www.d-velop.de\/blog\/#\/schema\/logo\/image\/\"},\"sameAs\":[\"https:\/\/www.facebook.com\/d.velop.ag\/\",\"https:\/\/x.com\/d_velop\",\"https:\/\/de.linkedin.com\/company\/d-velop\",\"https:\/\/www.xing.com\/pages\/d-velopag\",\"https:\/\/www.instagram.com\/d.velop_group\/\"]},{\"@type\":\"Person\",\"@id\":\"https:\/\/www.d-velop.de\/blog\/#\/schema\/person\/f123b8f175d12c019d486b10c9b0050e\",\"name\":\"d.velop blog\",\"image\":{\"@type\":\"ImageObject\",\"inLanguage\":\"de\",\"@id\":\"https:\/\/www.d-velop.de\/blog\/#\/schema\/person\/image\/\",\"url\":\"https:\/\/www.d-velop.de\/blog\/wp-content\/uploads\/2018\/12\/dvelop-blog-logo-invers-150x150.jpg\",\"contentUrl\":\"https:\/\/www.d-velop.de\/blog\/wp-content\/uploads\/2018\/12\/dvelop-blog-logo-invers-150x150.jpg\",\"caption\":\"d.velop blog\"},\"sameAs\":[\"http:\/\/www.d-velop.de\/blog\",\"https:\/\/www.linkedin.com\/company\/d.velop-ag\/\",\"https:\/\/x.com\/marvin.kronenfeld@d-velop.de\"],\"url\":\"https:\/\/www.d-velop.de\/blog\/author\/d-velop-blog\/\"}]}<\/script>\n<!-- \/ Yoast SEO Premium plugin. -->","yoast_head_json":{"title":"R\u00fcckblick auf die Premiere der d.velop tech con","description":"Entdecke die Highlights der d.velop tech con, einer spannenden Kombination aus einer internen Tech-Konferenz und einem Hackathon. Jetzt lesen","robots":{"index":"index","follow":"follow","max-snippet":"max-snippet:-1","max-image-preview":"max-image-preview:large","max-video-preview":"max-video-preview:-1"},"canonical":"https:\/\/www.d-velop.de\/blog\/unternehmen\/d-velop-tech-con\/","og_locale":"de_DE","og_type":"article","og_title":"Innovation und Inspiration: R\u00fcckblick auf die Premiere der d.velop tech con","og_description":"Entdecke die Highlights der d.velop tech con, einer spannenden Kombination aus einer internen Tech-Konferenz und einem Hackathon. Jetzt lesen","og_url":"https:\/\/www.d-velop.de\/blog\/unternehmen\/d-velop-tech-con\/","og_site_name":"d.velop blog","article_publisher":"https:\/\/www.facebook.com\/d.velop.ag\/","article_published_time":"2023-09-22T12:59:32+00:00","article_modified_time":"2023-09-22T12:59:45+00:00","og_image":[{"width":1200,"height":628,"url":"https:\/\/www.d-velop.de\/blog\/wp-content\/uploads\/2023\/09\/social-sharing-grafik-d-velop-tech-con.png","type":"image\/png"}],"author":"d.velop blog","twitter_card":"summary_large_image","twitter_creator":"@marvin.kronenfeld@d-velop.de","twitter_site":"@d_velop","twitter_misc":{"Verfasst von":"d.velop blog","Gesch\u00e4tzte Lesezeit":"4\u00a0Minuten"},"schema":{"@context":"https:\/\/schema.org","@graph":[{"@type":"Article","@id":"https:\/\/www.d-velop.de\/blog\/unternehmen\/d-velop-tech-con\/#article","isPartOf":{"@id":"https:\/\/www.d-velop.de\/blog\/unternehmen\/d-velop-tech-con\/"},"author":{"name":"d.velop blog","@id":"https:\/\/www.d-velop.de\/blog\/#\/schema\/person\/f123b8f175d12c019d486b10c9b0050e"},"headline":"Innovation und Inspiration: R\u00fcckblick auf die Premiere der d.velop tech con","datePublished":"2023-09-22T12:59:32+00:00","dateModified":"2023-09-22T12:59:45+00:00","mainEntityOfPage":{"@id":"https:\/\/www.d-velop.de\/blog\/unternehmen\/d-velop-tech-con\/"},"wordCount":697,"publisher":{"@id":"https:\/\/www.d-velop.de\/blog\/#organization"},"image":{"@id":"https:\/\/www.d-velop.de\/blog\/unternehmen\/d-velop-tech-con\/#primaryimage"},"thumbnailUrl":"https:\/\/www.d-velop.de\/blog\/wp-content\/uploads\/2023\/09\/beitragsbild-d-velop-tech-con.jpg","articleSection":["d.velop (er)leben"],"inLanguage":"de"},{"@type":"WebPage","@id":"https:\/\/www.d-velop.de\/blog\/unternehmen\/d-velop-tech-con\/","url":"https:\/\/www.d-velop.de\/blog\/unternehmen\/d-velop-tech-con\/","name":"R\u00fcckblick auf die Premiere der d.velop tech con","isPartOf":{"@id":"https:\/\/www.d-velop.de\/blog\/#website"},"primaryImageOfPage":{"@id":"https:\/\/www.d-velop.de\/blog\/unternehmen\/d-velop-tech-con\/#primaryimage"},"image":{"@id":"https:\/\/www.d-velop.de\/blog\/unternehmen\/d-velop-tech-con\/#primaryimage"},"thumbnailUrl":"https:\/\/www.d-velop.de\/blog\/wp-content\/uploads\/2023\/09\/beitragsbild-d-velop-tech-con.jpg","datePublished":"2023-09-22T12:59:32+00:00","dateModified":"2023-09-22T12:59:45+00:00","description":"Entdecke die Highlights der d.velop tech con, einer spannenden Kombination aus einer internen Tech-Konferenz und einem Hackathon. Jetzt lesen","breadcrumb":{"@id":"https:\/\/www.d-velop.de\/blog\/unternehmen\/d-velop-tech-con\/#breadcrumb"},"inLanguage":"de","potentialAction":[{"@type":"ReadAction","target":["https:\/\/www.d-velop.de\/blog\/unternehmen\/d-velop-tech-con\/"]}]},{"@type":"ImageObject","inLanguage":"de","@id":"https:\/\/www.d-velop.de\/blog\/unternehmen\/d-velop-tech-con\/#primaryimage","url":"https:\/\/www.d-velop.de\/blog\/wp-content\/uploads\/2023\/09\/beitragsbild-d-velop-tech-con.jpg","contentUrl":"https:\/\/www.d-velop.de\/blog\/wp-content\/uploads\/2023\/09\/beitragsbild-d-velop-tech-con.jpg","width":2000,"height":666,"caption":"Beitragsbild d.velop tech con"},{"@type":"BreadcrumbList","@id":"https:\/\/www.d-velop.de\/blog\/unternehmen\/d-velop-tech-con\/#breadcrumb","itemListElement":[{"@type":"ListItem","position":1,"name":"Startseite","item":"https:\/\/www.d-velop.de\/blog\/"},{"@type":"ListItem","position":2,"name":"Innovation und Inspiration: R\u00fcckblick auf die Premiere der d.velop tech con"}]},{"@type":"WebSite","@id":"https:\/\/www.d-velop.de\/blog\/#website","url":"https:\/\/www.d-velop.de\/blog\/","name":"d.velop blog","description":"Digitalisierung, Dokumentenmanagement und rund um d.velop","publisher":{"@id":"https:\/\/www.d-velop.de\/blog\/#organization"},"potentialAction":[{"@type":"SearchAction","target":{"@type":"EntryPoint","urlTemplate":"https:\/\/www.d-velop.de\/blog\/?s={search_term_string}"},"query-input":{"@type":"PropertyValueSpecification","valueRequired":true,"valueName":"search_term_string"}}],"inLanguage":"de"},{"@type":"Organization","@id":"https:\/\/www.d-velop.de\/blog\/#organization","name":"d.velop Gruppe","url":"https:\/\/www.d-velop.de\/blog\/","logo":{"@type":"ImageObject","inLanguage":"de","@id":"https:\/\/www.d-velop.de\/blog\/#\/schema\/logo\/image\/","url":"https:\/\/www.d-velop.de\/blog\/wp-content\/uploads\/2018\/12\/dvelop-blog-logo-invers.jpg","contentUrl":"https:\/\/www.d-velop.de\/blog\/wp-content\/uploads\/2018\/12\/dvelop-blog-logo-invers.jpg","width":350,"height":350,"caption":"d.velop Gruppe"},"image":{"@id":"https:\/\/www.d-velop.de\/blog\/#\/schema\/logo\/image\/"},"sameAs":["https:\/\/www.facebook.com\/d.velop.ag\/","https:\/\/x.com\/d_velop","https:\/\/de.linkedin.com\/company\/d-velop","https:\/\/www.xing.com\/pages\/d-velopag","https:\/\/www.instagram.com\/d.velop_group\/"]},{"@type":"Person","@id":"https:\/\/www.d-velop.de\/blog\/#\/schema\/person\/f123b8f175d12c019d486b10c9b0050e","name":"d.velop blog","image":{"@type":"ImageObject","inLanguage":"de","@id":"https:\/\/www.d-velop.de\/blog\/#\/schema\/person\/image\/","url":"https:\/\/www.d-velop.de\/blog\/wp-content\/uploads\/2018\/12\/dvelop-blog-logo-invers-150x150.jpg","contentUrl":"https:\/\/www.d-velop.de\/blog\/wp-content\/uploads\/2018\/12\/dvelop-blog-logo-invers-150x150.jpg","caption":"d.velop blog"},"sameAs":["http:\/\/www.d-velop.de\/blog","https:\/\/www.linkedin.com\/company\/d.velop-ag\/","https:\/\/x.com\/marvin.kronenfeld@d-velop.de"],"url":"https:\/\/www.d-velop.de\/blog\/author\/d-velop-blog\/"}]}},"_links":{"self":[{"href":"https:\/\/www.d-velop.de\/blog\/wp-json\/wp\/v2\/posts\/43647","targetHints":{"allow":["GET"]}}],"collection":[{"href":"https:\/\/www.d-velop.de\/blog\/wp-json\/wp\/v2\/posts"}],"about":[{"href":"https:\/\/www.d-velop.de\/blog\/wp-json\/wp\/v2\/types\/post"}],"author":[{"embeddable":true,"href":"https:\/\/www.d-velop.de\/blog\/wp-json\/wp\/v2\/users\/70"}],"replies":[{"embeddable":true,"href":"https:\/\/www.d-velop.de\/blog\/wp-json\/wp\/v2\/comments?post=43647"}],"version-history":[{"count":2,"href":"https:\/\/www.d-velop.de\/blog\/wp-json\/wp\/v2\/posts\/43647\/revisions"}],"predecessor-version":[{"id":43658,"href":"https:\/\/www.d-velop.de\/blog\/wp-json\/wp\/v2\/posts\/43647\/revisions\/43658"}],"wp:featuredmedia":[{"embeddable":true,"href":"https:\/\/www.d-velop.de\/blog\/wp-json\/wp\/v2\/media\/43652"}],"wp:attachment":[{"href":"https:\/\/www.d-velop.de\/blog\/wp-json\/wp\/v2\/media?parent=43647"}],"wp:term":[{"taxonomy":"category","embeddable":true,"href":"https:\/\/www.d-velop.de\/blog\/wp-json\/wp\/v2\/categories?post=43647"},{"taxonomy":"post_tag","embeddable":true,"href":"https:\/\/www.d-velop.de\/blog\/wp-json\/wp\/v2\/tags?post=43647"}],"curies":[{"name":"wp","href":"https:\/\/api.w.org\/{rel}","templated":true}]}}