{"id":47376,"date":"2024-03-08T09:46:05","date_gmt":"2024-03-08T08:46:05","guid":{"rendered":"https:\/\/www.d-velop.de\/blog\/?p=47376"},"modified":"2025-02-28T14:27:54","modified_gmt":"2025-02-28T13:27:54","slug":"sis-pflege","status":"publish","type":"post","link":"https:\/\/www.d-velop.de\/blog\/branchenprozesse\/sis-pflege\/","title":{"rendered":"SIS Pflege: Mehr Zeit f\u00fcrs Wesentliche durch einfache und digitale Pflegedokumentation"},"content":{"rendered":"\n<p data-beyondwords-marker=\"a10899bb-d9fe-42ca-9e7f-269024ca7964\">Die SIS in der Pflege (strukturierte Informationssammlung) ist ein Instrument der Entb\u00fcrokratisierung. Pflegedokumentation ist wichtig, um das Vorgehen zu begr\u00fcnden und nachvollziehbar zu machen. Die SIS ist ein wichtiges Tool, um Pflegebed\u00fcrftige individuell zu betrachten und sie selbst einzubeziehen. Wie es zur Einf\u00fchrung der SIS Pflegedokumentation kam, wie sie strukturiert ist und wie du dem Zettelchaos durch Digitalisierung entgegenwirken kannst, erf\u00e4hrst du in diesem Beitrag.<\/p>\n\n\n\n<h2 data-beyondwords-marker=\"f66d19c0-3c38-4ea4-bdd7-341f0b176762\" class=\"wp-block-heading\" id=\"h-sis-lost-abedl-ab\"><span class=\"ez-toc-section\" id=\"sis-loest-abedl-ab\"><\/span>SIS l\u00f6st ABEDL ab<span class=\"ez-toc-section-end\"><\/span><\/h2>\n\n\n\n<p data-beyondwords-marker=\"4672844b-4f61-43c9-a94d-67f66a50b7f4\">Die SIS in der Pflege ist der Nachfolger des ABEDL-Systems. In den 80er\/90er-Jahren entwickelte die Pflegewissenschaftlerin Monika Krohwinkel das ABEDL-System. Die Abk\u00fcrzung ABEDL steht f\u00fcr \u201eAktivit\u00e4ten, soziale Beziehungen und existenzielle Erfahrungen des Lebens\u201c. Die \u201esozialen Beziehungen\u201c wurden dem System erst Ende der 90er-Jahre hinzugef\u00fcgt. Zuvor lautete die Abk\u00fcrzung AEDL. Die Abk\u00fcrzung wurde dann im Nachgang um das \u201eB\u201c erweitert.<\/p>\n\n\n\n<p data-beyondwords-marker=\"eaabf72c-c228-4e96-a8e7-b3d6f2416d5c\">Das ABEDL-System umfasst ganze 13 Kategorien und wurde vom Pflegepersonal als zu umfangreich, b\u00fcrokratisch und ineffizient empfunden. Um das Konzept zu vereinfachen und gleichzeitig ein vollst\u00e4ndiges und vor allem individuelles Bild der zu pflegenden Person zu erhalten, wurde dieses System durch die SIS abgel\u00f6st. Nachdem man das neue Konzept in der Praxis erfolgreich getestet und als umsetzbar befunden hatte, f\u00fchrte man es 2015 bundesweit ein.<\/p>\n\n\n\n<h2 data-beyondwords-marker=\"c9ec26ad-6b76-486f-8c51-96efc0284a75\" class=\"wp-block-heading\" id=\"h-was-ist-die-sis-pflegedokumentation\"><span class=\"ez-toc-section\" id=\"was-ist-die-sis-pflegedokumentation\"><\/span>Was ist die SIS Pflegedokumentation?<span class=\"ez-toc-section-end\"><\/span><\/h2>\n\n\n\n<p data-beyondwords-marker=\"370f9aa8-05e5-4903-b137-afc69d83b625\">Man verwendet eine Pflegedokumentation im Allgemeinen, um Behandlungs- und Pflegeschritte festzuhalten und ein nachvollziehbares Vorgehen sicherzustellen. Zu Beginn ermittelt man den Ist-Zustand des Pflegebed\u00fcrftigen. Anschlie\u00dfend dokumentiert man, welche Schritte unternommen wurden, um den Zustand zu verbessern und die Heilung zu unterst\u00fctzen. Au\u00dferdem kann die Dokumentation dazu dienen, die Lebensgewohnheiten und W\u00fcnsche der pflegebed\u00fcrftigen Person zu ber\u00fccksichtigen.<\/p>\n\n\n\n<div data-beyondwords-marker=\"3e545baa-4dea-4272-a9d6-e4fb16f57053\" class=\"wp-block-group is-style-info-explanation\"><div class=\"wp-block-group__inner-container is-layout-constrained wp-block-group-is-layout-constrained\">\n<h3 data-beyondwords-marker=\"cb1a58e2-b444-44bb-8c2a-bc1885f9c795\" class=\"wp-block-heading\" id=\"h-definition-sis-in-der-pflege\">Definition SIS in der Pflege<\/h3>\n\n\n\n<p data-beyondwords-marker=\"b6e7e290-3c6a-4f96-ac75-986230082916\">Die SIS ist ein Instrument zur Pflegeplanung und Pflegedokumentation. Sie erm\u00f6glicht die ganzheitliche Sichtweise auf den Pflegebedarf einer Person, indem sie Selbsteinsch\u00e4tzung und fachliche Einsch\u00e4tzung kombiniert. Die SIS kann in der station\u00e4ren, ambulanten, Tages- und Kurzzeitpflege eingesetzt werden.<\/p>\n<\/div><\/div>\n\n\n\n<h2 data-beyondwords-marker=\"14c009f6-cbb1-480d-ac1a-a7db6608a97f\" class=\"wp-block-heading\" id=\"h-sis-als-erstes-element-eines-4-stufigen-pflegeprozesses\"><span class=\"ez-toc-section\" id=\"sis-als-erstes-element-eines-4-stufigen-pflegeprozesses\"><\/span>SIS als erstes Element eines 4-stufigen Pflegeprozesses<span class=\"ez-toc-section-end\"><\/span><\/h2>\n\n\n\n<p data-beyondwords-marker=\"b54df516-ad94-4535-9a56-9869505d8257\">Die strukturierte Informationssammlung bildet das erste Element eines 4-stufigen Pflegeprozesses. Das \u00fcbergeordnete Ziel: Eine Pflegeplanerstellung, die individuelle Bed\u00fcrfnisse bestm\u00f6glich abdeckt. Der 4-stufige Pflegeprozess sieht folgend aus:<\/p>\n\n\n\n<ol data-beyondwords-marker=\"692ccf49-278f-4730-8be9-ff342ac4a5d7\" class=\"wp-block-list\">\n<li data-beyondwords-marker=\"05c621e3-f402-4e93-8c2d-eb0e3861f97a\">Strukturierte Informationssammlung (SIS)<\/li>\n\n\n\n<li data-beyondwords-marker=\"558c5dbb-3745-4232-8f83-43507d6f88ee\">Individuelle Ma\u00dfnahmen, die sich aus der SIS ableiten lassen<\/li>\n\n\n\n<li data-beyondwords-marker=\"0c989be7-d781-4d99-a4db-d0f8b6d640a4\">Berichteblatt mit Augenmerk auf die Abweichung vom Ma\u00dfnahmenplan<\/li>\n\n\n\n<li data-beyondwords-marker=\"38b4c5f4-b345-401c-b412-69c311dc642a\">Evaluation durch Fragestellungen aus der SIS<\/li>\n<\/ol>\n\n\n\n<figure data-beyondwords-marker=\"58f7a8f7-0772-402b-b7e0-2de5cf7b3305\" class=\"wp-block-image size-large\"><img loading=\"lazy\" decoding=\"async\" width=\"1090\" height=\"324\" src=\"https:\/\/www.d-velop.de\/blog\/wp-content\/uploads\/2024\/03\/4-stufiger-pflegeprozess-1090x324.png\" alt=\"Infografik zeigt 4 stufigen Pflegeprozess\" class=\"wp-image-47377\" srcset=\"https:\/\/www.d-velop.de\/blog\/wp-content\/uploads\/2024\/03\/4-stufiger-pflegeprozess-1090x324.png 1090w, https:\/\/www.d-velop.de\/blog\/wp-content\/uploads\/2024\/03\/4-stufiger-pflegeprozess-600x178.png 600w, https:\/\/www.d-velop.de\/blog\/wp-content\/uploads\/2024\/03\/4-stufiger-pflegeprozess-768x228.png 768w, https:\/\/www.d-velop.de\/blog\/wp-content\/uploads\/2024\/03\/4-stufiger-pflegeprozess-1536x456.png 1536w, https:\/\/www.d-velop.de\/blog\/wp-content\/uploads\/2024\/03\/4-stufiger-pflegeprozess-1920x570.png 1920w, https:\/\/www.d-velop.de\/blog\/wp-content\/uploads\/2024\/03\/4-stufiger-pflegeprozess.png 2000w\" sizes=\"auto, (max-width: 1090px) 100vw, 1090px\" \/><\/figure>\n\n\n\n<h3 data-beyondwords-marker=\"b19c0cba-7812-45b2-a8f1-9a641138794c\" class=\"wp-block-heading\" id=\"h-strukturierte-informationssammlung\">Strukturierte Informationssammlung<\/h3>\n\n\n\n<p data-beyondwords-marker=\"1988e4ab-606a-4370-97f0-2618bc383557\">Zun\u00e4chst sammelt man Informationen \u00fcber die zu pflegende Person innerhalb eines offenen Gespr\u00e4chs. Die Angaben k\u00f6nnen nach dem Bundesministerium f\u00fcr Gesundheit in f\u00fcnf (bzw. 6) Themenfelder untergliedert werden. Diese sehen folgend aus:<\/p>\n\n\n\n<ul data-beyondwords-marker=\"4518f671-d682-428c-8f85-f9365a749cc1\" class=\"wp-block-list\">\n<li data-beyondwords-marker=\"afe51e6d-6d01-4c0c-a4d4-19f72e033cc0\">Kognition und Kommunikation<\/li>\n\n\n\n<li data-beyondwords-marker=\"b7447545-9754-4afe-ac0f-71ceced87086\">Mobilit\u00e4t und Bewegung<\/li>\n\n\n\n<li data-beyondwords-marker=\"e389ab88-1098-4c7c-afb4-4da9fe575dcf\">Krankheitsbezogene Anforderungen und Belastungen<\/li>\n\n\n\n<li data-beyondwords-marker=\"c4bbcbad-6ad2-444c-a779-2eff05a3b738\">Selbstversorgung<\/li>\n\n\n\n<li data-beyondwords-marker=\"53dd40c5-b5b9-4c67-a5a4-4729fb416f2d\">Leben in sozialen Beziehungen<\/li>\n\n\n\n<li data-beyondwords-marker=\"8b929a48-f4b4-40c4-945f-8d29374e8cae\">(Haushaltsf\u00fchrung bzw. Wohnen\/H\u00e4uslichkeit)<\/li>\n<\/ul>\n\n\n\n<p data-beyondwords-marker=\"a288efc1-b595-4e5f-ad83-0277a36fa001\">F\u00fcr eine SIS, die auf die ambulante Pflege abzielt, kann ein sechster Punkt \u201eHaushaltsf\u00fchrung\u201c hinzugef\u00fcgt werden. Zielt die SIS auf eine station\u00e4re Betreuung ab, erg\u00e4nzt man das Themenfeld \u201eWohnen\/H\u00e4uslichkeit\u201c.<\/p>\n\n\n\n<h3 data-beyondwords-marker=\"deac6d84-a37f-48a0-8e7c-8844d0f52200\" class=\"wp-block-heading\" id=\"h-pflegebedurftige-werden-zu-einem-offenen-gesprach-eingeladen\">Pflegebed\u00fcrftige werden zu einem offenen Gespr\u00e4ch eingeladen<\/h3>\n\n\n\n<p data-beyondwords-marker=\"b7ee094e-a371-48d7-b1d6-4eed203c0127\">Die SIS Pflegedokumentation wird anhand eines Gespr\u00e4chs mit der pflegebed\u00fcrftigen Person ermittelt. Wichtig sind offene Fragen, die sich nicht nur mit \u201eja\u201c oder \u201enein\u201c beantworten lassen, beispielsweise \u201ewie f\u00fchlen Sie sich gerade?\u201c. Es handelt sich zun\u00e4chst um eine Selbsteinsch\u00e4tzung der pflegebed\u00fcrftigen Person. Das Ziel des Gespr\u00e4chs ist es, eine gute Dokumentation inkl. tiefgehender Informationen des Ist-Zustands anzufertigen. Typischerweise wird die SIS in der Pflege innerhalb eines Erst- bzw. Aufnahmegespr\u00e4chs gemacht.<\/p>\n\n\n\n<p data-beyondwords-marker=\"11c0e6bf-15b4-4793-a81c-bc1b4f0bc9fa\">Anhand der Informationssammlung (Selbsteinsch\u00e4tzung gepaart mit fachlicher Einsch\u00e4tzung) kann eine Analyse durchgef\u00fchrt und eine Risikomatrix erstellt werden. Auf deren Basis werden individuelle Pflegema\u00dfnahmen und Handlungsbedarfe abgeleitet. Beispielsweise gibt Punkt 2. \u201eMobilit\u00e4t und Bewegung\u201c Aufschluss dar\u00fcber, wie hoch die Sturzgefahr ist.<\/p>\n\n\n\n<h2 data-beyondwords-marker=\"e9ae4b2f-5714-4b63-9ad2-16e9e9a45221\" class=\"wp-block-heading\" id=\"h-der-aufbau-der-sis-in-der-pflege-nbsp\"><span class=\"ez-toc-section\" id=\"der-aufbau-der-sis-in-der-pflege\"><\/span>Der Aufbau der SIS in der Pflege&nbsp;<span class=\"ez-toc-section-end\"><\/span><\/h2>\n\n\n\n<p data-beyondwords-marker=\"38519692-08af-416e-b32a-234f94fd6305\">Das Gespr\u00e4ch zwischen Pfleger und Pflegebed\u00fcrftigem wird in schriftlicher Form dokumentiert. Die Dokumentation kann folgend aussehen:&nbsp;<\/p>\n\n\n\n<ul data-beyondwords-marker=\"740dd4d5-cb06-4c11-bf32-a81ceac19dbd\" class=\"wp-block-list\">\n<li data-beyondwords-marker=\"9d667c42-77ff-4078-9550-e62475a593ea\"><strong>Feld A<\/strong>: Die wichtigsten (Stamm)Daten wie Name, Datum und ob es sich um ein Erst- oder Folgegespr\u00e4ch handelt, werden festgehalten.&nbsp;<\/li>\n\n\n\n<li data-beyondwords-marker=\"473904f5-de3e-427c-8a3d-9f1ad4074af2\"><strong>Feld B<\/strong>: Die Selbsteinsch\u00e4tzung des Pflegebed\u00fcrftigen wird anhand eines offenen Gespr\u00e4chs eingeholt. Bei der Dokumentation ist es wichtig, zu zitieren oder zumindest den Wortlaut zu verschriftlichen. Hier kann die pflegebed\u00fcrftige Person ihre Gewohnheiten, F\u00e4higkeiten sowie W\u00fcnsche \u00e4u\u00dfern.<\/li>\n\n\n\n<li data-beyondwords-marker=\"9a742b80-3d79-4608-af75-873973526208\"><strong>Feld C1<\/strong>: Hier wird die fachliche Einsch\u00e4tzung der Pflegekraft niedergeschrieben, diese orientiert sich an den 6 SIS-Themenbereichen.&nbsp;<\/li>\n\n\n\n<li data-beyondwords-marker=\"d229f5d0-2c5d-42aa-a3db-eed69c8147c7\"><strong>Feld C2<\/strong>: Jetzt erstellt man eine Risikomatrix, die die Informationen der Selbsteinsch\u00e4tzung sowie der fachlichen Einsch\u00e4tzung enth\u00e4lt (Felder B und C1). Die Risikomatrix umfasst die folgenden Themen: Dekubitus, Sturz, Inkontinenz, Schmerz und Ern\u00e4hrung.&nbsp;<\/li>\n<\/ul>\n\n\n\n<h2 data-beyondwords-marker=\"8ddf18cf-6ac7-4f3f-bcc9-9557e7790986\" class=\"wp-block-heading\" id=\"h-dokumente-strukturiert-und-digital-verwalten\"><span class=\"ez-toc-section\" id=\"dokumente-strukturiert-und-digital-verwalten\"><\/span>Dokumente strukturiert und digital verwalten<span class=\"ez-toc-section-end\"><\/span><\/h2>\n\n\n\n<p data-beyondwords-marker=\"3d6809c8-6662-4a09-9002-7fbc379c0c0f\">Neben der strukturierten Pflegedokumentation ist ebenfalls eine organisierte Ablage von Dokumenten wichtig. <a href=\"https:\/\/www.d-velop.de\/software\/dokumentenmanagement-system\" target=\"_blank\" rel=\"noreferrer noopener\">Dokumentenmanagement-Systeme<\/a> (kurz DMS) k\u00f6nnen Abhilfe schaffen. Die SIS Pflegedokumentation sowie weitere personenbezogene Dokumente k\u00f6nnen dort <a href=\"https:\/\/www.d-velop.de\/blog\/compliance\/revisionssicherheit-was-bedeutet-das-und-wie-archiviere-ich-revisionssicher\/\">revisionssicher<\/a> und strukturiert abgelegt werden. Dazu bietet sich die automatische Einsortierung in Klienten-, Bewohner- bzw. Patientenakten an. Dabei ist egal, ob die Pflegedokumentation handschriftlich auf Papier oder bereits als digitales Dokument vorliegt. Denn man kann auch analoge Dokumente problemlos als Scan in die digitale Welt \u00fcberf\u00fchren.<\/p>\n\n\n\n<p data-beyondwords-marker=\"0b495f91-3373-4f5c-8ecd-68bb49f59665\">Man kann die SIS Pflegedokumentation allerdings auch direkt digital erstellen. Das geht beispielsweise mit dem <a href=\"https:\/\/store.d-velop.com\/de\/d.velop-process-studio\/10003304.1\">d.velop process studio<\/a>. Das d.velop process studio bietet die M\u00f6glichkeit Formulare, ohne Programmierkenntnisse, zu erstellen. Man kann den SIS Bogen gleicherma\u00dfen inklusive der verschiedenen Farben und der Risikomatrix abbilden. Nach Ausf\u00fcllen des Bogens wird daraus ein PDF generiert, welches automatisiert in die jeweilige Klientenakte geschoben wird.<\/p>\n\n\n\n<p data-beyondwords-marker=\"d02a15b6-9db4-407c-918b-30cc0d90e70b\">Die unten stehende Grafik zeigt exemplarisch, wie der SIS Bogen digital und mobil aussehen k\u00f6nnte.<\/p>\n\n\n\n<figure data-beyondwords-marker=\"1518db25-e5f5-4467-890d-bb06b42357a5\" class=\"wp-block-image size-large\"><img loading=\"lazy\" decoding=\"async\" width=\"1054\" height=\"1090\" src=\"https:\/\/www.d-velop.de\/blog\/wp-content\/uploads\/2024\/03\/digitaler-sis-bogen-1054x1090.png\" alt=\"Infografik zeigt digitalen SIS Pflege Bogen\" class=\"wp-image-47378\" srcset=\"https:\/\/www.d-velop.de\/blog\/wp-content\/uploads\/2024\/03\/digitaler-sis-bogen-1054x1090.png 1054w, https:\/\/www.d-velop.de\/blog\/wp-content\/uploads\/2024\/03\/digitaler-sis-bogen-580x600.png 580w, https:\/\/www.d-velop.de\/blog\/wp-content\/uploads\/2024\/03\/digitaler-sis-bogen-768x794.png 768w, https:\/\/www.d-velop.de\/blog\/wp-content\/uploads\/2024\/03\/digitaler-sis-bogen.png 1225w\" sizes=\"auto, (max-width: 1054px) 100vw, 1054px\" \/><\/figure>\n\n\n\n<p data-beyondwords-marker=\"63503eeb-8996-4abb-83d7-9b08f3016714\">Der gro\u00dfe Vorteil von Dokumentenmanagement-Systemen: Die Volltextsuche vereinfacht das Suchen und Finden von Dokumenten und enthaltenen Angaben. Man kann Kollegen:innen ben\u00f6tigte Informationen kurzfristig und einfach zur Verf\u00fcgung stellen.<\/p>\n\n\n\n<div data-beyondwords-marker=\"db77b742-3ebe-47d1-99f6-e35b906e223c\" class=\"wp-block-group is-style-cta-whitepaper\"><div class=\"wp-block-group__inner-container is-layout-flow wp-block-group-is-layout-flow\">\n<p data-beyondwords-marker=\"23c9b848-861d-4679-9bb8-3594be8af6c1\"><strong>Prozesse digitalisieren:<\/strong> Mehr Zeit f\u00fcr\u2019s Wesentliche!<\/p>\n\n\n\n\t<div data-beyondwords-marker=\"7d7276f3-c67b-4117-b975-bd53d865ec65\" class=\"wp-block-buttons\">\n\t\t<div class=\"wp-block-button is-style-outline\">\n\t\t\t<a class=\"wp-block-button__link\" href=\"https:\/\/whitepaper.d-velop.de\/prozesse-digitalisieren-pflegeeinrichtung\/?utm_campaign=Sonstiges+-+d.velop+BLOG+-+01%2F2018&#038;utm_source=intern-blog-ger&#038;utm_medium=blogpost-sis-pflege&#038;utm_content=button\" target=\"_blank\">Jetzt lesen<\/a>\t\t<\/div>\n\t<\/div>\n\n\t<\/div><\/div>\n\n\n\n<h2 data-beyondwords-marker=\"278dd2a2-5eea-46fe-ab44-4b8973ee9a3f\" class=\"wp-block-heading\" id=\"h-fazit-sis-in-der-pflege\"><span class=\"ez-toc-section\" id=\"fazit-sis-in-der-pflege\"><\/span>Fazit SIS in der Pflege<span class=\"ez-toc-section-end\"><\/span><\/h2>\n\n\n\n<p data-beyondwords-marker=\"78f735ea-aa37-419d-969f-6eefa2d1ce75\">Die strukturierte Informationssammlung (SIS) dient der Entb\u00fcrokratisierung und ist der erste Schritt eines 4-stufigen Pflegeprozesses. Die zu pflegende Person steht im Mittelpunkt, soll individuell betrachtet und ein Teil der Pflegeplanung werden. <a href=\"https:\/\/www.d-velop.de\/branchen\/gesundheitswesen\/pflege\" target=\"_blank\" rel=\"noreferrer noopener\">Digitalisierung in der Pflege<\/a> kann durch eine elektronische SIS vorangetrieben werden. Die digitale SIS ist eine M\u00f6glichkeit dem Zettelchaos entgegenzuwirken und neben der vereinfachten Erhebung eine organisierte Ablage zu gew\u00e4hrleisten.<\/p>\n\n\n\n<div data-beyondwords-marker=\"b15e3b82-57c0-4643-bca5-b5f8d3819725\" class=\"wp-block-group is-style-cta\"><div class=\"wp-block-group__inner-container is-layout-constrained wp-block-group-is-layout-constrained\">\n<h3 data-beyondwords-marker=\"dba01c48-5e3a-4598-9917-8dc472493fc4\" class=\"wp-block-heading\" id=\"h-deine-fragen-zum-digitalen-sis-bogen-beantworten-wir-gerne-innerhalb-einer-individuellen-demo\">Deine Fragen zum digitalen SIS Bogen beantworten wir gerne innerhalb einer individuellen Demo<\/h3>\n\n\n\n\t<div data-beyondwords-marker=\"b1862dfe-40ab-4d5f-9b23-1aacab0ac3b3\" class=\"wp-block-buttons\">\n\t\t<div class=\"wp-block-button is-style-outline\">\n\t\t\t<a class=\"wp-block-button__link\" href=\"https:\/\/content.d-velop.de\/demo_pflegeeinrichtungen?utm_campaign=Sonstiges+-+d.velop+BLOG+-+01%2F2018&#038;utm_source=intern-blog-ger&#038;utm_medium=blogpost-sis-pflege&#038;utm_content=button\" target=\"_blank\">Jetzt Demo buchen<\/a>\t\t<\/div>\n\t<\/div>\n\n\t<\/div><\/div>\n","protected":false},"excerpt":{"rendered":"<p>Die SIS in der Pflege (strukturierte Informationssammlung) ist ein Instrument der Entb\u00fcrokratisierung. Pflegedokumentation ist wichtig, um das Vorgehen zu begr\u00fcnden [&hellip;]<\/p>\n","protected":false},"author":111,"featured_media":47393,"comment_status":"closed","ping_status":"closed","sticky":false,"template":"","format":"standard","meta":{"footnotes":"","beyondwords_generate_audio":"1","beyondwords_project_id":"23937","beyondwords_content_id":"1e15d407-a61b-4dfa-8dd4-8040afc3dcf3","beyondwords_preview_token":"","beyondwords_player_content":"","beyondwords_player_style":"","beyondwords_language_id":"","beyondwords_title_voice_id":"","beyondwords_body_voice_id":"","beyondwords_summary_voice_id":"","beyondwords_error_message":"","beyondwords_disabled":"1","beyondwords_delete_content":"","beyondwords_podcast_id":"1e15d407-a61b-4dfa-8dd4-8040afc3dcf3","beyondwords_hash":"","publish_post_to_speechkit":"","speechkit_hash":"","speechkit_generate_audio":"","speechkit_project_id":"","speechkit_podcast_id":"","speechkit_error_message":"","speechkit_disabled":"","speechkit_access_key":"","speechkit_error":"","speechkit_info":"","speechkit_response":"","speechkit_retries":"","speechkit_status":"","speechkit_updated_at":"","_speechkit_link":"","_speechkit_text":""},"categories":[6],"tags":[6509],"class_list":["post-47376","post","type-post","status-publish","format-standard","has-post-thumbnail","hentry","category-branchenprozesse","tag-gesundheitswesen"],"acf":[],"yoast_head":"<!-- This site is optimized with the Yoast SEO Premium plugin v25.6 (Yoast SEO v25.6) - https:\/\/yoast.com\/wordpress\/plugins\/seo\/ -->\n<title>SIS Pflege: Mehr Zeit f\u00fcrs Wesentliche durch digitale Pflegedokumentation<\/title>\n<meta name=\"description\" content=\"Erfahre alles \u00fcber die SIS in der Pflege: Entb\u00fcrokratisierung, individuelle Betrachtung von Pflegebed\u00fcrftigen und Digitalisierung. Jetzt lesen\" \/>\n<meta name=\"robots\" content=\"index, follow, max-snippet:-1, max-image-preview:large, max-video-preview:-1\" \/>\n<link rel=\"canonical\" href=\"https:\/\/www.d-velop.de\/blog\/branchenprozesse\/sis-pflege\/\" \/>\n<meta property=\"og:locale\" content=\"de_DE\" \/>\n<meta property=\"og:type\" content=\"article\" \/>\n<meta property=\"og:title\" content=\"SIS Pflege: Mehr Zeit f\u00fcrs Wesentliche durch einfache und digitale Pflegedokumentation\" \/>\n<meta property=\"og:description\" content=\"Erfahre alles \u00fcber die SIS in der Pflege: Entb\u00fcrokratisierung, individuelle Betrachtung von Pflegebed\u00fcrftigen und Digitalisierung. Jetzt lesen\" \/>\n<meta property=\"og:url\" content=\"https:\/\/www.d-velop.de\/blog\/branchenprozesse\/sis-pflege\/\" \/>\n<meta property=\"og:site_name\" content=\"d.velop blog\" \/>\n<meta property=\"article:publisher\" content=\"https:\/\/www.facebook.com\/d.velop.ag\/\" \/>\n<meta property=\"article:published_time\" content=\"2024-03-08T08:46:05+00:00\" \/>\n<meta property=\"article:modified_time\" content=\"2025-02-28T13:27:54+00:00\" \/>\n<meta property=\"og:image\" content=\"https:\/\/www.d-velop.de\/blog\/wp-content\/uploads\/2024\/03\/social-sharing-grafik-sis-pflege.jpg\" \/>\n\t<meta property=\"og:image:width\" content=\"1200\" \/>\n\t<meta property=\"og:image:height\" content=\"628\" \/>\n\t<meta property=\"og:image:type\" content=\"image\/jpeg\" \/>\n<meta name=\"author\" content=\"Katja Mattejat\" \/>\n<meta name=\"twitter:card\" content=\"summary_large_image\" \/>\n<meta name=\"twitter:creator\" content=\"@d_velop\" \/>\n<meta name=\"twitter:site\" content=\"@d_velop\" \/>\n<meta name=\"twitter:label1\" content=\"Verfasst von\" \/>\n\t<meta name=\"twitter:data1\" content=\"Katja Mattejat\" \/>\n\t<meta name=\"twitter:label2\" content=\"Gesch\u00e4tzte Lesezeit\" \/>\n\t<meta name=\"twitter:data2\" content=\"6\u00a0Minuten\" \/>\n<script type=\"application\/ld+json\" class=\"yoast-schema-graph\">{\"@context\":\"https:\/\/schema.org\",\"@graph\":[{\"@type\":\"Article\",\"@id\":\"https:\/\/www.d-velop.de\/blog\/branchenprozesse\/sis-pflege\/#article\",\"isPartOf\":{\"@id\":\"https:\/\/www.d-velop.de\/blog\/branchenprozesse\/sis-pflege\/\"},\"author\":{\"name\":\"Katja Mattejat\",\"@id\":\"https:\/\/www.d-velop.de\/blog\/#\/schema\/person\/c193af8a2d574308950627146e685faa\"},\"headline\":\"SIS Pflege: Mehr Zeit f\u00fcrs Wesentliche durch einfache und digitale Pflegedokumentation\",\"datePublished\":\"2024-03-08T08:46:05+00:00\",\"dateModified\":\"2025-02-28T13:27:54+00:00\",\"mainEntityOfPage\":{\"@id\":\"https:\/\/www.d-velop.de\/blog\/branchenprozesse\/sis-pflege\/\"},\"wordCount\":1061,\"publisher\":{\"@id\":\"https:\/\/www.d-velop.de\/blog\/#organization\"},\"image\":{\"@id\":\"https:\/\/www.d-velop.de\/blog\/branchenprozesse\/sis-pflege\/#primaryimage\"},\"thumbnailUrl\":\"https:\/\/www.d-velop.de\/blog\/wp-content\/uploads\/2024\/03\/beitragsbild-sis-pflege.jpg\",\"keywords\":[\"Gesundheitswesen\"],\"articleSection\":[\"Transformation von Branchen &amp; M\u00e4rkten\"],\"inLanguage\":\"de\"},{\"@type\":\"WebPage\",\"@id\":\"https:\/\/www.d-velop.de\/blog\/branchenprozesse\/sis-pflege\/\",\"url\":\"https:\/\/www.d-velop.de\/blog\/branchenprozesse\/sis-pflege\/\",\"name\":\"SIS Pflege: Mehr Zeit f\u00fcrs Wesentliche durch digitale Pflegedokumentation\",\"isPartOf\":{\"@id\":\"https:\/\/www.d-velop.de\/blog\/#website\"},\"primaryImageOfPage\":{\"@id\":\"https:\/\/www.d-velop.de\/blog\/branchenprozesse\/sis-pflege\/#primaryimage\"},\"image\":{\"@id\":\"https:\/\/www.d-velop.de\/blog\/branchenprozesse\/sis-pflege\/#primaryimage\"},\"thumbnailUrl\":\"https:\/\/www.d-velop.de\/blog\/wp-content\/uploads\/2024\/03\/beitragsbild-sis-pflege.jpg\",\"datePublished\":\"2024-03-08T08:46:05+00:00\",\"dateModified\":\"2025-02-28T13:27:54+00:00\",\"description\":\"Erfahre alles \u00fcber die SIS in der Pflege: Entb\u00fcrokratisierung, individuelle Betrachtung von Pflegebed\u00fcrftigen und Digitalisierung. Jetzt lesen\",\"breadcrumb\":{\"@id\":\"https:\/\/www.d-velop.de\/blog\/branchenprozesse\/sis-pflege\/#breadcrumb\"},\"inLanguage\":\"de\",\"potentialAction\":[{\"@type\":\"ReadAction\",\"target\":[\"https:\/\/www.d-velop.de\/blog\/branchenprozesse\/sis-pflege\/\"]}]},{\"@type\":\"ImageObject\",\"inLanguage\":\"de\",\"@id\":\"https:\/\/www.d-velop.de\/blog\/branchenprozesse\/sis-pflege\/#primaryimage\",\"url\":\"https:\/\/www.d-velop.de\/blog\/wp-content\/uploads\/2024\/03\/beitragsbild-sis-pflege.jpg\",\"contentUrl\":\"https:\/\/www.d-velop.de\/blog\/wp-content\/uploads\/2024\/03\/beitragsbild-sis-pflege.jpg\",\"width\":2000,\"height\":666,\"caption\":\"Beitragsbild SIS Pflege\"},{\"@type\":\"BreadcrumbList\",\"@id\":\"https:\/\/www.d-velop.de\/blog\/branchenprozesse\/sis-pflege\/#breadcrumb\",\"itemListElement\":[{\"@type\":\"ListItem\",\"position\":1,\"name\":\"Startseite\",\"item\":\"https:\/\/www.d-velop.de\/blog\/\"},{\"@type\":\"ListItem\",\"position\":2,\"name\":\"SIS Pflege: Mehr Zeit f\u00fcrs Wesentliche durch einfache und digitale Pflegedokumentation\"}]},{\"@type\":\"WebSite\",\"@id\":\"https:\/\/www.d-velop.de\/blog\/#website\",\"url\":\"https:\/\/www.d-velop.de\/blog\/\",\"name\":\"d.velop blog\",\"description\":\"Digitalisierung, Dokumentenmanagement und rund um d.velop\",\"publisher\":{\"@id\":\"https:\/\/www.d-velop.de\/blog\/#organization\"},\"potentialAction\":[{\"@type\":\"SearchAction\",\"target\":{\"@type\":\"EntryPoint\",\"urlTemplate\":\"https:\/\/www.d-velop.de\/blog\/?s={search_term_string}\"},\"query-input\":{\"@type\":\"PropertyValueSpecification\",\"valueRequired\":true,\"valueName\":\"search_term_string\"}}],\"inLanguage\":\"de\"},{\"@type\":\"Organization\",\"@id\":\"https:\/\/www.d-velop.de\/blog\/#organization\",\"name\":\"d.velop Gruppe\",\"url\":\"https:\/\/www.d-velop.de\/blog\/\",\"logo\":{\"@type\":\"ImageObject\",\"inLanguage\":\"de\",\"@id\":\"https:\/\/www.d-velop.de\/blog\/#\/schema\/logo\/image\/\",\"url\":\"https:\/\/www.d-velop.de\/blog\/wp-content\/uploads\/2018\/12\/dvelop-blog-logo-invers.jpg\",\"contentUrl\":\"https:\/\/www.d-velop.de\/blog\/wp-content\/uploads\/2018\/12\/dvelop-blog-logo-invers.jpg\",\"width\":350,\"height\":350,\"caption\":\"d.velop Gruppe\"},\"image\":{\"@id\":\"https:\/\/www.d-velop.de\/blog\/#\/schema\/logo\/image\/\"},\"sameAs\":[\"https:\/\/www.facebook.com\/d.velop.ag\/\",\"https:\/\/x.com\/d_velop\",\"https:\/\/de.linkedin.com\/company\/d-velop\",\"https:\/\/www.xing.com\/pages\/d-velopag\",\"https:\/\/www.instagram.com\/d.velop_group\/\"]},{\"@type\":\"Person\",\"@id\":\"https:\/\/www.d-velop.de\/blog\/#\/schema\/person\/c193af8a2d574308950627146e685faa\",\"name\":\"Katja Mattejat\",\"image\":{\"@type\":\"ImageObject\",\"inLanguage\":\"de\",\"@id\":\"https:\/\/www.d-velop.de\/blog\/#\/schema\/person\/image\/\",\"url\":\"https:\/\/www.d-velop.de\/blog\/wp-content\/uploads\/2020\/10\/katja-mattejat-d-velop-ag-150x150.jpg\",\"contentUrl\":\"https:\/\/www.d-velop.de\/blog\/wp-content\/uploads\/2020\/10\/katja-mattejat-d-velop-ag-150x150.jpg\",\"caption\":\"Katja Mattejat\"},\"description\":\"Marketing Manager Healthcare &amp; Welfare\",\"sameAs\":[\"https:\/\/www.d-velop.de\/\",\"https:\/\/www.linkedin.com\/in\/katja-mattejat-35b381181\/\"],\"url\":\"https:\/\/www.d-velop.de\/blog\/author\/katja-mattejat\/\"}]}<\/script>\n<!-- \/ Yoast SEO Premium plugin. -->","yoast_head_json":{"title":"SIS Pflege: Mehr Zeit f\u00fcrs Wesentliche durch digitale Pflegedokumentation","description":"Erfahre alles \u00fcber die SIS in der Pflege: Entb\u00fcrokratisierung, individuelle Betrachtung von Pflegebed\u00fcrftigen und Digitalisierung. Jetzt lesen","robots":{"index":"index","follow":"follow","max-snippet":"max-snippet:-1","max-image-preview":"max-image-preview:large","max-video-preview":"max-video-preview:-1"},"canonical":"https:\/\/www.d-velop.de\/blog\/branchenprozesse\/sis-pflege\/","og_locale":"de_DE","og_type":"article","og_title":"SIS Pflege: Mehr Zeit f\u00fcrs Wesentliche durch einfache und digitale Pflegedokumentation","og_description":"Erfahre alles \u00fcber die SIS in der Pflege: Entb\u00fcrokratisierung, individuelle Betrachtung von Pflegebed\u00fcrftigen und Digitalisierung. Jetzt lesen","og_url":"https:\/\/www.d-velop.de\/blog\/branchenprozesse\/sis-pflege\/","og_site_name":"d.velop blog","article_publisher":"https:\/\/www.facebook.com\/d.velop.ag\/","article_published_time":"2024-03-08T08:46:05+00:00","article_modified_time":"2025-02-28T13:27:54+00:00","og_image":[{"width":1200,"height":628,"url":"https:\/\/www.d-velop.de\/blog\/wp-content\/uploads\/2024\/03\/social-sharing-grafik-sis-pflege.jpg","type":"image\/jpeg"}],"author":"Katja Mattejat","twitter_card":"summary_large_image","twitter_creator":"@d_velop","twitter_site":"@d_velop","twitter_misc":{"Verfasst von":"Katja Mattejat","Gesch\u00e4tzte Lesezeit":"6\u00a0Minuten"},"schema":{"@context":"https:\/\/schema.org","@graph":[{"@type":"Article","@id":"https:\/\/www.d-velop.de\/blog\/branchenprozesse\/sis-pflege\/#article","isPartOf":{"@id":"https:\/\/www.d-velop.de\/blog\/branchenprozesse\/sis-pflege\/"},"author":{"name":"Katja Mattejat","@id":"https:\/\/www.d-velop.de\/blog\/#\/schema\/person\/c193af8a2d574308950627146e685faa"},"headline":"SIS Pflege: Mehr Zeit f\u00fcrs Wesentliche durch einfache und digitale Pflegedokumentation","datePublished":"2024-03-08T08:46:05+00:00","dateModified":"2025-02-28T13:27:54+00:00","mainEntityOfPage":{"@id":"https:\/\/www.d-velop.de\/blog\/branchenprozesse\/sis-pflege\/"},"wordCount":1061,"publisher":{"@id":"https:\/\/www.d-velop.de\/blog\/#organization"},"image":{"@id":"https:\/\/www.d-velop.de\/blog\/branchenprozesse\/sis-pflege\/#primaryimage"},"thumbnailUrl":"https:\/\/www.d-velop.de\/blog\/wp-content\/uploads\/2024\/03\/beitragsbild-sis-pflege.jpg","keywords":["Gesundheitswesen"],"articleSection":["Transformation von Branchen &amp; M\u00e4rkten"],"inLanguage":"de"},{"@type":"WebPage","@id":"https:\/\/www.d-velop.de\/blog\/branchenprozesse\/sis-pflege\/","url":"https:\/\/www.d-velop.de\/blog\/branchenprozesse\/sis-pflege\/","name":"SIS Pflege: Mehr Zeit f\u00fcrs Wesentliche durch digitale Pflegedokumentation","isPartOf":{"@id":"https:\/\/www.d-velop.de\/blog\/#website"},"primaryImageOfPage":{"@id":"https:\/\/www.d-velop.de\/blog\/branchenprozesse\/sis-pflege\/#primaryimage"},"image":{"@id":"https:\/\/www.d-velop.de\/blog\/branchenprozesse\/sis-pflege\/#primaryimage"},"thumbnailUrl":"https:\/\/www.d-velop.de\/blog\/wp-content\/uploads\/2024\/03\/beitragsbild-sis-pflege.jpg","datePublished":"2024-03-08T08:46:05+00:00","dateModified":"2025-02-28T13:27:54+00:00","description":"Erfahre alles \u00fcber die SIS in der Pflege: Entb\u00fcrokratisierung, individuelle Betrachtung von Pflegebed\u00fcrftigen und Digitalisierung. Jetzt lesen","breadcrumb":{"@id":"https:\/\/www.d-velop.de\/blog\/branchenprozesse\/sis-pflege\/#breadcrumb"},"inLanguage":"de","potentialAction":[{"@type":"ReadAction","target":["https:\/\/www.d-velop.de\/blog\/branchenprozesse\/sis-pflege\/"]}]},{"@type":"ImageObject","inLanguage":"de","@id":"https:\/\/www.d-velop.de\/blog\/branchenprozesse\/sis-pflege\/#primaryimage","url":"https:\/\/www.d-velop.de\/blog\/wp-content\/uploads\/2024\/03\/beitragsbild-sis-pflege.jpg","contentUrl":"https:\/\/www.d-velop.de\/blog\/wp-content\/uploads\/2024\/03\/beitragsbild-sis-pflege.jpg","width":2000,"height":666,"caption":"Beitragsbild SIS Pflege"},{"@type":"BreadcrumbList","@id":"https:\/\/www.d-velop.de\/blog\/branchenprozesse\/sis-pflege\/#breadcrumb","itemListElement":[{"@type":"ListItem","position":1,"name":"Startseite","item":"https:\/\/www.d-velop.de\/blog\/"},{"@type":"ListItem","position":2,"name":"SIS Pflege: Mehr Zeit f\u00fcrs Wesentliche durch einfache und digitale Pflegedokumentation"}]},{"@type":"WebSite","@id":"https:\/\/www.d-velop.de\/blog\/#website","url":"https:\/\/www.d-velop.de\/blog\/","name":"d.velop blog","description":"Digitalisierung, Dokumentenmanagement und rund um d.velop","publisher":{"@id":"https:\/\/www.d-velop.de\/blog\/#organization"},"potentialAction":[{"@type":"SearchAction","target":{"@type":"EntryPoint","urlTemplate":"https:\/\/www.d-velop.de\/blog\/?s={search_term_string}"},"query-input":{"@type":"PropertyValueSpecification","valueRequired":true,"valueName":"search_term_string"}}],"inLanguage":"de"},{"@type":"Organization","@id":"https:\/\/www.d-velop.de\/blog\/#organization","name":"d.velop Gruppe","url":"https:\/\/www.d-velop.de\/blog\/","logo":{"@type":"ImageObject","inLanguage":"de","@id":"https:\/\/www.d-velop.de\/blog\/#\/schema\/logo\/image\/","url":"https:\/\/www.d-velop.de\/blog\/wp-content\/uploads\/2018\/12\/dvelop-blog-logo-invers.jpg","contentUrl":"https:\/\/www.d-velop.de\/blog\/wp-content\/uploads\/2018\/12\/dvelop-blog-logo-invers.jpg","width":350,"height":350,"caption":"d.velop Gruppe"},"image":{"@id":"https:\/\/www.d-velop.de\/blog\/#\/schema\/logo\/image\/"},"sameAs":["https:\/\/www.facebook.com\/d.velop.ag\/","https:\/\/x.com\/d_velop","https:\/\/de.linkedin.com\/company\/d-velop","https:\/\/www.xing.com\/pages\/d-velopag","https:\/\/www.instagram.com\/d.velop_group\/"]},{"@type":"Person","@id":"https:\/\/www.d-velop.de\/blog\/#\/schema\/person\/c193af8a2d574308950627146e685faa","name":"Katja Mattejat","image":{"@type":"ImageObject","inLanguage":"de","@id":"https:\/\/www.d-velop.de\/blog\/#\/schema\/person\/image\/","url":"https:\/\/www.d-velop.de\/blog\/wp-content\/uploads\/2020\/10\/katja-mattejat-d-velop-ag-150x150.jpg","contentUrl":"https:\/\/www.d-velop.de\/blog\/wp-content\/uploads\/2020\/10\/katja-mattejat-d-velop-ag-150x150.jpg","caption":"Katja Mattejat"},"description":"Marketing Manager Healthcare &amp; Welfare","sameAs":["https:\/\/www.d-velop.de\/","https:\/\/www.linkedin.com\/in\/katja-mattejat-35b381181\/"],"url":"https:\/\/www.d-velop.de\/blog\/author\/katja-mattejat\/"}]}},"_links":{"self":[{"href":"https:\/\/www.d-velop.de\/blog\/wp-json\/wp\/v2\/posts\/47376","targetHints":{"allow":["GET"]}}],"collection":[{"href":"https:\/\/www.d-velop.de\/blog\/wp-json\/wp\/v2\/posts"}],"about":[{"href":"https:\/\/www.d-velop.de\/blog\/wp-json\/wp\/v2\/types\/post"}],"author":[{"embeddable":true,"href":"https:\/\/www.d-velop.de\/blog\/wp-json\/wp\/v2\/users\/111"}],"replies":[{"embeddable":true,"href":"https:\/\/www.d-velop.de\/blog\/wp-json\/wp\/v2\/comments?post=47376"}],"version-history":[{"count":2,"href":"https:\/\/www.d-velop.de\/blog\/wp-json\/wp\/v2\/posts\/47376\/revisions"}],"predecessor-version":[{"id":53846,"href":"https:\/\/www.d-velop.de\/blog\/wp-json\/wp\/v2\/posts\/47376\/revisions\/53846"}],"wp:featuredmedia":[{"embeddable":true,"href":"https:\/\/www.d-velop.de\/blog\/wp-json\/wp\/v2\/media\/47393"}],"wp:attachment":[{"href":"https:\/\/www.d-velop.de\/blog\/wp-json\/wp\/v2\/media?parent=47376"}],"wp:term":[{"taxonomy":"category","embeddable":true,"href":"https:\/\/www.d-velop.de\/blog\/wp-json\/wp\/v2\/categories?post=47376"},{"taxonomy":"post_tag","embeddable":true,"href":"https:\/\/www.d-velop.de\/blog\/wp-json\/wp\/v2\/tags?post=47376"}],"curies":[{"name":"wp","href":"https:\/\/api.w.org\/{rel}","templated":true}]}}