{"id":48371,"date":"2024-05-15T11:23:31","date_gmt":"2024-05-15T09:23:31","guid":{"rendered":"https:\/\/www.d-velop.de\/blog\/?p=48371"},"modified":"2024-05-22T14:58:52","modified_gmt":"2024-05-22T12:58:52","slug":"pflegedokumentation","status":"publish","type":"post","link":"https:\/\/www.d-velop.de\/blog\/branchenprozesse\/pflegedokumentation\/","title":{"rendered":"Pflegedokumentation: griffbereit, digital &amp; revisionssicher archiviert"},"content":{"rendered":"\n<p data-beyondwords-marker=\"21f458b2-9b02-46a2-a5ed-67cedeca7239\">Entdecke die Welt der digitalen Pflegedokumentation! In diesem Artikel beleuchten wir die zentralen Vorteile einer digitalen Erfassung und Speicherung von Pflegedaten. Wir gehen der Frage nach, warum es entscheidend ist, diese Informationen an einem einzigen, sicheren Ort zu b\u00fcndeln. Erfahre zudem, welche spezifischen Anforderungen an eine moderne, digitale Pflegedokumentation gestellt werden und wie ein revisionssicheres Archiv zur Effizienz und Rechtskonformit\u00e4t beitr\u00e4gt. Tauche mit uns in die Details ein und entdecke, wie du die Pflegedokumentation in deiner Einrichtung optimieren kannst.<\/p>\n\n\n\n<h2 data-beyondwords-marker=\"1bccc434-36f4-4e8a-aa5f-bc66397d8e1a\" class=\"wp-block-heading\" id=\"h-entburokratisierung-der-pflegedokumentation\"><span class=\"ez-toc-section\" id=\"entbuerokratisierung-der-pflegedokumentation\"><\/span>Entb\u00fcrokratisierung der Pflegedokumentation<span class=\"ez-toc-section-end\"><\/span><\/h2>\n\n\n\n<p data-beyondwords-marker=\"18dbd5f3-ce45-4ed2-8466-a527f0dffd67\">Sowohl Pflegekr\u00e4fte als auch Pflegebed\u00fcrftige haben den Eindruck, dass B\u00fcrokratie einen zu gro\u00dfen Anteil des Pflegealltags in Anspruch nimmt. Daher wurde ein praxisnahes Strukturmodell zur Entb\u00fcrokratisierung eingef\u00fchrt. Das Modell befindet sich seit Anfang 2015 in der Implementierungsphase.<\/p>\n\n\n\n<h3 data-beyondwords-marker=\"91e756a3-54c2-4f76-9560-39be1c091a72\" class=\"wp-block-heading\" id=\"h-reduzierter-dokumentationsaufwand-durch-strukturmodell\">Reduzierter Dokumentationsaufwand durch Strukturmodell<\/h3>\n\n\n\n<p data-beyondwords-marker=\"eff4ec35-832a-4007-b416-fecaa5c2675e\">Durch das Strukturmodell reduziert sich der Dokumentationsaufwand erheblich, ohne dass dabei Qualit\u00e4tsstandards zu kurz kommen. Das Modell reduziert die Pflegedokumentation auf vier Schritte. Ganz zu Beginn des Pflegeprozesses steht die strukturierte Informationssammlung (<a href=\"https:\/\/www.d-velop.de\/blog\/branchenprozesse\/sis-pflege\/\">SIS Pflege<\/a>). Die SIS wird gemeinsam durch Pflegekraft und Pflegebed\u00fcrftigem erarbeitet und dient der individuellen Einsch\u00e4tzung der Ausgangssituation.<\/p>\n\n\n\n<p data-beyondwords-marker=\"244b2558-96e7-44dc-bb81-1e3cad3a5efe\">Die unten stehende Grafik zeigt exemplarisch, wie der SIS Bogen digital und mobil aussehen k\u00f6nnte:<\/p>\n\n\n\n<figure data-beyondwords-marker=\"3227c5a7-4cb3-429c-a0f1-5207e1235cb5\" class=\"wp-block-image size-full\"><img loading=\"lazy\" decoding=\"async\" width=\"1225\" height=\"1267\" src=\"https:\/\/www.d-velop.de\/blog\/wp-content\/uploads\/2024\/03\/digitaler-sis-bogen.png\" alt=\"Infografik zeigt digitalen SIS Pflege Bogen\" class=\"wp-image-47378\" style=\"aspect-ratio:1.332518337408313;object-fit:contain\" srcset=\"https:\/\/www.d-velop.de\/blog\/wp-content\/uploads\/2024\/03\/digitaler-sis-bogen.png 1225w, https:\/\/www.d-velop.de\/blog\/wp-content\/uploads\/2024\/03\/digitaler-sis-bogen-580x600.png 580w, https:\/\/www.d-velop.de\/blog\/wp-content\/uploads\/2024\/03\/digitaler-sis-bogen-1054x1090.png 1054w, https:\/\/www.d-velop.de\/blog\/wp-content\/uploads\/2024\/03\/digitaler-sis-bogen-768x794.png 768w\" sizes=\"auto, (max-width: 1225px) 100vw, 1225px\" \/><\/figure>\n\n\n\n<p data-beyondwords-marker=\"b66aa66c-2f32-4b10-a812-88efd4287972\">Das Strukturmodell besinnt sich auf die Fachkompetenz der Pflegekr\u00e4fte und verzichtet auf schematische Dokumentationsroutinen sowie Einzelleistungsnachweise f\u00fcr routinierte Abl\u00e4ufe der Grundpflege.<\/p>\n\n\n\n<p data-beyondwords-marker=\"69d36a00-3b71-477f-be9d-d124b589faf0\">Ziel des vereinfachten Strukturmodells: Die Pflegekr\u00e4fte zu entlasten und die eingesparte Zeit den Pflegebed\u00fcrftigen zur Verf\u00fcgung zu stellen. Neben der Entlastung st\u00e4rkt das im Optimalfall die Motivation der Pflegekr\u00e4fte &#8211; zum Vorteil der Pflegebed\u00fcrftigen.<\/p>\n\n\n\n<h2 data-beyondwords-marker=\"7776e5d6-dbb6-4389-ac15-a4d9a3934575\" class=\"wp-block-heading\" id=\"h-schlanke-digitale-amp-sichere-pflegedokumentation\"><span class=\"ez-toc-section\" id=\"schlanke-digitale-sichere-pflegedokumentation\"><\/span>Schlanke, digitale &amp; sichere Pflegedokumentation<span class=\"ez-toc-section-end\"><\/span><\/h2>\n\n\n\n<p data-beyondwords-marker=\"c7b9fc62-16b7-4ac9-a60b-897ab59b6b1e\">Die B\u00fcndelung aller relevanten Dokumente und Informationen unterst\u00fctzt die Pflegenden, einen nachvollziehbaren Pflegeprozess abzuleiten sowie bei dessen Auswertung und Anpassung. Die Pflegedokumentation ist die Basis f\u00fcr fundierte Entscheidungen. Ziel der Dokumentation ist auch eine gute Kooperation innerhalb des Pflegeteams.<\/p>\n\n\n\n<p data-beyondwords-marker=\"fdc52cb3-dd31-4cc0-a0a8-77b032d82afe\">Aktuell kommt es in vielen Pflegeheimen noch zu einer Vermischung von analogen und digitalen Dokumenten, die sich verstreut wiederfinden.<\/p>\n\n\n\n<h3 data-beyondwords-marker=\"2a241fc4-cc35-4c2c-8b0b-a4522b04f989\" class=\"wp-block-heading\" id=\"h-vollstandige-ubersichtliche-informationsbasis\">Vollst\u00e4ndige, \u00fcbersichtliche Informationsbasis<\/h3>\n\n\n\n<p data-beyondwords-marker=\"321e84b8-8dcd-4290-a9ff-3951a916f94b\">Um umfangreich von der Pflegedokumentation zu profitieren, sollte das mittelfristige Ziel eine zentrale und digitale Ablage sein. Der gro\u00dfe Vorteil: Alle autorisierten Personen der Pflegeeinrichtung k\u00f6nnen jederzeit auf vollst\u00e4ndige, \u00fcbersichtlich dargestellte Informationen zugreifen und auf dessen Basis fundierte Entscheidungen treffen.<\/p>\n\n\n\n<p data-beyondwords-marker=\"5e553c2d-4634-42c4-b0b7-1191c3b50575\">Da es sich bei den gespeicherten Informationen um personenbezogene und sensible Daten handelt (wie Gesundheitszustand, behandlungsrelevante Biografie, Vorerkrankungen, evtl. psychische Probleme) sind Datenschutzma\u00dfnahmen besonders wichtig und sollten bei der Wahl einer geeigneten Pflegesoftware mitber\u00fccksichtigt werden.<\/p>\n\n\n\n<h3 data-beyondwords-marker=\"362cfec4-ec8d-4924-8a05-6e7a816cd0da\" class=\"wp-block-heading\" id=\"h-sensibilitat-fur-datenschutz-amp-datensicherheit\">Sensibilit\u00e4t f\u00fcr Datenschutz &amp; Datensicherheit<\/h3>\n\n\n\n<p data-beyondwords-marker=\"defb84a6-add8-4b5f-a3ab-53049d9c9e47\">Eine 2022 durchgef\u00fchrte Studie des Instituts der Deutschen Wirtschaft best\u00e4tigt, dass es innerhalb des Personals von Altenpflegeeinrichtungen eine Sensibilit\u00e4t beim Umgang mit personenbezogenen Daten gibt. Das Institut hat in der Studie 1.100 Pflege- und F\u00fchrungskr\u00e4fte in NRW befragt. Im Vergleich zur Gesamtwirtschaft spielt in der Altenpflege ein kompetenter Umgang mit sensiblen Daten eine besonders wichtige Rolle.<\/p>\n\n\n\n<div data-beyondwords-marker=\"1cc21053-f2a0-45ed-a0f5-de52b6985cc2\" class=\"wp-block-group is-style-info-study\"><div class=\"wp-block-group__inner-container is-layout-constrained wp-block-group-is-layout-constrained\">\n<h3 data-beyondwords-marker=\"e3057602-aeff-44bf-8e8f-1bf1e8f5c898\" class=\"wp-block-heading\" id=\"h-das-ergebnis-der-studie\">Das Ergebnis der Studie<\/h3>\n\n\n\n<p data-beyondwords-marker=\"3e9453a6-b136-45b4-9797-1a5f2823fef8\">77 % der Pflegeeinrichtungen messen Kenntnissen zu Datensicherheit und Datenschutz eine wichtige oder sogar sehr wichtige Rolle bei. Im Vergleich dazu liegt der Wert in der Gesamtwirtschaft bei 59 %.<\/p>\n<\/div><\/div>\n\n\n\n<h3 data-beyondwords-marker=\"b0ab3a0d-e0b3-4c60-8b71-a8a0cc9ebd39\" class=\"wp-block-heading\" id=\"h-konkrete-anforderungen-an-eine-digitale-pflegedokumentation\">Konkrete Anforderungen an eine digitale Pflegedokumentation<\/h3>\n\n\n\n<p data-beyondwords-marker=\"a29599db-c600-4172-bd8a-5e0ee709b9ff\">Das Pflege-Netzwerk Deutschland, eine Initiative des Bundesministeriums f\u00fcr Gesundheit, berichten \u00fcber einen Praxisdialog, in dem Pflegekr\u00e4fte ihre Anforderungen an eine digitale Pflegedokumentation konkretisierten.<\/p>\n\n\n\n<ol data-beyondwords-marker=\"21d7c01b-0a3d-401c-96c1-11de4cb1c53b\" class=\"wp-block-list\" start=\"1\">\n<li data-beyondwords-marker=\"28a0d868-619e-4811-9b9d-24eaecf1db44\">Das oberste Ziel von <a href=\"https:\/\/www.d-velop.de\/branchen\/gesundheitswesen\/pflege\" target=\"_blank\" rel=\"noreferrer noopener\">Digitalisierung in der Pflege<\/a>: Pflegekr\u00e4fte entlasten zu Gunsten der Pflegebed\u00fcrftigen&nbsp;<\/li>\n<\/ol>\n\n\n\n<ol data-beyondwords-marker=\"ad391d92-cc8b-424c-95d7-e03d5cec4283\" class=\"wp-block-list\" start=\"2\">\n<li data-beyondwords-marker=\"59ee10b8-03bc-4b3d-93e3-e552c4c887e8\">Dokumentationssysteme sollen sich an die Bed\u00fcrfnisse der Einrichtung \/ Pflegekr\u00e4fte anpassen und individuelle Abl\u00e4ufe abbilden k\u00f6nnen&nbsp;<\/li>\n<\/ol>\n\n\n\n<ol data-beyondwords-marker=\"72f426f4-b11d-416b-b5fa-ce60aa7b629b\" class=\"wp-block-list\" start=\"3\">\n<li data-beyondwords-marker=\"925bdefb-54bf-4e2e-85e4-9a8b0e035c13\">Die Softwarel\u00f6sungen sollen leicht zu bedienen sein&nbsp;<\/li>\n<\/ol>\n\n\n\n<ol data-beyondwords-marker=\"113dc6f0-d109-47f0-a876-10763ebab862\" class=\"wp-block-list\" start=\"4\">\n<li data-beyondwords-marker=\"7353fb69-a502-4dca-8a7b-c8c46cea50b0\">Der Zeitaufwand soll durch digitale Dokumentation auf ein Minimum reduziert werden, fachliche Standards und Rechtssicherheit m\u00fcssen erf\u00fcllt sein&nbsp;<\/li>\n<\/ol>\n\n\n\n<ol data-beyondwords-marker=\"2ee97f4d-bf12-478f-bf11-798590f370d9\" class=\"wp-block-list\" start=\"5\">\n<li data-beyondwords-marker=\"e93befc6-d0db-4b55-9d96-73620e8d40dc\">Sicherstellung einer medienbruchfreien Organisation sowie die m\u00f6gliche Integration in andere Systeme&nbsp;<\/li>\n<\/ol>\n\n\n\n<ol data-beyondwords-marker=\"d34b8d5c-9e68-4de1-9957-70659bfe56ab\" class=\"wp-block-list\" start=\"6\">\n<li data-beyondwords-marker=\"f6964c7e-b938-470b-ae2b-3256b425ac0e\">Einbezug von Pflegefachkr\u00e4ften bei der technologischen Weiterentwicklung&nbsp;<\/li>\n<\/ol>\n\n\n\n<ol data-beyondwords-marker=\"a0c4daa0-0948-42ae-9b30-ca92bc94ed94\" class=\"wp-block-list\" start=\"7\">\n<li data-beyondwords-marker=\"dd1b5982-5125-4f12-8c1f-a2653f37294b\">Durchf\u00fchrung von Wartungsarbeiten und Systempflege&nbsp;<\/li>\n<\/ol>\n\n\n\n<h3 data-beyondwords-marker=\"ae074af8-8181-4898-9d6b-6a046ae9b228\" class=\"wp-block-heading\" id=\"h-medienbruchfreie-integration-in-folgesysteme\">Medienbruchfreie Integration in Folgesysteme<\/h3>\n\n\n\n<p data-beyondwords-marker=\"7b8ac650-0c50-4c1d-842e-263bd38fca45\">In Punkt 5 benennt das Pflege-Netzwerk Deutschland die Anforderung \u201emedienbruchfreie Organisation sowie m\u00f6gliche Integrationen in andere Systeme\u201c. Mit Integration ist gemeint, dass sich Pflegende in einer Software bewegen, die mit anderen Anwendungen verbunden ist. Die Verbindung der Systeme schafft Entlastung, da nicht von einer Anwendung zur n\u00e4chsten gesprungen werden muss. Das ist sinnvoll, da die \u00fcberwiegende Kompetenz zumeist in der Pflege von Menschen liegt und nicht im Umgang mit unterschiedlichen Softwarel\u00f6sungen.<\/p>\n\n\n\n<p data-beyondwords-marker=\"c86cf7df-1379-4bc6-a17c-9b13326aa156\">Ein gutes Beispiel f\u00fcr eine medienbruchfreie Integration ist eine Pflegedokumentationssoftware mit einem dahinterliegenden revisionssicheren Archiv. Ein Praxisbeispiel daf\u00fcr ist die digitale Pflegedokumentationsl\u00f6sung von Connext Vivendi mit einer nahtlosen Schnittstelle zu d.velop documents. d.velop documents ist ein nachgelagertes System, welches die langfristige, <a href=\"https:\/\/www.d-velop.de\/blog\/compliance\/revisionssicherheit-was-bedeutet-das-und-wie-archiviere-ich-revisionssicher\/\">revisionssichere Archivierung<\/a> sicherstellt.<\/p>\n\n\n\n<figure data-beyondwords-marker=\"1f4cbda2-2976-4104-bba5-28be94d51e25\" class=\"wp-block-image size-large is-resized\"><img loading=\"lazy\" decoding=\"async\" width=\"1090\" height=\"550\" src=\"https:\/\/www.d-velop.de\/blog\/wp-content\/uploads\/2024\/05\/pflegedokumentation-revisionssichere-archivierung-1090x550.png\" alt=\"Infografik zeigt revisionssichere Archivierung in der Pflegedokumentation\" class=\"wp-image-48375\" style=\"aspect-ratio:1.981818181818182;width:840px;height:auto\" srcset=\"https:\/\/www.d-velop.de\/blog\/wp-content\/uploads\/2024\/05\/pflegedokumentation-revisionssichere-archivierung-1090x550.png 1090w, https:\/\/www.d-velop.de\/blog\/wp-content\/uploads\/2024\/05\/pflegedokumentation-revisionssichere-archivierung-600x303.png 600w, https:\/\/www.d-velop.de\/blog\/wp-content\/uploads\/2024\/05\/pflegedokumentation-revisionssichere-archivierung-768x387.png 768w, https:\/\/www.d-velop.de\/blog\/wp-content\/uploads\/2024\/05\/pflegedokumentation-revisionssichere-archivierung-1536x775.png 1536w, https:\/\/www.d-velop.de\/blog\/wp-content\/uploads\/2024\/05\/pflegedokumentation-revisionssichere-archivierung-1920x969.png 1920w, https:\/\/www.d-velop.de\/blog\/wp-content\/uploads\/2024\/05\/pflegedokumentation-revisionssichere-archivierung.png 2000w\" sizes=\"auto, (max-width: 1090px) 100vw, 1090px\" \/><\/figure>\n\n\n\n<div data-beyondwords-marker=\"f6f79309-5908-4a79-90d6-e14ba0457137\" class=\"wp-block-group is-style-info\"><div class=\"wp-block-group__inner-container is-layout-constrained wp-block-group-is-layout-constrained\">\n<p data-beyondwords-marker=\"54e743f4-b744-4a4f-b80f-684b17ed3115\">Die <a href=\"https:\/\/www.d-velop.de\/referenz\/nieder-ramstaedter-diakonie\" target=\"_blank\" rel=\"noreferrer noopener\">Nieder-Ramst\u00e4dter Diakonie<\/a> gibt innerhalb eines Erfahrungsberichts Einblicke an die Anbindung von Connext Vivendi zu <a href=\"https:\/\/store.d-velop.com\/de\/d.velop-documents\/10001602.2\">d.velop documents<\/a>. Dazu hatte sich die NRD einen R\u00fcckkanal gew\u00fcnscht, um nicht nur von Vivendi auf d.velop documents zugreifen zu k\u00f6nnen, sondern auch umgekehrt.&nbsp;<\/p>\n<\/div><\/div>\n\n\n\n<h2 data-beyondwords-marker=\"17a126e0-22bb-492a-a3d7-b0b1f7d233e8\" class=\"wp-block-heading\" id=\"h-fazit\"><span class=\"ez-toc-section\" id=\"fazit\"><\/span>Fazit<span class=\"ez-toc-section-end\"><\/span><\/h2>\n\n\n\n<p data-beyondwords-marker=\"74c62ef7-b633-496b-b0a5-47273f78cc94\">Die zentrale, digitale Pflegedokumentation bietet erhebliche Vorteile und erleichtert den Alltag von Pflegenden. Der wohl gr\u00f6\u00dfte Vorteil ist, dass durch die Entlastung des Personals mehr qualitative Zeit f\u00fcr die Pflegebed\u00fcrftigen \u00fcbrigbleibt. Durch die Zentralisierung und Zugang f\u00fcr alle autorisierten Personen k\u00f6nnen Entscheidungen und Ma\u00dfnahmen fundierter getroffen werden.<\/p>\n\n\n\n<div data-beyondwords-marker=\"d016b6ab-4796-45c3-ae54-f078c0909904\" class=\"wp-block-group is-style-cta\"><div class=\"wp-block-group__inner-container is-layout-constrained wp-block-group-is-layout-constrained\">\n<h3 data-beyondwords-marker=\"754cd2c6-5f8e-4946-812f-738d99edb1f1\" class=\"wp-block-heading\" id=\"h-demo-planen\">Demo planen &#x1f4bb;<\/h3>\n\n\n\n<p data-beyondwords-marker=\"a234347b-d78d-427f-aac4-9d6099107d95\">Noch mehr zu Schnittstellen sowie einem revisionssicheren Archiv gibt es in einem pers\u00f6nlichen Demo Termin.<\/p>\n\n\n\n\t<div data-beyondwords-marker=\"d66eade0-21d2-43ed-a226-12890b2b7a46\" class=\"wp-block-buttons\">\n\t\t<div class=\"wp-block-button is-style-outline\">\n\t\t\t<a class=\"wp-block-button__link\" href=\"https:\/\/content.d-velop.de\/demo_pflegeeinrichtungen?utm_campaign=Sonstiges+-+d.velop+BLOG+-+01%2F2018&#038;utm_source=intern-blog-ger&#038;utm_medium=blogpost-pflegedokumentation&#038;utm_content=button\" target=\"_blank\">Demo planen<\/a>\t\t<\/div>\n\t<\/div>\n\n\t<\/div><\/div>\n","protected":false},"excerpt":{"rendered":"<p>Entdecke die Welt der digitalen Pflegedokumentation! In diesem Artikel beleuchten wir die zentralen Vorteile einer digitalen Erfassung und Speicherung von [&hellip;]<\/p>\n","protected":false},"author":111,"featured_media":48384,"comment_status":"closed","ping_status":"closed","sticky":false,"template":"","format":"standard","meta":{"footnotes":"","beyondwords_generate_audio":"1","beyondwords_project_id":"23937","beyondwords_content_id":"83f3a967-6250-4079-89d8-e09f3d15d977","beyondwords_preview_token":"","beyondwords_player_content":"","beyondwords_player_style":"","beyondwords_language_id":"","beyondwords_title_voice_id":"","beyondwords_body_voice_id":"","beyondwords_summary_voice_id":"","beyondwords_error_message":"","beyondwords_disabled":"1","beyondwords_delete_content":"","beyondwords_podcast_id":"83f3a967-6250-4079-89d8-e09f3d15d977","beyondwords_hash":"","publish_post_to_speechkit":"","speechkit_hash":"","speechkit_generate_audio":"","speechkit_project_id":"","speechkit_podcast_id":"","speechkit_error_message":"","speechkit_disabled":"","speechkit_access_key":"","speechkit_error":"","speechkit_info":"","speechkit_response":"","speechkit_retries":"","speechkit_status":"","speechkit_updated_at":"","_speechkit_link":"","_speechkit_text":""},"categories":[6],"tags":[41],"class_list":["post-48371","post","type-post","status-publish","format-standard","has-post-thumbnail","hentry","category-branchenprozesse","tag-healthcare"],"acf":[],"yoast_head":"<!-- This site is optimized with the Yoast SEO Premium plugin v25.6 (Yoast SEO v25.6) - https:\/\/yoast.com\/wordpress\/plugins\/seo\/ -->\n<title>Pflegedokumentation: griffbereit, digital &amp; revisionssicher archiviert<\/title>\n<meta name=\"description\" content=\"Warum sollte die Pflegedokumentation digital und zentral stattfinden? Was sind die Anforderungen an eine digitale Pflegedokumentation? Jetzt lesen \u25b6\ufe0f\" \/>\n<meta name=\"robots\" content=\"index, follow, max-snippet:-1, max-image-preview:large, max-video-preview:-1\" \/>\n<link rel=\"canonical\" href=\"https:\/\/www.d-velop.de\/blog\/branchenprozesse\/pflegedokumentation\/\" \/>\n<meta property=\"og:locale\" content=\"de_DE\" \/>\n<meta property=\"og:type\" content=\"article\" \/>\n<meta property=\"og:title\" content=\"Pflegedokumentation: griffbereit, digital &amp; revisionssicher archiviert\" \/>\n<meta property=\"og:description\" content=\"Warum sollte die Pflegedokumentation digital und zentral stattfinden? Was sind die Anforderungen an eine digitale Pflegedokumentation? Jetzt lesen \u25b6\ufe0f\" \/>\n<meta property=\"og:url\" content=\"https:\/\/www.d-velop.de\/blog\/branchenprozesse\/pflegedokumentation\/\" \/>\n<meta property=\"og:site_name\" content=\"d.velop blog\" \/>\n<meta property=\"article:publisher\" content=\"https:\/\/www.facebook.com\/d.velop.ag\/\" \/>\n<meta property=\"article:published_time\" content=\"2024-05-15T09:23:31+00:00\" \/>\n<meta property=\"article:modified_time\" content=\"2024-05-22T12:58:52+00:00\" \/>\n<meta property=\"og:image\" content=\"https:\/\/www.d-velop.de\/blog\/wp-content\/uploads\/2024\/05\/social-sharing-pflegedokumentation.jpg\" \/>\n\t<meta property=\"og:image:width\" content=\"1200\" \/>\n\t<meta property=\"og:image:height\" content=\"628\" \/>\n\t<meta property=\"og:image:type\" content=\"image\/jpeg\" \/>\n<meta name=\"author\" content=\"Katja Mattejat\" \/>\n<meta name=\"twitter:card\" content=\"summary_large_image\" \/>\n<meta name=\"twitter:creator\" content=\"@d_velop\" \/>\n<meta name=\"twitter:site\" content=\"@d_velop\" \/>\n<meta name=\"twitter:label1\" content=\"Verfasst von\" \/>\n\t<meta name=\"twitter:data1\" content=\"Katja Mattejat\" \/>\n\t<meta name=\"twitter:label2\" content=\"Gesch\u00e4tzte Lesezeit\" \/>\n\t<meta name=\"twitter:data2\" content=\"5\u00a0Minuten\" \/>\n<script type=\"application\/ld+json\" class=\"yoast-schema-graph\">{\"@context\":\"https:\/\/schema.org\",\"@graph\":[{\"@type\":\"Article\",\"@id\":\"https:\/\/www.d-velop.de\/blog\/branchenprozesse\/pflegedokumentation\/#article\",\"isPartOf\":{\"@id\":\"https:\/\/www.d-velop.de\/blog\/branchenprozesse\/pflegedokumentation\/\"},\"author\":{\"name\":\"Katja Mattejat\",\"@id\":\"https:\/\/www.d-velop.de\/blog\/#\/schema\/person\/c193af8a2d574308950627146e685faa\"},\"headline\":\"Pflegedokumentation: griffbereit, digital &amp; revisionssicher archiviert\",\"datePublished\":\"2024-05-15T09:23:31+00:00\",\"dateModified\":\"2024-05-22T12:58:52+00:00\",\"mainEntityOfPage\":{\"@id\":\"https:\/\/www.d-velop.de\/blog\/branchenprozesse\/pflegedokumentation\/\"},\"wordCount\":891,\"publisher\":{\"@id\":\"https:\/\/www.d-velop.de\/blog\/#organization\"},\"image\":{\"@id\":\"https:\/\/www.d-velop.de\/blog\/branchenprozesse\/pflegedokumentation\/#primaryimage\"},\"thumbnailUrl\":\"https:\/\/www.d-velop.de\/blog\/wp-content\/uploads\/2024\/05\/beitragsbild-pflegedokumentation.jpg\",\"keywords\":[\"Gesundheits- und Sozialwesen\"],\"articleSection\":[\"Transformation von Branchen &amp; M\u00e4rkten\"],\"inLanguage\":\"de\"},{\"@type\":\"WebPage\",\"@id\":\"https:\/\/www.d-velop.de\/blog\/branchenprozesse\/pflegedokumentation\/\",\"url\":\"https:\/\/www.d-velop.de\/blog\/branchenprozesse\/pflegedokumentation\/\",\"name\":\"Pflegedokumentation: griffbereit, digital &amp; revisionssicher archiviert\",\"isPartOf\":{\"@id\":\"https:\/\/www.d-velop.de\/blog\/#website\"},\"primaryImageOfPage\":{\"@id\":\"https:\/\/www.d-velop.de\/blog\/branchenprozesse\/pflegedokumentation\/#primaryimage\"},\"image\":{\"@id\":\"https:\/\/www.d-velop.de\/blog\/branchenprozesse\/pflegedokumentation\/#primaryimage\"},\"thumbnailUrl\":\"https:\/\/www.d-velop.de\/blog\/wp-content\/uploads\/2024\/05\/beitragsbild-pflegedokumentation.jpg\",\"datePublished\":\"2024-05-15T09:23:31+00:00\",\"dateModified\":\"2024-05-22T12:58:52+00:00\",\"description\":\"Warum sollte die Pflegedokumentation digital und zentral stattfinden? Was sind die Anforderungen an eine digitale Pflegedokumentation? Jetzt lesen \u25b6\ufe0f\",\"breadcrumb\":{\"@id\":\"https:\/\/www.d-velop.de\/blog\/branchenprozesse\/pflegedokumentation\/#breadcrumb\"},\"inLanguage\":\"de\",\"potentialAction\":[{\"@type\":\"ReadAction\",\"target\":[\"https:\/\/www.d-velop.de\/blog\/branchenprozesse\/pflegedokumentation\/\"]}]},{\"@type\":\"ImageObject\",\"inLanguage\":\"de\",\"@id\":\"https:\/\/www.d-velop.de\/blog\/branchenprozesse\/pflegedokumentation\/#primaryimage\",\"url\":\"https:\/\/www.d-velop.de\/blog\/wp-content\/uploads\/2024\/05\/beitragsbild-pflegedokumentation.jpg\",\"contentUrl\":\"https:\/\/www.d-velop.de\/blog\/wp-content\/uploads\/2024\/05\/beitragsbild-pflegedokumentation.jpg\",\"width\":2000,\"height\":666,\"caption\":\"Beitragsbild Pflegedokumentation\"},{\"@type\":\"BreadcrumbList\",\"@id\":\"https:\/\/www.d-velop.de\/blog\/branchenprozesse\/pflegedokumentation\/#breadcrumb\",\"itemListElement\":[{\"@type\":\"ListItem\",\"position\":1,\"name\":\"Startseite\",\"item\":\"https:\/\/www.d-velop.de\/blog\/\"},{\"@type\":\"ListItem\",\"position\":2,\"name\":\"Pflegedokumentation: griffbereit, digital &amp; revisionssicher archiviert\"}]},{\"@type\":\"WebSite\",\"@id\":\"https:\/\/www.d-velop.de\/blog\/#website\",\"url\":\"https:\/\/www.d-velop.de\/blog\/\",\"name\":\"d.velop blog\",\"description\":\"Digitalisierung, Dokumentenmanagement und rund um d.velop\",\"publisher\":{\"@id\":\"https:\/\/www.d-velop.de\/blog\/#organization\"},\"potentialAction\":[{\"@type\":\"SearchAction\",\"target\":{\"@type\":\"EntryPoint\",\"urlTemplate\":\"https:\/\/www.d-velop.de\/blog\/?s={search_term_string}\"},\"query-input\":{\"@type\":\"PropertyValueSpecification\",\"valueRequired\":true,\"valueName\":\"search_term_string\"}}],\"inLanguage\":\"de\"},{\"@type\":\"Organization\",\"@id\":\"https:\/\/www.d-velop.de\/blog\/#organization\",\"name\":\"d.velop Gruppe\",\"url\":\"https:\/\/www.d-velop.de\/blog\/\",\"logo\":{\"@type\":\"ImageObject\",\"inLanguage\":\"de\",\"@id\":\"https:\/\/www.d-velop.de\/blog\/#\/schema\/logo\/image\/\",\"url\":\"https:\/\/www.d-velop.de\/blog\/wp-content\/uploads\/2018\/12\/dvelop-blog-logo-invers.jpg\",\"contentUrl\":\"https:\/\/www.d-velop.de\/blog\/wp-content\/uploads\/2018\/12\/dvelop-blog-logo-invers.jpg\",\"width\":350,\"height\":350,\"caption\":\"d.velop Gruppe\"},\"image\":{\"@id\":\"https:\/\/www.d-velop.de\/blog\/#\/schema\/logo\/image\/\"},\"sameAs\":[\"https:\/\/www.facebook.com\/d.velop.ag\/\",\"https:\/\/x.com\/d_velop\",\"https:\/\/de.linkedin.com\/company\/d-velop\",\"https:\/\/www.xing.com\/pages\/d-velopag\",\"https:\/\/www.instagram.com\/d.velop_group\/\"]},{\"@type\":\"Person\",\"@id\":\"https:\/\/www.d-velop.de\/blog\/#\/schema\/person\/c193af8a2d574308950627146e685faa\",\"name\":\"Katja Mattejat\",\"image\":{\"@type\":\"ImageObject\",\"inLanguage\":\"de\",\"@id\":\"https:\/\/www.d-velop.de\/blog\/#\/schema\/person\/image\/\",\"url\":\"https:\/\/www.d-velop.de\/blog\/wp-content\/uploads\/2020\/10\/katja-mattejat-d-velop-ag-150x150.jpg\",\"contentUrl\":\"https:\/\/www.d-velop.de\/blog\/wp-content\/uploads\/2020\/10\/katja-mattejat-d-velop-ag-150x150.jpg\",\"caption\":\"Katja Mattejat\"},\"description\":\"Marketing Manager Healthcare &amp; Welfare\",\"sameAs\":[\"https:\/\/www.d-velop.de\/\",\"https:\/\/www.linkedin.com\/in\/katja-mattejat-35b381181\/\"],\"url\":\"https:\/\/www.d-velop.de\/blog\/author\/katja-mattejat\/\"}]}<\/script>\n<!-- \/ Yoast SEO Premium plugin. -->","yoast_head_json":{"title":"Pflegedokumentation: griffbereit, digital &amp; revisionssicher archiviert","description":"Warum sollte die Pflegedokumentation digital und zentral stattfinden? Was sind die Anforderungen an eine digitale Pflegedokumentation? Jetzt lesen \u25b6\ufe0f","robots":{"index":"index","follow":"follow","max-snippet":"max-snippet:-1","max-image-preview":"max-image-preview:large","max-video-preview":"max-video-preview:-1"},"canonical":"https:\/\/www.d-velop.de\/blog\/branchenprozesse\/pflegedokumentation\/","og_locale":"de_DE","og_type":"article","og_title":"Pflegedokumentation: griffbereit, digital &amp; revisionssicher archiviert","og_description":"Warum sollte die Pflegedokumentation digital und zentral stattfinden? Was sind die Anforderungen an eine digitale Pflegedokumentation? Jetzt lesen \u25b6\ufe0f","og_url":"https:\/\/www.d-velop.de\/blog\/branchenprozesse\/pflegedokumentation\/","og_site_name":"d.velop blog","article_publisher":"https:\/\/www.facebook.com\/d.velop.ag\/","article_published_time":"2024-05-15T09:23:31+00:00","article_modified_time":"2024-05-22T12:58:52+00:00","og_image":[{"width":1200,"height":628,"url":"https:\/\/www.d-velop.de\/blog\/wp-content\/uploads\/2024\/05\/social-sharing-pflegedokumentation.jpg","type":"image\/jpeg"}],"author":"Katja Mattejat","twitter_card":"summary_large_image","twitter_creator":"@d_velop","twitter_site":"@d_velop","twitter_misc":{"Verfasst von":"Katja Mattejat","Gesch\u00e4tzte Lesezeit":"5\u00a0Minuten"},"schema":{"@context":"https:\/\/schema.org","@graph":[{"@type":"Article","@id":"https:\/\/www.d-velop.de\/blog\/branchenprozesse\/pflegedokumentation\/#article","isPartOf":{"@id":"https:\/\/www.d-velop.de\/blog\/branchenprozesse\/pflegedokumentation\/"},"author":{"name":"Katja Mattejat","@id":"https:\/\/www.d-velop.de\/blog\/#\/schema\/person\/c193af8a2d574308950627146e685faa"},"headline":"Pflegedokumentation: griffbereit, digital &amp; revisionssicher archiviert","datePublished":"2024-05-15T09:23:31+00:00","dateModified":"2024-05-22T12:58:52+00:00","mainEntityOfPage":{"@id":"https:\/\/www.d-velop.de\/blog\/branchenprozesse\/pflegedokumentation\/"},"wordCount":891,"publisher":{"@id":"https:\/\/www.d-velop.de\/blog\/#organization"},"image":{"@id":"https:\/\/www.d-velop.de\/blog\/branchenprozesse\/pflegedokumentation\/#primaryimage"},"thumbnailUrl":"https:\/\/www.d-velop.de\/blog\/wp-content\/uploads\/2024\/05\/beitragsbild-pflegedokumentation.jpg","keywords":["Gesundheits- und Sozialwesen"],"articleSection":["Transformation von Branchen &amp; M\u00e4rkten"],"inLanguage":"de"},{"@type":"WebPage","@id":"https:\/\/www.d-velop.de\/blog\/branchenprozesse\/pflegedokumentation\/","url":"https:\/\/www.d-velop.de\/blog\/branchenprozesse\/pflegedokumentation\/","name":"Pflegedokumentation: griffbereit, digital &amp; revisionssicher archiviert","isPartOf":{"@id":"https:\/\/www.d-velop.de\/blog\/#website"},"primaryImageOfPage":{"@id":"https:\/\/www.d-velop.de\/blog\/branchenprozesse\/pflegedokumentation\/#primaryimage"},"image":{"@id":"https:\/\/www.d-velop.de\/blog\/branchenprozesse\/pflegedokumentation\/#primaryimage"},"thumbnailUrl":"https:\/\/www.d-velop.de\/blog\/wp-content\/uploads\/2024\/05\/beitragsbild-pflegedokumentation.jpg","datePublished":"2024-05-15T09:23:31+00:00","dateModified":"2024-05-22T12:58:52+00:00","description":"Warum sollte die Pflegedokumentation digital und zentral stattfinden? Was sind die Anforderungen an eine digitale Pflegedokumentation? Jetzt lesen \u25b6\ufe0f","breadcrumb":{"@id":"https:\/\/www.d-velop.de\/blog\/branchenprozesse\/pflegedokumentation\/#breadcrumb"},"inLanguage":"de","potentialAction":[{"@type":"ReadAction","target":["https:\/\/www.d-velop.de\/blog\/branchenprozesse\/pflegedokumentation\/"]}]},{"@type":"ImageObject","inLanguage":"de","@id":"https:\/\/www.d-velop.de\/blog\/branchenprozesse\/pflegedokumentation\/#primaryimage","url":"https:\/\/www.d-velop.de\/blog\/wp-content\/uploads\/2024\/05\/beitragsbild-pflegedokumentation.jpg","contentUrl":"https:\/\/www.d-velop.de\/blog\/wp-content\/uploads\/2024\/05\/beitragsbild-pflegedokumentation.jpg","width":2000,"height":666,"caption":"Beitragsbild Pflegedokumentation"},{"@type":"BreadcrumbList","@id":"https:\/\/www.d-velop.de\/blog\/branchenprozesse\/pflegedokumentation\/#breadcrumb","itemListElement":[{"@type":"ListItem","position":1,"name":"Startseite","item":"https:\/\/www.d-velop.de\/blog\/"},{"@type":"ListItem","position":2,"name":"Pflegedokumentation: griffbereit, digital &amp; revisionssicher archiviert"}]},{"@type":"WebSite","@id":"https:\/\/www.d-velop.de\/blog\/#website","url":"https:\/\/www.d-velop.de\/blog\/","name":"d.velop blog","description":"Digitalisierung, Dokumentenmanagement und rund um d.velop","publisher":{"@id":"https:\/\/www.d-velop.de\/blog\/#organization"},"potentialAction":[{"@type":"SearchAction","target":{"@type":"EntryPoint","urlTemplate":"https:\/\/www.d-velop.de\/blog\/?s={search_term_string}"},"query-input":{"@type":"PropertyValueSpecification","valueRequired":true,"valueName":"search_term_string"}}],"inLanguage":"de"},{"@type":"Organization","@id":"https:\/\/www.d-velop.de\/blog\/#organization","name":"d.velop Gruppe","url":"https:\/\/www.d-velop.de\/blog\/","logo":{"@type":"ImageObject","inLanguage":"de","@id":"https:\/\/www.d-velop.de\/blog\/#\/schema\/logo\/image\/","url":"https:\/\/www.d-velop.de\/blog\/wp-content\/uploads\/2018\/12\/dvelop-blog-logo-invers.jpg","contentUrl":"https:\/\/www.d-velop.de\/blog\/wp-content\/uploads\/2018\/12\/dvelop-blog-logo-invers.jpg","width":350,"height":350,"caption":"d.velop Gruppe"},"image":{"@id":"https:\/\/www.d-velop.de\/blog\/#\/schema\/logo\/image\/"},"sameAs":["https:\/\/www.facebook.com\/d.velop.ag\/","https:\/\/x.com\/d_velop","https:\/\/de.linkedin.com\/company\/d-velop","https:\/\/www.xing.com\/pages\/d-velopag","https:\/\/www.instagram.com\/d.velop_group\/"]},{"@type":"Person","@id":"https:\/\/www.d-velop.de\/blog\/#\/schema\/person\/c193af8a2d574308950627146e685faa","name":"Katja Mattejat","image":{"@type":"ImageObject","inLanguage":"de","@id":"https:\/\/www.d-velop.de\/blog\/#\/schema\/person\/image\/","url":"https:\/\/www.d-velop.de\/blog\/wp-content\/uploads\/2020\/10\/katja-mattejat-d-velop-ag-150x150.jpg","contentUrl":"https:\/\/www.d-velop.de\/blog\/wp-content\/uploads\/2020\/10\/katja-mattejat-d-velop-ag-150x150.jpg","caption":"Katja Mattejat"},"description":"Marketing Manager Healthcare &amp; Welfare","sameAs":["https:\/\/www.d-velop.de\/","https:\/\/www.linkedin.com\/in\/katja-mattejat-35b381181\/"],"url":"https:\/\/www.d-velop.de\/blog\/author\/katja-mattejat\/"}]}},"_links":{"self":[{"href":"https:\/\/www.d-velop.de\/blog\/wp-json\/wp\/v2\/posts\/48371","targetHints":{"allow":["GET"]}}],"collection":[{"href":"https:\/\/www.d-velop.de\/blog\/wp-json\/wp\/v2\/posts"}],"about":[{"href":"https:\/\/www.d-velop.de\/blog\/wp-json\/wp\/v2\/types\/post"}],"author":[{"embeddable":true,"href":"https:\/\/www.d-velop.de\/blog\/wp-json\/wp\/v2\/users\/111"}],"replies":[{"embeddable":true,"href":"https:\/\/www.d-velop.de\/blog\/wp-json\/wp\/v2\/comments?post=48371"}],"version-history":[{"count":2,"href":"https:\/\/www.d-velop.de\/blog\/wp-json\/wp\/v2\/posts\/48371\/revisions"}],"predecessor-version":[{"id":48480,"href":"https:\/\/www.d-velop.de\/blog\/wp-json\/wp\/v2\/posts\/48371\/revisions\/48480"}],"wp:featuredmedia":[{"embeddable":true,"href":"https:\/\/www.d-velop.de\/blog\/wp-json\/wp\/v2\/media\/48384"}],"wp:attachment":[{"href":"https:\/\/www.d-velop.de\/blog\/wp-json\/wp\/v2\/media?parent=48371"}],"wp:term":[{"taxonomy":"category","embeddable":true,"href":"https:\/\/www.d-velop.de\/blog\/wp-json\/wp\/v2\/categories?post=48371"},{"taxonomy":"post_tag","embeddable":true,"href":"https:\/\/www.d-velop.de\/blog\/wp-json\/wp\/v2\/tags?post=48371"}],"curies":[{"name":"wp","href":"https:\/\/api.w.org\/{rel}","templated":true}]}}