{"id":48421,"date":"2024-05-21T11:26:49","date_gmt":"2024-05-21T09:26:49","guid":{"rendered":"https:\/\/www.d-velop.de\/blog\/?p=48421"},"modified":"2025-05-22T10:00:46","modified_gmt":"2025-05-22T08:00:46","slug":"eidas-2-0","status":"publish","type":"post","link":"https:\/\/www.d-velop.de\/blog\/compliance\/eidas-2-0\/","title":{"rendered":"eIDAS 2.0: Digitale Identit\u00e4ten in Europa neu denken"},"content":{"rendered":"\n<p data-beyondwords-marker=\"ad438ce2-a66d-4e13-a667-a6258f82ae69\">eIDAS 2.0 markiert einen bedeutenden Fortschritt in der Weiterentwicklung digitaler Identit\u00e4ten in Europa. Mit dieser aktualisierten Verordnung zielt die Europ\u00e4ische Union darauf ab, die Interoperabilit\u00e4t und Sicherheit digitaler Transaktionen zu verbessern. eIDAS 2.0 stellt sicher, dass elektronische Identifizierung und Vertrauensdienste grenz\u00fcberschreitend nutzbar und verl\u00e4sslich sind. Unternehmen, \u00f6ffentliche Einrichtungen und B\u00fcrger:innen profitieren von einem erh\u00f6hten Schutz ihrer digitalen Identit\u00e4ten und einer vereinfachten Nutzung elektronischer Dienste. Diese Neuerungen tragen wesentlich dazu bei, das Vertrauen in den digitalen Binnenmarkt zu st\u00e4rken und die digitale Transformation voranzutreiben. In diesem Blogartikel erkl\u00e4ren wir dir, was sich hinter der eIDAS 2.0 verbirgt und welche Neuerungen sie konkret mitbringt.<\/p>\n\n\n\n<h2 data-beyondwords-marker=\"f0272d22-f2bd-4f5c-9d0b-6f95fdc92165\" class=\"wp-block-heading\" id=\"h-was-ist-eidas-2-0\"><span class=\"ez-toc-section\" id=\"was-ist-eidas-20\"><\/span>Was ist eIDAS 2.0?<span class=\"ez-toc-section-end\"><\/span><\/h2>\n\n\n\n<p data-beyondwords-marker=\"15eb9bc5-ca07-4512-bfa8-3732420a3d60\">Am 17.09.2014 trat die &#8222;Verordnung \u00fcber elektronische Identifizierung und Vertrauensdienste f\u00fcr elektronische Transaktionen im Binnenmarkt und zur Aufhebung der Richtlinie 1999\/93\/ EG\u201d &#8211; kurz eIDAS-Verordnung &#8211; in Kraft. Die novellierte Verordnung (EU)&nbsp;Nr.&nbsp;2024\/1183 wurde am 29. Februar 2024 vom Europ\u00e4ischen Parlament verabschiedet und am trat am 20. Mai 2024 in Kraft. Diese novellierte Verordnung erg\u00e4nzt damit die EU Richtlinie (EU) No 910\/2014. Umgangssprachlich wird diese aktuelle Verordnung als <strong>eIDAS 2.0<\/strong> bezeichnet.<\/p>\n\n\n\n<p data-beyondwords-marker=\"25417631-235b-46f2-b762-1ba4c613c9f4\"> eIDAS steht f\u00fcr &#8222;Electronic Identification, Authentication and Trust Services&#8220; und zielt darauf ab, grenz\u00fcberschreitende digitale Transaktionen innerhalb der EU zu erleichtern. Die erste Version der eIDAS-Verordnung schuf ein rechtliches Rahmenwerk f\u00fcr elektronische Identifizierung und Vertrauensdienste, das es B\u00fcrger:innen und Unternehmen erm\u00f6glichte, sicher und nahtlos digitale Transaktionen \u00fcber L\u00e4ndergrenzen hinweg durchzuf\u00fchren.<\/p>\n\n\n\n<p data-beyondwords-marker=\"09f54750-409e-4b4c-a3de-ae0370e3ef13\">eIDAS 2.0 baut auf diesem Fundament auf und bringt wesentliche Verbesserungen und Erweiterungen mit sich. Die Aktualisierung wurde notwendig, um den sich schnell entwickelnden digitalen Marktanforderungen gerecht zu werden und die Integration neuer Technologien zu erm\u00f6glichen.<\/p>\n\n\n\n<h3 data-beyondwords-marker=\"60d2cbb7-1a29-4dd4-8991-7c11d92ecf60\" class=\"wp-block-heading\" id=\"h-durch-eidas-2-0-sind-neuerungen-in-drei-bereichen-geplant\">Durch eIDAS 2.0 sind Neuerungen in drei Bereichen geplant:<\/h3>\n\n\n\n<ul data-beyondwords-marker=\"0d175d8f-e8c4-482f-928a-26fd047f8674\" class=\"wp-block-list is-style-check\">\n<li data-beyondwords-marker=\"eb5582e0-f214-4992-b965-baab2e86b822\">Schw\u00e4chen der aktuellen Fassung beheben<\/li>\n\n\n\n<li data-beyondwords-marker=\"8f6a9d1c-e483-4ed1-92c1-5942bf91f411\">EUDI-Wallet: Digitaler Identit\u00e4tsnachweis f\u00fcr die gesamte Europ\u00e4ische Union (\u201eDigitale Brieftasche\u201c)<\/li>\n\n\n\n<li data-beyondwords-marker=\"6cb45263-0d34-415e-9c0f-820292319cc2\">Weitere Vertrauensdienste: elektronisches Einschreiben, elektronische Zertifikate zur Authentifizierung u.a.<\/li>\n<\/ul>\n\n\n\n<h2 data-beyondwords-marker=\"18bc1f47-44c7-4ec4-84f8-5f643e0fc61b\" class=\"wp-block-heading\" id=\"h-warum-eidas-2-0\"><span class=\"ez-toc-section\" id=\"warum-eidas-20\"><\/span>Warum eIDAS 2.0?<span class=\"ez-toc-section-end\"><\/span><\/h2>\n\n\n\n<p data-beyondwords-marker=\"cc99b8ae-be3e-446d-ad89-5d83604e88cb\">Ein zentrales Ziel von eIDAS 2.0 ist es, die Interoperabilit\u00e4t zwischen den verschiedenen nationalen Identifizierungssystemen weiter zu verbessern und die Akzeptanz von elektronischen Identifikationsmitteln in allen EU-Mitgliedstaaten zu f\u00f6rdern. Dabei sollen sowohl \u00f6ffentliche als auch private Dienste von einer einheitlichen digitalen Identit\u00e4tsl\u00f6sung profitieren. <\/p>\n\n\n\n<p data-beyondwords-marker=\"a898c6c1-791e-4ea9-bae9-2303b6edb90d\">Ein weiterer wichtiger Aspekt von eIDAS 2.0 ist die St\u00e4rkung der Sicherheit und des Vertrauens in digitale Dienste. Durch strengere Sicherheitsanforderungen und verbesserte rechtliche Rahmenbedingungen soll das Risiko von Cyberangriffen und Identit\u00e4tsdiebstahl minimiert werden. <\/p>\n\n\n\n<p data-beyondwords-marker=\"27c42ffe-920f-4cfe-8880-d86d62965255\">Gleichzeitig werden die Anforderungen an die Nutzerfreundlichkeit und den Datenschutz versch\u00e4rft, um den Schutz der pers\u00f6nlichen Daten der B\u00fcrger zu gew\u00e4hrleisten.<\/p>\n\n\n\n<div data-beyondwords-marker=\"5e39c4f4-df52-494c-beb4-ba3d73d17c13\" class=\"wp-block-group is-style-cta-whitepaper\"><div class=\"wp-block-group__inner-container is-layout-constrained wp-block-group-is-layout-constrained\">\n<p data-beyondwords-marker=\"84ce6227-ef0d-4ab9-ac21-c0713f275703\"><strong>Einsteiger-Guide zur E-Signatur: <\/strong>Rechtliche Grundlagen, Best Practices und Tipps f\u00fcr die Einf\u00fchrung<\/p>\n\n\n\n<div data-beyondwords-marker=\"7793c482-ef2f-41fc-a918-d7e96dedfa4d\" style=\"height:16px\" aria-hidden=\"true\" class=\"wp-block-spacer\"><\/div>\n\n\n\n<figure data-beyondwords-marker=\"f7264db2-a846-4f07-b124-522bce833934\" class=\"wp-block-image size-large is-resized\"><img loading=\"lazy\" decoding=\"async\" width=\"1090\" height=\"628\" src=\"https:\/\/www.d-velop.de\/blog\/wp-content\/uploads\/2025\/01\/screenshot-einsteigerguide-digitale-unterschrift-1090x628.png\" alt=\"Screenshots d.velop sign Einsteigerguide\" class=\"wp-image-52690\" style=\"aspect-ratio:1.989051094890511;width:475px;height:auto\" srcset=\"https:\/\/www.d-velop.de\/blog\/wp-content\/uploads\/2025\/01\/screenshot-einsteigerguide-digitale-unterschrift-1090x628.png 1090w, https:\/\/www.d-velop.de\/blog\/wp-content\/uploads\/2025\/01\/screenshot-einsteigerguide-digitale-unterschrift-600x346.png 600w, https:\/\/www.d-velop.de\/blog\/wp-content\/uploads\/2025\/01\/screenshot-einsteigerguide-digitale-unterschrift-768x443.png 768w, https:\/\/www.d-velop.de\/blog\/wp-content\/uploads\/2025\/01\/screenshot-einsteigerguide-digitale-unterschrift-1536x885.png 1536w, https:\/\/www.d-velop.de\/blog\/wp-content\/uploads\/2025\/01\/screenshot-einsteigerguide-digitale-unterschrift-1920x1107.png 1920w, https:\/\/www.d-velop.de\/blog\/wp-content\/uploads\/2025\/01\/screenshot-einsteigerguide-digitale-unterschrift.png 2016w\" sizes=\"auto, (max-width: 1090px) 100vw, 1090px\" \/><\/figure>\n\n\n\n\t<div data-beyondwords-marker=\"9ccab890-d209-422c-bb9a-6a4ddcf9f164\" class=\"wp-block-buttons\">\n\t\t<div class=\"wp-block-button is-style-outline\">\n\t\t\t<a class=\"wp-block-button__link\" href=\"https:\/\/whitepaper.d-velop.de\/digitale-unterschrift\/?utm_campaign=Sonstiges+-+d.velop+BLOG+-+01%2F2018&#038;utm_source=intern-blog-ger&#038;utm_medium=blogpost-eidas-2-0&#038;utm_content=button\" target=\"_blank\">Direkt ohne Anmeldung lesen<\/a>\t\t<\/div>\n\t<\/div>\n\n\t<\/div><\/div>\n\n\n\n<h2 data-beyondwords-marker=\"be73e6fd-354c-41ea-acb7-65be3fed09a6\" class=\"wp-block-heading\" id=\"h-welche-anderungen-ergeben-sich-durch-eidas-2-0\"><span class=\"ez-toc-section\" id=\"welche-aenderungen-ergeben-sich-durch-eidas-20\"><\/span>Welche \u00c4nderungen ergeben sich durch eIDAS 2.0?<span class=\"ez-toc-section-end\"><\/span><\/h2>\n\n\n\n<p data-beyondwords-marker=\"45cc991a-1ad8-4bdb-bac3-33a64a94795d\">Seit der urspr\u00fcnglichen Konzeption der eIDAS-Verordnung im Jahr 2012 hat sich der Rahmen f\u00fcr Vertrauensdienste in unserer Gesellschaft stark ver\u00e4ndert. Tats\u00e4chlich hat die exponentielle Nutzung von Online-Diensten w\u00e4hrend der Pandemie und der Entwicklung unserer digitalen Gewohnheiten die Notwendigkeit eines neuen Rahmens drastisch hervorgehoben. Neben der Ber\u00fccksichtigung neuer elektronischer Vertrauensdienste wird die sogenannte eIDAS \u201e2.0\u201c auch den Schwerpunkt auf eine st\u00e4rkere Normativit\u00e4t legen, insbesondere auf die technischen und operativen Voraussetzungen, die von Vertrauensdiensteanbietern verlangt werden. <\/p>\n\n\n\n<p data-beyondwords-marker=\"1b404c96-5d8a-472a-a351-db8f728105df\">Ein weiterer Grund f\u00fcr eIDAS 2.0 ist, dass es bislang mit der eIDAS-Verordnung nicht vollst\u00e4ndig gelungen ist, urspr\u00fcngliche Aufgabe der Verordnung zu erf\u00fcllen.<\/p>\n\n\n\n<ul data-beyondwords-marker=\"10beae74-6c08-4591-b0fb-3720edc4c38a\" class=\"wp-block-list\">\n<li data-beyondwords-marker=\"adf2ef54-0940-42b8-a291-661847c1c1ca\">Nur 60% der EU-B\u00fcrger h\u00e4tten Zugang zu einem vertrauensw\u00fcrdigen Identifizierungssystem, w\u00e4hrend die Akzeptanz noch darunter liege.<\/li>\n\n\n\n<li data-beyondwords-marker=\"277f2bb9-9ec5-40e7-87e0-24b39bf79e1c\">Die Interoperabilit\u00e4t der nationalen Dienste und Infrastrukturen wird ihrerseits nicht als ausreichend angesehen.<\/li>\n<\/ul>\n\n\n\n<p data-beyondwords-marker=\"550e1509-781c-4475-925e-2d1b753d1859\">Es schien daher notwendig, den Rechtsrahmen zu erneuern, um ihn besser mit den neuen Identifizierungspraktiken in Einklang zu bringen und die innergemeinschaftliche Integration von Vertrauensdiensten zu f\u00f6rdern. F\u00fcr die Gesetzgeber werden die neuen \u00c4nderungen mit eIDAS 2.0 auch Innovation und Forschung erleichtern:<\/p>\n\n\n\n<h3 data-beyondwords-marker=\"feb97580-538f-4ac3-9bd9-50d3d054f960\" class=\"wp-block-heading\" id=\"h-behebung-von-schwachstellen\">Behebung von Schwachstellen<\/h3>\n\n\n\n<p data-beyondwords-marker=\"693af813-7bc8-4e7a-9c55-723d1fb9007b\">Ein wichtiges Ziel, das sich bei der Erstellung des Entwurfs von eIDAS 2.0 gesetzt wurde, war es, die Nutzung elektronischer Vertrauensdienste in Europa noch einheitlicher zu gestalten. Auch wenn es bereits l\u00e4nder\u00fcbergreifende Normen und Anforderungen gibt, so herrschen in der l\u00e4nderspezifischen Umsetzung trotzdem noch Inkonsistenzen zwischen den einzelnen Mitgliedsstaaten. Diese Diskrepanzen sollen durch eIDAS 2.0 nun ausgeglichen werden. Auf diese Weise sollen elektronische Interaktionen zwischen Unternehmen, B\u00fcrger:innen und Beh\u00f6rden vereinfacht, sicherer gemacht und vor Betrug und Identit\u00e4tsdiebstahl gesch\u00fctzt werden.<\/p>\n\n\n\n<h3 data-beyondwords-marker=\"bb9b24d2-6c32-4df2-86b1-ec390e15d804\" class=\"wp-block-heading\" id=\"h-einfuhrung-einer-eudi-wallet\">Einf\u00fchrung einer EUDI-Wallet<\/h3>\n\n\n\n<p data-beyondwords-marker=\"9aa05205-e3ad-429c-b20d-2c2ae30da95b\">Ein sehr bedeutendes Kernelement der eIDAS 2.0 ist die geplante Einf\u00fchrung einer digitalen Brieftasche, auch EU Digital Identity Wallet (EUDI-Wallet) genannt. Hierbei handelt es sich um eine Software, die sich Privatpersonen und Unternehmen auf ihrem Smartphone herunterladen k\u00f6nnen, um ihre Zertifikate und Nachweise rund um das Thema elektronische Identifizierung und Vertrauensdienste zentral an einem Ort speichern und verwalten zu k\u00f6nnen. So hat man weniger Dokumente an verschiedenen Orten verteilt, bekommt einen besseren \u00dcberblick \u00fcber die eigenen Daten zur digitalen Identit\u00e4t und kann leichter auf diese zugreifen. Die digitale Brieftasche soll auch mit anderen digitalen Plattformen gut funktionieren und so verhindern, dass man sich bei jedem digitalen Dienst einzeln registrieren muss. Die ID-Wallet soll unter anderem im Verwaltungs- und Bankensektor, bei Reisen (z.B. Hotelbuchungen), bei medizinischer Hilfe oder Alterskontrollen zum Einsatz kommen und den Zugriff auf Online-Dienste sowie die Durchf\u00fchrung elektronischer Transaktionen erleichtern.<\/p>\n\n\n\n<h3 data-beyondwords-marker=\"92c2ae2b-da26-4950-9c53-81dd80bc8612\" class=\"wp-block-heading\" id=\"h-erweiterung-der-vertrauensdienste\">Erweiterung der Vertrauensdienste<\/h3>\n\n\n\n<p data-beyondwords-marker=\"4a794409-7e94-4861-b8ed-a09964661153\">Zus\u00e4tzlich zur Behebung von Schwachstellen wird im Rahmen von eIDAS 2.0 au\u00dferdem die Auswahl der verschiedenen Vertrauensdienste erweitert. In der Ursprungsversion eIDAS 1.0 wurden bislang nur elektronische Signaturen, elektronische Siegel und elektronische Zeitstempel ber\u00fccksichtigt. Nun kommen mit eIDAS 2 zus\u00e4tzliche Vertrauensdienste wie elektronische Einschreiben sowie elektronische Zertifikate zur Authentifizierung hinzu. Eine weitere bedeutende Neuerung betrifft die Einf\u00fchrung des Konzepts der &#8222;Qualifizierten Vertrauensdiensteanbieter&#8220; (Qualified Trust Service Provider, QTSP). Um als QTSP zu gelten, muss ein Anbieter sehr strenge Sicherheitsstandards, die von der Europ\u00e4ischen Union festgelegt wurden, erf\u00fcllen.<\/p>\n\n\n\n<h2 data-beyondwords-marker=\"bd980351-fc5f-402c-b246-359b866a79d9\" class=\"wp-block-heading\" id=\"h-was-sind-die-erwartungen-an-eidas-2-0\"><span class=\"ez-toc-section\" id=\"was-sind-die-erwartungen-an-eidas-20\"><\/span>Was sind die Erwartungen an eIDAS 2.0?<span class=\"ez-toc-section-end\"><\/span><\/h2>\n\n\n\n<p data-beyondwords-marker=\"c029154a-2bb3-438b-9855-c552e5bc3bd5\">Die \u00dcberarbeitung der eIDAS-Richtlinien war aufgrund der fortschreitenden Entwicklung der Technik und der damit einhergehenden Ver\u00e4nderung des Marktes nur eine Frage der Zeit. In vielerlei Hinsicht wird eIDAS 2.0 deshalb als notwendig und richtig erachtet. So kann die Sicherheit und Zuverl\u00e4ssigkeit elektronischer Dienste verbessert, das Risiko f\u00fcr Betrug und Identit\u00e4tsdiebstahl reduziert und der Zugriff auf Online-Dienste durch die eIDAS 2.0 erleichtert werden. Die gr\u00f6\u00dfte Herausforderung wird, wie bei so vielen digitalen Diensten, der Umgang mit Schutzma\u00dfnahmen vor Datenmissbrauch sein. Deswegen wird von den Verantwortlichen stetig daran gearbeitet, beim Thema Datenschutz strenge Sicherheitsstandards zu fordern.<\/p>\n\n\n\n<h2 data-beyondwords-marker=\"f6d585a1-4db8-4493-83e7-5e5fb7c8dea6\" class=\"wp-block-heading\" id=\"h-eidas-2-0-betrifft-zahlreiche-lander-und-branchen\"><span class=\"ez-toc-section\" id=\"eidas-20-betrifft-zahlreiche-laender-und-branchen\"><\/span>eIDAS 2.0 betrifft zahlreiche L\u00e4nder und Branchen<span class=\"ez-toc-section-end\"><\/span><\/h2>\n\n\n\n<p data-beyondwords-marker=\"145cdc2b-d5d5-4473-a024-4692d66b3397\">eIDAS 2.0 wird sich auf viele Bereiche des Lebens der B\u00fcrger:innen der EU-Mitgliedsstaaten und der Mitgliedsstaaten des Europ\u00e4ischen Wirtschaftsraums (EWR) auswirken. Auf Seiten der Industrie wird die Mehrheit der Branchen, die Online-Dienste anbieten und eine vertrauensw\u00fcrdige elektronische L\u00f6sung erfordern, von dieser Aktualisierung betroffen sein. Der Vorschlag zur \u00c4nderung der eIDAS-Verordnung betont, dass viele Sektoren davon profitieren werden. Namentlich erw\u00e4hnt werden die Bereiche Gesundheit, Transport, Energie, Banken und Finanzen, Postdienste, Bildung, digitale Infrastruktur und Trinkwasser. Aber auch andere, nicht genannte Sektoren k\u00f6nnen nat\u00fcrlich betroffen sein, je nachdem, wie sie digitale Dienstleistungen und Online-Transaktionen nutzen. Der \u00f6ffentliche Sektor wird eindeutig zu den gl\u00fccklichen Nutznie\u00dfern der eIDAS 2.0 geh\u00f6ren, da sich die Anwendungsf\u00e4lle f\u00fcr die Erleichterung des \u00f6ffentlichen Lebens vervielfachen werden. Regierungsbeh\u00f6rden werden direkt betroffen sein, da sie den grenz\u00fcberschreitenden Zugang zu \u00f6ffentlichen Online-Diensten erleichtern und gleichzeitig die gegenseitige Anerkennung von elektronischen Identit\u00e4ten erm\u00f6glichen m\u00fcssen.<\/p>\n\n\n\n<div data-beyondwords-marker=\"3304c3f7-3551-44fa-b568-fa21d53a143f\" class=\"wp-block-group is-style-cta\"><div class=\"wp-block-group__inner-container is-layout-constrained wp-block-group-is-layout-constrained\">\n<h2 data-beyondwords-marker=\"c4e43f42-dcd7-46ec-bd2d-60dae290a565\" class=\"wp-block-heading\" id=\"h-d-velop-sign-e-signatur-unverbindlich-testen\"><span class=\"ez-toc-section\" id=\"%f0%9f%92%bb-dvelop-sign-e-signatur-unverbindlich-testen\"><\/span>&#x1f4bb; d.velop sign: E-Signatur unverbindlich testen<span class=\"ez-toc-section-end\"><\/span><\/h2>\n\n\n\n<p data-beyondwords-marker=\"55ea6ca1-2805-4c58-8a34-456e74475759\"><\/p>\n\n\n\n<script data-beyondwords-marker=\"b4dacac4-cb3d-4cfc-beff-58702f5d769d\" src=\"https:\/\/fast.wistia.com\/embed\/medias\/9g1ytm1umn.jsonp\" async><\/script><script src=\"https:\/\/fast.wistia.com\/assets\/external\/E-v1.js\" async><\/script><div class=\"wistia_responsive_padding\" style=\"padding:56.25% 0 0 0;position:relative;\"><div class=\"wistia_responsive_wrapper\" style=\"height:100%;left:0;position:absolute;top:0;width:100%;\"><div class=\"wistia_embed wistia_async_9g1ytm1umn seo=true videoFoam=true\" style=\"height:100%;position:relative;width:100%\">&nbsp;<\/div><\/div><\/div>\n\n\n\n\t<div data-beyondwords-marker=\"585d4b30-35f5-4b35-b533-e0335f87ef1e\" class=\"wp-block-buttons\">\n\t\t<div class=\"wp-block-button is-style-outline\">\n\t\t\t<a class=\"wp-block-button__link\" href=\"https:\/\/content.d-velop.de\/digitale-unterschrift-dokumente-online-unterschreiben?utm_campaign=Sonstiges+-+d.velop+BLOG+-+01%2F2018&#038;utm_source=intern-blog-ger&#038;utm_medium=blogpost-eidas-2-0&#038;utm_content=button\" target=\"_blank\">Software testen<\/a>\t\t<\/div>\n\t<\/div>\n\n\t<\/div><\/div>\n\n\n\n<h2 data-beyondwords-marker=\"a0e3966b-fb30-4d98-b5bd-a97d8d2e6b0c\" class=\"wp-block-heading\" id=\"h-wann-tritt-eidas-2-0-in-kraft\"><span class=\"ez-toc-section\" id=\"wann-tritt-eidas-20-in-kraft\"><\/span>Wann tritt eIDAS 2.0 in Kraft?<span class=\"ez-toc-section-end\"><\/span><\/h2>\n\n\n\n<p data-beyondwords-marker=\"d2ef70b7-ed58-414f-85d2-12712b2c7b40\">eIDAS 2.0, die aktualisierte Verordnung f\u00fcr elektronische Identifizierung und Vertrauensdienste in der EU, wurde im Februar 2024 vom Europ\u00e4ischen Parlament und im M\u00e4rz 2024 vom Rat angenommen. Es wird erwartet, dass sie bis Ende Sommer 2024 in Kraft tritt. Der aktuelle Status kann dem Verlauf der Europ\u00e4ischen Kommission entnommen werden.<\/p>\n\n\n\n<h2 data-beyondwords-marker=\"da9c91a9-facd-4e80-b9dd-a7496126bb22\" class=\"wp-block-heading\" id=\"h-was-bedeutet-eidas-2-0-fur-die-elektronische-signatur\"><span class=\"ez-toc-section\" id=\"was-bedeutet-eidas-20-fuer-die-elektronische-signatur\"><\/span>Was bedeutet eIDAS 2.0 f\u00fcr die elektronische Signatur?<span class=\"ez-toc-section-end\"><\/span><\/h2>\n\n\n\n<p data-beyondwords-marker=\"1929ff59-faad-4e3e-8ca7-55a0770e0f6e\">eIDAS 2.0 bringt erhebliche Ver\u00e4nderungen f\u00fcr die elektronische Signatur in Europa mit sich. Diese Verordnung st\u00e4rkt die rechtliche Anerkennung und die grenz\u00fcberschreitende Nutzung elektronischer Signaturen. Durch die neuen Regelungen wird die Sicherheit und Integrit\u00e4t von digitalen Signaturprozessen weiter verbessert, was das Vertrauen in elektronische Transaktionen erh\u00f6ht. eIDAS 2.0 definiert klare Standards f\u00fcr verschiedene Arten von elektronischen Signaturen, einschlie\u00dflich der <a href=\"https:\/\/www.d-velop.de\/blog\/prozesse-gestalten\/einfache-elektronische-signatur\/\">einfachen elektronischen Signatur (EES)<\/a>, <a href=\"https:\/\/www.d-velop.de\/blog\/prozesse-gestalten\/fortgeschrittene-elektronische-signatur\/\">fortgeschrittenen elektronischen Signatur (FES)<\/a> und <a href=\"https:\/\/www.d-velop.de\/blog\/prozesse-gestalten\/qualifizierte-elektronische-signatur\/\">qualifizierten elektronischen Signatur (QES)<\/a>. Unternehmen und Beh\u00f6rden profitieren von der verbesserten Rechtsverbindlichkeit und der erleichterten Implementierung elektronischer Signaturen in ihre digitalen Prozesse, was die Effizienz und Sicherheit ihrer Transaktionen steigert.<\/p>\n\n\n\n<h2 data-beyondwords-marker=\"901fbef3-e830-4f4d-b587-ac3d79a33425\" class=\"wp-block-heading\" id=\"h-mit-eidas-2-0-schreitet-die-digitalisierung-in-europa-weiter-voran\"><span class=\"ez-toc-section\" id=\"mit-eidas-20-schreitet-die-digitalisierung-in-europa-weiter-voran\"><\/span>Mit eIDAS 2.0 schreitet die Digitalisierung in Europa weiter voran<span class=\"ez-toc-section-end\"><\/span><\/h2>\n\n\n\n<p data-beyondwords-marker=\"6113bbff-a75b-4989-ae06-a2a54ee4bd86\">eIDAS 2.0 setzt neue Ma\u00dfst\u00e4be f\u00fcr die digitale Identifizierung und Vertrauensdienste in Europa. Diese Verordnung st\u00e4rkt die Sicherheit und Interoperabilit\u00e4t, wodurch B\u00fcrger und Unternehmen gleicherma\u00dfen profitieren. Die Einf\u00fchrung von eIDAS 2.0 f\u00f6rdert das Vertrauen in digitale Transaktionen und unterst\u00fctzt die digitale Transformation in der EU. Unternehmen, die sich an diese neuen Standards anpassen, werden wettbewerbsf\u00e4higer und besser ger\u00fcstet sein. Insgesamt tr\u00e4gt eIDAS 2.0 ma\u00dfgeblich dazu bei, Europas digitalen Binnenmarkt zukunftssicher zu gestalten.<\/p>\n","protected":false},"excerpt":{"rendered":"<p>eIDAS 2.0 markiert einen bedeutenden Fortschritt in der Weiterentwicklung digitaler Identit\u00e4ten in Europa. Mit dieser aktualisierten Verordnung zielt die Europ\u00e4ische [&hellip;]<\/p>\n","protected":false},"author":170,"featured_media":48430,"comment_status":"closed","ping_status":"closed","sticky":false,"template":"","format":"standard","meta":{"footnotes":"","beyondwords_generate_audio":"1","beyondwords_project_id":"23937","beyondwords_content_id":"c32fb402-9f04-41d4-b236-4bfe63868d97","beyondwords_preview_token":"89507126-a2d2-43d2-8c8e-04696d9e4bb8","beyondwords_player_content":"","beyondwords_player_style":"","beyondwords_language_id":"","beyondwords_title_voice_id":"","beyondwords_body_voice_id":"","beyondwords_summary_voice_id":"","beyondwords_error_message":"","beyondwords_disabled":"1","beyondwords_delete_content":"","beyondwords_podcast_id":"c32fb402-9f04-41d4-b236-4bfe63868d97","beyondwords_hash":"","publish_post_to_speechkit":"","speechkit_hash":"","speechkit_generate_audio":"","speechkit_project_id":"","speechkit_podcast_id":"","speechkit_error_message":"","speechkit_disabled":"","speechkit_access_key":"","speechkit_error":"","speechkit_info":"","speechkit_response":"","speechkit_retries":"","speechkit_status":"","speechkit_updated_at":"","_speechkit_link":"","_speechkit_text":""},"categories":[4],"tags":[6494],"class_list":["post-48421","post","type-post","status-publish","format-standard","has-post-thumbnail","hentry","category-compliance","tag-fokus-digitale-unterschrift"],"acf":[],"yoast_head":"<!-- This site is optimized with the Yoast SEO Premium plugin v25.6 (Yoast SEO v25.6) - https:\/\/yoast.com\/wordpress\/plugins\/seo\/ -->\n<title>eIDAS 2.0: Digitale Identit\u00e4ten in Europa neu denken | d.velop blog<\/title>\n<meta name=\"description\" content=\"In diesem Blogartikel erf\u00e4hrst du, was sich hinter der eIDAS 2.0 verbirgt und welche Neuerungen sie konkret mit sich bringt.\" \/>\n<meta name=\"robots\" content=\"index, follow, max-snippet:-1, max-image-preview:large, max-video-preview:-1\" \/>\n<link rel=\"canonical\" href=\"https:\/\/www.d-velop.de\/blog\/compliance\/eidas-2-0\/\" \/>\n<meta property=\"og:locale\" content=\"de_DE\" \/>\n<meta property=\"og:type\" content=\"article\" \/>\n<meta property=\"og:title\" content=\"eIDAS 2.0: Digitale Identit\u00e4ten in Europa neu denken\" \/>\n<meta property=\"og:description\" content=\"In diesem Blogartikel erf\u00e4hrst du, was sich hinter der eIDAS 2.0 verbirgt und welche Neuerungen sie konkret mit sich bringt.\" \/>\n<meta property=\"og:url\" content=\"https:\/\/www.d-velop.de\/blog\/compliance\/eidas-2-0\/\" \/>\n<meta property=\"og:site_name\" content=\"d.velop blog\" \/>\n<meta property=\"article:publisher\" content=\"https:\/\/www.facebook.com\/d.velop.ag\/\" \/>\n<meta property=\"article:published_time\" content=\"2024-05-21T09:26:49+00:00\" \/>\n<meta property=\"article:modified_time\" content=\"2025-05-22T08:00:46+00:00\" \/>\n<meta property=\"og:image\" content=\"https:\/\/www.d-velop.de\/blog\/wp-content\/uploads\/2024\/05\/eidas-2-0-social-sharing-bild-blogartikel.png\" \/>\n\t<meta property=\"og:image:width\" content=\"1200\" \/>\n\t<meta property=\"og:image:height\" content=\"628\" \/>\n\t<meta property=\"og:image:type\" content=\"image\/png\" \/>\n<meta name=\"author\" content=\"Mark Kesselmann\" \/>\n<meta name=\"twitter:card\" content=\"summary_large_image\" \/>\n<meta name=\"twitter:creator\" content=\"@d_velop\" \/>\n<meta name=\"twitter:site\" content=\"@d_velop\" \/>\n<meta name=\"twitter:label1\" content=\"Verfasst von\" \/>\n\t<meta name=\"twitter:data1\" content=\"Mark Kesselmann\" \/>\n\t<meta name=\"twitter:label2\" content=\"Gesch\u00e4tzte Lesezeit\" \/>\n\t<meta name=\"twitter:data2\" content=\"9\u00a0Minuten\" \/>\n<script type=\"application\/ld+json\" class=\"yoast-schema-graph\">{\"@context\":\"https:\/\/schema.org\",\"@graph\":[{\"@type\":\"Article\",\"@id\":\"https:\/\/www.d-velop.de\/blog\/compliance\/eidas-2-0\/#article\",\"isPartOf\":{\"@id\":\"https:\/\/www.d-velop.de\/blog\/compliance\/eidas-2-0\/\"},\"author\":{\"name\":\"Mark Kesselmann\",\"@id\":\"https:\/\/www.d-velop.de\/blog\/#\/schema\/person\/75eab70f2b7be6c5ba41eee80e9ee351\"},\"headline\":\"eIDAS 2.0: Digitale Identit\u00e4ten in Europa neu denken\",\"datePublished\":\"2024-05-21T09:26:49+00:00\",\"dateModified\":\"2025-05-22T08:00:46+00:00\",\"mainEntityOfPage\":{\"@id\":\"https:\/\/www.d-velop.de\/blog\/compliance\/eidas-2-0\/\"},\"wordCount\":1501,\"publisher\":{\"@id\":\"https:\/\/www.d-velop.de\/blog\/#organization\"},\"image\":{\"@id\":\"https:\/\/www.d-velop.de\/blog\/compliance\/eidas-2-0\/#primaryimage\"},\"thumbnailUrl\":\"https:\/\/www.d-velop.de\/blog\/wp-content\/uploads\/2024\/05\/beitragsbild-blogartikel-eidas-2-0.jpg\",\"keywords\":[\"Digitale Unterschrift\"],\"articleSection\":[\"Compliance\"],\"inLanguage\":\"de\"},{\"@type\":\"WebPage\",\"@id\":\"https:\/\/www.d-velop.de\/blog\/compliance\/eidas-2-0\/\",\"url\":\"https:\/\/www.d-velop.de\/blog\/compliance\/eidas-2-0\/\",\"name\":\"eIDAS 2.0: Digitale Identit\u00e4ten in Europa neu denken | d.velop blog\",\"isPartOf\":{\"@id\":\"https:\/\/www.d-velop.de\/blog\/#website\"},\"primaryImageOfPage\":{\"@id\":\"https:\/\/www.d-velop.de\/blog\/compliance\/eidas-2-0\/#primaryimage\"},\"image\":{\"@id\":\"https:\/\/www.d-velop.de\/blog\/compliance\/eidas-2-0\/#primaryimage\"},\"thumbnailUrl\":\"https:\/\/www.d-velop.de\/blog\/wp-content\/uploads\/2024\/05\/beitragsbild-blogartikel-eidas-2-0.jpg\",\"datePublished\":\"2024-05-21T09:26:49+00:00\",\"dateModified\":\"2025-05-22T08:00:46+00:00\",\"description\":\"In diesem Blogartikel erf\u00e4hrst du, was sich hinter der eIDAS 2.0 verbirgt und welche Neuerungen sie konkret mit sich bringt.\",\"breadcrumb\":{\"@id\":\"https:\/\/www.d-velop.de\/blog\/compliance\/eidas-2-0\/#breadcrumb\"},\"inLanguage\":\"de\",\"potentialAction\":[{\"@type\":\"ReadAction\",\"target\":[\"https:\/\/www.d-velop.de\/blog\/compliance\/eidas-2-0\/\"]}]},{\"@type\":\"ImageObject\",\"inLanguage\":\"de\",\"@id\":\"https:\/\/www.d-velop.de\/blog\/compliance\/eidas-2-0\/#primaryimage\",\"url\":\"https:\/\/www.d-velop.de\/blog\/wp-content\/uploads\/2024\/05\/beitragsbild-blogartikel-eidas-2-0.jpg\",\"contentUrl\":\"https:\/\/www.d-velop.de\/blog\/wp-content\/uploads\/2024\/05\/beitragsbild-blogartikel-eidas-2-0.jpg\",\"width\":1920,\"height\":639,\"caption\":\"Beitragsbild Blogartikel eIDAS 2.0 - europ\u00e4ische Fahne\"},{\"@type\":\"BreadcrumbList\",\"@id\":\"https:\/\/www.d-velop.de\/blog\/compliance\/eidas-2-0\/#breadcrumb\",\"itemListElement\":[{\"@type\":\"ListItem\",\"position\":1,\"name\":\"Startseite\",\"item\":\"https:\/\/www.d-velop.de\/blog\/\"},{\"@type\":\"ListItem\",\"position\":2,\"name\":\"eIDAS 2.0: Digitale Identit\u00e4ten in Europa neu denken\"}]},{\"@type\":\"WebSite\",\"@id\":\"https:\/\/www.d-velop.de\/blog\/#website\",\"url\":\"https:\/\/www.d-velop.de\/blog\/\",\"name\":\"d.velop blog\",\"description\":\"Digitalisierung, Dokumentenmanagement und rund um d.velop\",\"publisher\":{\"@id\":\"https:\/\/www.d-velop.de\/blog\/#organization\"},\"potentialAction\":[{\"@type\":\"SearchAction\",\"target\":{\"@type\":\"EntryPoint\",\"urlTemplate\":\"https:\/\/www.d-velop.de\/blog\/?s={search_term_string}\"},\"query-input\":{\"@type\":\"PropertyValueSpecification\",\"valueRequired\":true,\"valueName\":\"search_term_string\"}}],\"inLanguage\":\"de\"},{\"@type\":\"Organization\",\"@id\":\"https:\/\/www.d-velop.de\/blog\/#organization\",\"name\":\"d.velop Gruppe\",\"url\":\"https:\/\/www.d-velop.de\/blog\/\",\"logo\":{\"@type\":\"ImageObject\",\"inLanguage\":\"de\",\"@id\":\"https:\/\/www.d-velop.de\/blog\/#\/schema\/logo\/image\/\",\"url\":\"https:\/\/www.d-velop.de\/blog\/wp-content\/uploads\/2018\/12\/dvelop-blog-logo-invers.jpg\",\"contentUrl\":\"https:\/\/www.d-velop.de\/blog\/wp-content\/uploads\/2018\/12\/dvelop-blog-logo-invers.jpg\",\"width\":350,\"height\":350,\"caption\":\"d.velop Gruppe\"},\"image\":{\"@id\":\"https:\/\/www.d-velop.de\/blog\/#\/schema\/logo\/image\/\"},\"sameAs\":[\"https:\/\/www.facebook.com\/d.velop.ag\/\",\"https:\/\/x.com\/d_velop\",\"https:\/\/de.linkedin.com\/company\/d-velop\",\"https:\/\/www.xing.com\/pages\/d-velopag\",\"https:\/\/www.instagram.com\/d.velop_group\/\"]},{\"@type\":\"Person\",\"@id\":\"https:\/\/www.d-velop.de\/blog\/#\/schema\/person\/75eab70f2b7be6c5ba41eee80e9ee351\",\"name\":\"Mark Kesselmann\",\"image\":{\"@type\":\"ImageObject\",\"inLanguage\":\"de\",\"@id\":\"https:\/\/www.d-velop.de\/blog\/#\/schema\/person\/image\/\",\"url\":\"https:\/\/www.d-velop.de\/blog\/wp-content\/uploads\/2024\/10\/mark-kesselmann-blog-210x210.png\",\"contentUrl\":\"https:\/\/www.d-velop.de\/blog\/wp-content\/uploads\/2024\/10\/mark-kesselmann-blog-210x210.png\",\"caption\":\"Mark Kesselmann\"},\"description\":\"Senior Product Marketing Manager\",\"sameAs\":[\"https:\/\/www.d-velop.de\/\",\"https:\/\/www.linkedin.com\/in\/mark-kesselmann\"],\"url\":\"https:\/\/www.d-velop.de\/blog\/author\/mark-kesselmann\/\"}]}<\/script>\n<!-- \/ Yoast SEO Premium plugin. -->","yoast_head_json":{"title":"eIDAS 2.0: Digitale Identit\u00e4ten in Europa neu denken | d.velop blog","description":"In diesem Blogartikel erf\u00e4hrst du, was sich hinter der eIDAS 2.0 verbirgt und welche Neuerungen sie konkret mit sich bringt.","robots":{"index":"index","follow":"follow","max-snippet":"max-snippet:-1","max-image-preview":"max-image-preview:large","max-video-preview":"max-video-preview:-1"},"canonical":"https:\/\/www.d-velop.de\/blog\/compliance\/eidas-2-0\/","og_locale":"de_DE","og_type":"article","og_title":"eIDAS 2.0: Digitale Identit\u00e4ten in Europa neu denken","og_description":"In diesem Blogartikel erf\u00e4hrst du, was sich hinter der eIDAS 2.0 verbirgt und welche Neuerungen sie konkret mit sich bringt.","og_url":"https:\/\/www.d-velop.de\/blog\/compliance\/eidas-2-0\/","og_site_name":"d.velop blog","article_publisher":"https:\/\/www.facebook.com\/d.velop.ag\/","article_published_time":"2024-05-21T09:26:49+00:00","article_modified_time":"2025-05-22T08:00:46+00:00","og_image":[{"width":1200,"height":628,"url":"https:\/\/www.d-velop.de\/blog\/wp-content\/uploads\/2024\/05\/eidas-2-0-social-sharing-bild-blogartikel.png","type":"image\/png"}],"author":"Mark Kesselmann","twitter_card":"summary_large_image","twitter_creator":"@d_velop","twitter_site":"@d_velop","twitter_misc":{"Verfasst von":"Mark Kesselmann","Gesch\u00e4tzte Lesezeit":"9\u00a0Minuten"},"schema":{"@context":"https:\/\/schema.org","@graph":[{"@type":"Article","@id":"https:\/\/www.d-velop.de\/blog\/compliance\/eidas-2-0\/#article","isPartOf":{"@id":"https:\/\/www.d-velop.de\/blog\/compliance\/eidas-2-0\/"},"author":{"name":"Mark Kesselmann","@id":"https:\/\/www.d-velop.de\/blog\/#\/schema\/person\/75eab70f2b7be6c5ba41eee80e9ee351"},"headline":"eIDAS 2.0: Digitale Identit\u00e4ten in Europa neu denken","datePublished":"2024-05-21T09:26:49+00:00","dateModified":"2025-05-22T08:00:46+00:00","mainEntityOfPage":{"@id":"https:\/\/www.d-velop.de\/blog\/compliance\/eidas-2-0\/"},"wordCount":1501,"publisher":{"@id":"https:\/\/www.d-velop.de\/blog\/#organization"},"image":{"@id":"https:\/\/www.d-velop.de\/blog\/compliance\/eidas-2-0\/#primaryimage"},"thumbnailUrl":"https:\/\/www.d-velop.de\/blog\/wp-content\/uploads\/2024\/05\/beitragsbild-blogartikel-eidas-2-0.jpg","keywords":["Digitale Unterschrift"],"articleSection":["Compliance"],"inLanguage":"de"},{"@type":"WebPage","@id":"https:\/\/www.d-velop.de\/blog\/compliance\/eidas-2-0\/","url":"https:\/\/www.d-velop.de\/blog\/compliance\/eidas-2-0\/","name":"eIDAS 2.0: Digitale Identit\u00e4ten in Europa neu denken | d.velop blog","isPartOf":{"@id":"https:\/\/www.d-velop.de\/blog\/#website"},"primaryImageOfPage":{"@id":"https:\/\/www.d-velop.de\/blog\/compliance\/eidas-2-0\/#primaryimage"},"image":{"@id":"https:\/\/www.d-velop.de\/blog\/compliance\/eidas-2-0\/#primaryimage"},"thumbnailUrl":"https:\/\/www.d-velop.de\/blog\/wp-content\/uploads\/2024\/05\/beitragsbild-blogartikel-eidas-2-0.jpg","datePublished":"2024-05-21T09:26:49+00:00","dateModified":"2025-05-22T08:00:46+00:00","description":"In diesem Blogartikel erf\u00e4hrst du, was sich hinter der eIDAS 2.0 verbirgt und welche Neuerungen sie konkret mit sich bringt.","breadcrumb":{"@id":"https:\/\/www.d-velop.de\/blog\/compliance\/eidas-2-0\/#breadcrumb"},"inLanguage":"de","potentialAction":[{"@type":"ReadAction","target":["https:\/\/www.d-velop.de\/blog\/compliance\/eidas-2-0\/"]}]},{"@type":"ImageObject","inLanguage":"de","@id":"https:\/\/www.d-velop.de\/blog\/compliance\/eidas-2-0\/#primaryimage","url":"https:\/\/www.d-velop.de\/blog\/wp-content\/uploads\/2024\/05\/beitragsbild-blogartikel-eidas-2-0.jpg","contentUrl":"https:\/\/www.d-velop.de\/blog\/wp-content\/uploads\/2024\/05\/beitragsbild-blogartikel-eidas-2-0.jpg","width":1920,"height":639,"caption":"Beitragsbild Blogartikel eIDAS 2.0 - europ\u00e4ische Fahne"},{"@type":"BreadcrumbList","@id":"https:\/\/www.d-velop.de\/blog\/compliance\/eidas-2-0\/#breadcrumb","itemListElement":[{"@type":"ListItem","position":1,"name":"Startseite","item":"https:\/\/www.d-velop.de\/blog\/"},{"@type":"ListItem","position":2,"name":"eIDAS 2.0: Digitale Identit\u00e4ten in Europa neu denken"}]},{"@type":"WebSite","@id":"https:\/\/www.d-velop.de\/blog\/#website","url":"https:\/\/www.d-velop.de\/blog\/","name":"d.velop blog","description":"Digitalisierung, Dokumentenmanagement und rund um d.velop","publisher":{"@id":"https:\/\/www.d-velop.de\/blog\/#organization"},"potentialAction":[{"@type":"SearchAction","target":{"@type":"EntryPoint","urlTemplate":"https:\/\/www.d-velop.de\/blog\/?s={search_term_string}"},"query-input":{"@type":"PropertyValueSpecification","valueRequired":true,"valueName":"search_term_string"}}],"inLanguage":"de"},{"@type":"Organization","@id":"https:\/\/www.d-velop.de\/blog\/#organization","name":"d.velop Gruppe","url":"https:\/\/www.d-velop.de\/blog\/","logo":{"@type":"ImageObject","inLanguage":"de","@id":"https:\/\/www.d-velop.de\/blog\/#\/schema\/logo\/image\/","url":"https:\/\/www.d-velop.de\/blog\/wp-content\/uploads\/2018\/12\/dvelop-blog-logo-invers.jpg","contentUrl":"https:\/\/www.d-velop.de\/blog\/wp-content\/uploads\/2018\/12\/dvelop-blog-logo-invers.jpg","width":350,"height":350,"caption":"d.velop Gruppe"},"image":{"@id":"https:\/\/www.d-velop.de\/blog\/#\/schema\/logo\/image\/"},"sameAs":["https:\/\/www.facebook.com\/d.velop.ag\/","https:\/\/x.com\/d_velop","https:\/\/de.linkedin.com\/company\/d-velop","https:\/\/www.xing.com\/pages\/d-velopag","https:\/\/www.instagram.com\/d.velop_group\/"]},{"@type":"Person","@id":"https:\/\/www.d-velop.de\/blog\/#\/schema\/person\/75eab70f2b7be6c5ba41eee80e9ee351","name":"Mark Kesselmann","image":{"@type":"ImageObject","inLanguage":"de","@id":"https:\/\/www.d-velop.de\/blog\/#\/schema\/person\/image\/","url":"https:\/\/www.d-velop.de\/blog\/wp-content\/uploads\/2024\/10\/mark-kesselmann-blog-210x210.png","contentUrl":"https:\/\/www.d-velop.de\/blog\/wp-content\/uploads\/2024\/10\/mark-kesselmann-blog-210x210.png","caption":"Mark Kesselmann"},"description":"Senior Product Marketing Manager","sameAs":["https:\/\/www.d-velop.de\/","https:\/\/www.linkedin.com\/in\/mark-kesselmann"],"url":"https:\/\/www.d-velop.de\/blog\/author\/mark-kesselmann\/"}]}},"_links":{"self":[{"href":"https:\/\/www.d-velop.de\/blog\/wp-json\/wp\/v2\/posts\/48421","targetHints":{"allow":["GET"]}}],"collection":[{"href":"https:\/\/www.d-velop.de\/blog\/wp-json\/wp\/v2\/posts"}],"about":[{"href":"https:\/\/www.d-velop.de\/blog\/wp-json\/wp\/v2\/types\/post"}],"author":[{"embeddable":true,"href":"https:\/\/www.d-velop.de\/blog\/wp-json\/wp\/v2\/users\/170"}],"replies":[{"embeddable":true,"href":"https:\/\/www.d-velop.de\/blog\/wp-json\/wp\/v2\/comments?post=48421"}],"version-history":[{"count":2,"href":"https:\/\/www.d-velop.de\/blog\/wp-json\/wp\/v2\/posts\/48421\/revisions"}],"predecessor-version":[{"id":55887,"href":"https:\/\/www.d-velop.de\/blog\/wp-json\/wp\/v2\/posts\/48421\/revisions\/55887"}],"wp:featuredmedia":[{"embeddable":true,"href":"https:\/\/www.d-velop.de\/blog\/wp-json\/wp\/v2\/media\/48430"}],"wp:attachment":[{"href":"https:\/\/www.d-velop.de\/blog\/wp-json\/wp\/v2\/media?parent=48421"}],"wp:term":[{"taxonomy":"category","embeddable":true,"href":"https:\/\/www.d-velop.de\/blog\/wp-json\/wp\/v2\/categories?post=48421"},{"taxonomy":"post_tag","embeddable":true,"href":"https:\/\/www.d-velop.de\/blog\/wp-json\/wp\/v2\/tags?post=48421"}],"curies":[{"name":"wp","href":"https:\/\/api.w.org\/{rel}","templated":true}]}}