{"id":49371,"date":"2024-07-05T08:41:38","date_gmt":"2024-07-05T06:41:38","guid":{"rendered":"https:\/\/www.d-velop.de\/blog\/?p=49371"},"modified":"2025-01-08T13:39:27","modified_gmt":"2025-01-08T12:39:27","slug":"digital-employee-experience","status":"publish","type":"post","link":"https:\/\/www.d-velop.de\/blog\/digitaler-wandel\/digital-employee-experience\/","title":{"rendered":"Prof. Dr. Peter M. Wald zur Relevanz von Digital Employee Experience am Unternehmenserfolg"},"content":{"rendered":"\n<p data-beyondwords-marker=\"14b13a44-9b76-47e9-8a25-b2d2aea87af3\">Die <strong>Digital Employee Experience<\/strong> (DEX) bezieht sich auf die Erfahrungen von Mitarbeitenden mit den IT-L\u00f6sungen ihres Arbeitgebers. Untersuchungen belegen, dass dieser Aspekt entscheidend f\u00fcr das Engagement und damit den Erfolg eines Unternehmens ist. Ziel sollte es sein, ein m\u00f6glichst reibungsloses Erlebnis zu bieten, bei dem die wichtigsten Anwendungen ger\u00e4te- und ortsunabh\u00e4ngig genutzt werden k\u00f6nnen. Folgende Punkte sind dabei entscheidend: einfacher Zugang zu den einschl\u00e4gigen Apps, M\u00f6glichkeit der Nutzung privater Ger\u00e4te, Erm\u00f6glichung der Arbeit aus dem Homeoffice, Automatisierung von Prozessen und Unterst\u00fctzung bei Sicherheitsfragen.<\/p>\n\n\n\n<p data-beyondwords-marker=\"923d7afa-4cbd-493d-82a3-ee5a0ad2624f\">Wir wollen n\u00e4her in das Konzept der Digital Employee Experience eintauchen und haben beim HR-Experten und HR-Blogger <strong>Prof. Dr. Peter M. Wald<\/strong> von der HTWK Leipzig nachgefragt: Welche Relevanz hat die Digital Employee Experience am Unternehmenserfolg? Und wie k\u00f6nnen Mitarbeitende aktiv an diesem Konzept mitwirken? Zudem gibt er konkrete Tipps, wie HR-Verantwortliche die Digital Employee Experience im Unternehmen einf\u00fchren und etablieren k\u00f6nnen.&nbsp;&nbsp;<\/p>\n\n\n\n<h2 data-beyondwords-marker=\"5c2d9f49-512a-4fa4-80a7-f7ac34a11a3a\" class=\"wp-block-heading\" id=\"h-konzept-zur-mitarbeiterbindung-der-employee-experience-lifecycle\"><span class=\"ez-toc-section\" id=\"konzept-zur-mitarbeiterbindung-der-employee-experience-lifecycle\"><\/span>Konzept zur Mitarbeiterbindung: Der Employee Experience Lifecycle<span class=\"ez-toc-section-end\"><\/span><\/h2>\n\n\n\n<p data-beyondwords-marker=\"4d2c7a0d-f9ca-4c90-8e33-b95fd8a84da2\"><strong>d.velop blog: Das Konzept \u201eEmployee Experience\u201c hat sich in den vergangenen Jahren in Unternehmen erfolgreich etabliert. Welche neuen M\u00f6glichkeiten der Ausgestaltung sehen Sie bei diesem Konzept?&nbsp;<\/strong><\/p>\n\n\n\n<p data-beyondwords-marker=\"f64a0eb8-f227-4237-82a7-390520eab3a6\"><strong>Prof. Dr. Peter M. Wald<\/strong>: Die Erfahrungen bei der Umsetzung des Konzepts \u201eEmployee Experience\u201c haben verdeutlicht, dass die zeitlichen Aspekte der Zugeh\u00f6rigkeit zum Unternehmen die Wirkung entsprechender Ma\u00dfnahmen auf die Mitarbeitenden stark beeinflussen. Es lag deshalb nahe, hier auf das weithin bekannte Lifecycle-Konzept zur\u00fcckzugreifen. Mit der Integration dieses Konzepts entsteht der sogenannte \u201eEmployee Experience Lifecycle\u201c. Damit werden die verschiedenen Phasen beschrieben, die Mitarbeitende durchlaufen, bevor und w\u00e4hrend sie f\u00fcr ein Unternehmen t\u00e4tig sind. Der Employee Experience Lifecycle erm\u00f6glicht es, konkrete Empfehlungen zum Einsatz von F\u00fchrungs- und HR-Instrumenten in Abh\u00e4ngigkeit von den Phasen der Mitarbeit abzuleiten.&nbsp;<\/p>\n\n\n\n<p data-beyondwords-marker=\"18f3b632-576f-4772-8a25-544d019a338c\"><strong>d.velop blog: Sie haben den Employee Experience Lifecycle gerade angesprochen. Wie sieht dieser im Detail aus?&nbsp;<\/strong>&nbsp;<\/p>\n\n\n\n<p data-beyondwords-marker=\"2e955350-e69a-463f-8efd-539cd5aa8d8b\"><strong>Prof. Dr. Peter M. Wald<\/strong>: Im Employee Lifecycle finden sich die Phasen Attraction, Recruitment, Onboarding, Performance und Development sowie Retention und Exit. Besondere Bedeutung kommt dabei den Phasen Performance und Development zu. Bei der Gestaltung dieser und der anderen Phasen gilt es immer daran zu denken, dass es hier weniger um die Qualit\u00e4t der genutzten technischen oder organisatorischen L\u00f6sungen geht, sondern immer darum, wie Mitarbeitende diese konkret erleben. In jeder Phase dieses Employee Lifecycles gibt es Besonderheiten zu ber\u00fccksichtigen, um sicherzustellen, dass Mitarbeitende \u00fcber die f\u00fcr ihre T\u00e4tigkeit und ihre konkrete Lebenssituation n\u00f6tigen Leistungen und Informationen bekommen, weil dies ihr Engagement und ihr Wohlbefinden nachhaltig beeinflusst.\u202f\u202f\u202f\u202f\u202f\u202f\u202f<\/p>\n\n\n\n<h2 data-beyondwords-marker=\"0d4fd26d-c6d9-4020-9743-ea730247fb68\" class=\"wp-block-heading\" id=\"h-herausforderung-und-chance-die-digital-employee-experience-dex\"><span class=\"ez-toc-section\" id=\"herausforderung-und-chance-die-digital-employee-experience-dex\"><\/span>Herausforderung und Chance: Die Digital Employee Experience (DEX)<span class=\"ez-toc-section-end\"><\/span><\/h2>\n\n\n\n<p data-beyondwords-marker=\"72d5d73e-f014-4e3f-814b-7c5820000fc2\"><strong>d.velop blog: Personalprozesse zu digitalisieren und die Mitarbeitenden zu ermutigen, dieser Ver\u00e4nderung positiv entgegenzublicken ist eine gro\u00dfe Herausforderung f\u00fcr einige Unternehmen. Was zeichnet die sog. \u201eDigital Employee Experience\u201c \u2013 kurz DEX &#8211; aus?&nbsp;<\/strong>&nbsp;\u202f\u202f\u202f\u202f\u202f&nbsp;&nbsp;<\/p>\n\n\n\n<p data-beyondwords-marker=\"13024b6f-6bd3-417a-a59d-96dcc539acc1\"><strong>Prof. Dr. Peter M. Wald<\/strong>: Die Erfahrungen der Mitarbeitenden mit ihren Arbeitgebern werden zunehmend durch digitale Angebote und Services gepr\u00e4gt. Mit dem Begriff Digital Employee Experience wird das klassische Verst\u00e4ndnis von Employee Experience erweitert, um \u00dcberlegungen und Gestaltungsempfehlungen auf die zunehmende Nutzung digitaler L\u00f6sungen durch Mitarbeitende und F\u00fchrungskr\u00e4fte zu fokussieren. Mitgestaltung und Mitwirkung aller Akteure sind somit Schl\u00fcsselfaktoren innerhalb dieses Prozesses.<\/p>\n\n\n\n<h2 data-beyondwords-marker=\"a20e07a6-11db-4193-8087-d804f44d5947\" class=\"wp-block-heading\" id=\"h-einfluss-der-digital-employee-experience-auf-den-employee-experience-lifecycle\"><span class=\"ez-toc-section\" id=\"einfluss-der-digital-employee-experience-auf-den-employee-experience-lifecycle\"><\/span>Einfluss der Digital Employee Experience auf den Employee Experience Lifecycle<span class=\"ez-toc-section-end\"><\/span><\/h2>\n\n\n\n<p data-beyondwords-marker=\"00a2c4cc-88a6-40a7-9fb8-8925619c3d8e\"><strong>d.velop blog: Mitgestaltung und Mitwirkung scheinen wichtige Bestandteile der Digital Employee Experience zu sein. Wie wirkt sich das auf den o.&nbsp;a. Employee Experience Lifecycle aus?<\/strong><\/p>\n\n\n\n<p data-beyondwords-marker=\"4d770a51-4f4a-4125-8e57-abd16c378c45\"><strong>Prof. Dr. Peter M. Wald<\/strong>: Bislang wurde die Employee Experience vorwiegend aus einer Richtung betrachtet. Hiernach agieren Mitarbeitende in erster Linie als Nutzer:innen oder Konsument:innen dieser Angebote. Damit werden leider die sich zunehmend bietenden M\u00f6glichkeiten zur Mitgestaltung ausgeblendet. Es ist wichtig, viel st\u00e4rker als bisher den Mitarbeitenden diese neuen Optionen zur Mitgestaltung zu verdeutlichen und diese als Mitgestalter:innen zu gewinnen. Dies bildet die Voraussetzung f\u00fcr eine breite Nutzung dieser Angebote f\u00fcr die Flexibilisierung der Arbeit hinsichtlich Arbeitsaufgaben, -zeit und -ort, aber auch f\u00fcr positive Wirkungen f\u00fcr die konkrete Lebenssituation der Mitarbeitenden zu erreichen. Es muss klar sein, dass das k\u00fcnftige Erleben der Mitarbeitenden, d.&nbsp;h. die k\u00fcnftige Employee Experience, nicht mehr nur durch die blo\u00dfe Nutzung verf\u00fcgbarer Angebote und Systeme, sondern zunehmend auch durch die aktive Mitwirkung und Mitgestaltung gepr\u00e4gt wird.<\/p>\n\n\n\n<figure data-beyondwords-marker=\"e5146e83-624f-4034-bcf7-7775fb1e8c54\" class=\"wp-block-image size-large is-resized\"><img loading=\"lazy\" decoding=\"async\" width=\"1090\" height=\"927\" src=\"https:\/\/www.d-velop.de\/blog\/wp-content\/uploads\/2024\/07\/employee-experience-lifecycle-1090x927.png\" alt=\"Infografik zeigt den Employee Experience Lifecycle\" class=\"wp-image-49373\" style=\"aspect-ratio:1.1758360302049622;width:840px;height:auto\" srcset=\"https:\/\/www.d-velop.de\/blog\/wp-content\/uploads\/2024\/07\/employee-experience-lifecycle-1090x927.png 1090w, https:\/\/www.d-velop.de\/blog\/wp-content\/uploads\/2024\/07\/employee-experience-lifecycle-600x510.png 600w, https:\/\/www.d-velop.de\/blog\/wp-content\/uploads\/2024\/07\/employee-experience-lifecycle-768x653.png 768w, https:\/\/www.d-velop.de\/blog\/wp-content\/uploads\/2024\/07\/employee-experience-lifecycle-1536x1306.png 1536w, https:\/\/www.d-velop.de\/blog\/wp-content\/uploads\/2024\/07\/employee-experience-lifecycle-1920x1632.png 1920w, https:\/\/www.d-velop.de\/blog\/wp-content\/uploads\/2024\/07\/employee-experience-lifecycle.png 2000w\" sizes=\"auto, (max-width: 1090px) 100vw, 1090px\" \/><\/figure>\n\n\n\n<h2 data-beyondwords-marker=\"afe99608-5d0a-464b-b8c4-30f593f25a3e\" class=\"wp-block-heading\" id=\"h-synergien-schaffen-warum-hr-und-it-gemeinsam-die-dex-strategie-gestalten-sollten\"><span class=\"ez-toc-section\" id=\"synergien-schaffen-warum-hr-und-it-gemeinsam-die-dex-strategie-gestalten-sollten\"><\/span>Synergien schaffen: Warum HR und IT gemeinsam die DEX-Strategie gestalten sollten<span class=\"ez-toc-section-end\"><\/span><\/h2>\n\n\n\n<p data-beyondwords-marker=\"55e9f5a0-14d2-4aee-b7f0-77d95371d4f3\"><strong>d.velop blog: DEX bedeutet demnach auch, dass Kompetenzen im Unternehmen geb\u00fcndelt werden. HR und IT sollten bei der Erarbeitung einer DEX-Strategie eng zusammenarbeiten. Warum genau diese beiden Abteilungen?<\/strong><\/p>\n\n\n\n<p data-beyondwords-marker=\"3d6dd396-7e1a-4721-a92c-82dad82a8791\"><strong>Prof. Dr. Peter M. Wald<\/strong>: Mit diesen Abteilungen treffen das Know-how zu aktuellen digitalen M\u00f6glichkeiten und das Wissen \u00fcber Verhalten und Mindsets der Mitarbeitenden zusammen. Die technische Expertise von IT allein wird erfahrungsgem\u00e4\u00df nicht zum Erfolg f\u00fchren, denn HR ist hier als People Expert und als aktiver Mitgestalter entsprechender L\u00f6sungen gefragt. Durch die gezielte Zusammenarbeit beider Abteilungen kann der Erfolg der neuen L\u00f6sungen nachhaltig gesichert werden.<\/p>\n\n\n\n<p data-beyondwords-marker=\"c653c122-3f74-4b1e-a9aa-dfc39f942780\"><strong>d.velop blog: Was passiert Ihrer Meinung nach, wenn sich Personalabteilungen nicht regelm\u00e4\u00dfig mit der IT austauschen? Welchen Einfluss hat dies auf die Digital Employee Experience?<\/strong>&nbsp;\u202f<\/p>\n\n\n\n<p data-beyondwords-marker=\"40c9314c-291d-42bb-aca2-33dfe0711e7b\"><strong>Prof. Dr. Peter M. Wald<\/strong>: Es fehlt in diesen F\u00e4llen sowohl an der Sensibilisierung f\u00fcr die konkreten Erwartungen der Mitarbeitenden als auch an Expertise, was das moderne Design von Arbeitsaufgaben betrifft. Au\u00dferdem kann es zu L\u00fccken im Datenschutz und zur \u00dcberforderung der Mitarbeitenden kommen. Damit wird mittel- und langfristig die positive Wirkung von IT-L\u00f6sungen gef\u00e4hrdet. Hinzu kommen m\u00f6glicherweise technische Fehlentwicklungen und auch die Existenz einer Schatten-IT, die nur mit gro\u00dfem Aufwand korrigierbar sind. Dies kann vorwiegend bei j\u00fcngeren Mitarbeitergruppen zu einem Vertrauensverlust f\u00fchren.\u202f&nbsp;<\/p>\n\n\n\n<h2 data-beyondwords-marker=\"31ced5b4-aee3-44b5-89f0-0ae32274ffbf\" class=\"wp-block-heading\" id=\"h-erste-schritte-zur-einfuhrung-automatisierter-hr-prozesse-fur-eine-erfolgreiche-digital-employee-experience\"><span class=\"ez-toc-section\" id=\"erste-schritte-zur-einfuehrung-automatisierter-hr-prozesse-fuer-eine-erfolgreiche-digital-employee-experience\"><\/span>Erste Schritte zur Einf\u00fchrung automatisierter HR-Prozesse f\u00fcr eine erfolgreiche Digital Employee Experience<span class=\"ez-toc-section-end\"><\/span><\/h2>\n\n\n\n<p data-beyondwords-marker=\"26f80a42-a1a1-42ff-8b8e-150e4865916d\"><strong>d.velop blog: Die Einf\u00fchrung und Weiterentwicklung digitaler HR-L\u00f6sungen sind das Herzst\u00fcck der Digital Employee Experience. Welche \u201eFirst Steps\u201c w\u00fcrden Sie Unternehmen bei der Einf\u00fchrung von automatisierten HR-Prozessen empfehlen?<\/strong><\/p>\n\n\n\n<p data-beyondwords-marker=\"d9ba82a0-258c-4faf-8bcd-aa343aa0d4f4\"><strong>Prof. Dr. Peter M. Wald<\/strong>: Am Anfang sollte immer eine Bestandsaufnahme aktueller technischer M\u00f6glichkeiten und der Erwartungen der potenziellen Nutzer sein. Bei der Gestaltung muss eine Partizipation der Mitarbeitenden, unbedingt auch der sogenannten Deskless Worker, gesichert sein. Hinzu kommen die bei vielen Mitarbeitenden und F\u00fchrungskr\u00e4ften weiterhin notwendigen Anstrengungen zur Vermittlung der sogenannten \u201eDigital Skills\u201c. Bei den Ma\u00dfnahmen zum Training und gegebenenfalls zum Upskilling der Mitarbeitenden sollten auch neue Wege genutzt werden. Hier soll insbesondere auf aktuelle Konzepte des \u201eWorkplace Learnings\u201c, aber auch das Social Learning, dd.&nbsp;h..h. das aktive Lernen mit- und voneinander, verwiesen werden. N\u00fctzlich ist hier auch der R\u00fcckgriff auf das bekannte Modell mit den Elementen Mindset, Skillset, Toolset und Orgset.\u202f<\/p>\n\n\n\n<div data-beyondwords-marker=\"2b026e5a-0fcf-4629-a667-3123149009c4\" class=\"wp-block-group is-style-cta\"><div class=\"wp-block-group__inner-container is-layout-constrained wp-block-group-is-layout-constrained\">\n<h3 data-beyondwords-marker=\"d9d9b850-6858-456c-a297-87a0357535e9\" class=\"wp-block-heading\" id=\"h-welche-potenziale-haben-deine-hr-prozesse\">Welche Potenziale haben deine HR-Prozesse?<\/h3>\n\n\n\n<p data-beyondwords-marker=\"ed94b1f0-8a1c-4a1a-b7ee-b22d9f3cbe8a\">HR-Prozesse zu digitalisieren und Mitarbeitende von manuellen Aufgaben zu entlasten, stellt eine Investition in eine erfolgreiche und nachhaltige Zukunft f\u00fcr Unternehmen dar. Wir beraten dich gerne!<\/p>\n\n\n\n\t<div data-beyondwords-marker=\"fa4a3e84-8f4e-423a-8d16-31a2701f8198\" class=\"wp-block-buttons\">\n\t\t<div class=\"wp-block-button is-style-outline\">\n\t\t\t<a class=\"wp-block-button__link\" href=\"https:\/\/content.d-velop.de\/demo-hr-prozesse?utm_campaign=Sonstiges+-+d.velop+BLOG+-+01%2F2018&#038;utm_source=intern-blog-ger&#038;utm_medium=blogpost-employee-experience&#038;utm_content=button\" target=\"_blank\">Termin vereinbaren<\/a>\t\t<\/div>\n\t<\/div>\n\n\t<\/div><\/div>\n","protected":false},"excerpt":{"rendered":"<p>Die Digital Employee Experience (DEX) bezieht sich auf die Erfahrungen von Mitarbeitenden mit den IT-L\u00f6sungen ihres Arbeitgebers. Untersuchungen belegen, dass [&hellip;]<\/p>\n","protected":false},"author":187,"featured_media":49386,"comment_status":"closed","ping_status":"closed","sticky":false,"template":"","format":"standard","meta":{"footnotes":"","beyondwords_generate_audio":"1","beyondwords_project_id":"23937","beyondwords_content_id":"ba0aa831-3d9d-48a9-bbd6-07216b235c6a","beyondwords_preview_token":"","beyondwords_player_content":"","beyondwords_player_style":"","beyondwords_language_id":"","beyondwords_title_voice_id":"","beyondwords_body_voice_id":"","beyondwords_summary_voice_id":"","beyondwords_error_message":"","beyondwords_disabled":"1","beyondwords_delete_content":"","beyondwords_podcast_id":"ba0aa831-3d9d-48a9-bbd6-07216b235c6a","beyondwords_hash":"","publish_post_to_speechkit":"","speechkit_hash":"","speechkit_generate_audio":"","speechkit_project_id":"","speechkit_podcast_id":"","speechkit_error_message":"","speechkit_disabled":"","speechkit_access_key":"","speechkit_error":"","speechkit_info":"","speechkit_response":"","speechkit_retries":"","speechkit_status":"","speechkit_updated_at":"","_speechkit_link":"","_speechkit_text":""},"categories":[5],"tags":[6493],"class_list":["post-49371","post","type-post","status-publish","format-standard","has-post-thumbnail","hentry","category-digitaler-wandel","tag-fokus-mitarbeiterkommunikation"],"acf":[],"yoast_head":"<!-- This site is optimized with the Yoast SEO Premium plugin v25.6 (Yoast SEO v25.6) - https:\/\/yoast.com\/wordpress\/plugins\/seo\/ -->\n<title>Digital Employee Experience: Erfolgsfaktor f\u00fcr Unternehmen<\/title>\n<meta name=\"description\" content=\"Prof. Dr. Peter M. Wald erkl\u00e4rt im Interview, warum die Digital Employee Experience entscheidend f\u00fcr den Erfolg von Unternehmen ist \u25b6\ufe0f\" \/>\n<meta name=\"robots\" content=\"index, follow, max-snippet:-1, max-image-preview:large, max-video-preview:-1\" \/>\n<link rel=\"canonical\" href=\"https:\/\/www.d-velop.de\/blog\/digitaler-wandel\/digital-employee-experience\/\" \/>\n<meta property=\"og:locale\" content=\"de_DE\" \/>\n<meta property=\"og:type\" content=\"article\" \/>\n<meta property=\"og:title\" content=\"Prof. Dr. Peter M. Wald zur Relevanz von Digital Employee Experience am Unternehmenserfolg\" \/>\n<meta property=\"og:description\" content=\"Prof. Dr. Peter M. Wald erkl\u00e4rt im Interview, warum die Digital Employee Experience entscheidend f\u00fcr den Erfolg von Unternehmen ist \u25b6\ufe0f\" \/>\n<meta property=\"og:url\" content=\"https:\/\/www.d-velop.de\/blog\/digitaler-wandel\/digital-employee-experience\/\" \/>\n<meta property=\"og:site_name\" content=\"d.velop blog\" \/>\n<meta property=\"article:publisher\" content=\"https:\/\/www.facebook.com\/d.velop.ag\/\" \/>\n<meta property=\"article:published_time\" content=\"2024-07-05T06:41:38+00:00\" \/>\n<meta property=\"article:modified_time\" content=\"2025-01-08T12:39:27+00:00\" \/>\n<meta property=\"og:image\" content=\"https:\/\/www.d-velop.de\/blog\/wp-content\/uploads\/2024\/07\/social-sharing-grafik-employee-experience.jpg\" \/>\n\t<meta property=\"og:image:width\" content=\"1200\" \/>\n\t<meta property=\"og:image:height\" content=\"628\" \/>\n\t<meta property=\"og:image:type\" content=\"image\/jpeg\" \/>\n<meta name=\"author\" content=\"Prof. Dr. Peter M. Wald\" \/>\n<meta name=\"twitter:card\" content=\"summary_large_image\" \/>\n<meta name=\"twitter:creator\" content=\"@d_velop\" \/>\n<meta name=\"twitter:site\" content=\"@d_velop\" \/>\n<meta name=\"twitter:label1\" content=\"Verfasst von\" \/>\n\t<meta name=\"twitter:data1\" content=\"Prof. Dr. Peter M. Wald\" \/>\n\t<meta name=\"twitter:label2\" content=\"Gesch\u00e4tzte Lesezeit\" \/>\n\t<meta name=\"twitter:data2\" content=\"7\u00a0Minuten\" \/>\n<script type=\"application\/ld+json\" class=\"yoast-schema-graph\">{\"@context\":\"https:\/\/schema.org\",\"@graph\":[{\"@type\":\"Article\",\"@id\":\"https:\/\/www.d-velop.de\/blog\/digitaler-wandel\/digital-employee-experience\/#article\",\"isPartOf\":{\"@id\":\"https:\/\/www.d-velop.de\/blog\/digitaler-wandel\/digital-employee-experience\/\"},\"author\":{\"name\":\"Prof. Dr. Peter M. Wald\",\"@id\":\"https:\/\/www.d-velop.de\/blog\/#\/schema\/person\/9c7ded4049214f10ac4a536a3401bc42\"},\"headline\":\"Prof. Dr. Peter M. Wald zur Relevanz von Digital Employee Experience am Unternehmenserfolg\",\"datePublished\":\"2024-07-05T06:41:38+00:00\",\"dateModified\":\"2025-01-08T12:39:27+00:00\",\"mainEntityOfPage\":{\"@id\":\"https:\/\/www.d-velop.de\/blog\/digitaler-wandel\/digital-employee-experience\/\"},\"wordCount\":1180,\"publisher\":{\"@id\":\"https:\/\/www.d-velop.de\/blog\/#organization\"},\"image\":{\"@id\":\"https:\/\/www.d-velop.de\/blog\/digitaler-wandel\/digital-employee-experience\/#primaryimage\"},\"thumbnailUrl\":\"https:\/\/www.d-velop.de\/blog\/wp-content\/uploads\/2024\/07\/beitragsbild-employee-experience.jpg\",\"keywords\":[\"Mitarbeiterkommunikation\"],\"articleSection\":[\"Digitaler Wandel\"],\"inLanguage\":\"de\"},{\"@type\":\"WebPage\",\"@id\":\"https:\/\/www.d-velop.de\/blog\/digitaler-wandel\/digital-employee-experience\/\",\"url\":\"https:\/\/www.d-velop.de\/blog\/digitaler-wandel\/digital-employee-experience\/\",\"name\":\"Digital Employee Experience: Erfolgsfaktor f\u00fcr Unternehmen\",\"isPartOf\":{\"@id\":\"https:\/\/www.d-velop.de\/blog\/#website\"},\"primaryImageOfPage\":{\"@id\":\"https:\/\/www.d-velop.de\/blog\/digitaler-wandel\/digital-employee-experience\/#primaryimage\"},\"image\":{\"@id\":\"https:\/\/www.d-velop.de\/blog\/digitaler-wandel\/digital-employee-experience\/#primaryimage\"},\"thumbnailUrl\":\"https:\/\/www.d-velop.de\/blog\/wp-content\/uploads\/2024\/07\/beitragsbild-employee-experience.jpg\",\"datePublished\":\"2024-07-05T06:41:38+00:00\",\"dateModified\":\"2025-01-08T12:39:27+00:00\",\"description\":\"Prof. Dr. Peter M. Wald erkl\u00e4rt im Interview, warum die Digital Employee Experience entscheidend f\u00fcr den Erfolg von Unternehmen ist \u25b6\ufe0f\",\"breadcrumb\":{\"@id\":\"https:\/\/www.d-velop.de\/blog\/digitaler-wandel\/digital-employee-experience\/#breadcrumb\"},\"inLanguage\":\"de\",\"potentialAction\":[{\"@type\":\"ReadAction\",\"target\":[\"https:\/\/www.d-velop.de\/blog\/digitaler-wandel\/digital-employee-experience\/\"]}]},{\"@type\":\"ImageObject\",\"inLanguage\":\"de\",\"@id\":\"https:\/\/www.d-velop.de\/blog\/digitaler-wandel\/digital-employee-experience\/#primaryimage\",\"url\":\"https:\/\/www.d-velop.de\/blog\/wp-content\/uploads\/2024\/07\/beitragsbild-employee-experience.jpg\",\"contentUrl\":\"https:\/\/www.d-velop.de\/blog\/wp-content\/uploads\/2024\/07\/beitragsbild-employee-experience.jpg\",\"width\":2000,\"height\":666,\"caption\":\"Beitragsbild Digital Employee Experience\"},{\"@type\":\"BreadcrumbList\",\"@id\":\"https:\/\/www.d-velop.de\/blog\/digitaler-wandel\/digital-employee-experience\/#breadcrumb\",\"itemListElement\":[{\"@type\":\"ListItem\",\"position\":1,\"name\":\"Startseite\",\"item\":\"https:\/\/www.d-velop.de\/blog\/\"},{\"@type\":\"ListItem\",\"position\":2,\"name\":\"Prof. Dr. Peter M. Wald zur Relevanz von Digital Employee Experience am Unternehmenserfolg\"}]},{\"@type\":\"WebSite\",\"@id\":\"https:\/\/www.d-velop.de\/blog\/#website\",\"url\":\"https:\/\/www.d-velop.de\/blog\/\",\"name\":\"d.velop blog\",\"description\":\"Digitalisierung, Dokumentenmanagement und rund um d.velop\",\"publisher\":{\"@id\":\"https:\/\/www.d-velop.de\/blog\/#organization\"},\"potentialAction\":[{\"@type\":\"SearchAction\",\"target\":{\"@type\":\"EntryPoint\",\"urlTemplate\":\"https:\/\/www.d-velop.de\/blog\/?s={search_term_string}\"},\"query-input\":{\"@type\":\"PropertyValueSpecification\",\"valueRequired\":true,\"valueName\":\"search_term_string\"}}],\"inLanguage\":\"de\"},{\"@type\":\"Organization\",\"@id\":\"https:\/\/www.d-velop.de\/blog\/#organization\",\"name\":\"d.velop Gruppe\",\"url\":\"https:\/\/www.d-velop.de\/blog\/\",\"logo\":{\"@type\":\"ImageObject\",\"inLanguage\":\"de\",\"@id\":\"https:\/\/www.d-velop.de\/blog\/#\/schema\/logo\/image\/\",\"url\":\"https:\/\/www.d-velop.de\/blog\/wp-content\/uploads\/2018\/12\/dvelop-blog-logo-invers.jpg\",\"contentUrl\":\"https:\/\/www.d-velop.de\/blog\/wp-content\/uploads\/2018\/12\/dvelop-blog-logo-invers.jpg\",\"width\":350,\"height\":350,\"caption\":\"d.velop Gruppe\"},\"image\":{\"@id\":\"https:\/\/www.d-velop.de\/blog\/#\/schema\/logo\/image\/\"},\"sameAs\":[\"https:\/\/www.facebook.com\/d.velop.ag\/\",\"https:\/\/x.com\/d_velop\",\"https:\/\/de.linkedin.com\/company\/d-velop\",\"https:\/\/www.xing.com\/pages\/d-velopag\",\"https:\/\/www.instagram.com\/d.velop_group\/\"]},{\"@type\":\"Person\",\"@id\":\"https:\/\/www.d-velop.de\/blog\/#\/schema\/person\/9c7ded4049214f10ac4a536a3401bc42\",\"name\":\"Prof. Dr. Peter M. Wald\",\"image\":{\"@type\":\"ImageObject\",\"inLanguage\":\"de\",\"@id\":\"https:\/\/www.d-velop.de\/blog\/#\/schema\/person\/image\/\",\"url\":\"https:\/\/www.d-velop.de\/blog\/wp-content\/uploads\/2022\/06\/Peter-wald-autor-210x210.png\",\"contentUrl\":\"https:\/\/www.d-velop.de\/blog\/wp-content\/uploads\/2022\/06\/Peter-wald-autor-210x210.png\",\"caption\":\"Prof. Dr. Peter M. Wald\"},\"description\":\"Professor f\u00fcr Personalmanagement\",\"sameAs\":[\"https:\/\/leipzig-hrm-blog.blogspot.com\/\",\"https:\/\/www.linkedin.com\/in\/peter-m-wald-797a422\/\"],\"url\":\"https:\/\/www.d-velop.de\/blog\/author\/peter-wald\/\"}]}<\/script>\n<!-- \/ Yoast SEO Premium plugin. -->","yoast_head_json":{"title":"Digital Employee Experience: Erfolgsfaktor f\u00fcr Unternehmen","description":"Prof. Dr. Peter M. Wald erkl\u00e4rt im Interview, warum die Digital Employee Experience entscheidend f\u00fcr den Erfolg von Unternehmen ist \u25b6\ufe0f","robots":{"index":"index","follow":"follow","max-snippet":"max-snippet:-1","max-image-preview":"max-image-preview:large","max-video-preview":"max-video-preview:-1"},"canonical":"https:\/\/www.d-velop.de\/blog\/digitaler-wandel\/digital-employee-experience\/","og_locale":"de_DE","og_type":"article","og_title":"Prof. Dr. Peter M. Wald zur Relevanz von Digital Employee Experience am Unternehmenserfolg","og_description":"Prof. Dr. Peter M. Wald erkl\u00e4rt im Interview, warum die Digital Employee Experience entscheidend f\u00fcr den Erfolg von Unternehmen ist \u25b6\ufe0f","og_url":"https:\/\/www.d-velop.de\/blog\/digitaler-wandel\/digital-employee-experience\/","og_site_name":"d.velop blog","article_publisher":"https:\/\/www.facebook.com\/d.velop.ag\/","article_published_time":"2024-07-05T06:41:38+00:00","article_modified_time":"2025-01-08T12:39:27+00:00","og_image":[{"width":1200,"height":628,"url":"https:\/\/www.d-velop.de\/blog\/wp-content\/uploads\/2024\/07\/social-sharing-grafik-employee-experience.jpg","type":"image\/jpeg"}],"author":"Prof. Dr. Peter M. Wald","twitter_card":"summary_large_image","twitter_creator":"@d_velop","twitter_site":"@d_velop","twitter_misc":{"Verfasst von":"Prof. Dr. Peter M. Wald","Gesch\u00e4tzte Lesezeit":"7\u00a0Minuten"},"schema":{"@context":"https:\/\/schema.org","@graph":[{"@type":"Article","@id":"https:\/\/www.d-velop.de\/blog\/digitaler-wandel\/digital-employee-experience\/#article","isPartOf":{"@id":"https:\/\/www.d-velop.de\/blog\/digitaler-wandel\/digital-employee-experience\/"},"author":{"name":"Prof. Dr. Peter M. Wald","@id":"https:\/\/www.d-velop.de\/blog\/#\/schema\/person\/9c7ded4049214f10ac4a536a3401bc42"},"headline":"Prof. Dr. Peter M. Wald zur Relevanz von Digital Employee Experience am Unternehmenserfolg","datePublished":"2024-07-05T06:41:38+00:00","dateModified":"2025-01-08T12:39:27+00:00","mainEntityOfPage":{"@id":"https:\/\/www.d-velop.de\/blog\/digitaler-wandel\/digital-employee-experience\/"},"wordCount":1180,"publisher":{"@id":"https:\/\/www.d-velop.de\/blog\/#organization"},"image":{"@id":"https:\/\/www.d-velop.de\/blog\/digitaler-wandel\/digital-employee-experience\/#primaryimage"},"thumbnailUrl":"https:\/\/www.d-velop.de\/blog\/wp-content\/uploads\/2024\/07\/beitragsbild-employee-experience.jpg","keywords":["Mitarbeiterkommunikation"],"articleSection":["Digitaler Wandel"],"inLanguage":"de"},{"@type":"WebPage","@id":"https:\/\/www.d-velop.de\/blog\/digitaler-wandel\/digital-employee-experience\/","url":"https:\/\/www.d-velop.de\/blog\/digitaler-wandel\/digital-employee-experience\/","name":"Digital Employee Experience: Erfolgsfaktor f\u00fcr Unternehmen","isPartOf":{"@id":"https:\/\/www.d-velop.de\/blog\/#website"},"primaryImageOfPage":{"@id":"https:\/\/www.d-velop.de\/blog\/digitaler-wandel\/digital-employee-experience\/#primaryimage"},"image":{"@id":"https:\/\/www.d-velop.de\/blog\/digitaler-wandel\/digital-employee-experience\/#primaryimage"},"thumbnailUrl":"https:\/\/www.d-velop.de\/blog\/wp-content\/uploads\/2024\/07\/beitragsbild-employee-experience.jpg","datePublished":"2024-07-05T06:41:38+00:00","dateModified":"2025-01-08T12:39:27+00:00","description":"Prof. Dr. Peter M. Wald erkl\u00e4rt im Interview, warum die Digital Employee Experience entscheidend f\u00fcr den Erfolg von Unternehmen ist \u25b6\ufe0f","breadcrumb":{"@id":"https:\/\/www.d-velop.de\/blog\/digitaler-wandel\/digital-employee-experience\/#breadcrumb"},"inLanguage":"de","potentialAction":[{"@type":"ReadAction","target":["https:\/\/www.d-velop.de\/blog\/digitaler-wandel\/digital-employee-experience\/"]}]},{"@type":"ImageObject","inLanguage":"de","@id":"https:\/\/www.d-velop.de\/blog\/digitaler-wandel\/digital-employee-experience\/#primaryimage","url":"https:\/\/www.d-velop.de\/blog\/wp-content\/uploads\/2024\/07\/beitragsbild-employee-experience.jpg","contentUrl":"https:\/\/www.d-velop.de\/blog\/wp-content\/uploads\/2024\/07\/beitragsbild-employee-experience.jpg","width":2000,"height":666,"caption":"Beitragsbild Digital Employee Experience"},{"@type":"BreadcrumbList","@id":"https:\/\/www.d-velop.de\/blog\/digitaler-wandel\/digital-employee-experience\/#breadcrumb","itemListElement":[{"@type":"ListItem","position":1,"name":"Startseite","item":"https:\/\/www.d-velop.de\/blog\/"},{"@type":"ListItem","position":2,"name":"Prof. Dr. Peter M. Wald zur Relevanz von Digital Employee Experience am Unternehmenserfolg"}]},{"@type":"WebSite","@id":"https:\/\/www.d-velop.de\/blog\/#website","url":"https:\/\/www.d-velop.de\/blog\/","name":"d.velop blog","description":"Digitalisierung, Dokumentenmanagement und rund um d.velop","publisher":{"@id":"https:\/\/www.d-velop.de\/blog\/#organization"},"potentialAction":[{"@type":"SearchAction","target":{"@type":"EntryPoint","urlTemplate":"https:\/\/www.d-velop.de\/blog\/?s={search_term_string}"},"query-input":{"@type":"PropertyValueSpecification","valueRequired":true,"valueName":"search_term_string"}}],"inLanguage":"de"},{"@type":"Organization","@id":"https:\/\/www.d-velop.de\/blog\/#organization","name":"d.velop Gruppe","url":"https:\/\/www.d-velop.de\/blog\/","logo":{"@type":"ImageObject","inLanguage":"de","@id":"https:\/\/www.d-velop.de\/blog\/#\/schema\/logo\/image\/","url":"https:\/\/www.d-velop.de\/blog\/wp-content\/uploads\/2018\/12\/dvelop-blog-logo-invers.jpg","contentUrl":"https:\/\/www.d-velop.de\/blog\/wp-content\/uploads\/2018\/12\/dvelop-blog-logo-invers.jpg","width":350,"height":350,"caption":"d.velop Gruppe"},"image":{"@id":"https:\/\/www.d-velop.de\/blog\/#\/schema\/logo\/image\/"},"sameAs":["https:\/\/www.facebook.com\/d.velop.ag\/","https:\/\/x.com\/d_velop","https:\/\/de.linkedin.com\/company\/d-velop","https:\/\/www.xing.com\/pages\/d-velopag","https:\/\/www.instagram.com\/d.velop_group\/"]},{"@type":"Person","@id":"https:\/\/www.d-velop.de\/blog\/#\/schema\/person\/9c7ded4049214f10ac4a536a3401bc42","name":"Prof. Dr. Peter M. Wald","image":{"@type":"ImageObject","inLanguage":"de","@id":"https:\/\/www.d-velop.de\/blog\/#\/schema\/person\/image\/","url":"https:\/\/www.d-velop.de\/blog\/wp-content\/uploads\/2022\/06\/Peter-wald-autor-210x210.png","contentUrl":"https:\/\/www.d-velop.de\/blog\/wp-content\/uploads\/2022\/06\/Peter-wald-autor-210x210.png","caption":"Prof. Dr. Peter M. Wald"},"description":"Professor f\u00fcr Personalmanagement","sameAs":["https:\/\/leipzig-hrm-blog.blogspot.com\/","https:\/\/www.linkedin.com\/in\/peter-m-wald-797a422\/"],"url":"https:\/\/www.d-velop.de\/blog\/author\/peter-wald\/"}]}},"_links":{"self":[{"href":"https:\/\/www.d-velop.de\/blog\/wp-json\/wp\/v2\/posts\/49371","targetHints":{"allow":["GET"]}}],"collection":[{"href":"https:\/\/www.d-velop.de\/blog\/wp-json\/wp\/v2\/posts"}],"about":[{"href":"https:\/\/www.d-velop.de\/blog\/wp-json\/wp\/v2\/types\/post"}],"author":[{"embeddable":true,"href":"https:\/\/www.d-velop.de\/blog\/wp-json\/wp\/v2\/users\/187"}],"replies":[{"embeddable":true,"href":"https:\/\/www.d-velop.de\/blog\/wp-json\/wp\/v2\/comments?post=49371"}],"version-history":[{"count":3,"href":"https:\/\/www.d-velop.de\/blog\/wp-json\/wp\/v2\/posts\/49371\/revisions"}],"predecessor-version":[{"id":52739,"href":"https:\/\/www.d-velop.de\/blog\/wp-json\/wp\/v2\/posts\/49371\/revisions\/52739"}],"wp:featuredmedia":[{"embeddable":true,"href":"https:\/\/www.d-velop.de\/blog\/wp-json\/wp\/v2\/media\/49386"}],"wp:attachment":[{"href":"https:\/\/www.d-velop.de\/blog\/wp-json\/wp\/v2\/media?parent=49371"}],"wp:term":[{"taxonomy":"category","embeddable":true,"href":"https:\/\/www.d-velop.de\/blog\/wp-json\/wp\/v2\/categories?post=49371"},{"taxonomy":"post_tag","embeddable":true,"href":"https:\/\/www.d-velop.de\/blog\/wp-json\/wp\/v2\/tags?post=49371"}],"curies":[{"name":"wp","href":"https:\/\/api.w.org\/{rel}","templated":true}]}}