{"id":53733,"date":"2025-04-10T13:30:16","date_gmt":"2025-04-10T11:30:16","guid":{"rendered":"https:\/\/www.d-velop.de\/blog\/?p=53733"},"modified":"2025-04-23T11:25:55","modified_gmt":"2025-04-23T09:25:55","slug":"digitalisierungsmesse","status":"publish","type":"post","link":"https:\/\/www.d-velop.de\/blog\/unternehmen\/digitalisierungsmesse\/","title":{"rendered":"d.velop SUMMIT 2025 &#8211; F\u00fcr alle, die Digitalisierungsmessen lieben"},"content":{"rendered":"\n<p data-beyondwords-marker=\"4fa0cd1c-af8d-4d2b-847e-661323839a47\">Digitale Transformation, Automatisierung, KI. Im Rahmen von Digitalisierungsmessen existieren viele Begriffe. Dabei stehen Organisationen und Unternehmen immer wieder vor neuen Herausforderungen. Die Digitalisierung macht nicht halt, eine Innovation jagt die andere und KI ist dabei eine der zentralsten Trends.<\/p>\n\n\n\n<p data-beyondwords-marker=\"a6b725fb-0c7c-44ca-8657-960e0deb95f3\"><strong>MEET. CREATE. INNOVATE.<\/strong> So lautet das diesj\u00e4hrige Motto auf unserer Digitalisierungsmesse, dem <a href=\"https:\/\/summit.d-velop.de\/\" target=\"_blank\" rel=\"noreferrer noopener\">d.velop SUMMIT<\/a>. Auf der Digitalisierungsmesse ist f\u00fcr jeden etwas dabei: Von Industrieunternehmen, der \u00d6ffentlichen Verwaltung, \u00fcber Unternehmen aus dem Finanzsektor bis zu Organisationen aus dem Gesundheits- und Sozialsystem finden diverse Branchen ihren Platz. Auf dem AREAL B\u00d6HLER in D\u00fcsseldorf finden 7 Stages und Areas Platz. Erfahre in \u00fcber <a href=\"https:\/\/summit.d-velop.de\/agenda\" target=\"_blank\" rel=\"noreferrer noopener\">90 Sessions<\/a> alles \u00fcber die neuesten Trends. Erhalte Praxiseinblicke, wie andere Unternehmen und Organisationen ihre Prozesse effizienter gestalten.<\/p>\n\n\n\n<p data-beyondwords-marker=\"bffefcb3-e00f-4eba-a59d-aac42c2b72ef\">Am 03.06. geht es auf der Digitalisierungsmesse mit dem <a href=\"https:\/\/summit.d-velop.de\/partner-day\" target=\"_blank\" rel=\"noreferrer noopener\">Partner Day<\/a> los. Am 04. &amp; 05. Juni wird es dann am <a href=\"https:\/\/summit.d-velop.de\/branche\" target=\"_blank\" rel=\"noreferrer noopener\">Community Day <\/a>f\u00fcr alle Fachbesucher:innen aus den Branchen interessant.<\/p>\n\n\n\n<figure data-wp-context=\"{&quot;imageId&quot;:&quot;69f40d30bd9ef&quot;}\" data-wp-interactive=\"core\/image\" data-beyondwords-marker=\"2aa5ec93-df0c-4f1e-8422-e09fe81bf490\" class=\"wp-block-image size-large wp-lightbox-container\"><img loading=\"lazy\" decoding=\"async\" width=\"1090\" height=\"545\" data-wp-class--hide=\"state.isContentHidden\" data-wp-class--show=\"state.isContentVisible\" data-wp-init=\"callbacks.setButtonStyles\" data-wp-on-async--click=\"actions.showLightbox\" data-wp-on-async--load=\"callbacks.setButtonStyles\" data-wp-on-async-window--resize=\"callbacks.setButtonStyles\" src=\"https:\/\/www.d-velop.de\/blog\/wp-content\/uploads\/2025\/03\/uebersicht-d.velop-summit-2025-1090x545.png\" alt=\"Die Grafik zeigt eine \u00dcbersicht \u00fcber die 3 Tage des d.velop summit\" class=\"wp-image-54925\" srcset=\"https:\/\/www.d-velop.de\/blog\/wp-content\/uploads\/2025\/03\/uebersicht-d.velop-summit-2025-1090x545.png 1090w, https:\/\/www.d-velop.de\/blog\/wp-content\/uploads\/2025\/03\/uebersicht-d.velop-summit-2025-600x300.png 600w, https:\/\/www.d-velop.de\/blog\/wp-content\/uploads\/2025\/03\/uebersicht-d.velop-summit-2025-768x384.png 768w, https:\/\/www.d-velop.de\/blog\/wp-content\/uploads\/2025\/03\/uebersicht-d.velop-summit-2025-1536x768.png 1536w, https:\/\/www.d-velop.de\/blog\/wp-content\/uploads\/2025\/03\/uebersicht-d.velop-summit-2025-1920x960.png 1920w, https:\/\/www.d-velop.de\/blog\/wp-content\/uploads\/2025\/03\/uebersicht-d.velop-summit-2025.png 2000w\" sizes=\"auto, (max-width: 1090px) 100vw, 1090px\" \/><button\n\t\t\tclass=\"lightbox-trigger\"\n\t\t\ttype=\"button\"\n\t\t\taria-haspopup=\"dialog\"\n\t\t\taria-label=\"Bild vergr\u00f6\u00dfern: Die Grafik zeigt eine \u00dcbersicht \u00fcber die 3 Tage des d.velop summit\"\n\t\t\tdata-wp-init=\"callbacks.initTriggerButton\"\n\t\t\tdata-wp-on-async--click=\"actions.showLightbox\"\n\t\t\tdata-wp-style--right=\"state.imageButtonRight\"\n\t\t\tdata-wp-style--top=\"state.imageButtonTop\"\n\t\t>\n\t\t\t<svg xmlns=\"http:\/\/www.w3.org\/2000\/svg\" width=\"12\" height=\"12\" fill=\"none\" viewBox=\"0 0 12 12\">\n\t\t\t\t<path fill=\"#fff\" d=\"M2 0a2 2 0 0 0-2 2v2h1.5V2a.5.5 0 0 1 .5-.5h2V0H2Zm2 10.5H2a.5.5 0 0 1-.5-.5V8H0v2a2 2 0 0 0 2 2h2v-1.5ZM8 12v-1.5h2a.5.5 0 0 0 .5-.5V8H12v2a2 2 0 0 1-2 2H8Zm2-12a2 2 0 0 1 2 2v2h-1.5V2a.5.5 0 0 0-.5-.5H8V0h2Z\" \/>\n\t\t\t<\/svg>\n\t\t<\/button><\/figure>\n\n\n\n<h2 data-beyondwords-marker=\"10ecd76f-130e-4cb7-a23e-c9a6b2f05a22\" class=\"wp-block-heading\" id=\"h-03-06-2025-partner-day\"><span class=\"ez-toc-section\" id=\"03062025-partner-day\"><\/span>03.06.2025 | Partner Day<span class=\"ez-toc-section-end\"><\/span><\/h2>\n\n\n\n<p data-beyondwords-marker=\"7208137a-cf9b-4882-abc2-7e195297c1e7\">Ein Tag voller inspirierender Erfolgsgeschichten, spannender Vortr\u00e4ge, geb\u00fcndeltem Expertenwissen und viel Zeit f\u00fcr den pers\u00f6nlichen Austausch im Partnernetzwerk liegt vor uns. Am 03.06. um 08:30 Uhr \u00f6ffnet die Digitalisierungsmesse d.velop SUMMIT 2025 zum ersten Mal seine Tore.<\/p>\n\n\n\n<p data-beyondwords-marker=\"63f25ffa-eadf-48b6-8d37-36550ea86c24\">Am Partnertag blicken wir kurz zur\u00fcck auf das Jahr 2024, durchleuchten den Status Quo und wagen dann den gemeinsamen Blick in die Zukunft. Was sind die kommenden Megatrends bei der <a href=\"https:\/\/www.d-velop.de\/blog\/prozesse-gestalten\/geschaeftsprozesse-digitalisieren\/\">Digitalisierung von Gesch\u00e4ftsprozessen<\/a> und auf welche L\u00f6sungen k\u00f6nnen sich unsere gemeinsamen Kunden freuen. Bei der Frage, wie wir als Community die <a href=\"https:\/\/www.d-velop.de\/software\/d-velop-platform\" target=\"_blank\" rel=\"noreferrer noopener\">d.velop platform<\/a> gemeinsam weiter gestalten sollten, um nachhaltig mehr Wachstum zu erzielen, spielt die Transformation von Gesch\u00e4ftsmodellen eine ma\u00dfgebliche Rolle. Wir freuen uns mit Euch auf einen spannenden Auftakt im Rahmen des d.velop SUMMIT 2025.<\/p>\n\n\n\n<hr data-beyondwords-marker=\"3ee372a1-b8ac-43a7-80fb-a125d00bea51\" class=\"wp-block-separator has-alpha-channel-opacity\"\/>\n\n\n\n<h2 data-beyondwords-marker=\"ba3f332b-f2b5-472e-80d4-04abcc5b0f70\" class=\"wp-block-heading\" id=\"h-04-06-2025-05-06-2025-community-day\"><span class=\"ez-toc-section\" id=\"04062025-%e2%80%93-05062025-community-day\"><\/span>04.06.2025 \u2013 05.06.2025 | Community Day<span class=\"ez-toc-section-end\"><\/span><\/h2>\n\n\n\n<p data-beyondwords-marker=\"58e61cb5-980c-45e2-abbf-915841a25df2\">\u00dcber zwei Tage hinweg bietet der Community Day f\u00fcr die Fachbesucher:innen aus den Branchen spannende Vortr\u00e4ge. Auf der Innovation Stage, dem Tech Leb und dem Academy Hub werden aktuelle Trends aufgegriffen und Entwickler:innen angesprochen. Auch werden praxisnahe Einblicke in Produkte und Technologien der d.velop gegeben &#8211; Alles, was eine Digitalisierungsmesse braucht!<\/p>\n\n\n\n<div data-beyondwords-marker=\"d194e53b-08da-431e-b68c-91a3e82e50ba\" class=\"wp-block-group is-style-cta\"><div class=\"wp-block-group__inner-container is-layout-constrained wp-block-group-is-layout-constrained\">\n<h3 data-beyondwords-marker=\"100f1e4a-c404-433a-ba6b-35ed43276063\" class=\"wp-block-heading\" id=\"h-du-mochtest-wissen-welche-vortrage-auf-welcher-stage-stattfinden\">Du m\u00f6chtest wissen, welche Vortr\u00e4ge auf welcher Stage stattfinden? &#x1f389;<\/h3>\n\n\n\n\t<div data-beyondwords-marker=\"6ce9242e-f8e1-4711-8327-34d595284fc8\" class=\"wp-block-buttons\">\n\t\t<div class=\"wp-block-button is-style-outline\">\n\t\t\t<a class=\"wp-block-button__link\" href=\"https:\/\/summit.d-velop.de\/agenda?utm_campaign=Sonstiges+-+d.velop+BLOG+-+01%2F2018&#038;utm_source=intern-blog-ger&#038;utm_medium=blogpost-digitalisierungsmesse&#038;utm_content=button\" target=\"_blank\">Hier gehts&#039;s zur Agenda<\/a>\t\t<\/div>\n\t<\/div>\n\n\t<\/div><\/div>\n\n\n\n<hr data-beyondwords-marker=\"087d38ba-609f-4089-983f-b3d6ff092feb\" class=\"wp-block-separator has-alpha-channel-opacity\"\/>\n\n\n\n<h2 data-beyondwords-marker=\"2793318e-08c1-408b-9445-329f64cac654\" class=\"wp-block-heading\" id=\"h-innovation-stage\"><span class=\"ez-toc-section\" id=\"innovation-stage\"><\/span>Innovation Stage<span class=\"ez-toc-section-end\"><\/span><\/h2>\n\n\n\n<p data-beyondwords-marker=\"b8128c22-d790-4a45-ba5e-c89573d71c03\">Auf der Innovation Stage lassen wir die Megatrends bei der Digitalisierung von Gesch\u00e4ftsprozessen aus \u00f6konomischer, gesellschaftlicher und technischer Perspektive sprechen. Wir richten den Fokus auf die j\u00fcngsten und zuk\u00fcnftigen strategischen Entwicklungen von d.velop. Zus\u00e4tzlich wagen wir einen Blick weit \u00fcber den Tellerrand der <a href=\"https:\/\/www.d-velop.de\/blog\/digitaler-wandel\/was-ist-digitalisierung\/\">Digitalisierung<\/a> hinaus. W\u00e4re diese B\u00fchne ein Mensch, w\u00fcrde sie die Rolle des Thought Leaders einnehmen.<\/p>\n\n\n\n<p data-beyondwords-marker=\"3065a25c-137c-44fd-be96-4d8bf07c5c7d\">Am 04.06. startet unsere Digitalisierungsmesse direkt mit einem Highlight. Um 10:15 Uhr greift Autor und Podcaster <strong>Sascha Lobo<\/strong> in seiner Keynote <strong>\u201eIst das Kunst oder kann das weg? &#8211; Wie K\u00fcnstliche Intelligenz die Welt ver\u00e4ndert\u201c<\/strong> den Durchbruch der K\u00fcnstlichen Intelligenz auf und ordnet diese in die Digitalisierung ein. Zus\u00e4tzlich erkl\u00e4rt er, warum K\u00fcnstliche Intelligenz zugleich unter- und \u00fcbersch\u00e4tzt wird. Um 12:45 Uhr zeigt uns <strong>Julia Freudenberg<\/strong> \u2013 CEO der Hacker School \u2013 in <strong>\u201e#hacktheworldabetterplace\u201c<\/strong>, wie jede und jeder von uns selbst dazu beitragen kann, um f\u00fcr die Zukunft zu begeistern.<\/p>\n\n\n\n<p data-beyondwords-marker=\"8d559a82-e6aa-43e7-b70f-0a7bea3ff983\">Am 05.06 ab 15 Uhr betritt Zukunftsforscher <strong><a href=\"https:\/\/www.d-velop.de\/blog\/digitaler-wandel\/sven-gabor-janszky\/\">Sven Gabor J\u00e1nszky<\/a><\/strong> die Innovation Stage. In seiner Keynote &#8220; <strong>\u201e2035 \u2013 Wie viel Mensch vertr\u00e4gt die Zukunft?\u201c<\/strong> stellt er den Tagesablauf eines Menschen im Jahr 2035 in den Mittelpunkt. Dabei zeigt er auf, wie wir eine lebenswerte Zukunft mithilfe smarter Technologien zu unserem eigenen Nutzen selbst gestalten k\u00f6nnen. Gleichzeitig gibt er uns eine Anleitung f\u00fcr eine erstrebenswerte Welt, die wir nur noch umsetzen m\u00fcssen.<\/p>\n\n\n\n<figure data-beyondwords-marker=\"47f3627b-076c-4101-b12f-b1492fca76ab\" class=\"wp-block-image size-full\"><img loading=\"lazy\" decoding=\"async\" width=\"1920\" height=\"1080\" src=\"https:\/\/www.d-velop.de\/blog\/wp-content\/uploads\/2025\/04\/impulsgeber-d.velop-summit.gif\" alt=\"Die Grafik zeigt die Impulsgeber des d.velop summit 2025\" class=\"wp-image-54929\"\/><\/figure>\n\n\n\n<hr data-beyondwords-marker=\"7caaaccd-4fb9-4e1a-a671-64b6231f1b00\" class=\"wp-block-separator has-alpha-channel-opacity\"\/>\n\n\n\n<h2 data-beyondwords-marker=\"3bee8e6b-c4b9-4bc7-bfad-9704d18d5846\" class=\"wp-block-heading\" id=\"h-public-sector-stage\"><span class=\"ez-toc-section\" id=\"public-sector-stage\"><\/span>Public Sector Stage<span class=\"ez-toc-section-end\"><\/span><\/h2>\n\n\n\n<p data-beyondwords-marker=\"0e58a930-56f8-4b48-80fb-781818fa8cb0\">Willkommen auf der Public Sector Stage \u2013 einem Ort, der sich dem Fortschritt des <a href=\"https:\/\/www.d-velop.de\/branchen\/oeffentliche-verwaltung\">\u00f6ffentlichen Sektors<\/a> widmet. Unser Fokus liegt auf praxisnahen L\u00f6sungen, die die Verwaltungsabl\u00e4ufe effizienter gestalten, ohne dabei auf komplizierte Worte oder unn\u00f6tige Buzzwords zur\u00fcckzugreifen. Von Profis f\u00fcr Profis. Besuche uns, um zu erleben, wie die d.velop durch innovative Technologien, fortschrittliche Methodik und einer kooperativen Herangehensweise im \u00f6ffentlichen Sektor einen echten Wandel bewirkt. Erhalte auf unserer Stage der Digitalisierungsmesse Einblicke, wie wir gemeinsam die Zukunft der \u00f6ffentlichen Verwaltung gestalten k\u00f6nnen.<\/p>\n\n\n\n<p data-beyondwords-marker=\"b343f7e0-10b2-4063-bf8e-d2ede3d93ec2\">In den speziell f\u00fcr den \u00f6ffentlichen Dienst konzipierten Sessions werden wir praxisnahe und unkomplizierte L\u00f6sungen kennenlernen. Ganz im Sinne der Tradition der letzten Jahre. Zu Gast sind unter anderem das Kompetenzzentrum E-Akte.nrw und der Landkreis Emsland.<\/p>\n\n\n\n<p data-beyondwords-marker=\"40c26992-9c82-4b08-85ea-73ef88337328\">Am 04.06. ab 15:30 Uhr zeigen uns <strong>Lukas Szlachta<\/strong> und <strong>Anna-Lena Hoffmann<\/strong> in ihrer Session <strong>\u201eAntrag per Mausklick: Die digitale L\u00f6sung f\u00fcr Bewohnerparkausweise in G\u00fctersloh\u201c<\/strong> die volldigitale Antragsbearbeitung mit optiGov bei der Stadt G\u00fctersloh. Vom integrierten B\u00fcrgerservice bis hin zur automatisierten Bescheidung, Veraktung und Verl\u00e4ngerung.<\/p>\n\n\n\n<figure data-beyondwords-marker=\"3b573f28-9dd9-438b-a7ce-da5a2a46b621\" class=\"wp-block-image size-full\"><img loading=\"lazy\" decoding=\"async\" width=\"1920\" height=\"1080\" src=\"https:\/\/www.d-velop.de\/blog\/wp-content\/uploads\/2025\/04\/pubic-sector-stage.gif\" alt=\"Die Grafik zeigt eine Keynote der pubic sector stage\" class=\"wp-image-54939\"\/><\/figure>\n\n\n\n<hr data-beyondwords-marker=\"3cd7bf64-67b2-405c-b1c2-986ecaa9ef96\" class=\"wp-block-separator has-alpha-channel-opacity\"\/>\n\n\n\n<h2 data-beyondwords-marker=\"7062da75-7848-493c-8c56-203c9fab7eef\" class=\"wp-block-heading\" id=\"h-health-amp-care-stage\"><span class=\"ez-toc-section\" id=\"health-care-stage\"><\/span>Health &amp; Care Stage<span class=\"ez-toc-section-end\"><\/span><\/h2>\n\n\n\n<p data-beyondwords-marker=\"647c88a3-5532-4083-a47a-a4438daaa436\">Auf der health &amp; care Stage des d.velop SUMMIT dreht sich alles um die Vernetzung des <a href=\"https:\/\/www.d-velop.de\/branchen\/gesundheitswesen\">Gesundheits- und Sozialsystems<\/a> &#8211; von Krankenh\u00e4usern, Pflegeeinrichtungen, Wohlfahrtsverb\u00e4nden \u00fcber Krankenkassen und K\u00f6rperschaften bis zu Patienten:innen und Klienten:innen. Lasst uns alle Kr\u00e4fte da b\u00fcndeln, wo sie am dringendsten gebraucht werden \u2013 n\u00e4mlich bei den Patienten:innen und Klienten:innen. Und das sowohl im medizinisch-pflegerischen Bereich als auch in der Verwaltung. Erleben wir inspirierende health &amp; care Erfolgsgeschichten.<\/p>\n\n\n\n<p data-beyondwords-marker=\"46dc188a-b462-41ea-83f5-d71afa4048cf\">In den speziell f\u00fcr das Gesundheitssystem konzipierten Sessions werden praxisnahe und leicht umsetzbare L\u00f6sungen vorgestellt. Echte Erfolgsgeschichten von Kunden aus dem Gesundheitswesen. Es erwartet uns geb\u00fcndeltes Branchenwissen und Austausch unter Gleichgesinnten auf der Digitalisierungsmesse d.velop SUMMIT. Egal, ob Pflegeeinrichtungen, Krankenh\u00e4user &amp; Kliniken, Krankenkassen, K\u00f6rperschaften oder Organisationen &amp; Verb\u00e4nde.<\/p>\n\n\n\n<p data-beyondwords-marker=\"eb0c960e-3727-49c0-a2a2-4d49e278c686\">Die Gesundheit von morgen entsteht grenzenlos. Intersektorale Versorgung und neue Technologien, sowie v\u00f6llig neue Versorgungsmodelle und Denkweisen haben das Potenzial, unser Gesundheitswesen besser, effizienter und menschenzentrierter zu machen. Was daf\u00fcr heute schon notwendig ist, beschreibt <strong>Dr. Tobias Krick<\/strong> in seiner Keynote. <strong>\u201eGesundheit &amp; Pflege grenzenlos und out-of-the-box &#8211; Neue Technologien und Strukturen, die verbinden statt trennen\u201c<\/strong>; am 05.06. ab 11 Uhr.<\/p>\n\n\n\n<figure data-beyondwords-marker=\"c9db38f1-b23a-4c53-a39f-bc4b62b9e061\" class=\"wp-block-image size-full\"><img loading=\"lazy\" decoding=\"async\" width=\"1920\" height=\"1080\" src=\"https:\/\/www.d-velop.de\/blog\/wp-content\/uploads\/2025\/04\/health-and-care-stage.gif\" alt=\"Die Grafik zeigt eine Keynote der health and care stage\" class=\"wp-image-54940\"\/><\/figure>\n\n\n\n<hr data-beyondwords-marker=\"2c2f014c-f57f-43ed-86f9-61ca43393b6a\" class=\"wp-block-separator has-alpha-channel-opacity\"\/>\n\n\n\n<h2 data-beyondwords-marker=\"0354bfa8-1ed8-44a5-b11f-55a851fcbe20\" class=\"wp-block-heading\" id=\"h-financial-services-stage\"><span class=\"ez-toc-section\" id=\"financial-services-stage\"><\/span>Financial Services Stage<span class=\"ez-toc-section-end\"><\/span><\/h2>\n\n\n\n<p data-beyondwords-marker=\"37ac6239-3742-46d1-9680-9284c6a476c0\">Wo hochsensible Daten auf hochdynamische M\u00e4rkte treffen, ist der Bedarf an sicheren Softwarel\u00f6sungen essenziell. Dabei geht es vor allem um das Vertrauen der Kunden:innen in ihre <a href=\"https:\/\/www.d-velop.de\/branchen\/finanzwesen\">Banken<\/a>, <a href=\"https:\/\/www.d-velop.de\/branchen\/versicherungen\">Versicherungen<\/a> und in das gesamte Finanzsystem. Zahlreiche Erfolgsgeschichten auf dieser Stage unserer Digitalisierungsmesse belegen, welche innovativen L\u00f6sungen eingesetzt werden, um den exponentiell gestiegenen Anforderungen der Finanz- und Versicherungswirtschaft gerecht zu werden und ihre Rolle als St\u00fctze der globalen Wirtschaft zu festigen.<\/p>\n\n\n\n<p data-beyondwords-marker=\"b07e082e-8135-4d01-9252-2371e96ce933\">Im Finanz- und Versicherungswesen stellen die Abl\u00f6sung von veralteten Legacy-Systemen, die B\u00fcndelung von Personal- und Budgetressourcen und die Verwaltung durch den steigenden Fachkr\u00e4ftemangel die zentralen Herausforderungen dar. Hinzu kommen h\u00f6here regulatorische Anforderungen der BaFin. Etwa die 2024 eingef\u00fchrten <a href=\"https:\/\/www.d-velop.de\/themen\/dora-verordnung\">DORA-Verordnung<\/a> sowie der geplanten FIDA (Free Insurance Data Access)-Verordnung. Auch manuelle, analoge Prozesse z\u00e4hlen zu den Herausforderungen der Branche.<\/p>\n\n\n\n<p data-beyondwords-marker=\"e4eca039-9eb9-4ddd-a23e-49222d3af332\">Auf unserer Digitalisierungsmesse d.velop SUMMIT betrachten <strong>Slobodan Pantelic<\/strong> und <strong>Christian Gericke<\/strong> in ihrer Keynote<strong> <\/strong>die Herausforderungen der regulatorischen Anforderungen. Dabei werden die Auswirkungen von Open Data auf die Versicherungs- und Finanzbranche sowie Chancen f\u00fcr die Zusammenarbeit zwischen FinTechs, InsurTechs und etablierten Unternehmen der Versicherungsbranche beleuchtet.<\/p>\n\n\n\n<p data-beyondwords-marker=\"b04d81d4-dbcb-4a7b-8d68-6aff41d56730\">Dar\u00fcber hinaus bietet der d.velop SUMMIT f\u00fcr Interessenten:innen aus dem Finanz- und Versicherungswesen die M\u00f6glichkeit, Einblick in die Nutzung der d.velop Technologien durch Erfolgsgeschichten von Kunden zu erhalten. Hierzu geh\u00f6rt etwa die&nbsp;Erleichterung des Arbeitsalltags in Banken und Versicherungen. Der pers\u00f6nliche Austausch &amp; das Netzwerken zu <a href=\"https:\/\/www.d-velop.de\/blog\/digitaler-wandel\/digitalisierungsstrategie\/\">Digitalisierungsstrategien<\/a> mit Kollegen:innen darf auf einer Digitalisierungsmesse nat\u00fcrlich nicht zu kurz kommen.<\/p>\n\n\n\n<figure data-beyondwords-marker=\"97cf9956-aa88-4d24-b73d-c899791a4939\" class=\"wp-block-image size-full\"><img loading=\"lazy\" decoding=\"async\" width=\"1920\" height=\"1080\" src=\"https:\/\/www.d-velop.de\/blog\/wp-content\/uploads\/2025\/04\/financial-services-stage.gif\" alt=\"Die Grafik zeigt eine Keynote der financial services stage\" class=\"wp-image-54941\"\/><\/figure>\n\n\n\n<hr data-beyondwords-marker=\"a503d52d-c743-4446-8233-57b0476a7818\" class=\"wp-block-separator has-alpha-channel-opacity\"\/>\n\n\n\n<h2 data-beyondwords-marker=\"0f9cfd74-55c5-4db6-9d64-78b460a234b1\" class=\"wp-block-heading\" id=\"h-private-economy-stage\"><span class=\"ez-toc-section\" id=\"private-economy-stage\"><\/span>Private Economy Stage<span class=\"ez-toc-section-end\"><\/span><\/h2>\n\n\n\n<p data-beyondwords-marker=\"b6b1bc84-84d0-4e6e-bb15-50ecddb2261b\">Echte Erfolgsgeschichten von Kunden aus der Private Economy. Praxisnahe L\u00f6sungen. Geb\u00fcndeltes Branchenwissen und Austausch unter Gleichgesinnten.<\/p>\n\n\n\n<p data-beyondwords-marker=\"fff7d343-75e5-4424-aaeb-10e0b7f5b394\">Die Private Economy Stage auf unserer Digitalisierungsmesse ist zentraler Anlaufpunkt f\u00fcr wegweisende Einblicke, um die Zukunft der Wirtschaft zu gestalten. Egal, ob <a href=\"https:\/\/www.d-velop.de\/branchen\/automobil\" target=\"_blank\" rel=\"noreferrer noopener\">Automotive<\/a>, <a href=\"https:\/\/www.d-velop.de\/branchen\/bauwesen\" target=\"_blank\" rel=\"noreferrer noopener\">Building<\/a>, <a href=\"https:\/\/www.d-velop.de\/branchen\/logistik\" target=\"_blank\" rel=\"noreferrer noopener\">Logistics<\/a>, <a href=\"https:\/\/www.d-velop.de\/branchen\/industrie\" target=\"_blank\" rel=\"noreferrer noopener\">Manufacturing<\/a>, <a href=\"https:\/\/www.d-velop.de\/branchen\/industrie\" target=\"_blank\" rel=\"noreferrer noopener\">Mechanical Engineering<\/a>, <a href=\"https:\/\/www.d-velop.de\/branchen\/handel\" target=\"_blank\" rel=\"noreferrer noopener\">Retail<\/a> oder <a href=\"https:\/\/www.d-velop.de\/branchen\/energiewirtschaft\" target=\"_blank\" rel=\"noreferrer noopener\">Power &amp; Energy<\/a>, sie alle eint der Drang nach mehr Transparenz und Effektivit\u00e4t in der Abbildung digitaler Prozesse. Lassen wir sie ihre Geschichten erz\u00e4hlen &#8211; von Tipps zur Cloud-Strategie, \u00fcber Herausforderungen bis zu Trendthemen, wie dem <a href=\"https:\/\/www.d-velop.de\/blog\/branchenprozesse\/lieferkettengesetz\/\">Lieferkettengesetz<\/a>.<\/p>\n\n\n\n<p data-beyondwords-marker=\"9d3adbfa-26f0-4398-b3d2-7593737f3930\">Standardisierung und Innovation: Ein Widerspruch? Julius Berger International beweist das Gegenteil. Im Vortrag erfahren wir, wie durch Minimierung von Individualisierungen Prozesse effizienter gestaltet werden k\u00f6nnen. Gleichzeitig wird d.velop documents durch die innovative KI-Technologie amberSearch erg\u00e4nzt. Diese ist in der Lage, Daten aus verschiedenen Quellen wie Filesystemen, M365 Modulen, E-Mail-Postf\u00e4chern und dem <a href=\"https:\/\/www.d-velop.de\/software\/dokumentenmanagement-system\" target=\"_blank\" rel=\"noreferrer noopener\">Dokumentenmanagement-System<\/a> parallel zu durchsuchen. Lassen wir uns am 04.06. ab 14:45 Uhr von <strong>Carsten Thielking<\/strong>, <strong>Bastian Maiworm<\/strong> und <strong>Matthias Becker<\/strong> inspirieren.<\/p>\n\n\n\n<figure data-beyondwords-marker=\"9e60053e-beed-4c8f-a742-74e0b83e87cd\" class=\"wp-block-image size-full\"><img loading=\"lazy\" decoding=\"async\" width=\"1920\" height=\"1080\" src=\"https:\/\/www.d-velop.de\/blog\/wp-content\/uploads\/2025\/04\/private-economy-stage.gif\" alt=\"Die Grafik zeigt eine Keynote der private economy stage\" class=\"wp-image-54942\"\/><\/figure>\n\n\n\n<hr data-beyondwords-marker=\"7636eee7-d5de-488d-9817-fdc6ef93463a\" class=\"wp-block-separator has-alpha-channel-opacity\"\/>\n\n\n\n<h2 data-beyondwords-marker=\"a4754079-e7bc-4040-a9e8-1f0e5859bef1\" class=\"wp-block-heading\" id=\"h-tech-lab\"><span class=\"ez-toc-section\" id=\"tech-lab\"><\/span>Tech Lab<span class=\"ez-toc-section-end\"><\/span><\/h2>\n\n\n\n<p data-beyondwords-marker=\"4037f34d-329b-45c0-9353-2e7e78e67634\">Das Tech Lab richtet sich an Entwickler:innen und technikaffine Menschen. Hier machen wir einen Deep Dive unter die Haube von d.velop Software. Beim Tech Lab unserer Digitalisierungsmesse geht es aber nicht nur um den Status Quo. Es geht zum einen um die zuk\u00fcnftigen Weichen bei der Weiterentwicklung der Plattform. Zum anderen wird thematisiert, wie man als externer Entwickler Teil der Community werden kann.<\/p>\n\n\n\n<p data-beyondwords-marker=\"53c93e08-3fb0-4460-b6d0-47161ac253a4\"><a href=\"https:\/\/www.d-velop.de\/loesungen\/kuenstliche-intelligenz\" target=\"_blank\" rel=\"noreferrer noopener\">K\u00fcnstliche Intelligenz<\/a> ver\u00e4ndert unsere Erwartung an das, was Software k\u00f6nnen muss. Aber wie ver\u00e4ndert sich unsere Erwartungshaltung daran, wie sich Software bedient? In der Session von <strong>Paulo Pereira<\/strong> werfen wir einen Blick auf den Wandel der User Experience im Lichte k\u00fcnstlicher Intelligenz. <strong>&#8222;UX im Wandel von KI&#8220;<\/strong> am 04.06. ab 12:45 Uhr.<\/p>\n\n\n\n<figure data-beyondwords-marker=\"240e9e54-4bbb-4e6a-845e-4fdedfd1fefa\" class=\"wp-block-image size-full\"><img loading=\"lazy\" decoding=\"async\" width=\"1920\" height=\"1080\" src=\"https:\/\/www.d-velop.de\/blog\/wp-content\/uploads\/2025\/04\/tech-lab.gif\" alt=\"Die Grafik zeigt einen Vortrag beim tech lab\" class=\"wp-image-54943\"\/><\/figure>\n\n\n\n<hr data-beyondwords-marker=\"8daca1b8-1060-4ac5-87ae-012c6da38374\" class=\"wp-block-separator has-alpha-channel-opacity\"\/>\n\n\n\n<h2 data-beyondwords-marker=\"7e0fcedb-d526-497c-b5f0-8b3687861ac8\" class=\"wp-block-heading\" id=\"h-academy-hub\"><span class=\"ez-toc-section\" id=\"academy-hub\"><\/span>Academy Hub<span class=\"ez-toc-section-end\"><\/span><\/h2>\n\n\n\n<p data-beyondwords-marker=\"7283b80d-273e-4810-8a5f-21dcb3637249\">Der Academy Hub bietet auf unserer Digitalisierungsmesse kompakte und praxisnahe Einblicke in unsere Produkte und Technologien. Live-Demonstrationen zeigen anschaulich, wie unsere L\u00f6sungen direkt \u00fcber die Oberfl\u00e4che angewendet werden k\u00f6nnen. Durch interaktive Elemente und reale Beispiele werden neue Erkenntnisse vermittelt und ein tiefes Verst\u00e4ndnis f\u00fcr die Anwendungen geschaffen.<\/p>\n\n\n\n<p data-beyondwords-marker=\"12784f31-95bf-445c-910b-af6d865694b8\"><strong>Felix Aretz<\/strong> und <strong>Timo Kreusch-Vartmann<\/strong> zeigen in ihrer Session die Power von KI mit <a href=\"https:\/\/www.d-velop.de\/loesungen\/kuenstliche-intelligenz#pilot\" target=\"_blank\" rel=\"noreferrer noopener\">d.velop pilot<\/a>. Hier erfahren wir, wie intelligente Automatisierung die Arbeitsabl\u00e4ufe optimiert, wiederkehrende Aufgaben reduziert und innovative L\u00f6sungen erm\u00f6glicht. <strong>\u201eKI in Aktion: Wie d.velop pilot Ihre Effizienz revolutioniert\u201c<\/strong>, am 04.06. ab 14:45 Uhr sowie am 05.06. ab 13:30 Uhr.<\/p>\n\n\n\n<figure data-beyondwords-marker=\"3d915ae1-5923-4a3d-ac3e-6b1171ca3a4a\" class=\"wp-block-image size-full\"><img loading=\"lazy\" decoding=\"async\" width=\"1920\" height=\"1080\" src=\"https:\/\/www.d-velop.de\/blog\/wp-content\/uploads\/2025\/04\/academy-hub.gif\" alt=\"Die Grafik zeigt einen Vortrag beim academy hub\" class=\"wp-image-54944\"\/><\/figure>\n\n\n\n<hr data-beyondwords-marker=\"649ffb0f-bbb2-49f5-803c-db4e20a95737\" class=\"wp-block-separator has-alpha-channel-opacity\"\/>\n\n\n\n<div data-beyondwords-marker=\"70d416c4-3d9a-400f-b3ee-55f2fd5d5931\" class=\"wp-block-group is-style-cta\"><div class=\"wp-block-group__inner-container is-layout-constrained wp-block-group-is-layout-constrained\">\n<h3 data-beyondwords-marker=\"100f1e4a-c404-433a-ba6b-35ed43276063\" class=\"wp-block-heading\" id=\"h-du-weisst-was-zu-tun-ist-sei-am-04-amp-05-juni-in-dusseldorf-mit-dabei\">Du wei\u00dft, was zu tun ist: Sei am 04. &amp; 05. Juni in D\u00fcsseldorf mit dabei! &#x1f389;<\/h3>\n\n\n\n\t<div data-beyondwords-marker=\"6ce9242e-f8e1-4711-8327-34d595284fc8\" class=\"wp-block-buttons\">\n\t\t<div class=\"wp-block-button is-style-outline\">\n\t\t\t<a class=\"wp-block-button__link\" href=\"https:\/\/summit.d-velop.de\/?utm_campaign=Sonstiges+-+d.velop+BLOG+-+01%2F2018&#038;utm_source=intern-blog-ger&#038;utm_medium=blogpost-digitalisierungsmesse&#038;utm_content=button\" target=\"_blank\">Zu den Tickets<\/a>\t\t<\/div>\n\t<\/div>\n\n\t<\/div><\/div>\n","protected":false},"excerpt":{"rendered":"<p>Digitale Transformation, Automatisierung, KI. Im Rahmen von Digitalisierungsmessen existieren viele Begriffe. Dabei stehen Organisationen und Unternehmen immer wieder vor neuen [&hellip;]<\/p>\n","protected":false},"author":197,"featured_media":48768,"comment_status":"closed","ping_status":"closed","sticky":false,"template":"","format":"standard","meta":{"footnotes":"","beyondwords_generate_audio":"1","beyondwords_project_id":"23937","beyondwords_content_id":"c9bed60d-48db-4a8b-b5cf-55fbd8d0b7ca","beyondwords_preview_token":"be81567f-6dfa-4498-9716-c6161531c8f2","beyondwords_player_content":"","beyondwords_player_style":"","beyondwords_language_id":"","beyondwords_title_voice_id":"","beyondwords_body_voice_id":"","beyondwords_summary_voice_id":"","beyondwords_error_message":"","beyondwords_disabled":"1","beyondwords_delete_content":"","beyondwords_podcast_id":"","beyondwords_hash":"","publish_post_to_speechkit":"","speechkit_hash":"","speechkit_generate_audio":"","speechkit_project_id":"","speechkit_podcast_id":"","speechkit_error_message":"","speechkit_disabled":"","speechkit_access_key":"","speechkit_error":"","speechkit_info":"","speechkit_response":"","speechkit_retries":"","speechkit_status":"","speechkit_updated_at":"","_speechkit_link":"","_speechkit_text":""},"categories":[8],"tags":[6562],"class_list":["post-53733","post","type-post","status-publish","format-standard","has-post-thumbnail","hentry","category-unternehmen","tag-d-velop-summit"],"acf":[],"yoast_head":"<!-- This site is optimized with the Yoast SEO Premium plugin v25.6 (Yoast SEO v25.6) - https:\/\/yoast.com\/wordpress\/plugins\/seo\/ -->\n<title>d.velop SUMMIT: Die Digitalisierungsmesse 2025<\/title>\n<meta name=\"description\" content=\"Die Digitalisierungsmesse vom 03. bis 05. Juni in D\u00fcsseldorf. Sei dabei und erfahre alles \u00fcber die neuesten Trends \u25b6\ufe0f\" \/>\n<meta name=\"robots\" content=\"index, follow, max-snippet:-1, max-image-preview:large, max-video-preview:-1\" \/>\n<link rel=\"canonical\" href=\"https:\/\/www.d-velop.de\/blog\/unternehmen\/digitalisierungsmesse\/\" \/>\n<meta property=\"og:locale\" content=\"de_DE\" \/>\n<meta property=\"og:type\" content=\"article\" \/>\n<meta property=\"og:title\" content=\"d.velop SUMMIT 2025 - F\u00fcr alle, die Digitalisierungsmessen lieben\" \/>\n<meta property=\"og:description\" content=\"Die Digitalisierungsmesse vom 03. bis 05. Juni in D\u00fcsseldorf. Sei dabei und erfahre alles \u00fcber die neuesten Trends \u25b6\ufe0f\" \/>\n<meta property=\"og:url\" content=\"https:\/\/www.d-velop.de\/blog\/unternehmen\/digitalisierungsmesse\/\" \/>\n<meta property=\"og:site_name\" content=\"d.velop blog\" \/>\n<meta property=\"article:publisher\" content=\"https:\/\/www.facebook.com\/d.velop.ag\/\" \/>\n<meta property=\"article:published_time\" content=\"2025-04-10T11:30:16+00:00\" \/>\n<meta property=\"article:modified_time\" content=\"2025-04-23T09:25:55+00:00\" \/>\n<meta property=\"og:image\" content=\"https:\/\/www.d-velop.de\/blog\/wp-content\/uploads\/2025\/03\/impulsgeber-d.velop-summit-1090x613.png\" \/>\n\t<meta property=\"og:image:width\" content=\"1090\" \/>\n\t<meta property=\"og:image:height\" content=\"613\" \/>\n\t<meta property=\"og:image:type\" content=\"image\/png\" \/>\n<meta name=\"author\" content=\"Miriam Deiters\" \/>\n<meta name=\"twitter:card\" content=\"summary_large_image\" \/>\n<meta name=\"twitter:creator\" content=\"@d_velop\" \/>\n<meta name=\"twitter:site\" content=\"@d_velop\" \/>\n<meta name=\"twitter:label1\" content=\"Verfasst von\" \/>\n\t<meta name=\"twitter:data1\" content=\"Miriam Deiters\" \/>\n\t<meta name=\"twitter:label2\" content=\"Gesch\u00e4tzte Lesezeit\" \/>\n\t<meta name=\"twitter:data2\" content=\"11\u00a0Minuten\" \/>\n<script type=\"application\/ld+json\" class=\"yoast-schema-graph\">{\"@context\":\"https:\/\/schema.org\",\"@graph\":[{\"@type\":\"Article\",\"@id\":\"https:\/\/www.d-velop.de\/blog\/unternehmen\/digitalisierungsmesse\/#article\",\"isPartOf\":{\"@id\":\"https:\/\/www.d-velop.de\/blog\/unternehmen\/digitalisierungsmesse\/\"},\"author\":{\"name\":\"Miriam Deiters\",\"@id\":\"https:\/\/www.d-velop.de\/blog\/#\/schema\/person\/6b752c718c32bfa416682b6208438b48\"},\"headline\":\"d.velop SUMMIT 2025 &#8211; F\u00fcr alle, die Digitalisierungsmessen lieben\",\"datePublished\":\"2025-04-10T11:30:16+00:00\",\"dateModified\":\"2025-04-23T09:25:55+00:00\",\"mainEntityOfPage\":{\"@id\":\"https:\/\/www.d-velop.de\/blog\/unternehmen\/digitalisierungsmesse\/\"},\"wordCount\":1642,\"publisher\":{\"@id\":\"https:\/\/www.d-velop.de\/blog\/#organization\"},\"image\":{\"@id\":\"https:\/\/www.d-velop.de\/blog\/unternehmen\/digitalisierungsmesse\/#primaryimage\"},\"thumbnailUrl\":\"https:\/\/www.d-velop.de\/blog\/wp-content\/uploads\/2024\/06\/beitragsbild-d-velop-summit-highlights.webp\",\"keywords\":[\"d.velop summit\"],\"articleSection\":[\"d.velop (er)leben\"],\"inLanguage\":\"de\"},{\"@type\":\"WebPage\",\"@id\":\"https:\/\/www.d-velop.de\/blog\/unternehmen\/digitalisierungsmesse\/\",\"url\":\"https:\/\/www.d-velop.de\/blog\/unternehmen\/digitalisierungsmesse\/\",\"name\":\"d.velop SUMMIT: Die Digitalisierungsmesse 2025\",\"isPartOf\":{\"@id\":\"https:\/\/www.d-velop.de\/blog\/#website\"},\"primaryImageOfPage\":{\"@id\":\"https:\/\/www.d-velop.de\/blog\/unternehmen\/digitalisierungsmesse\/#primaryimage\"},\"image\":{\"@id\":\"https:\/\/www.d-velop.de\/blog\/unternehmen\/digitalisierungsmesse\/#primaryimage\"},\"thumbnailUrl\":\"https:\/\/www.d-velop.de\/blog\/wp-content\/uploads\/2024\/06\/beitragsbild-d-velop-summit-highlights.webp\",\"datePublished\":\"2025-04-10T11:30:16+00:00\",\"dateModified\":\"2025-04-23T09:25:55+00:00\",\"description\":\"Die Digitalisierungsmesse vom 03. bis 05. Juni in D\u00fcsseldorf. Sei dabei und erfahre alles \u00fcber die neuesten Trends \u25b6\ufe0f\",\"breadcrumb\":{\"@id\":\"https:\/\/www.d-velop.de\/blog\/unternehmen\/digitalisierungsmesse\/#breadcrumb\"},\"inLanguage\":\"de\",\"potentialAction\":[{\"@type\":\"ReadAction\",\"target\":[\"https:\/\/www.d-velop.de\/blog\/unternehmen\/digitalisierungsmesse\/\"]}]},{\"@type\":\"ImageObject\",\"inLanguage\":\"de\",\"@id\":\"https:\/\/www.d-velop.de\/blog\/unternehmen\/digitalisierungsmesse\/#primaryimage\",\"url\":\"https:\/\/www.d-velop.de\/blog\/wp-content\/uploads\/2024\/06\/beitragsbild-d-velop-summit-highlights.webp\",\"contentUrl\":\"https:\/\/www.d-velop.de\/blog\/wp-content\/uploads\/2024\/06\/beitragsbild-d-velop-summit-highlights.webp\",\"width\":1500,\"height\":1000,\"caption\":\"Beitragsbild d.velop summit highlights\"},{\"@type\":\"BreadcrumbList\",\"@id\":\"https:\/\/www.d-velop.de\/blog\/unternehmen\/digitalisierungsmesse\/#breadcrumb\",\"itemListElement\":[{\"@type\":\"ListItem\",\"position\":1,\"name\":\"Startseite\",\"item\":\"https:\/\/www.d-velop.de\/blog\/\"},{\"@type\":\"ListItem\",\"position\":2,\"name\":\"d.velop SUMMIT 2025 &#8211; F\u00fcr alle, die Digitalisierungsmessen lieben\"}]},{\"@type\":\"WebSite\",\"@id\":\"https:\/\/www.d-velop.de\/blog\/#website\",\"url\":\"https:\/\/www.d-velop.de\/blog\/\",\"name\":\"d.velop blog\",\"description\":\"Digitalisierung, Dokumentenmanagement und rund um d.velop\",\"publisher\":{\"@id\":\"https:\/\/www.d-velop.de\/blog\/#organization\"},\"potentialAction\":[{\"@type\":\"SearchAction\",\"target\":{\"@type\":\"EntryPoint\",\"urlTemplate\":\"https:\/\/www.d-velop.de\/blog\/?s={search_term_string}\"},\"query-input\":{\"@type\":\"PropertyValueSpecification\",\"valueRequired\":true,\"valueName\":\"search_term_string\"}}],\"inLanguage\":\"de\"},{\"@type\":\"Organization\",\"@id\":\"https:\/\/www.d-velop.de\/blog\/#organization\",\"name\":\"d.velop Gruppe\",\"url\":\"https:\/\/www.d-velop.de\/blog\/\",\"logo\":{\"@type\":\"ImageObject\",\"inLanguage\":\"de\",\"@id\":\"https:\/\/www.d-velop.de\/blog\/#\/schema\/logo\/image\/\",\"url\":\"https:\/\/www.d-velop.de\/blog\/wp-content\/uploads\/2018\/12\/dvelop-blog-logo-invers.jpg\",\"contentUrl\":\"https:\/\/www.d-velop.de\/blog\/wp-content\/uploads\/2018\/12\/dvelop-blog-logo-invers.jpg\",\"width\":350,\"height\":350,\"caption\":\"d.velop Gruppe\"},\"image\":{\"@id\":\"https:\/\/www.d-velop.de\/blog\/#\/schema\/logo\/image\/\"},\"sameAs\":[\"https:\/\/www.facebook.com\/d.velop.ag\/\",\"https:\/\/x.com\/d_velop\",\"https:\/\/de.linkedin.com\/company\/d-velop\",\"https:\/\/www.xing.com\/pages\/d-velopag\",\"https:\/\/www.instagram.com\/d.velop_group\/\"]},{\"@type\":\"Person\",\"@id\":\"https:\/\/www.d-velop.de\/blog\/#\/schema\/person\/6b752c718c32bfa416682b6208438b48\",\"name\":\"Miriam Deiters\",\"image\":{\"@type\":\"ImageObject\",\"inLanguage\":\"de\",\"@id\":\"https:\/\/www.d-velop.de\/blog\/#\/schema\/person\/image\/\",\"url\":\"https:\/\/www.d-velop.de\/blog\/wp-content\/uploads\/2026\/04\/Miriam-Deiters-210x210.jpeg\",\"contentUrl\":\"https:\/\/www.d-velop.de\/blog\/wp-content\/uploads\/2026\/04\/Miriam-Deiters-210x210.jpeg\",\"caption\":\"Miriam Deiters\"},\"description\":\"Teamlead Marketing &amp; Sales Development\",\"sameAs\":[\"https:\/\/www.d-velop.de\/\"],\"url\":\"https:\/\/www.d-velop.de\/blog\/author\/miriam-deiters\/\"}]}<\/script>\n<!-- \/ Yoast SEO Premium plugin. -->","yoast_head_json":{"title":"d.velop SUMMIT: Die Digitalisierungsmesse 2025","description":"Die Digitalisierungsmesse vom 03. bis 05. Juni in D\u00fcsseldorf. Sei dabei und erfahre alles \u00fcber die neuesten Trends \u25b6\ufe0f","robots":{"index":"index","follow":"follow","max-snippet":"max-snippet:-1","max-image-preview":"max-image-preview:large","max-video-preview":"max-video-preview:-1"},"canonical":"https:\/\/www.d-velop.de\/blog\/unternehmen\/digitalisierungsmesse\/","og_locale":"de_DE","og_type":"article","og_title":"d.velop SUMMIT 2025 - F\u00fcr alle, die Digitalisierungsmessen lieben","og_description":"Die Digitalisierungsmesse vom 03. bis 05. Juni in D\u00fcsseldorf. Sei dabei und erfahre alles \u00fcber die neuesten Trends \u25b6\ufe0f","og_url":"https:\/\/www.d-velop.de\/blog\/unternehmen\/digitalisierungsmesse\/","og_site_name":"d.velop blog","article_publisher":"https:\/\/www.facebook.com\/d.velop.ag\/","article_published_time":"2025-04-10T11:30:16+00:00","article_modified_time":"2025-04-23T09:25:55+00:00","og_image":[{"width":1090,"height":613,"url":"https:\/\/www.d-velop.de\/blog\/wp-content\/uploads\/2025\/03\/impulsgeber-d.velop-summit-1090x613.png","type":"image\/png"}],"author":"Miriam Deiters","twitter_card":"summary_large_image","twitter_creator":"@d_velop","twitter_site":"@d_velop","twitter_misc":{"Verfasst von":"Miriam Deiters","Gesch\u00e4tzte Lesezeit":"11\u00a0Minuten"},"schema":{"@context":"https:\/\/schema.org","@graph":[{"@type":"Article","@id":"https:\/\/www.d-velop.de\/blog\/unternehmen\/digitalisierungsmesse\/#article","isPartOf":{"@id":"https:\/\/www.d-velop.de\/blog\/unternehmen\/digitalisierungsmesse\/"},"author":{"name":"Miriam Deiters","@id":"https:\/\/www.d-velop.de\/blog\/#\/schema\/person\/6b752c718c32bfa416682b6208438b48"},"headline":"d.velop SUMMIT 2025 &#8211; F\u00fcr alle, die Digitalisierungsmessen lieben","datePublished":"2025-04-10T11:30:16+00:00","dateModified":"2025-04-23T09:25:55+00:00","mainEntityOfPage":{"@id":"https:\/\/www.d-velop.de\/blog\/unternehmen\/digitalisierungsmesse\/"},"wordCount":1642,"publisher":{"@id":"https:\/\/www.d-velop.de\/blog\/#organization"},"image":{"@id":"https:\/\/www.d-velop.de\/blog\/unternehmen\/digitalisierungsmesse\/#primaryimage"},"thumbnailUrl":"https:\/\/www.d-velop.de\/blog\/wp-content\/uploads\/2024\/06\/beitragsbild-d-velop-summit-highlights.webp","keywords":["d.velop summit"],"articleSection":["d.velop (er)leben"],"inLanguage":"de"},{"@type":"WebPage","@id":"https:\/\/www.d-velop.de\/blog\/unternehmen\/digitalisierungsmesse\/","url":"https:\/\/www.d-velop.de\/blog\/unternehmen\/digitalisierungsmesse\/","name":"d.velop SUMMIT: Die Digitalisierungsmesse 2025","isPartOf":{"@id":"https:\/\/www.d-velop.de\/blog\/#website"},"primaryImageOfPage":{"@id":"https:\/\/www.d-velop.de\/blog\/unternehmen\/digitalisierungsmesse\/#primaryimage"},"image":{"@id":"https:\/\/www.d-velop.de\/blog\/unternehmen\/digitalisierungsmesse\/#primaryimage"},"thumbnailUrl":"https:\/\/www.d-velop.de\/blog\/wp-content\/uploads\/2024\/06\/beitragsbild-d-velop-summit-highlights.webp","datePublished":"2025-04-10T11:30:16+00:00","dateModified":"2025-04-23T09:25:55+00:00","description":"Die Digitalisierungsmesse vom 03. bis 05. Juni in D\u00fcsseldorf. Sei dabei und erfahre alles \u00fcber die neuesten Trends \u25b6\ufe0f","breadcrumb":{"@id":"https:\/\/www.d-velop.de\/blog\/unternehmen\/digitalisierungsmesse\/#breadcrumb"},"inLanguage":"de","potentialAction":[{"@type":"ReadAction","target":["https:\/\/www.d-velop.de\/blog\/unternehmen\/digitalisierungsmesse\/"]}]},{"@type":"ImageObject","inLanguage":"de","@id":"https:\/\/www.d-velop.de\/blog\/unternehmen\/digitalisierungsmesse\/#primaryimage","url":"https:\/\/www.d-velop.de\/blog\/wp-content\/uploads\/2024\/06\/beitragsbild-d-velop-summit-highlights.webp","contentUrl":"https:\/\/www.d-velop.de\/blog\/wp-content\/uploads\/2024\/06\/beitragsbild-d-velop-summit-highlights.webp","width":1500,"height":1000,"caption":"Beitragsbild d.velop summit highlights"},{"@type":"BreadcrumbList","@id":"https:\/\/www.d-velop.de\/blog\/unternehmen\/digitalisierungsmesse\/#breadcrumb","itemListElement":[{"@type":"ListItem","position":1,"name":"Startseite","item":"https:\/\/www.d-velop.de\/blog\/"},{"@type":"ListItem","position":2,"name":"d.velop SUMMIT 2025 &#8211; F\u00fcr alle, die Digitalisierungsmessen lieben"}]},{"@type":"WebSite","@id":"https:\/\/www.d-velop.de\/blog\/#website","url":"https:\/\/www.d-velop.de\/blog\/","name":"d.velop blog","description":"Digitalisierung, Dokumentenmanagement und rund um d.velop","publisher":{"@id":"https:\/\/www.d-velop.de\/blog\/#organization"},"potentialAction":[{"@type":"SearchAction","target":{"@type":"EntryPoint","urlTemplate":"https:\/\/www.d-velop.de\/blog\/?s={search_term_string}"},"query-input":{"@type":"PropertyValueSpecification","valueRequired":true,"valueName":"search_term_string"}}],"inLanguage":"de"},{"@type":"Organization","@id":"https:\/\/www.d-velop.de\/blog\/#organization","name":"d.velop Gruppe","url":"https:\/\/www.d-velop.de\/blog\/","logo":{"@type":"ImageObject","inLanguage":"de","@id":"https:\/\/www.d-velop.de\/blog\/#\/schema\/logo\/image\/","url":"https:\/\/www.d-velop.de\/blog\/wp-content\/uploads\/2018\/12\/dvelop-blog-logo-invers.jpg","contentUrl":"https:\/\/www.d-velop.de\/blog\/wp-content\/uploads\/2018\/12\/dvelop-blog-logo-invers.jpg","width":350,"height":350,"caption":"d.velop Gruppe"},"image":{"@id":"https:\/\/www.d-velop.de\/blog\/#\/schema\/logo\/image\/"},"sameAs":["https:\/\/www.facebook.com\/d.velop.ag\/","https:\/\/x.com\/d_velop","https:\/\/de.linkedin.com\/company\/d-velop","https:\/\/www.xing.com\/pages\/d-velopag","https:\/\/www.instagram.com\/d.velop_group\/"]},{"@type":"Person","@id":"https:\/\/www.d-velop.de\/blog\/#\/schema\/person\/6b752c718c32bfa416682b6208438b48","name":"Miriam Deiters","image":{"@type":"ImageObject","inLanguage":"de","@id":"https:\/\/www.d-velop.de\/blog\/#\/schema\/person\/image\/","url":"https:\/\/www.d-velop.de\/blog\/wp-content\/uploads\/2026\/04\/Miriam-Deiters-210x210.jpeg","contentUrl":"https:\/\/www.d-velop.de\/blog\/wp-content\/uploads\/2026\/04\/Miriam-Deiters-210x210.jpeg","caption":"Miriam Deiters"},"description":"Teamlead Marketing &amp; Sales Development","sameAs":["https:\/\/www.d-velop.de\/"],"url":"https:\/\/www.d-velop.de\/blog\/author\/miriam-deiters\/"}]}},"_links":{"self":[{"href":"https:\/\/www.d-velop.de\/blog\/wp-json\/wp\/v2\/posts\/53733","targetHints":{"allow":["GET"]}}],"collection":[{"href":"https:\/\/www.d-velop.de\/blog\/wp-json\/wp\/v2\/posts"}],"about":[{"href":"https:\/\/www.d-velop.de\/blog\/wp-json\/wp\/v2\/types\/post"}],"author":[{"embeddable":true,"href":"https:\/\/www.d-velop.de\/blog\/wp-json\/wp\/v2\/users\/197"}],"replies":[{"embeddable":true,"href":"https:\/\/www.d-velop.de\/blog\/wp-json\/wp\/v2\/comments?post=53733"}],"version-history":[{"count":2,"href":"https:\/\/www.d-velop.de\/blog\/wp-json\/wp\/v2\/posts\/53733\/revisions"}],"predecessor-version":[{"id":55074,"href":"https:\/\/www.d-velop.de\/blog\/wp-json\/wp\/v2\/posts\/53733\/revisions\/55074"}],"wp:featuredmedia":[{"embeddable":true,"href":"https:\/\/www.d-velop.de\/blog\/wp-json\/wp\/v2\/media\/48768"}],"wp:attachment":[{"href":"https:\/\/www.d-velop.de\/blog\/wp-json\/wp\/v2\/media?parent=53733"}],"wp:term":[{"taxonomy":"category","embeddable":true,"href":"https:\/\/www.d-velop.de\/blog\/wp-json\/wp\/v2\/categories?post=53733"},{"taxonomy":"post_tag","embeddable":true,"href":"https:\/\/www.d-velop.de\/blog\/wp-json\/wp\/v2\/tags?post=53733"}],"curies":[{"name":"wp","href":"https:\/\/api.w.org\/{rel}","templated":true}]}}