{"id":54568,"date":"2025-03-26T11:13:37","date_gmt":"2025-03-26T10:13:37","guid":{"rendered":"https:\/\/www.d-velop.de\/blog\/?p=54568"},"modified":"2025-03-26T11:13:43","modified_gmt":"2025-03-26T10:13:43","slug":"sven-gabor-janszky","status":"publish","type":"post","link":"https:\/\/www.d-velop.de\/blog\/digitaler-wandel\/sven-gabor-janszky\/","title":{"rendered":"Die Zukunft gestalten: Wie KI unsere Welt transformiert"},"content":{"rendered":"\n<p data-beyondwords-marker=\"b6b3f72e-2cc5-4b48-a012-317f682d953d\">Wo bleibt der Mensch in einer zunehmend digitalisierten Welt? Laufen uns k\u00fcnstliche Intelligenzen den Rang ab? Und wie steht es um unsere sensiblen Daten in einer komplett vernetzten Gesellschaft?<\/p>\n\n\n\n<p data-beyondwords-marker=\"f7412079-09e2-4cdd-a88a-236d318404ee\">Im Interview sprechen wir mit Sven G\u00e1bor J\u00e1nszky, einem f\u00fchrenden Zukunftsforscher. Er teilt spannende Einblicke in die Zukunft der Digitalisierung, die Rolle der KI und die Auswirkungen disruptiver Innovationen. Erfahre, warum er die Digitalisierung als gr\u00f6\u00dfte Chance f\u00fcr die Menschheit sieht und wie wir selbst unsere Zukunftsstrategien entwickeln k\u00f6nnen.<\/p>\n\n\n\n<p data-beyondwords-marker=\"1df31d92-6662-4447-bcef-42f6f4be7a03\">Sven G\u00e1bor J\u00e1nszky wird am 5. Juni auf dem <a href=\"https:\/\/summit.d-velop.de\/\" target=\"_blank\" rel=\"noreferrer noopener\">d.velop SUMMIT 2025<\/a> in seiner Keynote den Alltag eines Menschen im Jahr 2035 beleuchten. Anhand konkreter Beispiele zeigt er, wie wir mit smarten Technologien eine lebenswerte Zukunft gestalten k\u00f6nnen \u2013 und gibt uns spannende Impulse sowie eine Anleitung, wie wir diese erstrebenswerte Welt umsetzen k\u00f6nnen.<\/p>\n\n\n<div class=\"wp-block-image\">\n<figure data-beyondwords-marker=\"6f086e22-a94c-45b9-bed6-2347b488c289\" class=\"aligncenter size-medium\"><img loading=\"lazy\" decoding=\"async\" width=\"480\" height=\"600\" src=\"https:\/\/www.d-velop.de\/blog\/wp-content\/uploads\/2025\/03\/sven-gabor-janszky-d-velop-summit-480x600.png\" alt=\"Infografik zeigt den Zukunftsforscher Sven G\u00e1bor J\u00e1nszky, der auf dem d.velop SUMMIT 2025 eine Keynote mit dem Titel &quot;2035 \u2013 Wie viel Mensch vertr\u00e4gt die Zukunft?&quot; h\u00e4lt\" class=\"wp-image-54589\" srcset=\"https:\/\/www.d-velop.de\/blog\/wp-content\/uploads\/2025\/03\/sven-gabor-janszky-d-velop-summit-480x600.png 480w, https:\/\/www.d-velop.de\/blog\/wp-content\/uploads\/2025\/03\/sven-gabor-janszky-d-velop-summit-872x1090.png 872w, https:\/\/www.d-velop.de\/blog\/wp-content\/uploads\/2025\/03\/sven-gabor-janszky-d-velop-summit-768x960.png 768w, https:\/\/www.d-velop.de\/blog\/wp-content\/uploads\/2025\/03\/sven-gabor-janszky-d-velop-summit.png 1080w\" sizes=\"auto, (max-width: 480px) 100vw, 480px\" \/><\/figure><\/div>\n\n\n<h2 data-beyondwords-marker=\"0c7845f2-e2a9-483b-9bf6-3eb11c2b9dc5\" class=\"wp-block-heading\" id=\"h-digitalisierung-als-die-grosste-chance-fur-die-menschheit\"><span class=\"ez-toc-section\" id=\"digitalisierung-als-die-groesste-chance-fuer-die-menschheit\"><\/span>Digitalisierung als die gr\u00f6\u00dfte Chance f\u00fcr die Menschheit<span class=\"ez-toc-section-end\"><\/span><\/h2>\n\n\n\n<p data-beyondwords-marker=\"6c185394-272d-46f8-bec2-7412a99bbb60\"><strong>d.velop blog: Wer ist Sven G\u00e1bor J\u00e1nszky und was macht er?<\/strong><\/p>\n\n\n\n<p data-beyondwords-marker=\"a7d70cd8-7f10-41bc-afda-4e9c3152f7a9\"><strong>Sven G\u00e1bor J\u00e1nszky: <\/strong>Ich bin Zukunftsforscher und leite das gr\u00f6\u00dfte europ\u00e4ische Zukunftsforschungsinstitut. Das muss man etwas erkl\u00e4ren, weil viele Leute beim Wort \u201eZukunftsforscher\u201c an Dinge wie Horoskope oder Kristallkugeln denken. Bei uns im Institut arbeiten Doktorinnen und Doktoren der Zukunftsforschung. Das kann man studieren und eben auch darin promovieren.&nbsp;&nbsp;<\/p>\n\n\n\n<p data-beyondwords-marker=\"808d7beb-c9f0-49cd-950d-adfea237b1ed\">Mit dem Studium hat man eine wissenschaftliche Methode gelernt, mit der es tats\u00e4chlich m\u00f6glich ist, die wahrscheinlichste Prognose \u00fcber die Entwicklung einer Branche, einer Technologie, eines Unternehmens, was auch immer man betrachtet, zu erstellen. Das machen wir seit mittlerweile 23 Jahren. Der Sinn des Ganzen ist, dass wir Unternehmen und inzwischen auch Einzelpersonen ihre bestm\u00f6gliche Zukunftsstrategie geben.&nbsp;&nbsp;<\/p>\n\n\n\n<p data-beyondwords-marker=\"57166df8-3cba-4698-9f49-d81cc1ea5075\">In diesem Rahmen wird unter anderem prognostiziert:&nbsp;&nbsp;<\/p>\n\n\n\n<ol data-beyondwords-marker=\"e3ba7005-b343-414f-810a-820d9f7a8838\" start=\"1\" class=\"wp-block-list\">\n<li data-beyondwords-marker=\"de825d71-3261-434c-ab97-2f93ec238fc6\">Wie sieht diese Branche in 5 Jahren aus?&nbsp;<\/li>\n<\/ol>\n\n\n\n<ol data-beyondwords-marker=\"5f9ff07c-9eb9-4cc3-a2ce-6f8ad91c9dc8\" start=\"2\" class=\"wp-block-list\">\n<li data-beyondwords-marker=\"e395e945-f037-4848-a7c3-84afd1d6ab16\">Wie soll das Unternehmen in 5 Jahren aussehen? (Welche Kundensegmente, welche Rolle in der Wertsch\u00f6pfungskette und so weiter)&nbsp;<\/li>\n\n\n\n<li data-beyondwords-marker=\"f3e8d239-6e9d-4223-8f12-14260af41f88\">Was ist der Weg dahin?&nbsp;&nbsp;<\/li>\n<\/ol>\n\n\n\n<figure data-beyondwords-marker=\"a57f4c64-36bc-41e6-bf0d-ec6bf914ae75\" class=\"wp-block-pullquote\"><blockquote><p>Digitalisierung bedeutet f\u00fcr mich die gr\u00f6\u00dfte Chance f\u00fcr die Menschheit.<\/p><cite>Sven G\u00e1bor J\u00e1nszky<\/cite><\/blockquote><\/figure>\n\n\n\n<p data-beyondwords-marker=\"f487ccb2-e22d-4684-8282-7b6bcffa1cb7\"><strong>d.velop blog: Bitte erg\u00e4nze den Satz: Digitalisierung bedeutet f\u00fcr mich\u2026<\/strong><\/p>\n\n\n\n<p data-beyondwords-marker=\"50325701-dfa5-42c0-9aa7-849bee9ecbd6\"><strong>Sven G\u00e1bor J\u00e1nszky: <\/strong>Die gr\u00f6\u00dfte Chance f\u00fcr die Menschheit!&nbsp;&nbsp;<\/p>\n\n\n\n<p data-beyondwords-marker=\"e3c4ac5c-77a7-4295-9791-18bb3f488d2c\"><a href=\"https:\/\/www.d-velop.de\/blog\/digitaler-wandel\/was-ist-digitalisierung\/\">Digitalisierung<\/a> ist die Basis daf\u00fcr, dass die Menschheit Dinge erreichen kann. Und zwar schon in den n\u00e4chsten f\u00fcnf bis zehn Jahren, die bisher durch die limitierte menschliche Intelligenz, die in unseren K\u00f6pfen ist, einfach nicht erreichbar waren und auch nicht erreichbar w\u00e4ren. Aber es ist eine wahnsinnige Weiterentwicklung der Menschheit, die gerade vor uns steht.&nbsp;<\/p>\n\n\n\n<h2 data-beyondwords-marker=\"3baf41c8-c6e6-4123-b9b9-3c242b0b332a\" class=\"wp-block-heading\" id=\"h-der-mensch-in-der-digitalen-zukunft-mehr-zeit-fur-das-wesentliche\"><span class=\"ez-toc-section\" id=\"der-mensch-in-der-digitalen-zukunft-mehr-zeit-fuer-das-wesentliche\"><\/span>Der Mensch in der digitalen Zukunft: Mehr Zeit f\u00fcr das Wesentliche<span class=\"ez-toc-section-end\"><\/span><\/h2>\n\n\n\n<p data-beyondwords-marker=\"298cb36d-9ce2-4d75-8748-8d0d97099d5e\"><strong>d.velop blog: Wo bleibt denn der Mensch in dieser zunehmend digitalisierten Welt?<\/strong>&nbsp;<\/p>\n\n\n\n<p data-beyondwords-marker=\"f0be7c04-2ac3-4611-8d56-a83e7ee1ab69\"><strong>Sven G\u00e1bor J\u00e1nszky: <\/strong>Mit der fortschreitenden Entwicklung von Technologie und <a href=\"https:\/\/www.d-velop.de\/loesungen\/kuenstliche-intelligenz\" target=\"_blank\" rel=\"noreferrer noopener\">k\u00fcnstlicher Intelligenz<\/a> wird der Mensch zunehmend von existenziellen Aufgaben entlastet. T\u00e4tigkeiten, die bisher notwendig waren, um den Lebensunterhalt zu sichern \u2013 wie die Produktion von Waren oder Dienstleistungen \u2013, werden Schritt f\u00fcr Schritt von Maschinen und automatisierten Systemen \u00fcbernommen.&nbsp;&nbsp;<\/p>\n\n\n\n<p data-beyondwords-marker=\"69007481-bd82-4519-89eb-d4eb0a57eecb\">Diese Entwicklung schenkt dem Menschen mehr Zeit, sich mit wesentlichen Fragen des Lebens auseinanderzusetzen. Statt den Gro\u00dfteil seiner Energie f\u00fcr das wirtschaftliche \u00dcberleben aufzuwenden, kann er sich st\u00e4rker auf zwischenmenschliche Beziehungen, pers\u00f6nliche Weiterentwicklung und m\u00f6glicherweise auch spirituelle Themen konzentrieren.&nbsp;<\/p>\n\n\n\n<p data-beyondwords-marker=\"5e56c5bc-f327-4ad4-bc3a-e80033c31e8d\">Das waren bisher vor allem Dinge, die der Mensch nebenbei als Hobby gemacht hat, weil der Hauptfokus auf den existenziellen Fragen lag. Doch mit der Digitalisierung und dem Fortschritt der KI verschiebt sich diese Gewichtung allm\u00e4hlich. Der Mensch hat die Chance, wieder menschlicher zu werden \u2013 eine Perspektive, die bereits in zahlreichen Zukunftsprognosen thematisiert wird.&nbsp;<\/p>\n\n\n\n<p data-beyondwords-marker=\"3d8ec21b-069f-4d59-91fe-ff89b3ac8fbb\">Die Frage ist also nicht, ob der Mensch in dieser neuen Realit\u00e4t bestehen kann, sondern wie er diese neugewonnene Zeit nutzt, um sich selbst und anderen mehr Aufmerksamkeit zu schenken.&nbsp;<\/p>\n\n\n\n<h2 data-beyondwords-marker=\"39179cc8-c4b3-472c-89df-dd4c0e8f595b\" class=\"wp-block-heading\" id=\"h-dekade-der-disruption-welche-branchen-sind-betroffen\"><span class=\"ez-toc-section\" id=\"dekade-der-disruption-%e2%80%93-welche-branchen-sind-betroffen\"><\/span>Dekade der Disruption \u2013 Welche Branchen sind betroffen?<span class=\"ez-toc-section-end\"><\/span><\/h2>\n\n\n\n<p data-beyondwords-marker=\"57ea8a71-10e9-4491-8d2f-d81cddbc5a88\"><strong>d.velop blog: Du sprichst oft von der \u201eDekade der Disruption\u201c. Welche Branchen oder Gesch\u00e4ftsmodelle werden deiner Meinung nach am st\u00e4rksten von disruptiven Innovationen betroffen sein?<\/strong>&nbsp;<\/p>\n\n\n\n<p data-beyondwords-marker=\"ac3007d3-79c6-4f5e-bd7e-3ea73c450628\"><strong>Sven G\u00e1bor J\u00e1nszky<\/strong>: Das muss man auf eine Zeitachse setzen. Generell sind alle Branchen und Bereiche betroffen, aber nicht zur gleichen Zeit. Im Augenblick, f\u00fcr die n\u00e4chsten f\u00fcnf Jahre, sind im Wesentlichen die Branchen und T\u00e4tigkeiten betroffen, die etwas mit menschlicher Sprache zu tun haben. Das Ph\u00e4nomen, das wir derzeit in der Digitalisierung beobachten, ist, dass die KI menschliche Sprache gelernt hat, egal ob gesprochen oder geschrieben. Die kann inzwischen schneller sprechen und schreiben als Menschen und teilweise auch besser.<\/p>\n\n\n\n<p data-beyondwords-marker=\"ce3ad8da-4ac1-4dec-be84-bc829aa5ae60\">Und das wird nat\u00fcrlich immer besser werden. Die menschliche Sprache ist wie das Betriebssystem der Menschen. Wir reden jetzt miteinander, ansonsten k\u00f6nnten wir uns nicht verst\u00e4ndigen. In der Gesellschaft basiert jede Entscheidung, sei es politisch oder anderweitig, auf Sprache. Wenn jemand etwas kauft, geschieht das durch Sprache. Auch Weiterbildungen basieren auf Sprache. All diese Dinge, die auf Sprache basieren, sind als Erstes betroffen.<\/p>\n\n\n\n<h3 data-beyondwords-marker=\"b6e49648-91bb-4453-9532-1fe3def20d7a\" class=\"wp-block-heading\" id=\"h-von-sprache-zu-molekulen-der-nachste-evolutionsschritt-der-ki\">Von Sprache zu Molek\u00fclen: Der n\u00e4chste Evolutionsschritt der KI<\/h3>\n\n\n\n<p data-beyondwords-marker=\"3e4005c4-ea83-41eb-9d26-524a04124e96\">Der n\u00e4chste Schritt wird sein, dass Large Language Models (LLMs) aus der Welt der Sprache in die Welt der Molek\u00fcle \u00fcbergehen. Wir sehen bereits jetzt, vor allem im Silicon Valley, Wissenschaftler und Unternehmen, die auf Basis von LLMs neue Proteine entwickeln. Der n\u00e4chste Schritt nach Proteinen sind Enzyme, danach Molek\u00fcle und Molek\u00fclstrukturen.&nbsp;&nbsp;<\/p>\n\n\n\n<p data-beyondwords-marker=\"6ff1ccd9-f049-460f-9230-cc4e9e13af53\">Die Experten, mit denen wir sprechen, die an der wissenschaftlichen Front arbeiten, gehen davon aus, dass wir zwischen 2030 und 2035 vollkommen neue Materialien haben werden &#8211; neue Elemente im Periodensystem und so weiter.&nbsp;&nbsp;<\/p>\n\n\n\n<h2 data-beyondwords-marker=\"6e233e65-42fb-4832-ae5e-266fb5f6e289\" class=\"wp-block-heading\" id=\"h-ki-als-standiger-begleiter-wie-kunstliche-intelligenz-unseren-alltag-und-die-wirtschaft-verandert\"><span class=\"ez-toc-section\" id=\"ki-als-staendiger-begleiter-wie-kuenstliche-intelligenz-unseren-alltag-und-die-wirtschaft-veraendert\"><\/span>KI als st\u00e4ndiger Begleiter: Wie k\u00fcnstliche Intelligenz unseren Alltag und die Wirtschaft ver\u00e4ndert<span class=\"ez-toc-section-end\"><\/span><\/h2>\n\n\n\n<p data-beyondwords-marker=\"d4aea711-65fb-450d-8e6a-7d6801c4c2ac\"><strong>d.velop blog: Du hattest gerade schon das Thema k\u00fcnstliche Intelligenz angesprochen. Wie wird sich die Rolle der k\u00fcnstlichen Intelligenz in unserem Alltag und in der Wirtschaft entwickeln?<\/strong><\/p>\n\n\n\n<p data-beyondwords-marker=\"347b77d7-7559-4174-8d75-f393bab025d3\"><strong>Sven G\u00e1bor J\u00e1nszky:<\/strong> Ich gebe mal ein Beispiel, das ich sehr plastisch finde. Wenn wir in die Vergangenheit schauen, ist k\u00fcnstliche Intelligenz ja nicht neu. Computer gibt es seit den 1940er Jahren durch Konrad Zuse, und seit den 1950er Jahren sprechen wir davon, dass sich k\u00fcnstliche Intelligenz entwickelt. 1967 bekamen \u201enormale Menschen\u201c wie du und ich mit dem Taschenrechner erstmals k\u00fcnstliche Intelligenz in die Hand. Das fanden viele damals furchtbar, es gab Demonstrationen von Lehrerverb\u00e4nden gegen Taschenrechner in der Schule.<\/p>\n\n\n\n<p data-beyondwords-marker=\"a13c8561-cbae-4eb0-8a36-8dcd1acf3d5c\">Aber was ist passiert? Inzwischen hat jeder von uns den Taschenrechner st\u00e4ndig dabei, auf dem Handy. Wir benutzen ihn selten, aber er ist immer da. Genau dasselbe passiert mit KI. Es dauert keine 50 Jahre, dann wird sie einfach immer dabei sein, und wir werden es kaum merken. Es wird normal sein, dass alle Apps auf dem Handy KI-Apps sein werden, mit denen man reden kann und die untereinander kommunizieren k\u00f6nnen. Das wird zur v\u00f6lligen Normalit\u00e4t.<\/p>\n\n\n\n<h3 data-beyondwords-marker=\"ba074c4a-9198-4448-a4eb-8d36f501700c\" class=\"wp-block-heading\" id=\"h-entscheidungsfindung-im-jahr-2035\">Entscheidungsfindung im Jahr 2035<\/h3>\n\n\n\n<p data-beyondwords-marker=\"561922d7-0877-4349-a1f9-38e93e31c04f\">Wir haben eine Studie \u00fcber das Jahr 2035 gemacht, um zu sehen, wie in Unternehmen Entscheidungen getroffen werden. Die Grundaussage ist, dass dann zwar immer noch Menschen die Entscheidungen treffen, aber keine einzige Entscheidung mehr ohne KI getroffen wird. Jede Entscheidung wird durch einen Hinweis, Ratschlag oder eine Analyse der KI unterst\u00fctzt.<\/p>\n\n\n\n<p data-beyondwords-marker=\"ce529c95-c7ad-4a0a-a441-ba6254a95bef\">Wir haben das untersucht, um zu verstehen, wie Strategieberatung dann funktionieren wird. Die Grundaussage ist, dass Berater:innen nicht mehr Menschen, sondern die KI beraten werden. Stellt euch vor, in eurem Unternehmen gibt es ein KI-System, das Entscheidungen vorbereitet. Wir als Berater:innen m\u00fcssen unsere Zukunftsprognosen in diese KI einspielen, damit sie die Analysen und Entscheidungsvorbereitungen entsprechend treffen kann. Das ist eine riesige Ver\u00e4nderung, besonders f\u00fcr Dienstleistungen und Beratungsgesch\u00e4ftsmodelle. So kann man das Branche f\u00fcr Branche durchgehen.<\/p>\n\n\n\n<p data-beyondwords-marker=\"460b8323-7e7d-4b13-9394-1b76ce7fd331\">KI wird omnipr\u00e4sent und v\u00f6llig normal sein, wir werden es kaum noch bewusst wahrnehmen.<\/p>\n\n\n\n<h2 data-beyondwords-marker=\"c4dfe21d-1f34-4f9b-a205-a5d126b6be72\" class=\"wp-block-heading\" id=\"h-wer-trifft-in-zukunft-die-entscheidungen\"><span class=\"ez-toc-section\" id=\"wer-trifft-in-zukunft-die-entscheidungen\"><\/span>Wer trifft in Zukunft die Entscheidungen?<span class=\"ez-toc-section-end\"><\/span><\/h2>\n\n\n\n<p data-beyondwords-marker=\"d39cf628-3073-4afc-ab29-a01919fca761\"><strong>d.velop blog: Du sagst, dass Menschen Entscheidungen treffen, aber nicht ohne Unterst\u00fctzung durch KI. Denkst du, dass k\u00fcnstliche Intelligenz dem Menschen in Zukunft den Rang ablaufen wird?<\/strong><\/p>\n\n\n\n<p data-beyondwords-marker=\"94073691-bc62-4132-82c5-ac2e69a3a167\"><strong>Sven G\u00e1bor J\u00e1nszky: <\/strong>Auch das m\u00fcssen wir auf eine Zeitachse setzen. In den n\u00e4chsten f\u00fcnf Jahren bleibt die KI ein Assistenzsystem, das dem Menschen assistiert, aber der Mensch trifft die Entscheidungen. In Teilbereichen beginnt die KI selbst Entscheidungen zu treffen, wie bei selbstfahrenden Autos. Diese Entscheidungen betreffen jedoch keine strategischen Zukunftsfragen eines Unternehmens oder einer Person, sondern steuern eine Maschine, die keinen Unfall verursachen soll.&nbsp;<\/p>\n\n\n\n<p data-beyondwords-marker=\"0bd4e986-cc08-49ac-8724-2784d75561e0\">Auf l\u00e4ngere Sicht, sagen wir bis 2035 oder noch sp\u00e4ter, wird die KI immer mehr Entscheidungen \u00fcbernehmen. Um das Jahr 2040 herum k\u00f6nnte die KI die Grundprozesse einer Wirtschaft und Gesellschaft steuern. Wir sprechen hier nicht von einer einzelnen KI, sondern von Milliarden von KIs und Agenten, die Wertsch\u00f6pfungsprozesse und Produktion \u00fcbernehmen, sodass der Mensch \u2013 zumindest daf\u00fcr \u2013 nicht mehr gebraucht wird.&nbsp;<\/p>\n\n\n\n<h3 data-beyondwords-marker=\"93fb83ba-5e65-47aa-ba07-077688c63e0c\" class=\"wp-block-heading\" id=\"h-zwei-perspektiven-auf-die-zukunft-der-digitalisierung-und-ki\">Zwei Perspektiven auf die Zukunft der Digitalisierung und KI<\/h3>\n\n\n\n<p data-beyondwords-marker=\"7fa24d4d-8bc4-4cec-8b14-64d3e5dc6545\">Grunds\u00e4tzlich gibt es zwei Arten von Reaktionen auf diese Prognose:<\/p>\n\n\n\n<ol data-beyondwords-marker=\"bfc2979b-bb5a-4bbb-8cd9-89d389c1d4eb\" class=\"wp-block-list\">\n<li data-beyondwords-marker=\"6adae68f-67b0-457d-ae3a-ccfb60fdf16d\">Die eine Gruppe sagt, das ist wunderbar, weil der Mensch mehr Zeit f\u00fcr Kreativit\u00e4t und Sch\u00f6pfung hat. Diese Menschen haben ein optimistisches Menschenbild und glauben, dass sich die Menschheit immer weiterentwickelt hat und heute besser lebt als fr\u00fcher.<\/li>\n\n\n\n<li data-beyondwords-marker=\"942a27cf-8115-4a84-808b-743853a78a51\">Die andere Gruppe sagt, das ist furchtbar, weil die Menschen sich langweilen und degenerieren k\u00f6nnten. Diese Menschen haben ein negatives Menschenbild und misstrauen ihren Mitmenschen.<\/li>\n<\/ol>\n\n\n\n<p data-beyondwords-marker=\"a27aa0f8-9d38-42b4-9687-bdd587fbac75\">Die Einsch\u00e4tzung, ob die Entwicklung der Digitalisierung und KI gut oder schlecht ist, h\u00e4ngt stark vom Menschenbild ab. Ob man anderen Menschen vertraut und sie positiv sieht oder ob man Angst vor allem hat.<\/p>\n\n\n\n<h2 data-beyondwords-marker=\"28bac650-c2f0-4125-8717-2c68a53a26a2\" class=\"wp-block-heading\" id=\"h-der-schutz-von-daten-in-der-digitalen-zukunft-echtzeit-und-prognosedaten-im-fokus\"><span class=\"ez-toc-section\" id=\"der-schutz-von-daten-in-der-digitalen-zukunft-echtzeit-und-prognosedaten-im-fokus\"><\/span>Der Schutz von Daten in der digitalen Zukunft: Echtzeit- und Prognosedaten im Fokus<span class=\"ez-toc-section-end\"><\/span><\/h2>\n\n\n\n<p data-beyondwords-marker=\"4413cd64-ef6e-4a38-8c34-90a2a4c5e4e1\"><strong>d.velop blog: Welche Bedeutung wird der Schutz von Daten in der zuk\u00fcnftigen digitalen Landschaft haben, und wie k\u00f6nnen Unternehmen sicherstellen, dass sie den steigenden Anforderungen gerecht werden?<\/strong><\/p>\n\n\n\n<p data-beyondwords-marker=\"7f38209c-4296-4b9c-a86c-698a12f5c097\"><strong>Sven G\u00e1bor J\u00e1nszky:<\/strong> Pauschal gesehen ist der Schutz von Daten nat\u00fcrlich wichtig. Wir m\u00fcssen jedoch einige Unterscheidungen treffen, da Daten nicht gleich Daten sind. Es gibt verschiedene Arten von Daten, wir k\u00f6nnen dabei drei Hauptarten unterscheiden:<\/p>\n\n\n\n<ul data-beyondwords-marker=\"bda4be66-8631-4b18-ab69-f897d873c960\" class=\"wp-block-list\">\n<li data-beyondwords-marker=\"e7a50701-8166-4ecb-b2e9-058342c3a23d\"><strong>Statische Daten: <\/strong>Diese \u00e4ndern sich nicht, wie mein Name, meine Adresse oder meine Telefonnummer.<\/li>\n\n\n\n<li data-beyondwords-marker=\"33839180-c73a-44d1-9e46-9cf325fbd724\"><strong>Echtzeitdaten<\/strong>: Zum Beispiel das Gespr\u00e4ch, das wir gerade f\u00fchren. Diese Daten waren vor 10 Minuten noch nicht da und sind in 10 Minuten wieder irrelevant. Sie sind jedoch momentan relevant, weil jemand daraus erkennen kann, was ich denke, in welcher Situation ich mich befinde und in welchem Gef\u00fchlszustand ich bin.<\/li>\n\n\n\n<li data-beyondwords-marker=\"9156aab0-b8fe-474e-9824-e16dd15ab7f9\"><strong>Prognosedaten<\/strong>: Diese sind f\u00fcr die Zukunft und Gesch\u00e4ftsmodelle der Zukunft am interessantesten. KI prognostiziert im Wesentlichen, und die Daten, die aus der KI kommen, sind Prognosedaten.<\/li>\n<\/ul>\n\n\n\n<p data-beyondwords-marker=\"d5984f70-a506-4c11-b5cb-1c2548789f4e\">Meine statischen Daten, wie mein Name und meine Adresse, sind f\u00fcr entscheidende Prozesse nahezu irrelevant. Es n\u00fctzt niemandem, der mir etwas verkaufen oder mich manipulieren will, meinen Namen richtig zu schreiben. Was viel mehr wert ist, sind Echtzeitdaten, aus denen man wieder Prognosedaten erstellen kann.<\/p>\n\n\n\n<p data-beyondwords-marker=\"30526a2d-23a9-45f2-8ea6-889abd7f97a9\">Zur Frage, welche Bedeutung der Schutz von Daten haben wird: Es ist ein gro\u00dfer Unterschied, ob wir \u00fcber den Schutz von statischen Daten sprechen, die in Datenbanken stehen, oder \u00fcber den Schutz von Echtzeitdaten. Die Frage ist, wem ich die M\u00f6glichkeit gebe, mich in Echtzeit zu tracken und zu beobachten. Das ist etwas v\u00f6llig anderes.<\/p>\n\n\n\n<p data-beyondwords-marker=\"04cb448a-9479-4170-8a19-2fb4bad5ca2d\">Aus meiner Sicht wird der Schutz von Echtzeitdaten und den daraus abgeleiteten Prognosedaten k\u00fcnftig wahnsinnig wichtig. Leider sehe ich diesen Schutz weder in der DSGVO noch im AI Act der EU. Die heutigen Regelungen basieren auf einer Vorstellung von Daten, die um die Jahrtausendwende herrschte, und sind nicht mehr zeitgem\u00e4\u00df.<\/p>\n\n\n\n<p data-beyondwords-marker=\"aaf0cad6-20b6-48f7-b173-ca3ee1c456d3\">Kurz gesagt: Der Schutz von Daten wird in Zukunft eine sehr starke Bedeutung haben, weil datenbasierte Gesch\u00e4ftsmodelle wesentlich sind. Das bedeutet jedoch nicht, dass die Umsetzung der DSGVO von gro\u00dfer Bedeutung ist, sondern das, was danach kommt.<\/p>\n\n\n\n<p data-beyondwords-marker=\"0f6ecb04-9883-4071-885e-ba2329641f09\"><strong>d.velop blog: Zum Thema Echtzeitdaten: Deep Seek, der ChatBot aus China, trackt Tastatureingaben, bspw. wie fest oder wie schnell man tippt und kann dadurch die Anwendenden identifizieren. W\u00e4re das so ein Fall, den du meintest, wo man dann aus Echtzeitdaten Prognosen erstellen kann?<\/strong><\/p>\n\n\n\n<p data-beyondwords-marker=\"ae495a93-e46d-4b37-9327-3ec633619da9\"><strong>Sven G\u00e1bor J\u00e1nszky: <\/strong>Ja, nat\u00fcrlich. Und das geht noch weiter. In Callcentern, was nicht ganz neu ist, wird Voice-Recognition eingesetzt, die ziemlich gut erkennt, in welchem Emotionszustand ich mich befinde. Das ist der Grund, warum sie das einsetzen, um ihre Gespr\u00e4che entsprechend zu steuern.<\/p>\n\n\n\n<p data-beyondwords-marker=\"7c21dc10-9f30-477e-88fd-fd27dd71ed03\">Wenn du das mit einem ordentlichen Psychogramm oder einem KI-Modell im Hintergrund kombinierst, kannst du an der Stimme und Stimmlage eines Menschen tats\u00e4chlich sehr viel erkennen, wie zum Beispiel den Bildungsgrad und vieles mehr.<\/p>\n\n\n\n<h2 data-beyondwords-marker=\"ccf87d7b-3cde-4279-b873-cd957a8bfaf0\" class=\"wp-block-heading\" id=\"h-leben-im-jahr-2035-zwischen-ki-arbeitsmarktveranderungen-und-neuen-lebensmodellen\"><span class=\"ez-toc-section\" id=\"leben-im-jahr-2035-zwischen-ki-arbeitsmarktveraenderungen-und-neuen-lebensmodellen\"><\/span>Leben im Jahr 2035: Zwischen KI, Arbeitsmarktver\u00e4nderungen und neuen Lebensmodellen<span class=\"ez-toc-section-end\"><\/span><\/h2>\n\n\n\n<p data-beyondwords-marker=\"81a5909f-76b8-4818-8878-7f7c6dbcbb48\"><strong>d.velop blog: Du hast viel \u00fcber Zeitachsen gesprochen und wie sich Dinge entwickeln. Wie stellst du dir pers\u00f6nlich das Leben in zehn Jahren vor?<\/strong><\/p>\n\n\n\n<p data-beyondwords-marker=\"a477ca77-2ec9-4de9-bb2e-f08f65d9debf\"><strong>Sven G\u00e1bor J\u00e1nszky:<\/strong> Bei 2035 reden wir \u00fcber eine Zeit, in der ein erneuter Wandel einsetzt. Bis 2035 entwickeln sich zwei Trends parallel: Einerseits \u00fcbernimmt die KI immer mehr T\u00e4tigkeiten und Entscheidungen. Andererseits gehen in Deutschland die Babyboomer in den n\u00e4chsten zehn Jahren in Rente.<\/p>\n\n\n\n<p data-beyondwords-marker=\"0e0f9000-04e8-42b3-84ba-079b0c22c48b\">Jedes Jahr gehen mehr als doppelt so viele Menschen in Rente, wie neue Arbeitskr\u00e4fte nachkommen. Das f\u00fchrt im n\u00e4chsten Jahrzehnt praktisch zur Vollbesch\u00e4ftigung, mit f\u00fcnf bis sechs Millionen unbesetzten Stellen. Wir werden froh sein, dass KI Aufgaben \u00fcbernimmt, da es zu wenig Arbeitskr\u00e4fte gibt.<\/p>\n\n\n\n<p data-beyondwords-marker=\"a19eccd5-5217-4bf7-ae8d-1bbfdbc4a149\">2035 kippt das. Die Babyboomer sind in Rente, und es gibt ein Gleichgewicht zwischen denen, die in Rente gehen, und denen, die neu in den Arbeitsmarkt kommen. Gleichzeitig f\u00fchrt die technologische Entwicklung dann zwangsl\u00e4ufig zu Massenarbeitslosigkeit. Das klingt furchtbar, aber ab 2035 gibt es nicht mehr genug Lohnarbeit f\u00fcr alle.<\/p>\n\n\n\n<h3 data-beyondwords-marker=\"2bb1139d-b8d0-412a-885a-2309403800bd\" class=\"wp-block-heading\" id=\"h-die-zukunft-der-arbeit\">Die Zukunft der Arbeit<\/h3>\n\n\n\n<p data-beyondwords-marker=\"dbcebd3d-de9f-4c75-a048-d5d166a21170\">Wir m\u00fcssen also entweder ein Modell finden, das k\u00fcrzere Arbeitszeiten erm\u00f6glicht, oder Millionen Menschen werden arbeitslos. Vielleicht arbeiten wir nur noch vier Stunden am Tag oder zwei Tage die Woche und haben mehr Zeit f\u00fcr uns selbst. Manche werden k\u00fcnstlerisch oder sportlich aktiv, andere treffen sich zu spirituellen Runden.&nbsp;<\/p>\n\n\n\n<figure data-beyondwords-marker=\"83fb3181-d9ba-4979-a141-c22f892c5685\" class=\"wp-block-pullquote\"><blockquote><p>2035 wird der Zeitpunkt sein, an dem wir kl\u00e4ren m\u00fcssen, was die Menschheit macht, wenn sie nicht mehr acht Stunden am Tag arbeitet.<\/p><cite>Sven G\u00e1bor J\u00e1nszky<\/cite><\/blockquote><\/figure>\n\n\n\n<p data-beyondwords-marker=\"80094e11-f6e3-4c13-9b55-f18b7e0a4209\">2035 wird der Zeitpunkt sein, an dem wir kl\u00e4ren m\u00fcssen, was die Menschheit macht, wenn sie nicht mehr acht Stunden am Tag arbeitet. Ich freue mich auf diese Zeit, weil ich viele Ideen und Projekte habe, die ich umsetzen m\u00f6chte. Mir wird nicht langweilig, und ich bin gespannt, wie sich das entwickelt.&nbsp;<\/p>\n\n\n\n<h2 data-beyondwords-marker=\"8920e264-83c2-4ff7-af8e-d8d886b524ab\" class=\"wp-block-heading\" id=\"h-vorfreude-auf-den-d-velop-summit-2025-zukunft-gestalten-und-chancen-nutzen\"><span class=\"ez-toc-section\" id=\"vorfreude-auf-den-dvelop-summit-2025-zukunft-gestalten-und-chancen-nutzen\"><\/span>Vorfreude auf den d.velop SUMMIT 2025: Zukunft gestalten und Chancen nutzen<span class=\"ez-toc-section-end\"><\/span><\/h2>\n\n\n\n<p data-beyondwords-marker=\"79d22220-b863-4b36-97d8-a7d9b893d7e3\"><strong>d.velop blog: Und damit bin ich auch schon mit den Fragen fast am Ende. Die letzte Frage lautet: Freust du dich auf deine Keynote auf dem d.velop SUMMIT?<\/strong><\/p>\n\n\n\n<p data-beyondwords-marker=\"12a1ce30-f633-4ade-a64b-c2da1592208c\"><strong>Sven G\u00e1bor J\u00e1nszky:<\/strong> Ja klar, absolut! Ich halte ja sehr oft Vortr\u00e4ge. Aber Vortr\u00e4ge vor Menschen, die wissen, wovon ich spreche, \u00fcber Digitalisierung und die Auswirkungen von IT und KI mag ich besonders. Das sind f\u00fcr mich die sch\u00f6nsten Tage, weil es nicht nur um die Keynote geht, sondern auch um die vielen spannenden Gespr\u00e4che danach, auf die ich mich immer freue.<\/p>\n\n\n\n<p data-beyondwords-marker=\"17c1b8c5-6851-441a-8800-7f47062a12df\">Es entstehen tolle Diskussionen \u00fcber technologische M\u00f6glichkeiten und gesellschaftliche Fragen, wie die, die du gerade gestellt hast. Was machen die Menschen? Ist das gut oder schlecht f\u00fcr sie? Und wie kann jeder pers\u00f6nlichen Nutzen daraus ziehen? Darum geht es ja. Keiner von uns, weder ich noch die Zuh\u00f6rer, kann diese Entwicklung ver\u00e4ndern. Sie wird von gro\u00dfen Unternehmen und Triebkr\u00e4ften in der Welt getrieben, auf die wir keinen Einfluss haben. Aber wir k\u00f6nnen bestimmen, was wir und die Menschen, die uns nahestehen, daraus machen.<\/p>\n\n\n\n<p data-beyondwords-marker=\"9d959162-70e3-4936-8397-b98ff793d4c7\">Mein Ziel bei der Keynote ist es, dem Publikum zu sagen, was in den n\u00e4chsten Jahren auf uns zukommt. Was die Triebkr\u00e4fte sind, die wir nicht \u00e4ndern k\u00f6nnen. Gleichzeitig m\u00f6chte ich sie motivieren, sich intensiv damit zu besch\u00e4ftigen. Das Schlimmste w\u00e4re, uns und unsere Kinder davon abzuhalten, sich mit der Zukunft zu besch\u00e4ftigen, die ohnehin kommt. Selbst wenn uns manches nicht gef\u00e4llt oder wir \u00c4ngste haben, m\u00fcssen wir offen hinschauen und \u00fcberlegen, wie wir das Beste daraus machen und es zu unserem Nutzen gestalten.<\/p>\n\n\n\n<p data-beyondwords-marker=\"065a4349-1f7f-487f-86d5-3b839d26934f\"><strong>d.velop blog: Ein sch\u00f6nes Schlusswort! Vielen Dank f\u00fcr das spannende Interview, das macht auf jeden Fall Lust auf den d.velop SUMMIT 2025 und deine Keynote!<\/strong><\/p>\n\n\n\n<div data-beyondwords-marker=\"ede39308-2e49-4a1d-9888-ccc86aa4b795\" class=\"wp-block-group is-style-cta\"><div class=\"wp-block-group__inner-container is-layout-constrained wp-block-group-is-layout-constrained\">\n<h2 data-beyondwords-marker=\"258b2f53-0928-4516-ae4e-a85c2b28da5c\" class=\"wp-block-heading\" id=\"h-deine-agenda-fur-das-digitalisierungsevent-des-jahres\"><span class=\"ez-toc-section\" id=\"deine-agenda-fuer-das-digitalisierungsevent-des-jahres\"><\/span>Deine Agenda f\u00fcr das Digitalisierungsevent des Jahres<span class=\"ez-toc-section-end\"><\/span><\/h2>\n\n\n\n<p data-beyondwords-marker=\"4bd029b4-f0b3-4e86-b3a6-410a04bbcdc7\">Entdecke deine Agenda-Highlights auf dem d.velop SUMMIT 2025. Freue dich auf Impulse, Best-Practices und Deep Dive in Technologien und Trends.<\/p>\n\n\n\n\t<div data-beyondwords-marker=\"8faece35-6e26-4835-8052-634d8b8bf690\" class=\"wp-block-buttons\">\n\t\t<div class=\"wp-block-button is-style-outline\">\n\t\t\t<a class=\"wp-block-button__link\" href=\"https:\/\/summit.d-velop.de\/agenda?utm_campaign=Sonstiges+-+d.velop+BLOG+-+01%2F2018&#038;utm_source=intern-blog-ger&#038;utm_medium=blogpost-sven-g%25c3%25a1bor-j%25c3%25a1nszky&#038;utm_content=button\" target=\"_blank\">Jetzt entdecken<\/a>\t\t<\/div>\n\t<\/div>\n\n\t<\/div><\/div>\n","protected":false},"excerpt":{"rendered":"<p>Wo bleibt der Mensch in einer zunehmend digitalisierten Welt? Laufen uns k\u00fcnstliche Intelligenzen den Rang ab? Und wie steht es [&hellip;]<\/p>\n","protected":false},"author":300,"featured_media":54585,"comment_status":"closed","ping_status":"closed","sticky":false,"template":"","format":"standard","meta":{"footnotes":"","beyondwords_generate_audio":"1","beyondwords_project_id":"23937","beyondwords_content_id":"de2863f4-b72e-4aae-994d-1a14b4408a9a","beyondwords_preview_token":"6257b029-0e48-4ba2-87f0-d07b92b4e937","beyondwords_player_content":"","beyondwords_player_style":"","beyondwords_language_id":"","beyondwords_title_voice_id":"","beyondwords_body_voice_id":"","beyondwords_summary_voice_id":"","beyondwords_error_message":"","beyondwords_disabled":"1","beyondwords_delete_content":"","beyondwords_podcast_id":"","beyondwords_hash":"","publish_post_to_speechkit":"","speechkit_hash":"","speechkit_generate_audio":"","speechkit_project_id":"","speechkit_podcast_id":"","speechkit_error_message":"","speechkit_disabled":"","speechkit_access_key":"","speechkit_error":"","speechkit_info":"","speechkit_response":"","speechkit_retries":"","speechkit_status":"","speechkit_updated_at":"","_speechkit_link":"","_speechkit_text":""},"categories":[5],"tags":[6567],"class_list":["post-54568","post","type-post","status-publish","format-standard","has-post-thumbnail","hentry","category-digitaler-wandel","tag-kuenstliche-intelligenz"],"acf":[],"yoast_head":"<!-- This site is optimized with the Yoast SEO Premium plugin v25.6 (Yoast SEO v25.6) - https:\/\/yoast.com\/wordpress\/plugins\/seo\/ -->\n<title>Die Zukunft gestalten: Wie KI unsere Welt transformiert<\/title>\n<meta name=\"description\" content=\"Spannende Einblicke des Zukunftsforschers Sven G\u00e1bor J\u00e1nszky in die transformative Kraft der Digitalisierung und K\u00fcnstlichen Intelligenz \u25b6\ufe0f\" \/>\n<meta name=\"robots\" content=\"index, follow, max-snippet:-1, max-image-preview:large, max-video-preview:-1\" \/>\n<link rel=\"canonical\" href=\"https:\/\/www.d-velop.de\/blog\/digitaler-wandel\/sven-gabor-janszky\/\" \/>\n<meta property=\"og:locale\" content=\"de_DE\" \/>\n<meta property=\"og:type\" content=\"article\" \/>\n<meta property=\"og:title\" content=\"Die Zukunft gestalten: Wie KI unsere Welt transformiert\" \/>\n<meta property=\"og:description\" content=\"Spannende Einblicke des Zukunftsforschers Sven G\u00e1bor J\u00e1nszky in die transformative Kraft der Digitalisierung und K\u00fcnstlichen Intelligenz \u25b6\ufe0f\" \/>\n<meta property=\"og:url\" content=\"https:\/\/www.d-velop.de\/blog\/digitaler-wandel\/sven-gabor-janszky\/\" \/>\n<meta property=\"og:site_name\" content=\"d.velop blog\" \/>\n<meta property=\"article:publisher\" content=\"https:\/\/www.facebook.com\/d.velop.ag\/\" \/>\n<meta property=\"article:published_time\" content=\"2025-03-26T10:13:37+00:00\" \/>\n<meta property=\"article:modified_time\" content=\"2025-03-26T10:13:43+00:00\" \/>\n<meta property=\"og:image\" content=\"https:\/\/www.d-velop.de\/blog\/wp-content\/uploads\/2025\/03\/social-sharing-grafik-sven-gabor-janszky.png\" \/>\n\t<meta property=\"og:image:width\" content=\"1920\" \/>\n\t<meta property=\"og:image:height\" content=\"1080\" \/>\n\t<meta property=\"og:image:type\" content=\"image\/png\" \/>\n<meta name=\"author\" content=\"Sven G\u00e1bor J\u00e1nszky\" \/>\n<meta name=\"twitter:card\" content=\"summary_large_image\" \/>\n<meta name=\"twitter:creator\" content=\"@d_velop\" \/>\n<meta name=\"twitter:site\" content=\"@d_velop\" \/>\n<meta name=\"twitter:label1\" content=\"Verfasst von\" \/>\n\t<meta name=\"twitter:data1\" content=\"Sven G\u00e1bor J\u00e1nszky\" \/>\n\t<meta name=\"twitter:label2\" content=\"Gesch\u00e4tzte Lesezeit\" \/>\n\t<meta name=\"twitter:data2\" content=\"15\u00a0Minuten\" \/>\n<script type=\"application\/ld+json\" class=\"yoast-schema-graph\">{\"@context\":\"https:\/\/schema.org\",\"@graph\":[{\"@type\":\"Article\",\"@id\":\"https:\/\/www.d-velop.de\/blog\/digitaler-wandel\/sven-gabor-janszky\/#article\",\"isPartOf\":{\"@id\":\"https:\/\/www.d-velop.de\/blog\/digitaler-wandel\/sven-gabor-janszky\/\"},\"author\":{\"name\":\"Sven G\u00e1bor J\u00e1nszky\",\"@id\":\"https:\/\/www.d-velop.de\/blog\/#\/schema\/person\/7235fa6c6a1b6af3f7ec1ffe1ac162b2\"},\"headline\":\"Die Zukunft gestalten: Wie KI unsere Welt transformiert\",\"datePublished\":\"2025-03-26T10:13:37+00:00\",\"dateModified\":\"2025-03-26T10:13:43+00:00\",\"mainEntityOfPage\":{\"@id\":\"https:\/\/www.d-velop.de\/blog\/digitaler-wandel\/sven-gabor-janszky\/\"},\"wordCount\":2781,\"publisher\":{\"@id\":\"https:\/\/www.d-velop.de\/blog\/#organization\"},\"image\":{\"@id\":\"https:\/\/www.d-velop.de\/blog\/digitaler-wandel\/sven-gabor-janszky\/#primaryimage\"},\"thumbnailUrl\":\"https:\/\/www.d-velop.de\/blog\/wp-content\/uploads\/2025\/03\/beitragsbild-sven-gabor-janszky.png\",\"keywords\":[\"K\u00fcnstliche Intelligenz\"],\"articleSection\":[\"Digitaler Wandel\"],\"inLanguage\":\"de\"},{\"@type\":\"WebPage\",\"@id\":\"https:\/\/www.d-velop.de\/blog\/digitaler-wandel\/sven-gabor-janszky\/\",\"url\":\"https:\/\/www.d-velop.de\/blog\/digitaler-wandel\/sven-gabor-janszky\/\",\"name\":\"Die Zukunft gestalten: Wie KI unsere Welt transformiert\",\"isPartOf\":{\"@id\":\"https:\/\/www.d-velop.de\/blog\/#website\"},\"primaryImageOfPage\":{\"@id\":\"https:\/\/www.d-velop.de\/blog\/digitaler-wandel\/sven-gabor-janszky\/#primaryimage\"},\"image\":{\"@id\":\"https:\/\/www.d-velop.de\/blog\/digitaler-wandel\/sven-gabor-janszky\/#primaryimage\"},\"thumbnailUrl\":\"https:\/\/www.d-velop.de\/blog\/wp-content\/uploads\/2025\/03\/beitragsbild-sven-gabor-janszky.png\",\"datePublished\":\"2025-03-26T10:13:37+00:00\",\"dateModified\":\"2025-03-26T10:13:43+00:00\",\"description\":\"Spannende Einblicke des Zukunftsforschers Sven G\u00e1bor J\u00e1nszky in die transformative Kraft der Digitalisierung und K\u00fcnstlichen Intelligenz \u25b6\ufe0f\",\"breadcrumb\":{\"@id\":\"https:\/\/www.d-velop.de\/blog\/digitaler-wandel\/sven-gabor-janszky\/#breadcrumb\"},\"inLanguage\":\"de\",\"potentialAction\":[{\"@type\":\"ReadAction\",\"target\":[\"https:\/\/www.d-velop.de\/blog\/digitaler-wandel\/sven-gabor-janszky\/\"]}]},{\"@type\":\"ImageObject\",\"inLanguage\":\"de\",\"@id\":\"https:\/\/www.d-velop.de\/blog\/digitaler-wandel\/sven-gabor-janszky\/#primaryimage\",\"url\":\"https:\/\/www.d-velop.de\/blog\/wp-content\/uploads\/2025\/03\/beitragsbild-sven-gabor-janszky.png\",\"contentUrl\":\"https:\/\/www.d-velop.de\/blog\/wp-content\/uploads\/2025\/03\/beitragsbild-sven-gabor-janszky.png\",\"width\":2000,\"height\":666,\"caption\":\"Beitragsbild Sven Gabor Janszky\"},{\"@type\":\"BreadcrumbList\",\"@id\":\"https:\/\/www.d-velop.de\/blog\/digitaler-wandel\/sven-gabor-janszky\/#breadcrumb\",\"itemListElement\":[{\"@type\":\"ListItem\",\"position\":1,\"name\":\"Startseite\",\"item\":\"https:\/\/www.d-velop.de\/blog\/\"},{\"@type\":\"ListItem\",\"position\":2,\"name\":\"Die Zukunft gestalten: Wie KI unsere Welt transformiert\"}]},{\"@type\":\"WebSite\",\"@id\":\"https:\/\/www.d-velop.de\/blog\/#website\",\"url\":\"https:\/\/www.d-velop.de\/blog\/\",\"name\":\"d.velop blog\",\"description\":\"Digitalisierung, Dokumentenmanagement und rund um d.velop\",\"publisher\":{\"@id\":\"https:\/\/www.d-velop.de\/blog\/#organization\"},\"potentialAction\":[{\"@type\":\"SearchAction\",\"target\":{\"@type\":\"EntryPoint\",\"urlTemplate\":\"https:\/\/www.d-velop.de\/blog\/?s={search_term_string}\"},\"query-input\":{\"@type\":\"PropertyValueSpecification\",\"valueRequired\":true,\"valueName\":\"search_term_string\"}}],\"inLanguage\":\"de\"},{\"@type\":\"Organization\",\"@id\":\"https:\/\/www.d-velop.de\/blog\/#organization\",\"name\":\"d.velop Gruppe\",\"url\":\"https:\/\/www.d-velop.de\/blog\/\",\"logo\":{\"@type\":\"ImageObject\",\"inLanguage\":\"de\",\"@id\":\"https:\/\/www.d-velop.de\/blog\/#\/schema\/logo\/image\/\",\"url\":\"https:\/\/www.d-velop.de\/blog\/wp-content\/uploads\/2018\/12\/dvelop-blog-logo-invers.jpg\",\"contentUrl\":\"https:\/\/www.d-velop.de\/blog\/wp-content\/uploads\/2018\/12\/dvelop-blog-logo-invers.jpg\",\"width\":350,\"height\":350,\"caption\":\"d.velop Gruppe\"},\"image\":{\"@id\":\"https:\/\/www.d-velop.de\/blog\/#\/schema\/logo\/image\/\"},\"sameAs\":[\"https:\/\/www.facebook.com\/d.velop.ag\/\",\"https:\/\/x.com\/d_velop\",\"https:\/\/de.linkedin.com\/company\/d-velop\",\"https:\/\/www.xing.com\/pages\/d-velopag\",\"https:\/\/www.instagram.com\/d.velop_group\/\"]},{\"@type\":\"Person\",\"@id\":\"https:\/\/www.d-velop.de\/blog\/#\/schema\/person\/7235fa6c6a1b6af3f7ec1ffe1ac162b2\",\"name\":\"Sven G\u00e1bor J\u00e1nszky\",\"image\":{\"@type\":\"ImageObject\",\"inLanguage\":\"de\",\"@id\":\"https:\/\/www.d-velop.de\/blog\/#\/schema\/person\/image\/\",\"url\":\"https:\/\/www.d-velop.de\/blog\/wp-content\/uploads\/2025\/03\/sven-gabor-janszky-210x210.jpg\",\"contentUrl\":\"https:\/\/www.d-velop.de\/blog\/wp-content\/uploads\/2025\/03\/sven-gabor-janszky-210x210.jpg\",\"caption\":\"Sven G\u00e1bor J\u00e1nszky\"},\"description\":\"Zukunftsforscher\",\"sameAs\":[\"https:\/\/janszky.de\/\",\"https:\/\/de.linkedin.com\/in\/svengaborjanszky\"],\"url\":\"https:\/\/www.d-velop.de\/blog\/author\/sven-gabor-janszky\/\"}]}<\/script>\n<!-- \/ Yoast SEO Premium plugin. -->","yoast_head_json":{"title":"Die Zukunft gestalten: Wie KI unsere Welt transformiert","description":"Spannende Einblicke des Zukunftsforschers Sven G\u00e1bor J\u00e1nszky in die transformative Kraft der Digitalisierung und K\u00fcnstlichen Intelligenz \u25b6\ufe0f","robots":{"index":"index","follow":"follow","max-snippet":"max-snippet:-1","max-image-preview":"max-image-preview:large","max-video-preview":"max-video-preview:-1"},"canonical":"https:\/\/www.d-velop.de\/blog\/digitaler-wandel\/sven-gabor-janszky\/","og_locale":"de_DE","og_type":"article","og_title":"Die Zukunft gestalten: Wie KI unsere Welt transformiert","og_description":"Spannende Einblicke des Zukunftsforschers Sven G\u00e1bor J\u00e1nszky in die transformative Kraft der Digitalisierung und K\u00fcnstlichen Intelligenz \u25b6\ufe0f","og_url":"https:\/\/www.d-velop.de\/blog\/digitaler-wandel\/sven-gabor-janszky\/","og_site_name":"d.velop blog","article_publisher":"https:\/\/www.facebook.com\/d.velop.ag\/","article_published_time":"2025-03-26T10:13:37+00:00","article_modified_time":"2025-03-26T10:13:43+00:00","og_image":[{"width":1920,"height":1080,"url":"https:\/\/www.d-velop.de\/blog\/wp-content\/uploads\/2025\/03\/social-sharing-grafik-sven-gabor-janszky.png","type":"image\/png"}],"author":"Sven G\u00e1bor J\u00e1nszky","twitter_card":"summary_large_image","twitter_creator":"@d_velop","twitter_site":"@d_velop","twitter_misc":{"Verfasst von":"Sven G\u00e1bor J\u00e1nszky","Gesch\u00e4tzte Lesezeit":"15\u00a0Minuten"},"schema":{"@context":"https:\/\/schema.org","@graph":[{"@type":"Article","@id":"https:\/\/www.d-velop.de\/blog\/digitaler-wandel\/sven-gabor-janszky\/#article","isPartOf":{"@id":"https:\/\/www.d-velop.de\/blog\/digitaler-wandel\/sven-gabor-janszky\/"},"author":{"name":"Sven G\u00e1bor J\u00e1nszky","@id":"https:\/\/www.d-velop.de\/blog\/#\/schema\/person\/7235fa6c6a1b6af3f7ec1ffe1ac162b2"},"headline":"Die Zukunft gestalten: Wie KI unsere Welt transformiert","datePublished":"2025-03-26T10:13:37+00:00","dateModified":"2025-03-26T10:13:43+00:00","mainEntityOfPage":{"@id":"https:\/\/www.d-velop.de\/blog\/digitaler-wandel\/sven-gabor-janszky\/"},"wordCount":2781,"publisher":{"@id":"https:\/\/www.d-velop.de\/blog\/#organization"},"image":{"@id":"https:\/\/www.d-velop.de\/blog\/digitaler-wandel\/sven-gabor-janszky\/#primaryimage"},"thumbnailUrl":"https:\/\/www.d-velop.de\/blog\/wp-content\/uploads\/2025\/03\/beitragsbild-sven-gabor-janszky.png","keywords":["K\u00fcnstliche Intelligenz"],"articleSection":["Digitaler Wandel"],"inLanguage":"de"},{"@type":"WebPage","@id":"https:\/\/www.d-velop.de\/blog\/digitaler-wandel\/sven-gabor-janszky\/","url":"https:\/\/www.d-velop.de\/blog\/digitaler-wandel\/sven-gabor-janszky\/","name":"Die Zukunft gestalten: Wie KI unsere Welt transformiert","isPartOf":{"@id":"https:\/\/www.d-velop.de\/blog\/#website"},"primaryImageOfPage":{"@id":"https:\/\/www.d-velop.de\/blog\/digitaler-wandel\/sven-gabor-janszky\/#primaryimage"},"image":{"@id":"https:\/\/www.d-velop.de\/blog\/digitaler-wandel\/sven-gabor-janszky\/#primaryimage"},"thumbnailUrl":"https:\/\/www.d-velop.de\/blog\/wp-content\/uploads\/2025\/03\/beitragsbild-sven-gabor-janszky.png","datePublished":"2025-03-26T10:13:37+00:00","dateModified":"2025-03-26T10:13:43+00:00","description":"Spannende Einblicke des Zukunftsforschers Sven G\u00e1bor J\u00e1nszky in die transformative Kraft der Digitalisierung und K\u00fcnstlichen Intelligenz \u25b6\ufe0f","breadcrumb":{"@id":"https:\/\/www.d-velop.de\/blog\/digitaler-wandel\/sven-gabor-janszky\/#breadcrumb"},"inLanguage":"de","potentialAction":[{"@type":"ReadAction","target":["https:\/\/www.d-velop.de\/blog\/digitaler-wandel\/sven-gabor-janszky\/"]}]},{"@type":"ImageObject","inLanguage":"de","@id":"https:\/\/www.d-velop.de\/blog\/digitaler-wandel\/sven-gabor-janszky\/#primaryimage","url":"https:\/\/www.d-velop.de\/blog\/wp-content\/uploads\/2025\/03\/beitragsbild-sven-gabor-janszky.png","contentUrl":"https:\/\/www.d-velop.de\/blog\/wp-content\/uploads\/2025\/03\/beitragsbild-sven-gabor-janszky.png","width":2000,"height":666,"caption":"Beitragsbild Sven Gabor Janszky"},{"@type":"BreadcrumbList","@id":"https:\/\/www.d-velop.de\/blog\/digitaler-wandel\/sven-gabor-janszky\/#breadcrumb","itemListElement":[{"@type":"ListItem","position":1,"name":"Startseite","item":"https:\/\/www.d-velop.de\/blog\/"},{"@type":"ListItem","position":2,"name":"Die Zukunft gestalten: Wie KI unsere Welt transformiert"}]},{"@type":"WebSite","@id":"https:\/\/www.d-velop.de\/blog\/#website","url":"https:\/\/www.d-velop.de\/blog\/","name":"d.velop blog","description":"Digitalisierung, Dokumentenmanagement und rund um d.velop","publisher":{"@id":"https:\/\/www.d-velop.de\/blog\/#organization"},"potentialAction":[{"@type":"SearchAction","target":{"@type":"EntryPoint","urlTemplate":"https:\/\/www.d-velop.de\/blog\/?s={search_term_string}"},"query-input":{"@type":"PropertyValueSpecification","valueRequired":true,"valueName":"search_term_string"}}],"inLanguage":"de"},{"@type":"Organization","@id":"https:\/\/www.d-velop.de\/blog\/#organization","name":"d.velop Gruppe","url":"https:\/\/www.d-velop.de\/blog\/","logo":{"@type":"ImageObject","inLanguage":"de","@id":"https:\/\/www.d-velop.de\/blog\/#\/schema\/logo\/image\/","url":"https:\/\/www.d-velop.de\/blog\/wp-content\/uploads\/2018\/12\/dvelop-blog-logo-invers.jpg","contentUrl":"https:\/\/www.d-velop.de\/blog\/wp-content\/uploads\/2018\/12\/dvelop-blog-logo-invers.jpg","width":350,"height":350,"caption":"d.velop Gruppe"},"image":{"@id":"https:\/\/www.d-velop.de\/blog\/#\/schema\/logo\/image\/"},"sameAs":["https:\/\/www.facebook.com\/d.velop.ag\/","https:\/\/x.com\/d_velop","https:\/\/de.linkedin.com\/company\/d-velop","https:\/\/www.xing.com\/pages\/d-velopag","https:\/\/www.instagram.com\/d.velop_group\/"]},{"@type":"Person","@id":"https:\/\/www.d-velop.de\/blog\/#\/schema\/person\/7235fa6c6a1b6af3f7ec1ffe1ac162b2","name":"Sven G\u00e1bor J\u00e1nszky","image":{"@type":"ImageObject","inLanguage":"de","@id":"https:\/\/www.d-velop.de\/blog\/#\/schema\/person\/image\/","url":"https:\/\/www.d-velop.de\/blog\/wp-content\/uploads\/2025\/03\/sven-gabor-janszky-210x210.jpg","contentUrl":"https:\/\/www.d-velop.de\/blog\/wp-content\/uploads\/2025\/03\/sven-gabor-janszky-210x210.jpg","caption":"Sven G\u00e1bor J\u00e1nszky"},"description":"Zukunftsforscher","sameAs":["https:\/\/janszky.de\/","https:\/\/de.linkedin.com\/in\/svengaborjanszky"],"url":"https:\/\/www.d-velop.de\/blog\/author\/sven-gabor-janszky\/"}]}},"_links":{"self":[{"href":"https:\/\/www.d-velop.de\/blog\/wp-json\/wp\/v2\/posts\/54568","targetHints":{"allow":["GET"]}}],"collection":[{"href":"https:\/\/www.d-velop.de\/blog\/wp-json\/wp\/v2\/posts"}],"about":[{"href":"https:\/\/www.d-velop.de\/blog\/wp-json\/wp\/v2\/types\/post"}],"author":[{"embeddable":true,"href":"https:\/\/www.d-velop.de\/blog\/wp-json\/wp\/v2\/users\/300"}],"replies":[{"embeddable":true,"href":"https:\/\/www.d-velop.de\/blog\/wp-json\/wp\/v2\/comments?post=54568"}],"version-history":[{"count":2,"href":"https:\/\/www.d-velop.de\/blog\/wp-json\/wp\/v2\/posts\/54568\/revisions"}],"predecessor-version":[{"id":54599,"href":"https:\/\/www.d-velop.de\/blog\/wp-json\/wp\/v2\/posts\/54568\/revisions\/54599"}],"wp:featuredmedia":[{"embeddable":true,"href":"https:\/\/www.d-velop.de\/blog\/wp-json\/wp\/v2\/media\/54585"}],"wp:attachment":[{"href":"https:\/\/www.d-velop.de\/blog\/wp-json\/wp\/v2\/media?parent=54568"}],"wp:term":[{"taxonomy":"category","embeddable":true,"href":"https:\/\/www.d-velop.de\/blog\/wp-json\/wp\/v2\/categories?post=54568"},{"taxonomy":"post_tag","embeddable":true,"href":"https:\/\/www.d-velop.de\/blog\/wp-json\/wp\/v2\/tags?post=54568"}],"curies":[{"name":"wp","href":"https:\/\/api.w.org\/{rel}","templated":true}]}}