{"id":55955,"date":"2025-06-06T11:47:34","date_gmt":"2025-06-06T09:47:34","guid":{"rendered":"https:\/\/www.d-velop.de\/blog\/?p=55955"},"modified":"2025-06-06T11:47:37","modified_gmt":"2025-06-06T09:47:37","slug":"d-velop-summit-2025-rueckblick","status":"publish","type":"post","link":"https:\/\/www.d-velop.de\/blog\/unternehmen\/d-velop-summit-2025-rueckblick\/","title":{"rendered":"Zukunft zum Anfassen: Die besten Momente des d.velop SUMMIT 2025"},"content":{"rendered":"\n<p data-beyondwords-marker=\"95688984-727b-4aef-be0a-0d973a542603\">Vom 3. bis 5. Juni verwandelte sich das AREAL B\u00d6HLER in D\u00fcsseldorf erneut in den Hotspot der Digitalisierung: unter dem Motto \u201eMeet. Create. Innovate.\u201c versammelten sich \u00fcber 2.000 Teilnehmende aus verschiedenen Branchen auf dem d.velop SUMMIT 2025, um sich \u00fcber aktuelle Trends auszutauschen und praxisnahe Einblicke zu gewinnen.<\/p>\n\n\n\n<p data-beyondwords-marker=\"28f449f8-21ea-4e22-a064-4dfe9724f8ee\">In diesem Jahr fanden die Highlights des <a href=\"https:\/\/summit.d-velop.de\/\">d.velop SUMMITS<\/a> auf acht einzigartigen B\u00fchnen statt, die alle Aspekte der Digitalisierung abdeckten und parallel ein vielf\u00e4ltiges Programm boten. Bereit, die Zukunft zu gestalten? Dann lass uns gemeinsam eintauchen und entdecken, was die Welt von morgen f\u00fcr uns bereith\u00e4lt.<\/p>\n\n\n\n<figure data-wp-context=\"{&quot;imageId&quot;:&quot;69f267134bf93&quot;}\" data-wp-interactive=\"core\/image\" data-beyondwords-marker=\"07710313-4c8e-4e08-9261-2b7407c0c182\" class=\"wp-block-image size-large wp-lightbox-container\"><img loading=\"lazy\" decoding=\"async\" width=\"1090\" height=\"818\" data-wp-class--hide=\"state.isContentHidden\" data-wp-class--show=\"state.isContentVisible\" data-wp-init=\"callbacks.setButtonStyles\" data-wp-on-async--click=\"actions.showLightbox\" data-wp-on-async--load=\"callbacks.setButtonStyles\" data-wp-on-async-window--resize=\"callbacks.setButtonStyles\" src=\"https:\/\/www.d-velop.de\/blog\/wp-content\/uploads\/2025\/06\/d-velop-summit-2025-zahlen-1090x818.png\" alt=\"Infografik zeigt d.velop SUMMIT 2025 in Zahlen\" class=\"wp-image-55979\" srcset=\"https:\/\/www.d-velop.de\/blog\/wp-content\/uploads\/2025\/06\/d-velop-summit-2025-zahlen-1090x818.png 1090w, https:\/\/www.d-velop.de\/blog\/wp-content\/uploads\/2025\/06\/d-velop-summit-2025-zahlen-600x450.png 600w, https:\/\/www.d-velop.de\/blog\/wp-content\/uploads\/2025\/06\/d-velop-summit-2025-zahlen-768x576.png 768w, https:\/\/www.d-velop.de\/blog\/wp-content\/uploads\/2025\/06\/d-velop-summit-2025-zahlen-1536x1152.png 1536w, https:\/\/www.d-velop.de\/blog\/wp-content\/uploads\/2025\/06\/d-velop-summit-2025-zahlen-1920x1440.png 1920w, https:\/\/www.d-velop.de\/blog\/wp-content\/uploads\/2025\/06\/d-velop-summit-2025-zahlen.png 2000w\" sizes=\"auto, (max-width: 1090px) 100vw, 1090px\" \/><button\n\t\t\tclass=\"lightbox-trigger\"\n\t\t\ttype=\"button\"\n\t\t\taria-haspopup=\"dialog\"\n\t\t\taria-label=\"Bild vergr\u00f6\u00dfern: Infografik zeigt d.velop SUMMIT 2025 in Zahlen\"\n\t\t\tdata-wp-init=\"callbacks.initTriggerButton\"\n\t\t\tdata-wp-on-async--click=\"actions.showLightbox\"\n\t\t\tdata-wp-style--right=\"state.imageButtonRight\"\n\t\t\tdata-wp-style--top=\"state.imageButtonTop\"\n\t\t>\n\t\t\t<svg xmlns=\"http:\/\/www.w3.org\/2000\/svg\" width=\"12\" height=\"12\" fill=\"none\" viewBox=\"0 0 12 12\">\n\t\t\t\t<path fill=\"#fff\" d=\"M2 0a2 2 0 0 0-2 2v2h1.5V2a.5.5 0 0 1 .5-.5h2V0H2Zm2 10.5H2a.5.5 0 0 1-.5-.5V8H0v2a2 2 0 0 0 2 2h2v-1.5ZM8 12v-1.5h2a.5.5 0 0 0 .5-.5V8H12v2a2 2 0 0 1-2 2H8Zm2-12a2 2 0 0 1 2 2v2h-1.5V2a.5.5 0 0 0-.5-.5H8V0h2Z\" \/>\n\t\t\t<\/svg>\n\t\t<\/button><\/figure>\n\n\n\n<h2 data-beyondwords-marker=\"cd999075-642b-4e4a-8a90-c67fad0d9be6\" class=\"wp-block-heading\" id=\"h-ein-gelungener-auftakt-der-partner-day-war-ein-voller-erfolg\"><span class=\"ez-toc-section\" id=\"ein-gelungener-auftakt-der-partner-day-war-ein-voller-erfolg\"><\/span>Ein gelungener Auftakt: Der Partner Day war ein voller Erfolg!<span class=\"ez-toc-section-end\"><\/span><\/h2>\n\n\n\n<p data-beyondwords-marker=\"ad4604c5-0569-48d0-9419-7d4bb76648df\">Mehr als 500 Teilnehmende aus dem d.velop Partnernetzwerk kamen zusammen, um gemeinsam in einen Tag voller Impulse, Austausch und Auszeichnungen zu starten. Der exklusive Auftakt des d.velop SUMMITS 2025 bot nicht nur spannende Vortr\u00e4ge und praxisnahe Einblicke in aktuelle Entwicklungen, sondern auch reichlich Gelegenheit zum Netzwerken und zur strategischen Ausrichtung f\u00fcr die Zukunft.<\/p>\n\n\n<div class=\"wp-block-image\">\n<figure data-wp-context=\"{&quot;imageId&quot;:&quot;69f267134c3df&quot;}\" data-wp-interactive=\"core\/image\" data-beyondwords-marker=\"b2506634-1152-487f-a612-9b4bf7cbb3eb\" class=\"aligncenter size-medium wp-lightbox-container\"><img loading=\"lazy\" decoding=\"async\" width=\"480\" height=\"600\" data-wp-class--hide=\"state.isContentHidden\" data-wp-class--show=\"state.isContentVisible\" data-wp-init=\"callbacks.setButtonStyles\" data-wp-on-async--click=\"actions.showLightbox\" data-wp-on-async--load=\"callbacks.setButtonStyles\" data-wp-on-async-window--resize=\"callbacks.setButtonStyles\" src=\"https:\/\/www.d-velop.de\/blog\/wp-content\/uploads\/2025\/06\/d-velop-summit-2025-partner-day-480x600.jpg\" alt=\"Partner Day auf dem d.velop summit 2025\" class=\"wp-image-55959\" srcset=\"https:\/\/www.d-velop.de\/blog\/wp-content\/uploads\/2025\/06\/d-velop-summit-2025-partner-day-480x600.jpg 480w, https:\/\/www.d-velop.de\/blog\/wp-content\/uploads\/2025\/06\/d-velop-summit-2025-partner-day-872x1090.jpg 872w, https:\/\/www.d-velop.de\/blog\/wp-content\/uploads\/2025\/06\/d-velop-summit-2025-partner-day-768x960.jpg 768w, https:\/\/www.d-velop.de\/blog\/wp-content\/uploads\/2025\/06\/d-velop-summit-2025-partner-day-1229x1536.jpg 1229w, https:\/\/www.d-velop.de\/blog\/wp-content\/uploads\/2025\/06\/d-velop-summit-2025-partner-day.jpg 1280w\" sizes=\"auto, (max-width: 480px) 100vw, 480px\" \/><button\n\t\t\tclass=\"lightbox-trigger\"\n\t\t\ttype=\"button\"\n\t\t\taria-haspopup=\"dialog\"\n\t\t\taria-label=\"Bild vergr\u00f6\u00dfern: Partner Day auf dem d.velop summit 2025\"\n\t\t\tdata-wp-init=\"callbacks.initTriggerButton\"\n\t\t\tdata-wp-on-async--click=\"actions.showLightbox\"\n\t\t\tdata-wp-style--right=\"state.imageButtonRight\"\n\t\t\tdata-wp-style--top=\"state.imageButtonTop\"\n\t\t>\n\t\t\t<svg xmlns=\"http:\/\/www.w3.org\/2000\/svg\" width=\"12\" height=\"12\" fill=\"none\" viewBox=\"0 0 12 12\">\n\t\t\t\t<path fill=\"#fff\" d=\"M2 0a2 2 0 0 0-2 2v2h1.5V2a.5.5 0 0 1 .5-.5h2V0H2Zm2 10.5H2a.5.5 0 0 1-.5-.5V8H0v2a2 2 0 0 0 2 2h2v-1.5ZM8 12v-1.5h2a.5.5 0 0 0 .5-.5V8H12v2a2 2 0 0 1-2 2H8Zm2-12a2 2 0 0 1 2 2v2h-1.5V2a.5.5 0 0 0-.5-.5H8V0h2Z\" \/>\n\t\t\t<\/svg>\n\t\t<\/button><\/figure><\/div>\n\n\n<p data-beyondwords-marker=\"dcae73f5-0b2c-493b-a6e9-56bd82685337\">Im Fokus standen zentrale Themen wie die Weiterentwicklung der <a href=\"https:\/\/www.d-velop.de\/software\/d-velop-platform\" target=\"_blank\" rel=\"noreferrer noopener\">d.velop platform<\/a>, die digitale Transformation von Gesch\u00e4ftsmodellen und die Analyse aktueller Markttrends. Gemeinsam wurde auf das vergangene Jahr zur\u00fcckgeblickt und einen Ausblick auf die Partnerstrategie der Zukunft gegeben.<\/p>\n\n\n\n<p data-beyondwords-marker=\"033d8bc3-9cd7-4c64-9000-d1baf746daeb\">Wie in jedem Jahr wurden auch in diesem Jahr wieder die Awards f\u00fcr unser Partnernetzwerk verliehen. Dabei haben wir die herausragenden Leistungen und Erfolge unserer Partner in verschiedenen Kategorien gefeiert.<\/p>\n\n\n\n<p data-beyondwords-marker=\"c552c527-66a6-4eef-b65e-c4c0cce2cbef\">Der erste Tag hat eindrucksvoll bewiesen, wie wertvoll gemeinsames Denken, Teilen und Gestalten innerhalb der digitalen Community ist. Mit vielen neuen Impulsen im Gep\u00e4ck blickten die Teilnehmenden gespannt auf zwei weitere Tage voller Begegnungen, frischer Ideen und zukunftsweisender Entwicklungen beim d.velop SUMMIT.<\/p>\n\n\n\n<h2 data-beyondwords-marker=\"b50ac1ea-e7b9-47cf-b3de-528ef4f4a43b\" class=\"wp-block-heading\" id=\"h-fur-visionar-innen-und-digitale-vordenker-innen-die-innovation-stage\"><span class=\"ez-toc-section\" id=\"fuer-visionaer-innen-und-digitale-vordenker-innen-die-innovation-stage\"><\/span>F\u00fcr Vision\u00e4r:innen und digitale Vordenker:innen: Die Innovation Stage<span class=\"ez-toc-section-end\"><\/span><\/h2>\n\n\n\n<p data-beyondwords-marker=\"922816ab-39c9-4734-87fa-df4f2e5c1171\">Die Innovation Stage war auch 2025 wieder das kreative Zentrum des d.velop SUMMITS \u2013 ein Ort, an dem Visionen, Technologien und gesellschaftliche Fragen aufeinandertreffen. Gleich zu Beginn setzte Sascha Lobo mit seiner Keynote \u201eIst das Kunst oder kann das weg? \u2013 Wie K\u00fcnstliche Intelligenz die Welt ver\u00e4ndert\u201c ein starkes Zeichen. Mit seinem gewohnt pointierten Stil zeigte er, wie KI nicht nur Prozesse, sondern auch unsere Wahrnehmung von Kreativit\u00e4t und Arbeit ver\u00e4ndert.<\/p>\n\n\n\n<figure data-beyondwords-marker=\"9f6ed404-bd41-4e28-a6ff-ef8aee8ee0c1\" class=\"wp-block-pullquote\"><blockquote><p>Wo stehen wir, mit Blick auf den Einsatz und die Wertsch\u00f6pfung von KI, aktuell \u2013 und was ist jetzt (!) zu tun?<\/p><cite>Sascha Lobo<\/cite><\/blockquote><\/figure>\n\n\n\n<p data-beyondwords-marker=\"31fab0e5-4fd7-4fff-971f-bb392d0ca70c\">W\u00e4hrend andere L\u00e4nder wie China l\u00e4ngst in KI-Bildung und digitale Innovation investieren, droht Deutschland wirtschaftlich den Anschluss zu verlieren. Sascha Lobo mahnt: Es braucht Mut, Experimentierr\u00e4ume und eine klare Strategie, wie Unternehmen, Organisationen und Verwaltung KI sinnvoll und wertsch\u00f6pfend einsetzen k\u00f6nnen. Nur so l\u00e4sst sich der digitale R\u00fcckstand aufholen \u2013 und Zukunft gestalten.<\/p>\n\n\n\n<figure data-wp-context=\"{&quot;imageId&quot;:&quot;69f267134c83b&quot;}\" data-wp-interactive=\"core\/image\" data-beyondwords-marker=\"cb70103d-1c40-4880-9477-5d9c806ec52b\" class=\"wp-block-image size-large wp-lightbox-container\"><img loading=\"lazy\" decoding=\"async\" width=\"1090\" height=\"613\" data-wp-class--hide=\"state.isContentHidden\" data-wp-class--show=\"state.isContentVisible\" data-wp-init=\"callbacks.setButtonStyles\" data-wp-on-async--click=\"actions.showLightbox\" data-wp-on-async--load=\"callbacks.setButtonStyles\" data-wp-on-async-window--resize=\"callbacks.setButtonStyles\" src=\"https:\/\/www.d-velop.de\/blog\/wp-content\/uploads\/2025\/06\/d-velop-summit-2025-sascha-lobo-1090x613.jpg\" alt=\"BIld zeigt Sascha Lobo auf dem d.velop summit 2025\" class=\"wp-image-55962\" srcset=\"https:\/\/www.d-velop.de\/blog\/wp-content\/uploads\/2025\/06\/d-velop-summit-2025-sascha-lobo-1090x613.jpg 1090w, https:\/\/www.d-velop.de\/blog\/wp-content\/uploads\/2025\/06\/d-velop-summit-2025-sascha-lobo-600x338.jpg 600w, https:\/\/www.d-velop.de\/blog\/wp-content\/uploads\/2025\/06\/d-velop-summit-2025-sascha-lobo-768x432.jpg 768w, https:\/\/www.d-velop.de\/blog\/wp-content\/uploads\/2025\/06\/d-velop-summit-2025-sascha-lobo.jpg 1280w\" sizes=\"auto, (max-width: 1090px) 100vw, 1090px\" \/><button\n\t\t\tclass=\"lightbox-trigger\"\n\t\t\ttype=\"button\"\n\t\t\taria-haspopup=\"dialog\"\n\t\t\taria-label=\"Bild vergr\u00f6\u00dfern: BIld zeigt Sascha Lobo auf dem d.velop summit 2025\"\n\t\t\tdata-wp-init=\"callbacks.initTriggerButton\"\n\t\t\tdata-wp-on-async--click=\"actions.showLightbox\"\n\t\t\tdata-wp-style--right=\"state.imageButtonRight\"\n\t\t\tdata-wp-style--top=\"state.imageButtonTop\"\n\t\t>\n\t\t\t<svg xmlns=\"http:\/\/www.w3.org\/2000\/svg\" width=\"12\" height=\"12\" fill=\"none\" viewBox=\"0 0 12 12\">\n\t\t\t\t<path fill=\"#fff\" d=\"M2 0a2 2 0 0 0-2 2v2h1.5V2a.5.5 0 0 1 .5-.5h2V0H2Zm2 10.5H2a.5.5 0 0 1-.5-.5V8H0v2a2 2 0 0 0 2 2h2v-1.5ZM8 12v-1.5h2a.5.5 0 0 0 .5-.5V8H12v2a2 2 0 0 1-2 2H8Zm2-12a2 2 0 0 1 2 2v2h-1.5V2a.5.5 0 0 0-.5-.5H8V0h2Z\" \/>\n\t\t\t<\/svg>\n\t\t<\/button><\/figure>\n\n\n\n<p data-beyondwords-marker=\"37bffa51-0f0f-484b-8e03-a76d30f3f972\">In seiner Keynote \u201cInnovation Spotlight \u2013 Connecting Knowledge\u201d macht Vorstand Martin Greiwe deutlich, wie wichtig es ist, Wissen intelligent zu vernetzen, um Innovationen im Unternehmen nachhaltig zu f\u00f6rdern.<\/p>\n\n\n\n<figure data-wp-context=\"{&quot;imageId&quot;:&quot;69f267134caf4&quot;}\" data-wp-interactive=\"core\/image\" data-beyondwords-marker=\"61c7f1d8-4c6e-42d0-9686-cd3df9730583\" class=\"wp-block-image size-large wp-lightbox-container\"><img loading=\"lazy\" decoding=\"async\" width=\"1090\" height=\"726\" data-wp-class--hide=\"state.isContentHidden\" data-wp-class--show=\"state.isContentVisible\" data-wp-init=\"callbacks.setButtonStyles\" data-wp-on-async--click=\"actions.showLightbox\" data-wp-on-async--load=\"callbacks.setButtonStyles\" data-wp-on-async-window--resize=\"callbacks.setButtonStyles\" src=\"https:\/\/www.d-velop.de\/blog\/wp-content\/uploads\/2025\/06\/d-velop-summit-2025-martin-greiwe-julia-freudenberg-1090x726.webp\" alt=\"Julia Freudenberg und Martin Greiwe auf dem d.velop summit 2025\" class=\"wp-image-55978\" srcset=\"https:\/\/www.d-velop.de\/blog\/wp-content\/uploads\/2025\/06\/d-velop-summit-2025-martin-greiwe-julia-freudenberg-1090x726.webp 1090w, https:\/\/www.d-velop.de\/blog\/wp-content\/uploads\/2025\/06\/d-velop-summit-2025-martin-greiwe-julia-freudenberg-600x400.webp 600w, https:\/\/www.d-velop.de\/blog\/wp-content\/uploads\/2025\/06\/d-velop-summit-2025-martin-greiwe-julia-freudenberg-768x512.webp 768w, https:\/\/www.d-velop.de\/blog\/wp-content\/uploads\/2025\/06\/d-velop-summit-2025-martin-greiwe-julia-freudenberg-1536x1024.webp 1536w, https:\/\/www.d-velop.de\/blog\/wp-content\/uploads\/2025\/06\/d-velop-summit-2025-martin-greiwe-julia-freudenberg-1920x1280.webp 1920w, https:\/\/www.d-velop.de\/blog\/wp-content\/uploads\/2025\/06\/d-velop-summit-2025-martin-greiwe-julia-freudenberg.webp 2000w\" sizes=\"auto, (max-width: 1090px) 100vw, 1090px\" \/><button\n\t\t\tclass=\"lightbox-trigger\"\n\t\t\ttype=\"button\"\n\t\t\taria-haspopup=\"dialog\"\n\t\t\taria-label=\"Bild vergr\u00f6\u00dfern: Julia Freudenberg und Martin Greiwe auf dem d.velop summit 2025\"\n\t\t\tdata-wp-init=\"callbacks.initTriggerButton\"\n\t\t\tdata-wp-on-async--click=\"actions.showLightbox\"\n\t\t\tdata-wp-style--right=\"state.imageButtonRight\"\n\t\t\tdata-wp-style--top=\"state.imageButtonTop\"\n\t\t>\n\t\t\t<svg xmlns=\"http:\/\/www.w3.org\/2000\/svg\" width=\"12\" height=\"12\" fill=\"none\" viewBox=\"0 0 12 12\">\n\t\t\t\t<path fill=\"#fff\" d=\"M2 0a2 2 0 0 0-2 2v2h1.5V2a.5.5 0 0 1 .5-.5h2V0H2Zm2 10.5H2a.5.5 0 0 1-.5-.5V8H0v2a2 2 0 0 0 2 2h2v-1.5ZM8 12v-1.5h2a.5.5 0 0 0 .5-.5V8H12v2a2 2 0 0 1-2 2H8Zm2-12a2 2 0 0 1 2 2v2h-1.5V2a.5.5 0 0 0-.5-.5H8V0h2Z\" \/>\n\t\t\t<\/svg>\n\t\t<\/button><\/figure>\n\n\n\n<p data-beyondwords-marker=\"9a839226-b7eb-4775-ad16-3cf91b9fed8a\">Mitrei\u00dfend und gesellschaftlich relevant war der Vortrag von Julia Freudenberg, CEO der Hacker School: Unter dem Motto #hacktheworldabetterplace zeigte sie, wie junge Menschen durch digitale Bildung zu Gestalter:innen der Zukunft werden k\u00f6nnen.<\/p>\n\n\n\n<p data-beyondwords-marker=\"763473bf-e467-42db-b104-8f316294af6b\">Den Auftakt am zweiten Community Day machten Nico B\u00e4umer, CTO der d.velop, und&nbsp;Jonas Oberschweiber, Vice President Research &amp; Development. Gemeinsam mit Produktverantwortlichen pr\u00e4sentierten sie live auf der B\u00fchne die neuesten technologischen Entwicklungen \u2013 praxisnah, greifbar und mit klarem Fokus auf den Mehrwert f\u00fcr Anwender:innen. Ob <a href=\"https:\/\/www.d-velop.de\/loesungen\/kuenstliche-intelligenz\" target=\"_blank\" rel=\"noreferrer noopener\">K\u00fcnstliche Intelligenz<\/a>, <a href=\"https:\/\/www.d-velop.de\/blog\/prozesse-gestalten\/hyperautomation\/\">Hyperautomation<\/a> oder digitale Vernetzung: Die Use Cases zeigten eindrucksvoll, wie die Innovationen konkret im Alltag wirken und echten Nutzen stiften: Monkey-Work entgegenzuwirken und Prozesse effizient zu Automatisieren.  <\/p>\n\n\n\n<h2 data-beyondwords-marker=\"8dd2c720-f611-4cc7-be0a-83a81cafaebe\" class=\"wp-block-heading\" id=\"h-public-sector-stage-verwaltung-neu-gedacht\"><span class=\"ez-toc-section\" id=\"public-sector-stage-verwaltung-neu-gedacht\"><\/span>Public Sector Stage: Verwaltung neu gedacht<span class=\"ez-toc-section-end\"><\/span><\/h2>\n\n\n\n<p data-beyondwords-marker=\"33c89076-9207-4476-b9c7-056c20e0c3d9\">Die Public Sector Stage hat wieder einmal verdeutlicht, wie Digitalisierung in der Verwaltung konkret funktioniert. Spannend war hier unter anderem eine Pr\u00e4sentation der Stadt G\u00fctersloh zur digitalen Beantragung von Bewohnerparkausweisen \u2013 ein Beispiel f\u00fcr b\u00fcrgernahe Services.<\/p>\n\n\n\n<figure data-wp-context=\"{&quot;imageId&quot;:&quot;69f267134d24f&quot;}\" data-wp-interactive=\"core\/image\" data-beyondwords-marker=\"d56d400c-2efe-4d77-ac94-4b57135f94ac\" class=\"wp-block-image size-large wp-lightbox-container\"><img loading=\"lazy\" decoding=\"async\" width=\"1090\" height=\"709\" data-wp-class--hide=\"state.isContentHidden\" data-wp-class--show=\"state.isContentVisible\" data-wp-init=\"callbacks.setButtonStyles\" data-wp-on-async--click=\"actions.showLightbox\" data-wp-on-async--load=\"callbacks.setButtonStyles\" data-wp-on-async-window--resize=\"callbacks.setButtonStyles\" src=\"https:\/\/www.d-velop.de\/blog\/wp-content\/uploads\/2025\/06\/d-velop-summit-2025-public-sector-stage-1090x709.png\" alt=\"Bild zeigt die Public Sector Stage auf dem d.velop SUMMIT 2025\" class=\"wp-image-55970\" srcset=\"https:\/\/www.d-velop.de\/blog\/wp-content\/uploads\/2025\/06\/d-velop-summit-2025-public-sector-stage-1090x709.png 1090w, https:\/\/www.d-velop.de\/blog\/wp-content\/uploads\/2025\/06\/d-velop-summit-2025-public-sector-stage-600x390.png 600w, https:\/\/www.d-velop.de\/blog\/wp-content\/uploads\/2025\/06\/d-velop-summit-2025-public-sector-stage-768x499.png 768w, https:\/\/www.d-velop.de\/blog\/wp-content\/uploads\/2025\/06\/d-velop-summit-2025-public-sector-stage-1536x998.png 1536w, https:\/\/www.d-velop.de\/blog\/wp-content\/uploads\/2025\/06\/d-velop-summit-2025-public-sector-stage-1920x1248.png 1920w, https:\/\/www.d-velop.de\/blog\/wp-content\/uploads\/2025\/06\/d-velop-summit-2025-public-sector-stage.png 2000w\" sizes=\"auto, (max-width: 1090px) 100vw, 1090px\" \/><button\n\t\t\tclass=\"lightbox-trigger\"\n\t\t\ttype=\"button\"\n\t\t\taria-haspopup=\"dialog\"\n\t\t\taria-label=\"Bild vergr\u00f6\u00dfern: Bild zeigt die Public Sector Stage auf dem d.velop SUMMIT 2025\"\n\t\t\tdata-wp-init=\"callbacks.initTriggerButton\"\n\t\t\tdata-wp-on-async--click=\"actions.showLightbox\"\n\t\t\tdata-wp-style--right=\"state.imageButtonRight\"\n\t\t\tdata-wp-style--top=\"state.imageButtonTop\"\n\t\t>\n\t\t\t<svg xmlns=\"http:\/\/www.w3.org\/2000\/svg\" width=\"12\" height=\"12\" fill=\"none\" viewBox=\"0 0 12 12\">\n\t\t\t\t<path fill=\"#fff\" d=\"M2 0a2 2 0 0 0-2 2v2h1.5V2a.5.5 0 0 1 .5-.5h2V0H2Zm2 10.5H2a.5.5 0 0 1-.5-.5V8H0v2a2 2 0 0 0 2 2h2v-1.5ZM8 12v-1.5h2a.5.5 0 0 0 .5-.5V8H12v2a2 2 0 0 1-2 2H8Zm2-12a2 2 0 0 1 2 2v2h-1.5V2a.5.5 0 0 0-.5-.5H8V0h2Z\" \/>\n\t\t\t<\/svg>\n\t\t<\/button><\/figure>\n\n\n\n<p data-beyondwords-marker=\"f0c59ba8-fa5c-4e1d-83e1-df4743f8ae91\">Weitere Themen waren die souver\u00e4ne Cloud f\u00fcr den \u00f6ffentlichen Dienst und ein spannender Erfahrungsbericht aus dem Hessischen Landtag, der agile Methoden in der politischen Praxis beleuchtete. Auch das Kompetenzzentrum E-Akte.nrw gab wertvolle Einblicke in Qualit\u00e4tsmanagement und digitale Aktenf\u00fchrung.<\/p>\n\n\n\n<h2 data-beyondwords-marker=\"32af92db-8ee5-43e3-adc5-b1043c25d1aa\" class=\"wp-block-heading\" id=\"h-digitalisierung-mit-herz-auf-der-health-amp-care-stage\"><span class=\"ez-toc-section\" id=\"digitalisierung-mit-herz-auf-der-health-care-stage\"><\/span>Digitalisierung mit Herz auf der Health &amp; Care Stage<span class=\"ez-toc-section-end\"><\/span><\/h2>\n\n\n\n<p data-beyondwords-marker=\"070b3909-df6e-4dee-9095-05f14428e08a\">Die Health &amp; Care Stage bot praxisnahe L\u00f6sungen f\u00fcr das Gesundheits- und Sozialwesen. In der Session \u201eEurop\u00e4isch. Souver\u00e4n. Intelligent.\u201c wurde gezeigt, wie KI und smarte Prozesse Organisationen effizienter und patientenorientierter machen.<\/p>\n\n\n\n<p data-beyondwords-marker=\"ecc5a78f-3ac0-4b9b-9908-c9ed9b1a0915\">Dr. Tobias Krick pr\u00e4sentierte mit \u201eUnboxing Healthcare\u201c einen frischen Blick auf die Gesundheitsversorgung \u2013 kreativ, interdisziplin\u00e4r und zukunftsgerichtet. Die B\u00fchne war ein Treffpunkt f\u00fcr Entscheider:innen, die Digitalisierung als Chance f\u00fcr mehr Menschlichkeit sehen.<\/p>\n\n\n\n<figure data-wp-context=\"{&quot;imageId&quot;:&quot;69f267134d662&quot;}\" data-wp-interactive=\"core\/image\" data-beyondwords-marker=\"106d5302-f6d7-48aa-89fa-6b4d845b2084\" class=\"wp-block-image size-large wp-lightbox-container\"><img loading=\"lazy\" decoding=\"async\" width=\"1090\" height=\"709\" data-wp-class--hide=\"state.isContentHidden\" data-wp-class--show=\"state.isContentVisible\" data-wp-init=\"callbacks.setButtonStyles\" data-wp-on-async--click=\"actions.showLightbox\" data-wp-on-async--load=\"callbacks.setButtonStyles\" data-wp-on-async-window--resize=\"callbacks.setButtonStyles\" src=\"https:\/\/www.d-velop.de\/blog\/wp-content\/uploads\/2025\/06\/d-velop-summit-2025-health-care-stage-1090x709.jpg\" alt=\"Bild zeigt Dr. Tobias Krick auf der Health &amp; Care Stage auf dem d.velop summit 2026\" class=\"wp-image-55975\" srcset=\"https:\/\/www.d-velop.de\/blog\/wp-content\/uploads\/2025\/06\/d-velop-summit-2025-health-care-stage-1090x709.jpg 1090w, https:\/\/www.d-velop.de\/blog\/wp-content\/uploads\/2025\/06\/d-velop-summit-2025-health-care-stage-600x390.jpg 600w, https:\/\/www.d-velop.de\/blog\/wp-content\/uploads\/2025\/06\/d-velop-summit-2025-health-care-stage-768x499.jpg 768w, https:\/\/www.d-velop.de\/blog\/wp-content\/uploads\/2025\/06\/d-velop-summit-2025-health-care-stage-1536x998.jpg 1536w, https:\/\/www.d-velop.de\/blog\/wp-content\/uploads\/2025\/06\/d-velop-summit-2025-health-care-stage-1920x1248.jpg 1920w, https:\/\/www.d-velop.de\/blog\/wp-content\/uploads\/2025\/06\/d-velop-summit-2025-health-care-stage.jpg 2000w\" sizes=\"auto, (max-width: 1090px) 100vw, 1090px\" \/><button\n\t\t\tclass=\"lightbox-trigger\"\n\t\t\ttype=\"button\"\n\t\t\taria-haspopup=\"dialog\"\n\t\t\taria-label=\"Bild vergr\u00f6\u00dfern: Bild zeigt Dr. Tobias Krick auf der Health &amp; Care Stage auf dem d.velop summit 2026\"\n\t\t\tdata-wp-init=\"callbacks.initTriggerButton\"\n\t\t\tdata-wp-on-async--click=\"actions.showLightbox\"\n\t\t\tdata-wp-style--right=\"state.imageButtonRight\"\n\t\t\tdata-wp-style--top=\"state.imageButtonTop\"\n\t\t>\n\t\t\t<svg xmlns=\"http:\/\/www.w3.org\/2000\/svg\" width=\"12\" height=\"12\" fill=\"none\" viewBox=\"0 0 12 12\">\n\t\t\t\t<path fill=\"#fff\" d=\"M2 0a2 2 0 0 0-2 2v2h1.5V2a.5.5 0 0 1 .5-.5h2V0H2Zm2 10.5H2a.5.5 0 0 1-.5-.5V8H0v2a2 2 0 0 0 2 2h2v-1.5ZM8 12v-1.5h2a.5.5 0 0 0 .5-.5V8H12v2a2 2 0 0 1-2 2H8Zm2-12a2 2 0 0 1 2 2v2h-1.5V2a.5.5 0 0 0-.5-.5H8V0h2Z\" \/>\n\t\t\t<\/svg>\n\t\t<\/button><\/figure>\n\n\n\n<h2 data-beyondwords-marker=\"a8bca1ab-6663-407f-9005-f18124505c89\" class=\"wp-block-heading\" id=\"h-financial-service-stage\"><span class=\"ez-toc-section\" id=\"financial-service-stage\"><\/span>Financial Service Stage<span class=\"ez-toc-section-end\"><\/span><\/h2>\n\n\n\n<p data-beyondwords-marker=\"382f8616-9139-4ca2-b9fb-2fb7f54b11ed\">Auf der Financial Service Stage drehte sich alles um den intelligenten Umgang mit Daten. In der Session \u201eFremde Gew\u00e4sser, eigene Kontrolle\u201c wurde gezeigt, wie Finanzdienstleister mit GenAI verborgene Datenpotenziale heben und gleichzeitig regulatorische Anforderungen erf\u00fcllen k\u00f6nnen.<\/p>\n\n\n\n<p data-beyondwords-marker=\"509f7d00-6ba0-4f8d-966d-566d960d79be\">Die Kombination aus d.velop pilot und d.velop documents erm\u00f6glichte praxisnahe Einblicke in automatisierte Dokumentenprozesse und smarte Entscheidungsunterst\u00fctzung.<\/p>\n\n\n\n<figure data-wp-context=\"{&quot;imageId&quot;:&quot;69f267134dcb6&quot;}\" data-wp-interactive=\"core\/image\" data-beyondwords-marker=\"537dd37a-126e-4e82-870b-cb0f6e922845\" class=\"wp-block-image size-large wp-lightbox-container\"><img loading=\"lazy\" decoding=\"async\" width=\"1090\" height=\"727\" data-wp-class--hide=\"state.isContentHidden\" data-wp-class--show=\"state.isContentVisible\" data-wp-init=\"callbacks.setButtonStyles\" data-wp-on-async--click=\"actions.showLightbox\" data-wp-on-async--load=\"callbacks.setButtonStyles\" data-wp-on-async-window--resize=\"callbacks.setButtonStyles\" src=\"https:\/\/www.d-velop.de\/blog\/wp-content\/uploads\/2025\/06\/d-velop-summit-2025-financial-services-stage-1090x727.jpg\" alt=\"Bild zeigt Barbara Lampl auf der d.velop financial services stage\" class=\"wp-image-55974\" srcset=\"https:\/\/www.d-velop.de\/blog\/wp-content\/uploads\/2025\/06\/d-velop-summit-2025-financial-services-stage-1090x727.jpg 1090w, https:\/\/www.d-velop.de\/blog\/wp-content\/uploads\/2025\/06\/d-velop-summit-2025-financial-services-stage-600x400.jpg 600w, https:\/\/www.d-velop.de\/blog\/wp-content\/uploads\/2025\/06\/d-velop-summit-2025-financial-services-stage-768x512.jpg 768w, https:\/\/www.d-velop.de\/blog\/wp-content\/uploads\/2025\/06\/d-velop-summit-2025-financial-services-stage-1536x1025.jpg 1536w, https:\/\/www.d-velop.de\/blog\/wp-content\/uploads\/2025\/06\/d-velop-summit-2025-financial-services-stage-1920x1281.jpg 1920w, https:\/\/www.d-velop.de\/blog\/wp-content\/uploads\/2025\/06\/d-velop-summit-2025-financial-services-stage.jpg 2000w\" sizes=\"auto, (max-width: 1090px) 100vw, 1090px\" \/><button\n\t\t\tclass=\"lightbox-trigger\"\n\t\t\ttype=\"button\"\n\t\t\taria-haspopup=\"dialog\"\n\t\t\taria-label=\"Bild vergr\u00f6\u00dfern: Bild zeigt Barbara Lampl auf der d.velop financial services stage\"\n\t\t\tdata-wp-init=\"callbacks.initTriggerButton\"\n\t\t\tdata-wp-on-async--click=\"actions.showLightbox\"\n\t\t\tdata-wp-style--right=\"state.imageButtonRight\"\n\t\t\tdata-wp-style--top=\"state.imageButtonTop\"\n\t\t>\n\t\t\t<svg xmlns=\"http:\/\/www.w3.org\/2000\/svg\" width=\"12\" height=\"12\" fill=\"none\" viewBox=\"0 0 12 12\">\n\t\t\t\t<path fill=\"#fff\" d=\"M2 0a2 2 0 0 0-2 2v2h1.5V2a.5.5 0 0 1 .5-.5h2V0H2Zm2 10.5H2a.5.5 0 0 1-.5-.5V8H0v2a2 2 0 0 0 2 2h2v-1.5ZM8 12v-1.5h2a.5.5 0 0 0 .5-.5V8H12v2a2 2 0 0 1-2 2H8Zm2-12a2 2 0 0 1 2 2v2h-1.5V2a.5.5 0 0 0-.5-.5H8V0h2Z\" \/>\n\t\t\t<\/svg>\n\t\t<\/button><\/figure>\n\n\n\n<h2 data-beyondwords-marker=\"df86850d-b4c6-4cf8-aa5b-b1e94ab7a32b\" class=\"wp-block-heading\" id=\"h-private-economy-stage-resilienz-durch-smarte-digitalisierung\"><span class=\"ez-toc-section\" id=\"private-economy-stage-resilienz-durch-smarte-digitalisierung\"><\/span>Private Economy Stage: Resilienz durch smarte Digitalisierung<span class=\"ez-toc-section-end\"><\/span><\/h2>\n\n\n\n<p data-beyondwords-marker=\"74c213dd-229e-4ba5-bf0c-4372791fccd8\">In unsicheren Zeiten braucht es smarte L\u00f6sungen \u2013 genau das bot die Private Economy Stage. Der Fokus lag auf der Transformation durch KI und digitale Plattformen. Unternehmen erfuhren, wie sie durch Automatisierung und intelligente Prozesse nicht nur effizienter, sondern auch krisenfester werden. Unter anderem zeigte die Coroplast Group, wie sie die HR-Transformation angegangen ist. Hier wurden die Herausforderungen und Erfolge bei der Einf\u00fchrung digitaler Personalakten und digitaler Postzustellung gezeigt. <\/p>\n\n\n\n<h2 data-beyondwords-marker=\"50343c4c-c143-4a0b-bc50-d5e17d4555d4\" class=\"wp-block-heading\" id=\"h-tech-lab-technologie-zum-anfassen\"><span class=\"ez-toc-section\" id=\"tech-lab-technologie-zum-anfassen\"><\/span>Tech Lab: Technologie zum Anfassen<span class=\"ez-toc-section-end\"><\/span><\/h2>\n\n\n\n<p data-beyondwords-marker=\"1feba56d-7d22-44f3-940b-3ef11fca7d27\">Im Tech Lab wurde es praktisch: Hier konnten Besucher:innen neueste Technologien live erleben und ausprobieren. Von KI-Demos \u00fcber Prozessautomatisierung bis hin zu Cloudl\u00f6sungen \u2013 das Tech Lab war der Spielplatz f\u00fcr alle Tech-Enthusiast:innen und Entwickler:innen.<\/p>\n\n\n\n<figure data-wp-context=\"{&quot;imageId&quot;:&quot;69f267134e05e&quot;}\" data-wp-interactive=\"core\/image\" data-beyondwords-marker=\"243c1341-d6c8-499a-8d9d-66c63a0ec925\" class=\"wp-block-image size-large wp-lightbox-container\"><img loading=\"lazy\" decoding=\"async\" width=\"1090\" height=\"709\" data-wp-class--hide=\"state.isContentHidden\" data-wp-class--show=\"state.isContentVisible\" data-wp-init=\"callbacks.setButtonStyles\" data-wp-on-async--click=\"actions.showLightbox\" data-wp-on-async--load=\"callbacks.setButtonStyles\" data-wp-on-async-window--resize=\"callbacks.setButtonStyles\" src=\"https:\/\/www.d-velop.de\/blog\/wp-content\/uploads\/2025\/06\/d-velop-summit-2025-tech-lab-1090x709.jpg\" alt=\"Bild zeigt das Tech Lab auf dem d.velop SUMMIT 2025\" class=\"wp-image-55984\" srcset=\"https:\/\/www.d-velop.de\/blog\/wp-content\/uploads\/2025\/06\/d-velop-summit-2025-tech-lab-1090x709.jpg 1090w, https:\/\/www.d-velop.de\/blog\/wp-content\/uploads\/2025\/06\/d-velop-summit-2025-tech-lab-600x390.jpg 600w, https:\/\/www.d-velop.de\/blog\/wp-content\/uploads\/2025\/06\/d-velop-summit-2025-tech-lab-768x499.jpg 768w, https:\/\/www.d-velop.de\/blog\/wp-content\/uploads\/2025\/06\/d-velop-summit-2025-tech-lab-1536x998.jpg 1536w, https:\/\/www.d-velop.de\/blog\/wp-content\/uploads\/2025\/06\/d-velop-summit-2025-tech-lab-1920x1248.jpg 1920w, https:\/\/www.d-velop.de\/blog\/wp-content\/uploads\/2025\/06\/d-velop-summit-2025-tech-lab.jpg 2000w\" sizes=\"auto, (max-width: 1090px) 100vw, 1090px\" \/><button\n\t\t\tclass=\"lightbox-trigger\"\n\t\t\ttype=\"button\"\n\t\t\taria-haspopup=\"dialog\"\n\t\t\taria-label=\"Bild vergr\u00f6\u00dfern: Bild zeigt das Tech Lab auf dem d.velop SUMMIT 2025\"\n\t\t\tdata-wp-init=\"callbacks.initTriggerButton\"\n\t\t\tdata-wp-on-async--click=\"actions.showLightbox\"\n\t\t\tdata-wp-style--right=\"state.imageButtonRight\"\n\t\t\tdata-wp-style--top=\"state.imageButtonTop\"\n\t\t>\n\t\t\t<svg xmlns=\"http:\/\/www.w3.org\/2000\/svg\" width=\"12\" height=\"12\" fill=\"none\" viewBox=\"0 0 12 12\">\n\t\t\t\t<path fill=\"#fff\" d=\"M2 0a2 2 0 0 0-2 2v2h1.5V2a.5.5 0 0 1 .5-.5h2V0H2Zm2 10.5H2a.5.5 0 0 1-.5-.5V8H0v2a2 2 0 0 0 2 2h2v-1.5ZM8 12v-1.5h2a.5.5 0 0 0 .5-.5V8H12v2a2 2 0 0 1-2 2H8Zm2-12a2 2 0 0 1 2 2v2h-1.5V2a.5.5 0 0 0-.5-.5H8V0h2Z\" \/>\n\t\t\t<\/svg>\n\t\t<\/button><\/figure>\n\n\n\n<h2 data-beyondwords-marker=\"1c5e4cd9-6273-4c10-99b3-bb5f5acc24b7\" class=\"wp-block-heading\" id=\"h-academy-hub-lernen-mit-tiefgang\"><span class=\"ez-toc-section\" id=\"academy-hub-lernen-mit-tiefgang\"><\/span>Academy Hub: Lernen mit Tiefgang<span class=\"ez-toc-section-end\"><\/span><\/h2>\n\n\n\n<p data-beyondwords-marker=\"b802717d-af4b-4988-9143-f47f723f597f\">Praxisnahe Workshops und Deep Dives f\u00fcr alle, die ihr Know-how erweitern wollten, gab es beim Academy Hub. Ob Einsteiger:in oder Expert:in \u2013 hier war f\u00fcr jede:n etwas dabei. Besonders beliebt: die Sessions zur Prozessautomatisierung und Dokumentenmanagement mit Produkten von d.velop.<\/p>\n\n\n\n<figure data-wp-context=\"{&quot;imageId&quot;:&quot;69f267134e353&quot;}\" data-wp-interactive=\"core\/image\" data-beyondwords-marker=\"1f085a7b-ef88-4e7a-9afc-f25c2656f6fa\" class=\"wp-block-image size-large wp-lightbox-container\"><img loading=\"lazy\" decoding=\"async\" width=\"1090\" height=\"709\" data-wp-class--hide=\"state.isContentHidden\" data-wp-class--show=\"state.isContentVisible\" data-wp-init=\"callbacks.setButtonStyles\" data-wp-on-async--click=\"actions.showLightbox\" data-wp-on-async--load=\"callbacks.setButtonStyles\" data-wp-on-async-window--resize=\"callbacks.setButtonStyles\" src=\"https:\/\/www.d-velop.de\/blog\/wp-content\/uploads\/2025\/06\/d-velop-summit-2025-academy-hub-1090x709.jpg\" alt=\"Bild zeigt den Academy Hub auf dem d.velop SUMMIT 2025\" class=\"wp-image-55986\" srcset=\"https:\/\/www.d-velop.de\/blog\/wp-content\/uploads\/2025\/06\/d-velop-summit-2025-academy-hub-1090x709.jpg 1090w, https:\/\/www.d-velop.de\/blog\/wp-content\/uploads\/2025\/06\/d-velop-summit-2025-academy-hub-600x390.jpg 600w, https:\/\/www.d-velop.de\/blog\/wp-content\/uploads\/2025\/06\/d-velop-summit-2025-academy-hub-768x499.jpg 768w, https:\/\/www.d-velop.de\/blog\/wp-content\/uploads\/2025\/06\/d-velop-summit-2025-academy-hub-1536x998.jpg 1536w, https:\/\/www.d-velop.de\/blog\/wp-content\/uploads\/2025\/06\/d-velop-summit-2025-academy-hub-1920x1248.jpg 1920w, https:\/\/www.d-velop.de\/blog\/wp-content\/uploads\/2025\/06\/d-velop-summit-2025-academy-hub.jpg 2000w\" sizes=\"auto, (max-width: 1090px) 100vw, 1090px\" \/><button\n\t\t\tclass=\"lightbox-trigger\"\n\t\t\ttype=\"button\"\n\t\t\taria-haspopup=\"dialog\"\n\t\t\taria-label=\"Bild vergr\u00f6\u00dfern: Bild zeigt den Academy Hub auf dem d.velop SUMMIT 2025\"\n\t\t\tdata-wp-init=\"callbacks.initTriggerButton\"\n\t\t\tdata-wp-on-async--click=\"actions.showLightbox\"\n\t\t\tdata-wp-style--right=\"state.imageButtonRight\"\n\t\t\tdata-wp-style--top=\"state.imageButtonTop\"\n\t\t>\n\t\t\t<svg xmlns=\"http:\/\/www.w3.org\/2000\/svg\" width=\"12\" height=\"12\" fill=\"none\" viewBox=\"0 0 12 12\">\n\t\t\t\t<path fill=\"#fff\" d=\"M2 0a2 2 0 0 0-2 2v2h1.5V2a.5.5 0 0 1 .5-.5h2V0H2Zm2 10.5H2a.5.5 0 0 1-.5-.5V8H0v2a2 2 0 0 0 2 2h2v-1.5ZM8 12v-1.5h2a.5.5 0 0 0 .5-.5V8H12v2a2 2 0 0 1-2 2H8Zm2-12a2 2 0 0 1 2 2v2h-1.5V2a.5.5 0 0 0-.5-.5H8V0h2Z\" \/>\n\t\t\t<\/svg>\n\t\t<\/button><\/figure>\n\n\n\n<h2 data-beyondwords-marker=\"dedbbb84-6481-4756-b793-d720c88f8cfe\" class=\"wp-block-heading\" id=\"h-otc-stage-vertrauen-skalierbarkeit-souveranitat\"><span class=\"ez-toc-section\" id=\"otc-stage-vertrauen-skalierbarkeit-souveraenitaet\"><\/span>OTC Stage: Vertrauen, Skalierbarkeit, Souver\u00e4nit\u00e4t<span class=\"ez-toc-section-end\"><\/span><\/h2>\n\n\n\n<p data-beyondwords-marker=\"d443ac97-4a3f-48ae-b7aa-0f8a1c6bc4f0\">Die Zusammenarbeit zwischen d.velop und der Open Telekom Cloud (OTC) war auch 2025 ein fester Bestandteil des d.velop SUMMITS. Als strategischer Partner und Main Sponsor brachte die OTC ihre Expertise in Sachen Cloudinfrastruktur und Datensouver\u00e4nit\u00e4t ein \u2013 ein wichtiger Baustein f\u00fcr viele Digitalisierungsprojekte im d.velop-\u00d6kosystem.<\/p>\n\n\n\n<p data-beyondwords-marker=\"bd5d6eea-10ff-47f6-bb89-40e29bbbdb53\">In der Session \u201ed.velop@OTC: Zwei Jahre Partnerschaft \u2013 Aspekte der Cloudmigration\u201c wurden Erfahrungen aus der gemeinsamen Cloudreise geteilt. Im Fokus standen praxisnahe Einblicke in erfolgreiche Migrationsprojekte, typische Stolpersteine und bew\u00e4hrte Vorgehensweisen. Die Diskussion zeigte, wie wichtig Vertrauen, Sicherheit und Skalierbarkeit bei der Wahl der Cloudplattform sind \u2013 und wie diese Partnerschaft Unternehmen dabei unterst\u00fctzt, genau das zu erreichen.<\/p>\n\n\n\n<figure data-wp-context=\"{&quot;imageId&quot;:&quot;69f267134e665&quot;}\" data-wp-interactive=\"core\/image\" data-beyondwords-marker=\"740619ff-aebb-4f1e-a05a-7eb771e695cf\" class=\"wp-block-image size-large wp-lightbox-container\"><img loading=\"lazy\" decoding=\"async\" width=\"1090\" height=\"709\" data-wp-class--hide=\"state.isContentHidden\" data-wp-class--show=\"state.isContentVisible\" data-wp-init=\"callbacks.setButtonStyles\" data-wp-on-async--click=\"actions.showLightbox\" data-wp-on-async--load=\"callbacks.setButtonStyles\" data-wp-on-async-window--resize=\"callbacks.setButtonStyles\" src=\"https:\/\/www.d-velop.de\/blog\/wp-content\/uploads\/2025\/06\/d-velop-summit-2025-otc-stage-1090x709.jpg\" alt=\"Bild zeigt die OTC Stage auf dem d.velop SUMMIT 2025\" class=\"wp-image-55985\" srcset=\"https:\/\/www.d-velop.de\/blog\/wp-content\/uploads\/2025\/06\/d-velop-summit-2025-otc-stage-1090x709.jpg 1090w, https:\/\/www.d-velop.de\/blog\/wp-content\/uploads\/2025\/06\/d-velop-summit-2025-otc-stage-600x390.jpg 600w, https:\/\/www.d-velop.de\/blog\/wp-content\/uploads\/2025\/06\/d-velop-summit-2025-otc-stage-768x499.jpg 768w, https:\/\/www.d-velop.de\/blog\/wp-content\/uploads\/2025\/06\/d-velop-summit-2025-otc-stage-1536x998.jpg 1536w, https:\/\/www.d-velop.de\/blog\/wp-content\/uploads\/2025\/06\/d-velop-summit-2025-otc-stage-1920x1248.jpg 1920w, https:\/\/www.d-velop.de\/blog\/wp-content\/uploads\/2025\/06\/d-velop-summit-2025-otc-stage.jpg 2000w\" sizes=\"auto, (max-width: 1090px) 100vw, 1090px\" \/><button\n\t\t\tclass=\"lightbox-trigger\"\n\t\t\ttype=\"button\"\n\t\t\taria-haspopup=\"dialog\"\n\t\t\taria-label=\"Bild vergr\u00f6\u00dfern: Bild zeigt die OTC Stage auf dem d.velop SUMMIT 2025\"\n\t\t\tdata-wp-init=\"callbacks.initTriggerButton\"\n\t\t\tdata-wp-on-async--click=\"actions.showLightbox\"\n\t\t\tdata-wp-style--right=\"state.imageButtonRight\"\n\t\t\tdata-wp-style--top=\"state.imageButtonTop\"\n\t\t>\n\t\t\t<svg xmlns=\"http:\/\/www.w3.org\/2000\/svg\" width=\"12\" height=\"12\" fill=\"none\" viewBox=\"0 0 12 12\">\n\t\t\t\t<path fill=\"#fff\" d=\"M2 0a2 2 0 0 0-2 2v2h1.5V2a.5.5 0 0 1 .5-.5h2V0H2Zm2 10.5H2a.5.5 0 0 1-.5-.5V8H0v2a2 2 0 0 0 2 2h2v-1.5ZM8 12v-1.5h2a.5.5 0 0 0 .5-.5V8H12v2a2 2 0 0 1-2 2H8Zm2-12a2 2 0 0 1 2 2v2h-1.5V2a.5.5 0 0 0-.5-.5H8V0h2Z\" \/>\n\t\t\t<\/svg>\n\t\t<\/button><\/figure>\n\n\n\n<h2 data-beyondwords-marker=\"13a9d761-dd11-4adb-8d71-a669d9435f6c\" class=\"wp-block-heading\" id=\"h-mehr-als-keynotes-inspiration-interaktion-und-innovation-zum-anfassen\"><span class=\"ez-toc-section\" id=\"mehr-als-keynotes-inspiration-interaktion-und-innovation-zum-anfassen\"><\/span>Mehr als Keynotes: Inspiration, Interaktion und Innovation zum Anfassen<span class=\"ez-toc-section-end\"><\/span><\/h2>\n\n\n\n<p data-beyondwords-marker=\"827caa68-ffac-4802-bd66-38da2265a366\">Neben den mitrei\u00dfenden Keynotes bot der d.velop summit 2025 ein vielseitiges Programm, das weit \u00fcber strategische Impulse hinausging. In interaktiven Workshops, praxisnahen Produktpr\u00e4sentationen, spannenden Diskussionsrunden und authentischen Erfahrungsberichten erhielten die Teilnehmer:innen konkrete Einblicke in aktuelle Entwicklungen und bew\u00e4hrte Best Practices aus der digitalen Welt.<\/p>\n\n\n\n<p data-beyondwords-marker=\"57869ea6-4059-450c-b8fc-f4336b42e20e\">Ein besonderes Highlight war der&nbsp;<strong>Experience Hub<\/strong>&nbsp;\u2013 das interaktive Herzst\u00fcck des Summits. Hier konnten Besucher:innen die neuesten digitalen L\u00f6sungen von d.velop live erleben, innovative Anwendungen selbst ausprobieren und sich direkt mit Expert:innen austauschen. Ob KI-gest\u00fctzte Prozesse, smarte Dokumentenl\u00f6sungen oder neue Plattformfunktionen \u2013 der Experience Hub machte Digitalisierung erlebbar und bot Raum f\u00fcr echten Wissenstransfer.<\/p>\n\n\n\n<figure data-wp-context=\"{&quot;imageId&quot;:&quot;69f267134ea15&quot;}\" data-wp-interactive=\"core\/image\" data-beyondwords-marker=\"3cafca60-a527-4967-818b-a4a61cd28e91\" class=\"wp-block-image size-large wp-lightbox-container\"><img loading=\"lazy\" decoding=\"async\" width=\"1090\" height=\"709\" data-wp-class--hide=\"state.isContentHidden\" data-wp-class--show=\"state.isContentVisible\" data-wp-init=\"callbacks.setButtonStyles\" data-wp-on-async--click=\"actions.showLightbox\" data-wp-on-async--load=\"callbacks.setButtonStyles\" data-wp-on-async-window--resize=\"callbacks.setButtonStyles\" src=\"https:\/\/www.d-velop.de\/blog\/wp-content\/uploads\/2025\/06\/d-velop-summit-2025-experience-hub-1-1090x709.jpg\" alt=\"BIld zeigt den Experience Hub auf dem d.velop SUMMIT 2025\" class=\"wp-image-55982\" srcset=\"https:\/\/www.d-velop.de\/blog\/wp-content\/uploads\/2025\/06\/d-velop-summit-2025-experience-hub-1-1090x709.jpg 1090w, https:\/\/www.d-velop.de\/blog\/wp-content\/uploads\/2025\/06\/d-velop-summit-2025-experience-hub-1-600x390.jpg 600w, https:\/\/www.d-velop.de\/blog\/wp-content\/uploads\/2025\/06\/d-velop-summit-2025-experience-hub-1-768x499.jpg 768w, https:\/\/www.d-velop.de\/blog\/wp-content\/uploads\/2025\/06\/d-velop-summit-2025-experience-hub-1-1536x998.jpg 1536w, https:\/\/www.d-velop.de\/blog\/wp-content\/uploads\/2025\/06\/d-velop-summit-2025-experience-hub-1-1920x1248.jpg 1920w, https:\/\/www.d-velop.de\/blog\/wp-content\/uploads\/2025\/06\/d-velop-summit-2025-experience-hub-1.jpg 2000w\" sizes=\"auto, (max-width: 1090px) 100vw, 1090px\" \/><button\n\t\t\tclass=\"lightbox-trigger\"\n\t\t\ttype=\"button\"\n\t\t\taria-haspopup=\"dialog\"\n\t\t\taria-label=\"Bild vergr\u00f6\u00dfern: BIld zeigt den Experience Hub auf dem d.velop SUMMIT 2025\"\n\t\t\tdata-wp-init=\"callbacks.initTriggerButton\"\n\t\t\tdata-wp-on-async--click=\"actions.showLightbox\"\n\t\t\tdata-wp-style--right=\"state.imageButtonRight\"\n\t\t\tdata-wp-style--top=\"state.imageButtonTop\"\n\t\t>\n\t\t\t<svg xmlns=\"http:\/\/www.w3.org\/2000\/svg\" width=\"12\" height=\"12\" fill=\"none\" viewBox=\"0 0 12 12\">\n\t\t\t\t<path fill=\"#fff\" d=\"M2 0a2 2 0 0 0-2 2v2h1.5V2a.5.5 0 0 1 .5-.5h2V0H2Zm2 10.5H2a.5.5 0 0 1-.5-.5V8H0v2a2 2 0 0 0 2 2h2v-1.5ZM8 12v-1.5h2a.5.5 0 0 0 .5-.5V8H12v2a2 2 0 0 1-2 2H8Zm2-12a2 2 0 0 1 2 2v2h-1.5V2a.5.5 0 0 0-.5-.5H8V0h2Z\" \/>\n\t\t\t<\/svg>\n\t\t<\/button><\/figure>\n\n\n\n<p data-beyondwords-marker=\"5149c95b-6a69-4fc6-bb7f-b408a2900201\">Auch die rund&nbsp;<strong>50 Sponsoren und Aussteller<\/strong>&nbsp;trugen ma\u00dfgeblich zum Erfolg des Events bei. Ihre St\u00e4nde boten spannende Einblicke in aktuelle Forschung, technologische Trends und innovative L\u00f6sungen aus dem Partnernetzwerk \u2013 eine wertvolle Inspirationsquelle f\u00fcr alle, die am Puls der Zeit bleiben wollen.<\/p>\n\n\n\n<p data-beyondwords-marker=\"8b7c2b9c-33ff-4e46-bac5-cbf7d7d32460\">Abseits der Fachinhalte sorgte ein abwechslungsreiches Rahmenprogramm f\u00fcr Ausgleich und Austausch. In der\u00a0<strong>Chill- und Massage-Area<\/strong>\u00a0konnten sich die G\u00e4ste eine kurze Auszeit g\u00f6nnen, bevor es mit frischem Kopf weiterging. Und beim\u00a0<strong>Abendprogramm<\/strong>\u00a0klang der Tag in entspannter Atmosph\u00e4re aus \u2013 mit guten Gespr\u00e4chen, neuen Kontakten und einem starken Gemeinschaftsgef\u00fchl. Hier war das Bobby-Car-Rennen mit dem offiziellen Bobby-Car Sport-Verband eines der Highlights.<\/p>\n\n\n\n<figure data-wp-context=\"{&quot;imageId&quot;:&quot;69f267134ede4&quot;}\" data-wp-interactive=\"core\/image\" data-beyondwords-marker=\"bfac6d6f-ce80-4cfd-8806-b2bafcb2ccc5\" class=\"wp-block-image size-large wp-lightbox-container\"><img loading=\"lazy\" decoding=\"async\" width=\"1090\" height=\"709\" data-wp-class--hide=\"state.isContentHidden\" data-wp-class--show=\"state.isContentVisible\" data-wp-init=\"callbacks.setButtonStyles\" data-wp-on-async--click=\"actions.showLightbox\" data-wp-on-async--load=\"callbacks.setButtonStyles\" data-wp-on-async-window--resize=\"callbacks.setButtonStyles\" src=\"https:\/\/www.d-velop.de\/blog\/wp-content\/uploads\/2025\/06\/d-velop-summit-2025-bobby-car-1090x709.jpg\" alt=\"Bild zeigt Booby Cars beim d.velop SUMMIT 2025\" class=\"wp-image-55987\" srcset=\"https:\/\/www.d-velop.de\/blog\/wp-content\/uploads\/2025\/06\/d-velop-summit-2025-bobby-car-1090x709.jpg 1090w, https:\/\/www.d-velop.de\/blog\/wp-content\/uploads\/2025\/06\/d-velop-summit-2025-bobby-car-600x390.jpg 600w, https:\/\/www.d-velop.de\/blog\/wp-content\/uploads\/2025\/06\/d-velop-summit-2025-bobby-car-768x499.jpg 768w, https:\/\/www.d-velop.de\/blog\/wp-content\/uploads\/2025\/06\/d-velop-summit-2025-bobby-car-1536x998.jpg 1536w, https:\/\/www.d-velop.de\/blog\/wp-content\/uploads\/2025\/06\/d-velop-summit-2025-bobby-car-1920x1248.jpg 1920w, https:\/\/www.d-velop.de\/blog\/wp-content\/uploads\/2025\/06\/d-velop-summit-2025-bobby-car.jpg 2000w\" sizes=\"auto, (max-width: 1090px) 100vw, 1090px\" \/><button\n\t\t\tclass=\"lightbox-trigger\"\n\t\t\ttype=\"button\"\n\t\t\taria-haspopup=\"dialog\"\n\t\t\taria-label=\"Bild vergr\u00f6\u00dfern: Bild zeigt Booby Cars beim d.velop SUMMIT 2025\"\n\t\t\tdata-wp-init=\"callbacks.initTriggerButton\"\n\t\t\tdata-wp-on-async--click=\"actions.showLightbox\"\n\t\t\tdata-wp-style--right=\"state.imageButtonRight\"\n\t\t\tdata-wp-style--top=\"state.imageButtonTop\"\n\t\t>\n\t\t\t<svg xmlns=\"http:\/\/www.w3.org\/2000\/svg\" width=\"12\" height=\"12\" fill=\"none\" viewBox=\"0 0 12 12\">\n\t\t\t\t<path fill=\"#fff\" d=\"M2 0a2 2 0 0 0-2 2v2h1.5V2a.5.5 0 0 1 .5-.5h2V0H2Zm2 10.5H2a.5.5 0 0 1-.5-.5V8H0v2a2 2 0 0 0 2 2h2v-1.5ZM8 12v-1.5h2a.5.5 0 0 0 .5-.5V8H12v2a2 2 0 0 1-2 2H8Zm2-12a2 2 0 0 1 2 2v2h-1.5V2a.5.5 0 0 0-.5-.5H8V0h2Z\" \/>\n\t\t\t<\/svg>\n\t\t<\/button><\/figure>\n\n\n\n<h2 data-beyondwords-marker=\"3377ccac-3ba8-4ada-be69-59b984a04cc3\" class=\"wp-block-heading\" id=\"h-der-fruhe-vogel-d-velop-summit-2026\"><span class=\"ez-toc-section\" id=\"der-fruehe-vogel-dvelop-summit-2026\"><\/span>Der fr\u00fche Vogel: d.velop SUMMIT 2026<span class=\"ez-toc-section-end\"><\/span><\/h2>\n\n\n\n<p data-beyondwords-marker=\"0e6e7f0b-cf3b-4e50-802e-c4bea489a789\">Der d.velop SUMMIT 2025 hat eindrucksvoll gezeigt, wie inspirierend und zukunftsweisend digitale Transformation sein kann. Die Veranstaltung bot den Teilnehmer:innen eine F\u00fclle an praxisnahen Impulsen, spannenden Diskussionen und interaktiven Formaten. Gemeinsam wurden neue Perspektiven er\u00f6ffnet und konkrete L\u00f6sungsans\u00e4tze f\u00fcr die Herausforderungen der digitalen Welt entwickelt \u2013 ein echtes Highlight f\u00fcr alle, die die Zukunft aktiv mitgestalten wollen.<\/p>\n\n\n\n<script data-beyondwords-marker=\"a04a4c47-b70f-482a-8d1b-d434449f33ba\" src=\"https:\/\/fast.wistia.com\/player.js\" async><\/script><script src=\"https:\/\/fast.wistia.com\/embed\/83i26xj3vv.js\" async type=\"module\"><\/script><style>wistia-player[media-id='83i26xj3vv']:not(:defined) { background: center \/ contain no-repeat url('https:\/\/fast.wistia.com\/embed\/medias\/83i26xj3vv\/swatch'); display: block; filter: blur(5px); padding-top:56.25%; }<\/style> <wistia-player media-id=\"83i26xj3vv\" aspect=\"1.7777777777777777\"><\/wistia-player>\n\n\n\n<p data-beyondwords-marker=\"66e51e34-271f-417d-bde5-e456cab95df0\">Aber nach dem d.velop SUMMIT ist vor dem d.velop SUMMIT. Wir freuen uns jetzt schon auf das kommende Jahr, wo dich wieder faszinierende Themen, innovative L\u00f6sungen und jede Menge Raum f\u00fcr Austausch und Vernetzung erwarten. Also: Termin vormerken und dabei sein, wenn wir gemeinsam die digitale Zukunft weiterdenken!<\/p>\n\n\n\n<div data-beyondwords-marker=\"ae02de7f-8401-4a33-be6e-e7ab49932976\" class=\"wp-block-group is-style-cta\"><div class=\"wp-block-group__inner-container is-layout-constrained wp-block-group-is-layout-constrained\">\n<figure data-beyondwords-marker=\"6729d5bf-92d1-4b4e-b6d6-1a94ccd40a2c\" class=\"wp-block-image size-full is-resized\"><img loading=\"lazy\" decoding=\"async\" width=\"610\" height=\"130\" src=\"https:\/\/www.d-velop.de\/blog\/wp-content\/uploads\/2025\/05\/early-bird.png\" alt=\"Early Bird Grafik\" class=\"wp-image-55942\" style=\"width:400px\" srcset=\"https:\/\/www.d-velop.de\/blog\/wp-content\/uploads\/2025\/05\/early-bird.png 610w, https:\/\/www.d-velop.de\/blog\/wp-content\/uploads\/2025\/05\/early-bird-600x128.png 600w\" sizes=\"auto, (max-width: 610px) 100vw, 610px\" \/><\/figure>\n\n\n\n<h3 data-beyondwords-marker=\"f8db9464-706e-4699-b895-c6bd3d7090ea\" class=\"wp-block-heading\" id=\"h-eines-der-ersten-200-community-day-tickets-fur-99-statt-199-sichern\">Eines der ersten 200 Community Day Tickets f\u00fcr <strong>99 \u20ac<\/strong> statt 199 \u20ac sichern!<\/h3>\n\n\n\n<p data-beyondwords-marker=\"f901765b-25b8-4182-9e09-9065c13e6941\">3 Tage volles Programm warten vom 09. Juni bis &#8211; 11. Juni 2026 im AREAL B\u00d6HLER in D\u00fcsseldorf auf Dich.<\/p>\n\n\n\n\t<div data-beyondwords-marker=\"fa7498e6-a4b4-4e0a-b2a8-31162162195a\" class=\"wp-block-buttons\">\n\t\t<div class=\"wp-block-button is-style-outline\">\n\t\t\t<a class=\"wp-block-button__link\" href=\"https:\/\/summit.d-velop.de\/early-bird-2026?utm_campaign=Sonstiges+-+d.velop+BLOG+-+01%2F2018&#038;utm_source=intern-blog-ger&#038;utm_medium=blogpost-d-velop-summit-2025&#038;utm_content=button\" target=\"_blank\">Ticket kaufen<\/a>\t\t<\/div>\n\t<\/div>\n\n\t<\/div><\/div>\n\n\n\n<p data-beyondwords-marker=\"9504f427-fd9a-453a-98f5-9fc4280dc070\"><\/p>\n","protected":false},"excerpt":{"rendered":"<p>Vom 3. bis 5. Juni verwandelte sich das AREAL B\u00d6HLER in D\u00fcsseldorf erneut in den Hotspot der Digitalisierung: unter dem [&hellip;]<\/p>\n","protected":false},"author":21,"featured_media":55956,"comment_status":"closed","ping_status":"closed","sticky":false,"template":"","format":"standard","meta":{"footnotes":"","beyondwords_generate_audio":"1","beyondwords_project_id":"23937","beyondwords_content_id":"304a5741-2942-4594-baee-24b34431afec","beyondwords_preview_token":"f3c18d3e-fba0-42b0-8b00-127ae05424b9","beyondwords_player_content":"","beyondwords_player_style":"","beyondwords_language_id":"","beyondwords_title_voice_id":"","beyondwords_body_voice_id":"","beyondwords_summary_voice_id":"","beyondwords_error_message":"","beyondwords_disabled":"1","beyondwords_delete_content":"","beyondwords_podcast_id":"","beyondwords_hash":"","publish_post_to_speechkit":"","speechkit_hash":"","speechkit_generate_audio":"","speechkit_project_id":"","speechkit_podcast_id":"","speechkit_error_message":"","speechkit_disabled":"","speechkit_access_key":"","speechkit_error":"","speechkit_info":"","speechkit_response":"","speechkit_retries":"","speechkit_status":"","speechkit_updated_at":"","_speechkit_link":"","_speechkit_text":""},"categories":[8],"tags":[6562],"class_list":["post-55955","post","type-post","status-publish","format-standard","has-post-thumbnail","hentry","category-unternehmen","tag-d-velop-summit"],"acf":[],"yoast_head":"<!-- This site is optimized with the Yoast SEO Premium plugin v25.6 (Yoast SEO v25.6) - https:\/\/yoast.com\/wordpress\/plugins\/seo\/ -->\n<title>Die besten Momente des d.velop SUMMIT 2025<\/title>\n<meta name=\"description\" content=\"Der d.velop SUMMIT 2025: 3 Tage voller Erkenntnisse und Networking mit Experten der Digitalisierungsbranche.\" \/>\n<meta name=\"robots\" content=\"index, follow, max-snippet:-1, max-image-preview:large, max-video-preview:-1\" \/>\n<link rel=\"canonical\" href=\"https:\/\/www.d-velop.de\/blog\/unternehmen\/d-velop-summit-2025-rueckblick\/\" \/>\n<meta property=\"og:locale\" content=\"de_DE\" \/>\n<meta property=\"og:type\" content=\"article\" \/>\n<meta property=\"og:title\" content=\"Zukunft zum Anfassen: Die besten Momente des d.velop SUMMIT 2025\" \/>\n<meta property=\"og:description\" content=\"Der d.velop SUMMIT 2025: 3 Tage voller Erkenntnisse und Networking mit Experten der Digitalisierungsbranche.\" \/>\n<meta property=\"og:url\" content=\"https:\/\/www.d-velop.de\/blog\/unternehmen\/d-velop-summit-2025-rueckblick\/\" \/>\n<meta property=\"og:site_name\" content=\"d.velop blog\" \/>\n<meta property=\"article:publisher\" content=\"https:\/\/www.facebook.com\/d.velop.ag\/\" \/>\n<meta property=\"article:published_time\" content=\"2025-06-06T09:47:34+00:00\" \/>\n<meta property=\"article:modified_time\" content=\"2025-06-06T09:47:37+00:00\" \/>\n<meta property=\"og:image\" content=\"https:\/\/www.d-velop.de\/blog\/wp-content\/uploads\/2025\/06\/beitragsbild-d-velop-summit-2025-rueckblick.png\" \/>\n\t<meta property=\"og:image:width\" content=\"2000\" \/>\n\t<meta property=\"og:image:height\" content=\"666\" \/>\n\t<meta property=\"og:image:type\" content=\"image\/png\" \/>\n<meta name=\"author\" content=\"Annika D\u00f6lle\" \/>\n<meta name=\"twitter:card\" content=\"summary_large_image\" \/>\n<meta name=\"twitter:creator\" content=\"@d_velop\" \/>\n<meta name=\"twitter:site\" content=\"@d_velop\" \/>\n<meta name=\"twitter:label1\" content=\"Verfasst von\" \/>\n\t<meta name=\"twitter:data1\" content=\"Annika D\u00f6lle\" \/>\n\t<meta name=\"twitter:label2\" content=\"Gesch\u00e4tzte Lesezeit\" \/>\n\t<meta name=\"twitter:data2\" content=\"11\u00a0Minuten\" \/>\n<script type=\"application\/ld+json\" class=\"yoast-schema-graph\">{\"@context\":\"https:\/\/schema.org\",\"@graph\":[{\"@type\":\"Article\",\"@id\":\"https:\/\/www.d-velop.de\/blog\/unternehmen\/d-velop-summit-2025-rueckblick\/#article\",\"isPartOf\":{\"@id\":\"https:\/\/www.d-velop.de\/blog\/unternehmen\/d-velop-summit-2025-rueckblick\/\"},\"author\":{\"name\":\"Annika D\u00f6lle\",\"@id\":\"https:\/\/www.d-velop.de\/blog\/#\/schema\/person\/8e1253e827060ae4fb4bf484e167c048\"},\"headline\":\"Zukunft zum Anfassen: Die besten Momente des d.velop SUMMIT 2025\",\"datePublished\":\"2025-06-06T09:47:34+00:00\",\"dateModified\":\"2025-06-06T09:47:37+00:00\",\"mainEntityOfPage\":{\"@id\":\"https:\/\/www.d-velop.de\/blog\/unternehmen\/d-velop-summit-2025-rueckblick\/\"},\"wordCount\":1506,\"publisher\":{\"@id\":\"https:\/\/www.d-velop.de\/blog\/#organization\"},\"image\":{\"@id\":\"https:\/\/www.d-velop.de\/blog\/unternehmen\/d-velop-summit-2025-rueckblick\/#primaryimage\"},\"thumbnailUrl\":\"https:\/\/www.d-velop.de\/blog\/wp-content\/uploads\/2025\/06\/beitragsbild-d-velop-summit-2025-rueckblick.png\",\"keywords\":[\"d.velop summit\"],\"articleSection\":[\"d.velop (er)leben\"],\"inLanguage\":\"de\"},{\"@type\":\"WebPage\",\"@id\":\"https:\/\/www.d-velop.de\/blog\/unternehmen\/d-velop-summit-2025-rueckblick\/\",\"url\":\"https:\/\/www.d-velop.de\/blog\/unternehmen\/d-velop-summit-2025-rueckblick\/\",\"name\":\"Die besten Momente des d.velop SUMMIT 2025\",\"isPartOf\":{\"@id\":\"https:\/\/www.d-velop.de\/blog\/#website\"},\"primaryImageOfPage\":{\"@id\":\"https:\/\/www.d-velop.de\/blog\/unternehmen\/d-velop-summit-2025-rueckblick\/#primaryimage\"},\"image\":{\"@id\":\"https:\/\/www.d-velop.de\/blog\/unternehmen\/d-velop-summit-2025-rueckblick\/#primaryimage\"},\"thumbnailUrl\":\"https:\/\/www.d-velop.de\/blog\/wp-content\/uploads\/2025\/06\/beitragsbild-d-velop-summit-2025-rueckblick.png\",\"datePublished\":\"2025-06-06T09:47:34+00:00\",\"dateModified\":\"2025-06-06T09:47:37+00:00\",\"description\":\"Der d.velop SUMMIT 2025: 3 Tage voller Erkenntnisse und Networking mit Experten der Digitalisierungsbranche.\",\"breadcrumb\":{\"@id\":\"https:\/\/www.d-velop.de\/blog\/unternehmen\/d-velop-summit-2025-rueckblick\/#breadcrumb\"},\"inLanguage\":\"de\",\"potentialAction\":[{\"@type\":\"ReadAction\",\"target\":[\"https:\/\/www.d-velop.de\/blog\/unternehmen\/d-velop-summit-2025-rueckblick\/\"]}]},{\"@type\":\"ImageObject\",\"inLanguage\":\"de\",\"@id\":\"https:\/\/www.d-velop.de\/blog\/unternehmen\/d-velop-summit-2025-rueckblick\/#primaryimage\",\"url\":\"https:\/\/www.d-velop.de\/blog\/wp-content\/uploads\/2025\/06\/beitragsbild-d-velop-summit-2025-rueckblick.png\",\"contentUrl\":\"https:\/\/www.d-velop.de\/blog\/wp-content\/uploads\/2025\/06\/beitragsbild-d-velop-summit-2025-rueckblick.png\",\"width\":2000,\"height\":666,\"caption\":\"Beitragsbild d.velop summit 2025 R\u00fcckblick\"},{\"@type\":\"BreadcrumbList\",\"@id\":\"https:\/\/www.d-velop.de\/blog\/unternehmen\/d-velop-summit-2025-rueckblick\/#breadcrumb\",\"itemListElement\":[{\"@type\":\"ListItem\",\"position\":1,\"name\":\"Startseite\",\"item\":\"https:\/\/www.d-velop.de\/blog\/\"},{\"@type\":\"ListItem\",\"position\":2,\"name\":\"Zukunft zum Anfassen: Die besten Momente des d.velop SUMMIT 2025\"}]},{\"@type\":\"WebSite\",\"@id\":\"https:\/\/www.d-velop.de\/blog\/#website\",\"url\":\"https:\/\/www.d-velop.de\/blog\/\",\"name\":\"d.velop blog\",\"description\":\"Digitalisierung, Dokumentenmanagement und rund um d.velop\",\"publisher\":{\"@id\":\"https:\/\/www.d-velop.de\/blog\/#organization\"},\"potentialAction\":[{\"@type\":\"SearchAction\",\"target\":{\"@type\":\"EntryPoint\",\"urlTemplate\":\"https:\/\/www.d-velop.de\/blog\/?s={search_term_string}\"},\"query-input\":{\"@type\":\"PropertyValueSpecification\",\"valueRequired\":true,\"valueName\":\"search_term_string\"}}],\"inLanguage\":\"de\"},{\"@type\":\"Organization\",\"@id\":\"https:\/\/www.d-velop.de\/blog\/#organization\",\"name\":\"d.velop Gruppe\",\"url\":\"https:\/\/www.d-velop.de\/blog\/\",\"logo\":{\"@type\":\"ImageObject\",\"inLanguage\":\"de\",\"@id\":\"https:\/\/www.d-velop.de\/blog\/#\/schema\/logo\/image\/\",\"url\":\"https:\/\/www.d-velop.de\/blog\/wp-content\/uploads\/2018\/12\/dvelop-blog-logo-invers.jpg\",\"contentUrl\":\"https:\/\/www.d-velop.de\/blog\/wp-content\/uploads\/2018\/12\/dvelop-blog-logo-invers.jpg\",\"width\":350,\"height\":350,\"caption\":\"d.velop Gruppe\"},\"image\":{\"@id\":\"https:\/\/www.d-velop.de\/blog\/#\/schema\/logo\/image\/\"},\"sameAs\":[\"https:\/\/www.facebook.com\/d.velop.ag\/\",\"https:\/\/x.com\/d_velop\",\"https:\/\/de.linkedin.com\/company\/d-velop\",\"https:\/\/www.xing.com\/pages\/d-velopag\",\"https:\/\/www.instagram.com\/d.velop_group\/\"]},{\"@type\":\"Person\",\"@id\":\"https:\/\/www.d-velop.de\/blog\/#\/schema\/person\/8e1253e827060ae4fb4bf484e167c048\",\"name\":\"Annika D\u00f6lle\",\"image\":{\"@type\":\"ImageObject\",\"inLanguage\":\"de\",\"@id\":\"https:\/\/www.d-velop.de\/blog\/#\/schema\/person\/image\/\",\"url\":\"https:\/\/www.d-velop.de\/blog\/wp-content\/uploads\/2017\/04\/Annika-Doelle-210x210.jpg\",\"contentUrl\":\"https:\/\/www.d-velop.de\/blog\/wp-content\/uploads\/2017\/04\/Annika-Doelle-210x210.jpg\",\"caption\":\"Annika D\u00f6lle\"},\"description\":\"Principal Growth Marketing Manager\",\"sameAs\":[\"https:\/\/www.d-velop.de\/\",\"https:\/\/www.instagram.com\/tommi_und_annika\/\",\"https:\/\/www.linkedin.com\/in\/annika-doelle\/\"],\"url\":\"https:\/\/www.d-velop.de\/blog\/author\/annika-doelle\/\"}]}<\/script>\n<!-- \/ Yoast SEO Premium plugin. -->","yoast_head_json":{"title":"Die besten Momente des d.velop SUMMIT 2025","description":"Der d.velop SUMMIT 2025: 3 Tage voller Erkenntnisse und Networking mit Experten der Digitalisierungsbranche.","robots":{"index":"index","follow":"follow","max-snippet":"max-snippet:-1","max-image-preview":"max-image-preview:large","max-video-preview":"max-video-preview:-1"},"canonical":"https:\/\/www.d-velop.de\/blog\/unternehmen\/d-velop-summit-2025-rueckblick\/","og_locale":"de_DE","og_type":"article","og_title":"Zukunft zum Anfassen: Die besten Momente des d.velop SUMMIT 2025","og_description":"Der d.velop SUMMIT 2025: 3 Tage voller Erkenntnisse und Networking mit Experten der Digitalisierungsbranche.","og_url":"https:\/\/www.d-velop.de\/blog\/unternehmen\/d-velop-summit-2025-rueckblick\/","og_site_name":"d.velop blog","article_publisher":"https:\/\/www.facebook.com\/d.velop.ag\/","article_published_time":"2025-06-06T09:47:34+00:00","article_modified_time":"2025-06-06T09:47:37+00:00","og_image":[{"width":2000,"height":666,"url":"https:\/\/www.d-velop.de\/blog\/wp-content\/uploads\/2025\/06\/beitragsbild-d-velop-summit-2025-rueckblick.png","type":"image\/png"}],"author":"Annika D\u00f6lle","twitter_card":"summary_large_image","twitter_creator":"@d_velop","twitter_site":"@d_velop","twitter_misc":{"Verfasst von":"Annika D\u00f6lle","Gesch\u00e4tzte Lesezeit":"11\u00a0Minuten"},"schema":{"@context":"https:\/\/schema.org","@graph":[{"@type":"Article","@id":"https:\/\/www.d-velop.de\/blog\/unternehmen\/d-velop-summit-2025-rueckblick\/#article","isPartOf":{"@id":"https:\/\/www.d-velop.de\/blog\/unternehmen\/d-velop-summit-2025-rueckblick\/"},"author":{"name":"Annika D\u00f6lle","@id":"https:\/\/www.d-velop.de\/blog\/#\/schema\/person\/8e1253e827060ae4fb4bf484e167c048"},"headline":"Zukunft zum Anfassen: Die besten Momente des d.velop SUMMIT 2025","datePublished":"2025-06-06T09:47:34+00:00","dateModified":"2025-06-06T09:47:37+00:00","mainEntityOfPage":{"@id":"https:\/\/www.d-velop.de\/blog\/unternehmen\/d-velop-summit-2025-rueckblick\/"},"wordCount":1506,"publisher":{"@id":"https:\/\/www.d-velop.de\/blog\/#organization"},"image":{"@id":"https:\/\/www.d-velop.de\/blog\/unternehmen\/d-velop-summit-2025-rueckblick\/#primaryimage"},"thumbnailUrl":"https:\/\/www.d-velop.de\/blog\/wp-content\/uploads\/2025\/06\/beitragsbild-d-velop-summit-2025-rueckblick.png","keywords":["d.velop summit"],"articleSection":["d.velop (er)leben"],"inLanguage":"de"},{"@type":"WebPage","@id":"https:\/\/www.d-velop.de\/blog\/unternehmen\/d-velop-summit-2025-rueckblick\/","url":"https:\/\/www.d-velop.de\/blog\/unternehmen\/d-velop-summit-2025-rueckblick\/","name":"Die besten Momente des d.velop SUMMIT 2025","isPartOf":{"@id":"https:\/\/www.d-velop.de\/blog\/#website"},"primaryImageOfPage":{"@id":"https:\/\/www.d-velop.de\/blog\/unternehmen\/d-velop-summit-2025-rueckblick\/#primaryimage"},"image":{"@id":"https:\/\/www.d-velop.de\/blog\/unternehmen\/d-velop-summit-2025-rueckblick\/#primaryimage"},"thumbnailUrl":"https:\/\/www.d-velop.de\/blog\/wp-content\/uploads\/2025\/06\/beitragsbild-d-velop-summit-2025-rueckblick.png","datePublished":"2025-06-06T09:47:34+00:00","dateModified":"2025-06-06T09:47:37+00:00","description":"Der d.velop SUMMIT 2025: 3 Tage voller Erkenntnisse und Networking mit Experten der Digitalisierungsbranche.","breadcrumb":{"@id":"https:\/\/www.d-velop.de\/blog\/unternehmen\/d-velop-summit-2025-rueckblick\/#breadcrumb"},"inLanguage":"de","potentialAction":[{"@type":"ReadAction","target":["https:\/\/www.d-velop.de\/blog\/unternehmen\/d-velop-summit-2025-rueckblick\/"]}]},{"@type":"ImageObject","inLanguage":"de","@id":"https:\/\/www.d-velop.de\/blog\/unternehmen\/d-velop-summit-2025-rueckblick\/#primaryimage","url":"https:\/\/www.d-velop.de\/blog\/wp-content\/uploads\/2025\/06\/beitragsbild-d-velop-summit-2025-rueckblick.png","contentUrl":"https:\/\/www.d-velop.de\/blog\/wp-content\/uploads\/2025\/06\/beitragsbild-d-velop-summit-2025-rueckblick.png","width":2000,"height":666,"caption":"Beitragsbild d.velop summit 2025 R\u00fcckblick"},{"@type":"BreadcrumbList","@id":"https:\/\/www.d-velop.de\/blog\/unternehmen\/d-velop-summit-2025-rueckblick\/#breadcrumb","itemListElement":[{"@type":"ListItem","position":1,"name":"Startseite","item":"https:\/\/www.d-velop.de\/blog\/"},{"@type":"ListItem","position":2,"name":"Zukunft zum Anfassen: Die besten Momente des d.velop SUMMIT 2025"}]},{"@type":"WebSite","@id":"https:\/\/www.d-velop.de\/blog\/#website","url":"https:\/\/www.d-velop.de\/blog\/","name":"d.velop blog","description":"Digitalisierung, Dokumentenmanagement und rund um d.velop","publisher":{"@id":"https:\/\/www.d-velop.de\/blog\/#organization"},"potentialAction":[{"@type":"SearchAction","target":{"@type":"EntryPoint","urlTemplate":"https:\/\/www.d-velop.de\/blog\/?s={search_term_string}"},"query-input":{"@type":"PropertyValueSpecification","valueRequired":true,"valueName":"search_term_string"}}],"inLanguage":"de"},{"@type":"Organization","@id":"https:\/\/www.d-velop.de\/blog\/#organization","name":"d.velop Gruppe","url":"https:\/\/www.d-velop.de\/blog\/","logo":{"@type":"ImageObject","inLanguage":"de","@id":"https:\/\/www.d-velop.de\/blog\/#\/schema\/logo\/image\/","url":"https:\/\/www.d-velop.de\/blog\/wp-content\/uploads\/2018\/12\/dvelop-blog-logo-invers.jpg","contentUrl":"https:\/\/www.d-velop.de\/blog\/wp-content\/uploads\/2018\/12\/dvelop-blog-logo-invers.jpg","width":350,"height":350,"caption":"d.velop Gruppe"},"image":{"@id":"https:\/\/www.d-velop.de\/blog\/#\/schema\/logo\/image\/"},"sameAs":["https:\/\/www.facebook.com\/d.velop.ag\/","https:\/\/x.com\/d_velop","https:\/\/de.linkedin.com\/company\/d-velop","https:\/\/www.xing.com\/pages\/d-velopag","https:\/\/www.instagram.com\/d.velop_group\/"]},{"@type":"Person","@id":"https:\/\/www.d-velop.de\/blog\/#\/schema\/person\/8e1253e827060ae4fb4bf484e167c048","name":"Annika D\u00f6lle","image":{"@type":"ImageObject","inLanguage":"de","@id":"https:\/\/www.d-velop.de\/blog\/#\/schema\/person\/image\/","url":"https:\/\/www.d-velop.de\/blog\/wp-content\/uploads\/2017\/04\/Annika-Doelle-210x210.jpg","contentUrl":"https:\/\/www.d-velop.de\/blog\/wp-content\/uploads\/2017\/04\/Annika-Doelle-210x210.jpg","caption":"Annika D\u00f6lle"},"description":"Principal Growth Marketing Manager","sameAs":["https:\/\/www.d-velop.de\/","https:\/\/www.instagram.com\/tommi_und_annika\/","https:\/\/www.linkedin.com\/in\/annika-doelle\/"],"url":"https:\/\/www.d-velop.de\/blog\/author\/annika-doelle\/"}]}},"_links":{"self":[{"href":"https:\/\/www.d-velop.de\/blog\/wp-json\/wp\/v2\/posts\/55955","targetHints":{"allow":["GET"]}}],"collection":[{"href":"https:\/\/www.d-velop.de\/blog\/wp-json\/wp\/v2\/posts"}],"about":[{"href":"https:\/\/www.d-velop.de\/blog\/wp-json\/wp\/v2\/types\/post"}],"author":[{"embeddable":true,"href":"https:\/\/www.d-velop.de\/blog\/wp-json\/wp\/v2\/users\/21"}],"replies":[{"embeddable":true,"href":"https:\/\/www.d-velop.de\/blog\/wp-json\/wp\/v2\/comments?post=55955"}],"version-history":[{"count":2,"href":"https:\/\/www.d-velop.de\/blog\/wp-json\/wp\/v2\/posts\/55955\/revisions"}],"predecessor-version":[{"id":55991,"href":"https:\/\/www.d-velop.de\/blog\/wp-json\/wp\/v2\/posts\/55955\/revisions\/55991"}],"wp:featuredmedia":[{"embeddable":true,"href":"https:\/\/www.d-velop.de\/blog\/wp-json\/wp\/v2\/media\/55956"}],"wp:attachment":[{"href":"https:\/\/www.d-velop.de\/blog\/wp-json\/wp\/v2\/media?parent=55955"}],"wp:term":[{"taxonomy":"category","embeddable":true,"href":"https:\/\/www.d-velop.de\/blog\/wp-json\/wp\/v2\/categories?post=55955"},{"taxonomy":"post_tag","embeddable":true,"href":"https:\/\/www.d-velop.de\/blog\/wp-json\/wp\/v2\/tags?post=55955"}],"curies":[{"name":"wp","href":"https:\/\/api.w.org\/{rel}","templated":true}]}}