{"id":58293,"date":"2026-03-06T08:39:28","date_gmt":"2026-03-06T07:39:28","guid":{"rendered":"https:\/\/www.d-velop.de\/blog\/?p=58293"},"modified":"2026-03-09T08:39:57","modified_gmt":"2026-03-09T07:39:57","slug":"nis-2-und-kritis-umsetzen","status":"publish","type":"post","link":"https:\/\/www.d-velop.de\/blog\/branchenprozesse\/nis-2-und-kritis-umsetzen\/","title":{"rendered":"Von der Pflicht zur digitalen Souver\u00e4nit\u00e4t: NIS2  &amp; KRITIS mit d.velop umsetzen"},"content":{"rendered":"\n<p data-beyondwords-marker=\"22bf54bb-89b0-4512-8c40-8a1270255b1a\">Die <a href=\"https:\/\/www.d-velop.de\/blog\/compliance\/nis-2-richtlinie\/\">NIS2-Richtlinie<\/a> macht den Nachweis und die Organisation der IT-Sicherheit zur Daueraufgabe \u2013 auch f\u00fcr Unternehmen im Gesundheits- und Sozialwesen. Mit dem Dokumentenmanagement von d.velop k\u00f6nnen Unternehmen die gesetzlichen Anforderungen als Impuls f\u00fcr effizientere Prozesse nutzen. Wie? Das verr\u00e4t J\u00fcrgen Prummer in diesem Interview mit dem d.velop blog.<\/p>\n\n\n\n<p data-beyondwords-marker=\"2994c74d-6b21-41c4-8f71-9cb403cd4b54\">Jetzt gilt`s: Mit Inkrafttreten des NIS2-Gesetzes ist f\u00fcr viele Unternehmen eine neue Registrierungspflicht entstanden. Auch wenn in der Realit\u00e4t \u00dcbergangsfristen und beh\u00f6rdliche Spielr\u00e4ume den 6. M\u00e4rz als Stichtag f\u00fcr die beim Bundesamt f\u00fcr Sicherheit in der Informationstechnik (BSI) etwas aufweichen: Mit dem neuen Gesetz, das eine EU-Richtlinie in deutsches Recht \u00fcberf\u00fchrt, existiert nunmehr ein weiteres Regelwerk, das Unternehmen in der zunehmend digitalen Welt der Sicherheit zu befolgen haben.<\/p>\n\n\n\n<h2 data-beyondwords-marker=\"f3889090-d749-483c-a561-0b2386c18424\" class=\"wp-block-heading\" id=\"h-deutlich-verscharfte-haftungsrisiken\"><span class=\"ez-toc-section\" id=\"deutlich-verschaerfte-haftungsrisiken\"><\/span>Deutlich versch\u00e4rfte Haftungsrisiken<span class=\"ez-toc-section-end\"><\/span><\/h2>\n\n\n\n<p data-beyondwords-marker=\"1421d03f-30ff-4508-a0d7-3bffe1ee60c5\">NIS2 (Network and Information Security Directive) fokussiert dabei auf die Cybersecurity und versch\u00e4rft die diesbez\u00fcglichen Anforderungen an die Sicherheitsma\u00dfnahmen und Meldepflichten f\u00fcr Betreiber wesentlicher Dienste und wichtiger Einrichtungen.<\/p>\n\n\n\n<p data-beyondwords-marker=\"b536d330-320d-491d-8b44-681783653f28\">Ein wichtiger Unterschied zwischen den Regelwerken besteht in der Zahl betroffener Einrichtungen.<\/p>\n\n\n\n<figure data-beyondwords-marker=\"3bff914a-be1b-47ec-bf5e-41dc84d344fd\" class=\"wp-block-pullquote\"><blockquote><p>W\u00e4hrend bei KRITIS die Pflichten erst ab relativ hohen branchenspezifischen Schwellenwerten greifen, gelten die NIS2-Pflichten zum Beispiel im Pflegesektor bereits ab einer Schwelle von 50 Mitarbeitenden und\/oder einem Jahresumsatz von zehn Millionen Euro sowie einer Einordnung als wichtige Einrichtung.<\/p><cite><strong>J\u00fcrgen Prummer<\/strong><br>Business Development Manager f\u00fcr ECM Compliance <br>d.velop<\/cite><\/blockquote><\/figure>\n\n\n\n<p data-beyondwords-marker=\"0382f4ca-92a4-4b00-a5d1-5e7bcd5d8084\">Die zweite Botschaft des Experten lautet: \u201eNIS2 ist kein einmaliges Projekt, sondern eine dauerhafte organisatorische Verpflichtung, deren Umsetzung regelm\u00e4\u00dfig \u00fcberpr\u00fcft und angepasst werden muss.\u201c Auf die leichte Schulter nehmen sollten Verantwortliche die neue Richtlinie nicht. Denn sie versch\u00e4rft die Haftungsrisiken f\u00fcr Gesch\u00e4ftsf\u00fchrungen und Vorst\u00e4nde deutlich. Diese sind verpflichtet, angemessene organisatorische und technische Ma\u00dfnahmen sicherzustellen und deren Umsetzung zu \u00fcberwachen.<\/p>\n\n\n\n<p data-beyondwords-marker=\"67667f30-6cfc-4be8-9373-d8c675272f33\">Die gute Nachricht ist: Gerade weil die Umsetzung der NIS2-Richtlinie ein dauerhaftes Organisations- und Nachweisthema ist, birgt sie vielmehr Potenzial als eine l\u00e4stige Pflicht. Nehmen F\u00fchrungskr\u00e4fte die Anforderungen als Managementthema ernst, k\u00f6nnen sie die Vorgaben als Vorlage f\u00fcr effiziente Prozesse und digitale Souver\u00e4nit\u00e4t nutzen.<\/p>\n\n\n\n<h2 data-beyondwords-marker=\"2be7c627-3d7f-41a3-a654-92825e5b08eb\" class=\"wp-block-heading\" id=\"h-anforderungen-von-nis2-und-kritis-mit-d-velop-losungen-umsetzen\"><span class=\"ez-toc-section\" id=\"anforderungen-von-nis2-und-kritis-mit-dvelop-loesungen-umsetzen\"><\/span>Anforderungen von NIS2 und KRITIS mit d.velop L\u00f6sungen umsetzen<span class=\"ez-toc-section-end\"><\/span><\/h2>\n\n\n\n<p data-beyondwords-marker=\"7940f104-4ba9-4c8e-a3c5-5ee56f97800d\">Eine Schl\u00fcsselrolle nehmen dabei <a href=\"https:\/\/www.d-velop.de\/software\/dokumentenmanagement-system\">Dokumentenmanagementsysteme (DMS)<\/a> ein. Sie bilden das R\u00fcckgrat sowie den Dreh- und Angelpunkt der Informationsverwaltung in Unternehmen und speichern oft sensible und vertrauliche Daten. Daher ist es unerl\u00e4sslich, dass diese Systeme h\u00f6chsten Sicherheitsstandards entsprechen. \u202fAls Spezialist f\u00fcr das Informations- und Dokumentenmanagement liefert d.velop dabei die entscheidenden Bausteine f\u00fcr eine wirksame und \u00fcberpr\u00fcfbare Umsetzung der Anforderungen, die aus NIS2 und KRITIS resultieren:<\/p>\n\n\n\n<ul data-beyondwords-marker=\"a546442e-0c67-4983-aa20-5cff2b4fa850\" class=\"wp-block-list is-style-checkbox\">\n<li data-beyondwords-marker=\"895f016b-90f9-424e-905d-f65737395bb0\"><strong><a href=\"https:\/\/www.d-velop.de\/software\/dokumentenmanagement-system\">d.velop documents<\/a><\/strong> ist die zentrale, revisionssichere, unver\u00e4nderbare und strukturierte Ablage f\u00fcr Ihre Einrichtung. Mit ihrer Unterst\u00fctzung k\u00f6nnen Unternehmen zahlreiche Verwaltungsabl\u00e4ufe wie z. B. die Rechnungsverarbeitung, das Vertragsmanagement sowie Personalprozesse digital abbilden und \u00fcberdies Richtlinien, Verantwortlichkeiten und Sicherheitskonzepte hinterlegen \u2013 jeweils mit rollenbasierten Zugriffsrechten, Versionierung, Zugriffshistorie und vollst\u00e4ndigem \u00c4nderungsnachweis.<\/li>\n\n\n\n<li data-beyondwords-marker=\"6af26519-e44c-42e8-a956-572ed31ca1b1\"><strong><a href=\"https:\/\/www.d-velop.de\/software\/prozessmanagement-software\">d.velop process studio<\/a><\/strong> unterst\u00fctzt Einrichtungen in der Abbildung, Ausf\u00fchrung und Dokumentation pr\u00fcfbarer Prozesse, z. B. von Incident-, Freigabe- oder Eskalationsprozessen.<\/li>\n\n\n\n<li data-beyondwords-marker=\"6bdddcf3-52c7-47cd-85cf-884c44fb1d5d\"><strong><a href=\"https:\/\/www.d-velop.de\/software\/digitale-unterschrift\">d.velop sign<\/a> <\/strong>unterst\u00fctzt rechtsverbindliche und nachvollziehbare Freigaben im Rahmen der jeweils eingesetzten Signaturverfahren.<\/li>\n\n\n\n<li data-beyondwords-marker=\"fb40ab0a-5ffc-4ad0-a9b6-f2096f895a19\"><strong><a href=\"https:\/\/www.d-velop.de\/software\/digitale-zustellung\">d.velop postbox<\/a> <\/strong>schafft die technischen und organisatorischen Voraussetzungen f\u00fcr eine dokumentierte, nachvollziehbare Zustellung gesch\u00e4ftskritischer Kommunikation.<\/li>\n\n\n\n<li data-beyondwords-marker=\"f368c923-1b55-4f1f-80c8-de16ca9a7e1d\"><strong><a href=\"https:\/\/www.d-velop.de\/software\/cloud\/storage\">d.velop cloud storage<\/a> <\/strong>macht Organisationen resilienter, indem es als zweiter \u201eBrandabschnitt\u201c f\u00fcr eine logisch getrennte Ablage und Wiederherstellbarkeit von Daten sorgt.<\/li>\n<\/ul>\n\n\n\n<figure data-beyondwords-marker=\"15c32408-e481-4a59-bdbd-57e2ff664adc\" class=\"wp-block-image size-full\"><img loading=\"lazy\" decoding=\"async\" width=\"1080\" height=\"1350\" src=\"https:\/\/www.d-velop.de\/blog\/wp-content\/uploads\/2026\/03\/tabelle-nis-2-richtlinie.jpg\" alt=\"Eine Tabelle, die die NIS 2 Richtlinie abbildet.\" class=\"wp-image-58305\" srcset=\"https:\/\/www.d-velop.de\/blog\/wp-content\/uploads\/2026\/03\/tabelle-nis-2-richtlinie.jpg 1080w, https:\/\/www.d-velop.de\/blog\/wp-content\/uploads\/2026\/03\/tabelle-nis-2-richtlinie-480x600.jpg 480w, https:\/\/www.d-velop.de\/blog\/wp-content\/uploads\/2026\/03\/tabelle-nis-2-richtlinie-872x1090.jpg 872w, https:\/\/www.d-velop.de\/blog\/wp-content\/uploads\/2026\/03\/tabelle-nis-2-richtlinie-768x960.jpg 768w\" sizes=\"auto, (max-width: 1080px) 100vw, 1080px\" \/><\/figure>\n\n\n\n<p data-beyondwords-marker=\"3287e3f2-10e8-4bcb-82ed-3a61f7c54b85\">Diese L\u00f6sungen ersetzen nicht die organisationsspezifische Risikoanalyse und Gesamtverantwortung nach NIS2, unterst\u00fctzen Organisationen aber bei der Umsetzung und Nachweisf\u00fchrung. \u201eMit diesen Tools k\u00f6nnen Sozialunternehmen zugleich einen gro\u00dfen Schritt in Richtung digitaler Souver\u00e4nit\u00e4t machen\u201c, ist J\u00fcrgen Prummer \u00fcberzeugt. Denn als deutscher Anbieter legt d.velop gro\u00dfen Wert auf die Vermeidung von Lock-in-Effekten, also der Abh\u00e4ngigkeit gegen\u00fcber nicht-europ\u00e4ischen Technologieanbietern. \u201eDeshalb sind unsere Systeme so gestaltet, dass sie unabh\u00e4ngig von propriet\u00e4ren L\u00f6sungen sind.\u201c<\/p>\n\n\n\n<p data-beyondwords-marker=\"a882f81f-a5ef-4e13-a3a4-c7bb5377ca93\">Und mehr noch: Pflegeheime, Wohlfahrtsverb\u00e4nde, Hilfsorganisationen, Komplexeinrichtungen und Stiftungen sollten jetzt die Gelegenheit nutzen, ihre Prozesse nicht nur sicherer, sondern auch besser und effizienter zu gestalten: mit automatisierten Workflows, mit der digitalen Abbildung von Fachprozessen und Verwaltungsabl\u00e4ufen oder im \u00fcbergreifenden Austausch und bei der Gestaltung von digitalen Prozessen zwischen verschiedenen Einrichtungen, Standorten und Bereichen.<\/p>\n","protected":false},"excerpt":{"rendered":"<p>Die NIS2-Richtlinie macht den Nachweis und die Organisation der IT-Sicherheit zur Daueraufgabe \u2013 auch f\u00fcr Unternehmen im Gesundheits- und Sozialwesen. [&hellip;]<\/p>\n","protected":false},"author":42,"featured_media":58336,"comment_status":"closed","ping_status":"closed","sticky":false,"template":"","format":"standard","meta":{"footnotes":"","beyondwords_generate_audio":"1","beyondwords_project_id":"23937","beyondwords_content_id":"638d544d-108f-4fc1-8695-e718d2242e86","beyondwords_preview_token":"6ac52886-ba15-4ae9-9376-e668e49682f8","beyondwords_player_content":"","beyondwords_player_style":"","beyondwords_language_id":"","beyondwords_title_voice_id":"","beyondwords_body_voice_id":"","beyondwords_summary_voice_id":"","beyondwords_error_message":"","beyondwords_disabled":"1","beyondwords_delete_content":"","beyondwords_podcast_id":"","beyondwords_hash":"","publish_post_to_speechkit":"","speechkit_hash":"","speechkit_generate_audio":"","speechkit_project_id":"","speechkit_podcast_id":"","speechkit_error_message":"","speechkit_disabled":"","speechkit_access_key":"","speechkit_error":"","speechkit_info":"","speechkit_response":"","speechkit_retries":"","speechkit_status":"","speechkit_updated_at":"","_speechkit_link":"","_speechkit_text":""},"categories":[6],"tags":[41],"class_list":["post-58293","post","type-post","status-publish","format-standard","has-post-thumbnail","hentry","category-branchenprozesse","tag-healthcare"],"acf":[],"yoast_head":"<!-- This site is optimized with the Yoast SEO Premium plugin v25.6 (Yoast SEO v25.6) - https:\/\/yoast.com\/wordpress\/plugins\/seo\/ -->\n<title>NIS2 und KRITIS umsetzen: So unterst\u00fctzt d,velop<\/title>\n<meta name=\"description\" content=\"Die erfolgreiche Umsetzung von NIS2 und KRITIS ist entscheidend f\u00fcr Unternehmen im Gesundheits- und Sozialwesen. Erfahre mehr zur Umsetzung!\" \/>\n<meta name=\"robots\" content=\"index, follow, max-snippet:-1, max-image-preview:large, max-video-preview:-1\" \/>\n<link rel=\"canonical\" href=\"https:\/\/www.d-velop.de\/blog\/branchenprozesse\/nis-2-und-kritis-umsetzen\/\" \/>\n<meta property=\"og:locale\" content=\"de_DE\" \/>\n<meta property=\"og:type\" content=\"article\" \/>\n<meta property=\"og:title\" content=\"Von der Pflicht zur digitalen Souver\u00e4nit\u00e4t: NIS2 &amp; KRITIS mit d.velop umsetzen\" \/>\n<meta property=\"og:description\" content=\"Die erfolgreiche Umsetzung von NIS2 und KRITIS ist entscheidend f\u00fcr Unternehmen im Gesundheits- und Sozialwesen. Erfahre mehr zur Umsetzung!\" \/>\n<meta property=\"og:url\" content=\"https:\/\/www.d-velop.de\/blog\/branchenprozesse\/nis-2-und-kritis-umsetzen\/\" \/>\n<meta property=\"og:site_name\" content=\"d.velop blog\" \/>\n<meta property=\"article:publisher\" content=\"https:\/\/www.facebook.com\/d.velop.ag\/\" \/>\n<meta property=\"article:published_time\" content=\"2026-03-06T07:39:28+00:00\" \/>\n<meta property=\"article:modified_time\" content=\"2026-03-09T07:39:57+00:00\" \/>\n<meta property=\"og:image\" content=\"https:\/\/www.d-velop.de\/blog\/wp-content\/uploads\/2026\/01\/personalentwicklung-unternehmenskultur-d-velop-social-media-header.png\" \/>\n\t<meta property=\"og:image:width\" content=\"1200\" \/>\n\t<meta property=\"og:image:height\" content=\"628\" \/>\n\t<meta property=\"og:image:type\" content=\"image\/png\" \/>\n<meta name=\"author\" content=\"J\u00fcrgen Prummer\" \/>\n<meta name=\"twitter:card\" content=\"summary_large_image\" \/>\n<meta name=\"twitter:creator\" content=\"@d_velop\" \/>\n<meta name=\"twitter:site\" content=\"@d_velop\" \/>\n<meta name=\"twitter:label1\" content=\"Verfasst von\" \/>\n\t<meta name=\"twitter:data1\" content=\"J\u00fcrgen Prummer\" \/>\n\t<meta name=\"twitter:label2\" content=\"Gesch\u00e4tzte Lesezeit\" \/>\n\t<meta name=\"twitter:data2\" content=\"4\u00a0Minuten\" \/>\n<script type=\"application\/ld+json\" class=\"yoast-schema-graph\">{\"@context\":\"https:\/\/schema.org\",\"@graph\":[{\"@type\":\"Article\",\"@id\":\"https:\/\/www.d-velop.de\/blog\/branchenprozesse\/nis-2-und-kritis-umsetzen\/#article\",\"isPartOf\":{\"@id\":\"https:\/\/www.d-velop.de\/blog\/branchenprozesse\/nis-2-und-kritis-umsetzen\/\"},\"author\":{\"name\":\"J\u00fcrgen Prummer\",\"@id\":\"https:\/\/www.d-velop.de\/blog\/#\/schema\/person\/6b2b182fa1169466e743068ec903cd5d\"},\"headline\":\"Von der Pflicht zur digitalen Souver\u00e4nit\u00e4t: NIS2 &amp; KRITIS mit d.velop umsetzen\",\"datePublished\":\"2026-03-06T07:39:28+00:00\",\"dateModified\":\"2026-03-09T07:39:57+00:00\",\"mainEntityOfPage\":{\"@id\":\"https:\/\/www.d-velop.de\/blog\/branchenprozesse\/nis-2-und-kritis-umsetzen\/\"},\"wordCount\":725,\"publisher\":{\"@id\":\"https:\/\/www.d-velop.de\/blog\/#organization\"},\"image\":{\"@id\":\"https:\/\/www.d-velop.de\/blog\/branchenprozesse\/nis-2-und-kritis-umsetzen\/#primaryimage\"},\"thumbnailUrl\":\"https:\/\/www.d-velop.de\/blog\/wp-content\/uploads\/2026\/03\/beitragsbild-blogartikel-nis2-und-kritis-umsetzen.jpg\",\"keywords\":[\"Gesundheits- und Sozialwesen\"],\"articleSection\":[\"Transformation von Branchen &amp; M\u00e4rkten\"],\"inLanguage\":\"de\"},{\"@type\":\"WebPage\",\"@id\":\"https:\/\/www.d-velop.de\/blog\/branchenprozesse\/nis-2-und-kritis-umsetzen\/\",\"url\":\"https:\/\/www.d-velop.de\/blog\/branchenprozesse\/nis-2-und-kritis-umsetzen\/\",\"name\":\"NIS2 und KRITIS umsetzen: So unterst\u00fctzt d,velop\",\"isPartOf\":{\"@id\":\"https:\/\/www.d-velop.de\/blog\/#website\"},\"primaryImageOfPage\":{\"@id\":\"https:\/\/www.d-velop.de\/blog\/branchenprozesse\/nis-2-und-kritis-umsetzen\/#primaryimage\"},\"image\":{\"@id\":\"https:\/\/www.d-velop.de\/blog\/branchenprozesse\/nis-2-und-kritis-umsetzen\/#primaryimage\"},\"thumbnailUrl\":\"https:\/\/www.d-velop.de\/blog\/wp-content\/uploads\/2026\/03\/beitragsbild-blogartikel-nis2-und-kritis-umsetzen.jpg\",\"datePublished\":\"2026-03-06T07:39:28+00:00\",\"dateModified\":\"2026-03-09T07:39:57+00:00\",\"description\":\"Die erfolgreiche Umsetzung von NIS2 und KRITIS ist entscheidend f\u00fcr Unternehmen im Gesundheits- und Sozialwesen. Erfahre mehr zur Umsetzung!\",\"breadcrumb\":{\"@id\":\"https:\/\/www.d-velop.de\/blog\/branchenprozesse\/nis-2-und-kritis-umsetzen\/#breadcrumb\"},\"inLanguage\":\"de\",\"potentialAction\":[{\"@type\":\"ReadAction\",\"target\":[\"https:\/\/www.d-velop.de\/blog\/branchenprozesse\/nis-2-und-kritis-umsetzen\/\"]}]},{\"@type\":\"ImageObject\",\"inLanguage\":\"de\",\"@id\":\"https:\/\/www.d-velop.de\/blog\/branchenprozesse\/nis-2-und-kritis-umsetzen\/#primaryimage\",\"url\":\"https:\/\/www.d-velop.de\/blog\/wp-content\/uploads\/2026\/03\/beitragsbild-blogartikel-nis2-und-kritis-umsetzen.jpg\",\"contentUrl\":\"https:\/\/www.d-velop.de\/blog\/wp-content\/uploads\/2026\/03\/beitragsbild-blogartikel-nis2-und-kritis-umsetzen.jpg\",\"width\":1995,\"height\":665,\"caption\":\"Beitragsbild Blogartikel NIS2 und KRITIS umsetzen\"},{\"@type\":\"BreadcrumbList\",\"@id\":\"https:\/\/www.d-velop.de\/blog\/branchenprozesse\/nis-2-und-kritis-umsetzen\/#breadcrumb\",\"itemListElement\":[{\"@type\":\"ListItem\",\"position\":1,\"name\":\"Startseite\",\"item\":\"https:\/\/www.d-velop.de\/blog\/\"},{\"@type\":\"ListItem\",\"position\":2,\"name\":\"Von der Pflicht zur digitalen Souver\u00e4nit\u00e4t: NIS2 &amp; KRITIS mit d.velop umsetzen\"}]},{\"@type\":\"WebSite\",\"@id\":\"https:\/\/www.d-velop.de\/blog\/#website\",\"url\":\"https:\/\/www.d-velop.de\/blog\/\",\"name\":\"d.velop blog\",\"description\":\"Digitalisierung, Dokumentenmanagement und rund um d.velop\",\"publisher\":{\"@id\":\"https:\/\/www.d-velop.de\/blog\/#organization\"},\"potentialAction\":[{\"@type\":\"SearchAction\",\"target\":{\"@type\":\"EntryPoint\",\"urlTemplate\":\"https:\/\/www.d-velop.de\/blog\/?s={search_term_string}\"},\"query-input\":{\"@type\":\"PropertyValueSpecification\",\"valueRequired\":true,\"valueName\":\"search_term_string\"}}],\"inLanguage\":\"de\"},{\"@type\":\"Organization\",\"@id\":\"https:\/\/www.d-velop.de\/blog\/#organization\",\"name\":\"d.velop Gruppe\",\"url\":\"https:\/\/www.d-velop.de\/blog\/\",\"logo\":{\"@type\":\"ImageObject\",\"inLanguage\":\"de\",\"@id\":\"https:\/\/www.d-velop.de\/blog\/#\/schema\/logo\/image\/\",\"url\":\"https:\/\/www.d-velop.de\/blog\/wp-content\/uploads\/2018\/12\/dvelop-blog-logo-invers.jpg\",\"contentUrl\":\"https:\/\/www.d-velop.de\/blog\/wp-content\/uploads\/2018\/12\/dvelop-blog-logo-invers.jpg\",\"width\":350,\"height\":350,\"caption\":\"d.velop Gruppe\"},\"image\":{\"@id\":\"https:\/\/www.d-velop.de\/blog\/#\/schema\/logo\/image\/\"},\"sameAs\":[\"https:\/\/www.facebook.com\/d.velop.ag\/\",\"https:\/\/x.com\/d_velop\",\"https:\/\/de.linkedin.com\/company\/d-velop\",\"https:\/\/www.xing.com\/pages\/d-velopag\",\"https:\/\/www.instagram.com\/d.velop_group\/\"]},{\"@type\":\"Person\",\"@id\":\"https:\/\/www.d-velop.de\/blog\/#\/schema\/person\/6b2b182fa1169466e743068ec903cd5d\",\"name\":\"J\u00fcrgen Prummer\",\"image\":{\"@type\":\"ImageObject\",\"inLanguage\":\"de\",\"@id\":\"https:\/\/www.d-velop.de\/blog\/#\/schema\/person\/image\/\",\"url\":\"https:\/\/www.d-velop.de\/blog\/wp-content\/uploads\/2025\/10\/juergen-prummer.jpg\",\"contentUrl\":\"https:\/\/www.d-velop.de\/blog\/wp-content\/uploads\/2025\/10\/juergen-prummer.jpg\",\"caption\":\"J\u00fcrgen Prummer\"},\"description\":\"Business Development Manager | ECM Compliance\",\"sameAs\":[\"http:\/\/www.d-velop.de\"],\"url\":\"https:\/\/www.d-velop.de\/blog\/author\/juergen-prummer\/\"}]}<\/script>\n<!-- \/ Yoast SEO Premium plugin. -->","yoast_head_json":{"title":"NIS2 und KRITIS umsetzen: So unterst\u00fctzt d,velop","description":"Die erfolgreiche Umsetzung von NIS2 und KRITIS ist entscheidend f\u00fcr Unternehmen im Gesundheits- und Sozialwesen. Erfahre mehr zur Umsetzung!","robots":{"index":"index","follow":"follow","max-snippet":"max-snippet:-1","max-image-preview":"max-image-preview:large","max-video-preview":"max-video-preview:-1"},"canonical":"https:\/\/www.d-velop.de\/blog\/branchenprozesse\/nis-2-und-kritis-umsetzen\/","og_locale":"de_DE","og_type":"article","og_title":"Von der Pflicht zur digitalen Souver\u00e4nit\u00e4t: NIS2 &amp; KRITIS mit d.velop umsetzen","og_description":"Die erfolgreiche Umsetzung von NIS2 und KRITIS ist entscheidend f\u00fcr Unternehmen im Gesundheits- und Sozialwesen. Erfahre mehr zur Umsetzung!","og_url":"https:\/\/www.d-velop.de\/blog\/branchenprozesse\/nis-2-und-kritis-umsetzen\/","og_site_name":"d.velop blog","article_publisher":"https:\/\/www.facebook.com\/d.velop.ag\/","article_published_time":"2026-03-06T07:39:28+00:00","article_modified_time":"2026-03-09T07:39:57+00:00","og_image":[{"width":1200,"height":628,"url":"https:\/\/www.d-velop.de\/blog\/wp-content\/uploads\/2026\/01\/personalentwicklung-unternehmenskultur-d-velop-social-media-header.png","type":"image\/png"}],"author":"J\u00fcrgen Prummer","twitter_card":"summary_large_image","twitter_creator":"@d_velop","twitter_site":"@d_velop","twitter_misc":{"Verfasst von":"J\u00fcrgen Prummer","Gesch\u00e4tzte Lesezeit":"4\u00a0Minuten"},"schema":{"@context":"https:\/\/schema.org","@graph":[{"@type":"Article","@id":"https:\/\/www.d-velop.de\/blog\/branchenprozesse\/nis-2-und-kritis-umsetzen\/#article","isPartOf":{"@id":"https:\/\/www.d-velop.de\/blog\/branchenprozesse\/nis-2-und-kritis-umsetzen\/"},"author":{"name":"J\u00fcrgen Prummer","@id":"https:\/\/www.d-velop.de\/blog\/#\/schema\/person\/6b2b182fa1169466e743068ec903cd5d"},"headline":"Von der Pflicht zur digitalen Souver\u00e4nit\u00e4t: NIS2 &amp; KRITIS mit d.velop umsetzen","datePublished":"2026-03-06T07:39:28+00:00","dateModified":"2026-03-09T07:39:57+00:00","mainEntityOfPage":{"@id":"https:\/\/www.d-velop.de\/blog\/branchenprozesse\/nis-2-und-kritis-umsetzen\/"},"wordCount":725,"publisher":{"@id":"https:\/\/www.d-velop.de\/blog\/#organization"},"image":{"@id":"https:\/\/www.d-velop.de\/blog\/branchenprozesse\/nis-2-und-kritis-umsetzen\/#primaryimage"},"thumbnailUrl":"https:\/\/www.d-velop.de\/blog\/wp-content\/uploads\/2026\/03\/beitragsbild-blogartikel-nis2-und-kritis-umsetzen.jpg","keywords":["Gesundheits- und Sozialwesen"],"articleSection":["Transformation von Branchen &amp; M\u00e4rkten"],"inLanguage":"de"},{"@type":"WebPage","@id":"https:\/\/www.d-velop.de\/blog\/branchenprozesse\/nis-2-und-kritis-umsetzen\/","url":"https:\/\/www.d-velop.de\/blog\/branchenprozesse\/nis-2-und-kritis-umsetzen\/","name":"NIS2 und KRITIS umsetzen: So unterst\u00fctzt d,velop","isPartOf":{"@id":"https:\/\/www.d-velop.de\/blog\/#website"},"primaryImageOfPage":{"@id":"https:\/\/www.d-velop.de\/blog\/branchenprozesse\/nis-2-und-kritis-umsetzen\/#primaryimage"},"image":{"@id":"https:\/\/www.d-velop.de\/blog\/branchenprozesse\/nis-2-und-kritis-umsetzen\/#primaryimage"},"thumbnailUrl":"https:\/\/www.d-velop.de\/blog\/wp-content\/uploads\/2026\/03\/beitragsbild-blogartikel-nis2-und-kritis-umsetzen.jpg","datePublished":"2026-03-06T07:39:28+00:00","dateModified":"2026-03-09T07:39:57+00:00","description":"Die erfolgreiche Umsetzung von NIS2 und KRITIS ist entscheidend f\u00fcr Unternehmen im Gesundheits- und Sozialwesen. Erfahre mehr zur Umsetzung!","breadcrumb":{"@id":"https:\/\/www.d-velop.de\/blog\/branchenprozesse\/nis-2-und-kritis-umsetzen\/#breadcrumb"},"inLanguage":"de","potentialAction":[{"@type":"ReadAction","target":["https:\/\/www.d-velop.de\/blog\/branchenprozesse\/nis-2-und-kritis-umsetzen\/"]}]},{"@type":"ImageObject","inLanguage":"de","@id":"https:\/\/www.d-velop.de\/blog\/branchenprozesse\/nis-2-und-kritis-umsetzen\/#primaryimage","url":"https:\/\/www.d-velop.de\/blog\/wp-content\/uploads\/2026\/03\/beitragsbild-blogartikel-nis2-und-kritis-umsetzen.jpg","contentUrl":"https:\/\/www.d-velop.de\/blog\/wp-content\/uploads\/2026\/03\/beitragsbild-blogartikel-nis2-und-kritis-umsetzen.jpg","width":1995,"height":665,"caption":"Beitragsbild Blogartikel NIS2 und KRITIS umsetzen"},{"@type":"BreadcrumbList","@id":"https:\/\/www.d-velop.de\/blog\/branchenprozesse\/nis-2-und-kritis-umsetzen\/#breadcrumb","itemListElement":[{"@type":"ListItem","position":1,"name":"Startseite","item":"https:\/\/www.d-velop.de\/blog\/"},{"@type":"ListItem","position":2,"name":"Von der Pflicht zur digitalen Souver\u00e4nit\u00e4t: NIS2 &amp; KRITIS mit d.velop umsetzen"}]},{"@type":"WebSite","@id":"https:\/\/www.d-velop.de\/blog\/#website","url":"https:\/\/www.d-velop.de\/blog\/","name":"d.velop blog","description":"Digitalisierung, Dokumentenmanagement und rund um d.velop","publisher":{"@id":"https:\/\/www.d-velop.de\/blog\/#organization"},"potentialAction":[{"@type":"SearchAction","target":{"@type":"EntryPoint","urlTemplate":"https:\/\/www.d-velop.de\/blog\/?s={search_term_string}"},"query-input":{"@type":"PropertyValueSpecification","valueRequired":true,"valueName":"search_term_string"}}],"inLanguage":"de"},{"@type":"Organization","@id":"https:\/\/www.d-velop.de\/blog\/#organization","name":"d.velop Gruppe","url":"https:\/\/www.d-velop.de\/blog\/","logo":{"@type":"ImageObject","inLanguage":"de","@id":"https:\/\/www.d-velop.de\/blog\/#\/schema\/logo\/image\/","url":"https:\/\/www.d-velop.de\/blog\/wp-content\/uploads\/2018\/12\/dvelop-blog-logo-invers.jpg","contentUrl":"https:\/\/www.d-velop.de\/blog\/wp-content\/uploads\/2018\/12\/dvelop-blog-logo-invers.jpg","width":350,"height":350,"caption":"d.velop Gruppe"},"image":{"@id":"https:\/\/www.d-velop.de\/blog\/#\/schema\/logo\/image\/"},"sameAs":["https:\/\/www.facebook.com\/d.velop.ag\/","https:\/\/x.com\/d_velop","https:\/\/de.linkedin.com\/company\/d-velop","https:\/\/www.xing.com\/pages\/d-velopag","https:\/\/www.instagram.com\/d.velop_group\/"]},{"@type":"Person","@id":"https:\/\/www.d-velop.de\/blog\/#\/schema\/person\/6b2b182fa1169466e743068ec903cd5d","name":"J\u00fcrgen Prummer","image":{"@type":"ImageObject","inLanguage":"de","@id":"https:\/\/www.d-velop.de\/blog\/#\/schema\/person\/image\/","url":"https:\/\/www.d-velop.de\/blog\/wp-content\/uploads\/2025\/10\/juergen-prummer.jpg","contentUrl":"https:\/\/www.d-velop.de\/blog\/wp-content\/uploads\/2025\/10\/juergen-prummer.jpg","caption":"J\u00fcrgen Prummer"},"description":"Business Development Manager | ECM Compliance","sameAs":["http:\/\/www.d-velop.de"],"url":"https:\/\/www.d-velop.de\/blog\/author\/juergen-prummer\/"}]}},"_links":{"self":[{"href":"https:\/\/www.d-velop.de\/blog\/wp-json\/wp\/v2\/posts\/58293","targetHints":{"allow":["GET"]}}],"collection":[{"href":"https:\/\/www.d-velop.de\/blog\/wp-json\/wp\/v2\/posts"}],"about":[{"href":"https:\/\/www.d-velop.de\/blog\/wp-json\/wp\/v2\/types\/post"}],"author":[{"embeddable":true,"href":"https:\/\/www.d-velop.de\/blog\/wp-json\/wp\/v2\/users\/42"}],"replies":[{"embeddable":true,"href":"https:\/\/www.d-velop.de\/blog\/wp-json\/wp\/v2\/comments?post=58293"}],"version-history":[{"count":2,"href":"https:\/\/www.d-velop.de\/blog\/wp-json\/wp\/v2\/posts\/58293\/revisions"}],"predecessor-version":[{"id":58341,"href":"https:\/\/www.d-velop.de\/blog\/wp-json\/wp\/v2\/posts\/58293\/revisions\/58341"}],"wp:featuredmedia":[{"embeddable":true,"href":"https:\/\/www.d-velop.de\/blog\/wp-json\/wp\/v2\/media\/58336"}],"wp:attachment":[{"href":"https:\/\/www.d-velop.de\/blog\/wp-json\/wp\/v2\/media?parent=58293"}],"wp:term":[{"taxonomy":"category","embeddable":true,"href":"https:\/\/www.d-velop.de\/blog\/wp-json\/wp\/v2\/categories?post=58293"},{"taxonomy":"post_tag","embeddable":true,"href":"https:\/\/www.d-velop.de\/blog\/wp-json\/wp\/v2\/tags?post=58293"}],"curies":[{"name":"wp","href":"https:\/\/api.w.org\/{rel}","templated":true}]}}